{"id":10354,"date":"2021-09-12T20:05:18","date_gmt":"2021-09-12T20:05:18","guid":{"rendered":"https:\/\/www.atelierdocaractere.pt\/?p=10354"},"modified":"2021-09-12T20:11:04","modified_gmt":"2021-09-12T20:11:04","slug":"uma-impar-viagem-no-tempo-com-as-500-milhas-acp-2021","status":"publish","type":"post","link":"https:\/\/www.atelierdocaractere.pt\/brevemente\/uma-impar-viagem-no-tempo-com-as-500-milhas-acp-2021\/","title":{"rendered":"Uma \u00edmpar viagem no tempo com as 500 Milhas ACP 2021"},"content":{"rendered":"\n<figure class=\"wp-block-image size-large\"><img decoding=\"async\" width=\"1024\" height=\"683\" src=\"https:\/\/www.atelierdocaractere.pt\/wp-content\/uploads\/2021\/09\/500-Milhas-ACP1-1024x683.jpg\" alt=\"\" class=\"wp-image-10355\" srcset=\"https:\/\/www.atelierdocaractere.pt\/wp-content\/uploads\/2021\/09\/500-Milhas-ACP1-1024x683.jpg 1024w, https:\/\/www.atelierdocaractere.pt\/wp-content\/uploads\/2021\/09\/500-Milhas-ACP1-300x200.jpg 300w, https:\/\/www.atelierdocaractere.pt\/wp-content\/uploads\/2021\/09\/500-Milhas-ACP1-768x512.jpg 768w, https:\/\/www.atelierdocaractere.pt\/wp-content\/uploads\/2021\/09\/500-Milhas-ACP1-1536x1024.jpg 1536w, https:\/\/www.atelierdocaractere.pt\/wp-content\/uploads\/2021\/09\/500-Milhas-ACP1-2048x1365.jpg 2048w, https:\/\/www.atelierdocaractere.pt\/wp-content\/uploads\/2021\/09\/500-Milhas-ACP1.jpg 1920w\" sizes=\"(max-width: 1024px) 100vw, 1024px\" \/><figcaption>500 Milhas ACP, 10 e 11 de Setembro 2021, Cascais a Aveiro &#8211; Foto Paulo Maria \/ ACP<\/figcaption><\/figure>\n\n\n\n<p><strong>Depois de 650 quil\u00f3metros e cerca de 16 horas de prova, terminou a 16\u00aa edi\u00e7\u00e3o das 500 Milhas ACP. Uma maratona cumprida num \u00fanico dia, com temperaturas elevadas e percursos exigentes, mas que a grande maioria dos 63 autom\u00f3veis participantes superou com distin\u00e7\u00e3o, apesar das respeit\u00e1veis idades: 69 anos o mais antigo e 45 anos o mais jovem. Mais um sucesso para o ACP Cl\u00e1ssicos como clube organizador e com regresso \u00e0 estrada j\u00e1 marcado para o dia 4 de outubro, com o\u00a0Rally de Portugal Hist\u00f3rico.<\/strong><\/p>\n\n\n\n<figure class=\"wp-block-image size-large\"><img decoding=\"async\" width=\"1024\" height=\"683\" src=\"https:\/\/www.atelierdocaractere.pt\/wp-content\/uploads\/2021\/09\/500-Milhas-ACP2-1024x683.jpg\" alt=\"\" class=\"wp-image-10356\" srcset=\"https:\/\/www.atelierdocaractere.pt\/wp-content\/uploads\/2021\/09\/500-Milhas-ACP2-1024x683.jpg 1024w, https:\/\/www.atelierdocaractere.pt\/wp-content\/uploads\/2021\/09\/500-Milhas-ACP2-300x200.jpg 300w, https:\/\/www.atelierdocaractere.pt\/wp-content\/uploads\/2021\/09\/500-Milhas-ACP2-768x512.jpg 768w, https:\/\/www.atelierdocaractere.pt\/wp-content\/uploads\/2021\/09\/500-Milhas-ACP2-1536x1024.jpg 1536w, https:\/\/www.atelierdocaractere.pt\/wp-content\/uploads\/2021\/09\/500-Milhas-ACP2-2048x1365.jpg 2048w, https:\/\/www.atelierdocaractere.pt\/wp-content\/uploads\/2021\/09\/500-Milhas-ACP2.jpg 1920w\" sizes=\"(max-width: 1024px) 100vw, 1024px\" \/><figcaption>500 Milhas ACP, 10 e 11 de Setembro 2021, Cascais a Aveiro &#8211; Foto Paulo Maria \/ ACP<\/figcaption><\/figure>\n\n\n\n<p>As 500 Milhas ACP foram muito mais do que um aut\u00eantico museu a c\u00e9u aberto, que despertou a aten\u00e7\u00e3o e a curiosidade de milhares de espetadores, num percurso entre Cascais e Aveiro, com passagem pela Serra da Arr\u00e1bida, Coruche, Abrantes, Penedo Furado, Serra da Lous\u00e3, Arganil, Secarias e Caramulo.<\/p>\n\n\n\n<p>Apesar da maior prova de cl\u00e1ssicos portugueses valorizar a consist\u00eancia, em detrimento da rapidez, a edi\u00e7\u00e3o deste ano das 500 Milhas ACP foi marcada por um elevado n\u00edvel desportivo e por um enorme equil\u00edbrio, coroando como vencedores: na Categoria E (autom\u00f3veis produzidos entre 1946 e 1960), o Jaguar MK II da dupla Frederico Valsassina\/Vasco Mendes; na Categoria F (autom\u00f3veis produzidos entre 1961 e 1970), o Triumph TR4 de Carlos Seara Cardoso\/Ricardo Seara Cardoso e; na Categoria G (autom\u00f3veis produzidos entre 1971 e 1980), o Porsche 911 de Bruno Cam\u00f5es e Vasconcelos\/Ant\u00f3nio Caldeira Carvalho.<\/p>\n\n\n\n<p>Para Filipe Gaiv\u00e3o, diretor de prova: \u201cO balan\u00e7o \u00e9 extremamente positivo. Para al\u00e9m da evidente satisfa\u00e7\u00e3o dos participantes na chegada a Aveiro, sublinho o elevado n\u00edvel competitivo, certamente tamb\u00e9m justificado pelos cursos de navega\u00e7\u00e3o que o ACP Cl\u00e1ssicos tem organizado. Os 650 quil\u00f3metros de percurso foram cumpridos em cerca de 16 horas, sendo not\u00e1vel a fiabilidade registada pela maioria dos autom\u00f3veis participantes. Ou seja, \u00e9 igualmente reflexo da qualidade do parque autom\u00f3vel de cl\u00e1ssicos existente em Portugal. Mas tamb\u00e9m fa\u00e7o quest\u00e3o de destacar a participa\u00e7\u00e3o de um maior n\u00famero de autom\u00f3veis produzidos no per\u00edodo do p\u00f3s-guerra, o que \u00e9 sempre um motivo de orgulho. \u00c9 que estas provas n\u00e3o devem ser apenas um desafio para autom\u00f3veis mais atuais\u201d<\/p>\n\n\n\n<p>As provas de cl\u00e1ssicos com assinatura ACP voltam \u00e0 estrada, entre os pr\u00f3ximos dias 4 e 10 de outubro, com o Rally de Portugal Hist\u00f3rico. Cerca de 2.000 quil\u00f3metros de percurso, nas regi\u00f5es Norte e Centro do pa\u00eds e t\u00e9rmino com a incontorn\u00e1vel noite de Sintra.<\/p>\n\n\n\n<figure class=\"wp-block-image size-large\"><img decoding=\"async\" width=\"1024\" height=\"683\" src=\"https:\/\/www.atelierdocaractere.pt\/wp-content\/uploads\/2021\/09\/500-Milhas-ACP4-1024x683.jpg\" alt=\"\" class=\"wp-image-10357\" srcset=\"https:\/\/www.atelierdocaractere.pt\/wp-content\/uploads\/2021\/09\/500-Milhas-ACP4-1024x683.jpg 1024w, https:\/\/www.atelierdocaractere.pt\/wp-content\/uploads\/2021\/09\/500-Milhas-ACP4-300x200.jpg 300w, https:\/\/www.atelierdocaractere.pt\/wp-content\/uploads\/2021\/09\/500-Milhas-ACP4-768x512.jpg 768w, https:\/\/www.atelierdocaractere.pt\/wp-content\/uploads\/2021\/09\/500-Milhas-ACP4-1536x1024.jpg 1536w, https:\/\/www.atelierdocaractere.pt\/wp-content\/uploads\/2021\/09\/500-Milhas-ACP4.jpg 1890w\" sizes=\"(max-width: 1024px) 100vw, 1024px\" \/><figcaption>500 Milhas ACP, 10 e 11 de Setembro 2021, Cascais a Aveiro &#8211; Foto Paulo Maria \/ ACP<\/figcaption><\/figure>\n\n\n\n<p>Classifica\u00e7\u00f5es finais<\/p>\n\n\n\n<p>Categoria E (Autom\u00f3veis produzidos entre 1946 e 1960)<\/p>\n\n\n\n<p>1\u00ba Frederico Valsassina\/Vasco Mendes \u2013 Jaguar MK II (1960)<\/p>\n\n\n\n<p>2\u00ba Pedro Brito\/Duarte Brito \u2013 MG A (1959)<\/p>\n\n\n\n<p>3\u00ba Fernando Carpinteiro Albino\/Xavier Albino \u2013 Porsche 356 Super 90 (1960)<\/p>\n\n\n\n<p>4\u00ba Fausto Figueiredo\/Manuel Leit\u00e3o \u2013 Austin Healey Spider (1958)<\/p>\n\n\n\n<p>5\u00ba Tiago Oom\/Jo\u00e3o Clara \u2013 Alfa Romeo Giuletta Sprint (1959)<\/p>\n\n\n\n<p>Etc\u2026<\/p>\n\n\n\n<p>Categoria F (Autom\u00f3veis produzidos entre 1961 e 1970)<\/p>\n\n\n\n<p>1\u00ba Carlos Seara Cardoso\/Ricardo Seara Cardoso \u2013 Triumph TR4 (1964)<\/p>\n\n\n\n<p>2\u00ba Nuno Menezes Rodrigues Pena\/Eduardo Carpinteiro Albino \u2013 Lotus Seven (1968)<\/p>\n\n\n\n<p>3\u00ba Carlos Br\u00edzido\/Ant\u00f3nio Jos\u00e9 Costa \u2013 Porsche 911 E (1970)<\/p>\n\n\n\n<p>4\u00ba Armando Santos Monteiro\/Ab\u00edlio Manuel Dias Gon\u00e7alves \u2013 BMW 2002 (1970)<\/p>\n\n\n\n<p>5\u00ba Ant\u00f3nio Lopes da Silva\/Jos\u00e9 Carlos Figueiredo \u2013 Porsche 912 (1967)<\/p>\n\n\n\n<p>Etc\u2026<\/p>\n\n\n\n<p>Categoria G (Autom\u00f3veis produzidos entre 1971 e 1980)<\/p>\n\n\n\n<p>1\u00ba Bruno Cam\u00f5es e Vasconcelos\/Ant\u00f3nio Caldeira Carvalho \u2013 Porsche 911 (1974)<\/p>\n\n\n\n<p>2\u00ba Manuel Rom\u00e3o\/Ivo Tavares \u2013 Datsun 240 Z (1973)<\/p>\n\n\n\n<p>3\u00ba Miguel Ferraz de Menezes\/Alexandre Berardo \u2013 Alfa Romeo 1.6 GTZ Zagato (1973)<\/p>\n\n\n\n<p>4\u00ba Gon\u00e7alo Ribeiro Pinto\/Ant\u00f3nio Leal Machado \u2013 BMW 3.0 CSI (1973)<\/p>\n\n\n\n<p>5\u00ba Vasco Caldeira\/Francisco Caldeira \u2013 MG B (1973)<\/p>\n\n\n\n<p>Etc\u2026<\/p>\n","protected":false},"excerpt":{"rendered":"<p>Depois de 650 quil\u00f3metros e cerca de 16 horas de prova, terminou a 16\u00aa edi\u00e7\u00e3o das 500 Milhas ACP. Uma&#8230;<\/p>\n","protected":false},"author":2,"featured_media":10355,"comment_status":"closed","ping_status":"open","sticky":false,"template":"","format":"standard","meta":[],"categories":[24,30],"tags":[],"yoast_head":"<!-- This site is optimized with the Yoast SEO plugin v20.12 - https:\/\/yoast.com\/wordpress\/plugins\/seo\/ -->\n<title>Uma \u00edmpar viagem no tempo com as 500 Milhas ACP 2021 - Atelier do Caractere<\/title>\n<meta name=\"robots\" content=\"index, follow, max-snippet:-1, max-image-preview:large, max-video-preview:-1\" \/>\n<link rel=\"canonical\" href=\"https:\/\/www.atelierdocaractere.pt\/brevemente\/uma-impar-viagem-no-tempo-com-as-500-milhas-acp-2021\/\" \/>\n<meta property=\"og:locale\" content=\"pt_PT\" \/>\n<meta property=\"og:type\" content=\"article\" \/>\n<meta property=\"og:title\" content=\"Uma \u00edmpar viagem no tempo com as 500 Milhas ACP 2021 - Atelier do Caractere\" \/>\n<meta property=\"og:description\" content=\"Depois de 650 quil\u00f3metros e cerca de 16 horas de prova, terminou a 16\u00aa edi\u00e7\u00e3o das 500 Milhas ACP. Uma...\" \/>\n<meta property=\"og:url\" content=\"https:\/\/www.atelierdocaractere.pt\/brevemente\/uma-impar-viagem-no-tempo-com-as-500-milhas-acp-2021\/\" \/>\n<meta property=\"og:site_name\" content=\"Atelier do Caractere\" \/>\n<meta property=\"article:publisher\" content=\"https:\/\/www.facebook.com\/AtelierdoCaractere\" \/>\n<meta property=\"article:published_time\" content=\"2021-09-12T20:05:18+00:00\" \/>\n<meta property=\"article:modified_time\" content=\"2021-09-12T20:11:04+00:00\" \/>\n<meta property=\"og:image\" content=\"https:\/\/www.atelierdocaractere.pt\/wp-content\/uploads\/2021\/09\/500-Milhas-ACP1-1024x683.jpg\" \/>\n\t<meta property=\"og:image:width\" content=\"1024\" \/>\n\t<meta property=\"og:image:height\" content=\"683\" \/>\n\t<meta property=\"og:image:type\" content=\"image\/jpeg\" \/>\n<meta name=\"author\" content=\"editor@atelierdocaractere\" \/>\n<meta name=\"twitter:card\" content=\"summary_large_image\" \/>\n<meta name=\"twitter:label1\" content=\"Escrito por\" \/>\n\t<meta name=\"twitter:data1\" content=\"editor@atelierdocaractere\" \/>\n\t<meta name=\"twitter:label2\" content=\"Tempo estimado de leitura\" \/>\n\t<meta name=\"twitter:data2\" content=\"3 minutos\" \/>\n<script type=\"application\/ld+json\" class=\"yoast-schema-graph\">{\"@context\":\"https:\/\/schema.org\",\"@graph\":[{\"@type\":\"WebPage\",\"@id\":\"https:\/\/www.atelierdocaractere.pt\/brevemente\/uma-impar-viagem-no-tempo-com-as-500-milhas-acp-2021\/\",\"url\":\"https:\/\/www.atelierdocaractere.pt\/brevemente\/uma-impar-viagem-no-tempo-com-as-500-milhas-acp-2021\/\",\"name\":\"Uma \u00edmpar viagem no tempo com as 500 Milhas ACP 2021 - Atelier do Caractere\",\"isPartOf\":{\"@id\":\"https:\/\/www.atelierdocaractere.pt\/brevemente\/#website\"},\"datePublished\":\"2021-09-12T20:05:18+00:00\",\"dateModified\":\"2021-09-12T20:11:04+00:00\",\"author\":{\"@id\":\"https:\/\/www.atelierdocaractere.pt\/brevemente\/#\/schema\/person\/9cbfe9364f1f340a0e67c62563053c6e\"},\"breadcrumb\":{\"@id\":\"https:\/\/www.atelierdocaractere.pt\/brevemente\/uma-impar-viagem-no-tempo-com-as-500-milhas-acp-2021\/#breadcrumb\"},\"inLanguage\":\"pt-PT\",\"potentialAction\":[{\"@type\":\"ReadAction\",\"target\":[\"https:\/\/www.atelierdocaractere.pt\/brevemente\/uma-impar-viagem-no-tempo-com-as-500-milhas-acp-2021\/\"]}]},{\"@type\":\"BreadcrumbList\",\"@id\":\"https:\/\/www.atelierdocaractere.pt\/brevemente\/uma-impar-viagem-no-tempo-com-as-500-milhas-acp-2021\/#breadcrumb\",\"itemListElement\":[{\"@type\":\"ListItem\",\"position\":1,\"name\":\"In\u00edcio\",\"item\":\"https:\/\/www.atelierdocaractere.pt\/brevemente\/\"},{\"@type\":\"ListItem\",\"position\":2,\"name\":\"Uma \u00edmpar viagem no tempo com as 500 Milhas ACP 2021\"}]},{\"@type\":\"WebSite\",\"@id\":\"https:\/\/www.atelierdocaractere.pt\/brevemente\/#website\",\"url\":\"https:\/\/www.atelierdocaractere.pt\/brevemente\/\",\"name\":\"Atelier do Caractere\",\"description\":\"\",\"potentialAction\":[{\"@type\":\"SearchAction\",\"target\":{\"@type\":\"EntryPoint\",\"urlTemplate\":\"https:\/\/www.atelierdocaractere.pt\/brevemente\/?s={search_term_string}\"},\"query-input\":\"required name=search_term_string\"}],\"inLanguage\":\"pt-PT\"},{\"@type\":\"Person\",\"@id\":\"https:\/\/www.atelierdocaractere.pt\/brevemente\/#\/schema\/person\/9cbfe9364f1f340a0e67c62563053c6e\",\"name\":\"editor@atelierdocaractere\",\"image\":{\"@type\":\"ImageObject\",\"inLanguage\":\"pt-PT\",\"@id\":\"https:\/\/www.atelierdocaractere.pt\/brevemente\/#\/schema\/person\/image\/\",\"url\":\"https:\/\/secure.gravatar.com\/avatar\/0fbdb8811d6ce6feb06d4d626953d952?s=96&d=mm&r=g\",\"contentUrl\":\"https:\/\/secure.gravatar.com\/avatar\/0fbdb8811d6ce6feb06d4d626953d952?s=96&d=mm&r=g\",\"caption\":\"editor@atelierdocaractere\"},\"url\":\"https:\/\/www.atelierdocaractere.pt\/brevemente\/author\/editoratelierdocaractere\/\"}]}<\/script>\n<!-- \/ Yoast SEO plugin. -->","yoast_head_json":{"title":"Uma \u00edmpar viagem no tempo com as 500 Milhas ACP 2021 - Atelier do Caractere","robots":{"index":"index","follow":"follow","max-snippet":"max-snippet:-1","max-image-preview":"max-image-preview:large","max-video-preview":"max-video-preview:-1"},"canonical":"https:\/\/www.atelierdocaractere.pt\/brevemente\/uma-impar-viagem-no-tempo-com-as-500-milhas-acp-2021\/","og_locale":"pt_PT","og_type":"article","og_title":"Uma \u00edmpar viagem no tempo com as 500 Milhas ACP 2021 - Atelier do Caractere","og_description":"Depois de 650 quil\u00f3metros e cerca de 16 horas de prova, terminou a 16\u00aa edi\u00e7\u00e3o das 500 Milhas ACP. Uma...","og_url":"https:\/\/www.atelierdocaractere.pt\/brevemente\/uma-impar-viagem-no-tempo-com-as-500-milhas-acp-2021\/","og_site_name":"Atelier do Caractere","article_publisher":"https:\/\/www.facebook.com\/AtelierdoCaractere","article_published_time":"2021-09-12T20:05:18+00:00","article_modified_time":"2021-09-12T20:11:04+00:00","og_image":[{"width":1024,"height":683,"url":"https:\/\/www.atelierdocaractere.pt\/wp-content\/uploads\/2021\/09\/500-Milhas-ACP1-1024x683.jpg","type":"image\/jpeg"}],"author":"editor@atelierdocaractere","twitter_card":"summary_large_image","twitter_misc":{"Escrito por":"editor@atelierdocaractere","Tempo estimado de leitura":"3 minutos"},"schema":{"@context":"https:\/\/schema.org","@graph":[{"@type":"WebPage","@id":"https:\/\/www.atelierdocaractere.pt\/brevemente\/uma-impar-viagem-no-tempo-com-as-500-milhas-acp-2021\/","url":"https:\/\/www.atelierdocaractere.pt\/brevemente\/uma-impar-viagem-no-tempo-com-as-500-milhas-acp-2021\/","name":"Uma \u00edmpar viagem no tempo com as 500 Milhas ACP 2021 - Atelier do Caractere","isPartOf":{"@id":"https:\/\/www.atelierdocaractere.pt\/brevemente\/#website"},"datePublished":"2021-09-12T20:05:18+00:00","dateModified":"2021-09-12T20:11:04+00:00","author":{"@id":"https:\/\/www.atelierdocaractere.pt\/brevemente\/#\/schema\/person\/9cbfe9364f1f340a0e67c62563053c6e"},"breadcrumb":{"@id":"https:\/\/www.atelierdocaractere.pt\/brevemente\/uma-impar-viagem-no-tempo-com-as-500-milhas-acp-2021\/#breadcrumb"},"inLanguage":"pt-PT","potentialAction":[{"@type":"ReadAction","target":["https:\/\/www.atelierdocaractere.pt\/brevemente\/uma-impar-viagem-no-tempo-com-as-500-milhas-acp-2021\/"]}]},{"@type":"BreadcrumbList","@id":"https:\/\/www.atelierdocaractere.pt\/brevemente\/uma-impar-viagem-no-tempo-com-as-500-milhas-acp-2021\/#breadcrumb","itemListElement":[{"@type":"ListItem","position":1,"name":"In\u00edcio","item":"https:\/\/www.atelierdocaractere.pt\/brevemente\/"},{"@type":"ListItem","position":2,"name":"Uma \u00edmpar viagem no tempo com as 500 Milhas ACP 2021"}]},{"@type":"WebSite","@id":"https:\/\/www.atelierdocaractere.pt\/brevemente\/#website","url":"https:\/\/www.atelierdocaractere.pt\/brevemente\/","name":"Atelier do Caractere","description":"","potentialAction":[{"@type":"SearchAction","target":{"@type":"EntryPoint","urlTemplate":"https:\/\/www.atelierdocaractere.pt\/brevemente\/?s={search_term_string}"},"query-input":"required name=search_term_string"}],"inLanguage":"pt-PT"},{"@type":"Person","@id":"https:\/\/www.atelierdocaractere.pt\/brevemente\/#\/schema\/person\/9cbfe9364f1f340a0e67c62563053c6e","name":"editor@atelierdocaractere","image":{"@type":"ImageObject","inLanguage":"pt-PT","@id":"https:\/\/www.atelierdocaractere.pt\/brevemente\/#\/schema\/person\/image\/","url":"https:\/\/secure.gravatar.com\/avatar\/0fbdb8811d6ce6feb06d4d626953d952?s=96&d=mm&r=g","contentUrl":"https:\/\/secure.gravatar.com\/avatar\/0fbdb8811d6ce6feb06d4d626953d952?s=96&d=mm&r=g","caption":"editor@atelierdocaractere"},"url":"https:\/\/www.atelierdocaractere.pt\/brevemente\/author\/editoratelierdocaractere\/"}]}},"_links":{"self":[{"href":"https:\/\/www.atelierdocaractere.pt\/brevemente\/wp-json\/wp\/v2\/posts\/10354"}],"collection":[{"href":"https:\/\/www.atelierdocaractere.pt\/brevemente\/wp-json\/wp\/v2\/posts"}],"about":[{"href":"https:\/\/www.atelierdocaractere.pt\/brevemente\/wp-json\/wp\/v2\/types\/post"}],"author":[{"embeddable":true,"href":"https:\/\/www.atelierdocaractere.pt\/brevemente\/wp-json\/wp\/v2\/users\/2"}],"replies":[{"embeddable":true,"href":"https:\/\/www.atelierdocaractere.pt\/brevemente\/wp-json\/wp\/v2\/comments?post=10354"}],"version-history":[{"count":2,"href":"https:\/\/www.atelierdocaractere.pt\/brevemente\/wp-json\/wp\/v2\/posts\/10354\/revisions"}],"predecessor-version":[{"id":10359,"href":"https:\/\/www.atelierdocaractere.pt\/brevemente\/wp-json\/wp\/v2\/posts\/10354\/revisions\/10359"}],"wp:featuredmedia":[{"embeddable":true,"href":"https:\/\/www.atelierdocaractere.pt\/brevemente\/wp-json\/wp\/v2\/media\/10355"}],"wp:attachment":[{"href":"https:\/\/www.atelierdocaractere.pt\/brevemente\/wp-json\/wp\/v2\/media?parent=10354"}],"wp:term":[{"taxonomy":"category","embeddable":true,"href":"https:\/\/www.atelierdocaractere.pt\/brevemente\/wp-json\/wp\/v2\/categories?post=10354"},{"taxonomy":"post_tag","embeddable":true,"href":"https:\/\/www.atelierdocaractere.pt\/brevemente\/wp-json\/wp\/v2\/tags?post=10354"}],"curies":[{"name":"wp","href":"https:\/\/api.w.org\/{rel}","templated":true}]}}