{"id":10361,"date":"2021-09-13T15:40:57","date_gmt":"2021-09-13T15:40:57","guid":{"rendered":"https:\/\/www.atelierdocaractere.pt\/?p=10361"},"modified":"2021-09-13T15:40:59","modified_gmt":"2021-09-13T15:40:59","slug":"edgar-santos-e-o-novo-diretor-de-recursos-humanos-da-renault-portugal-sa","status":"publish","type":"post","link":"https:\/\/www.atelierdocaractere.pt\/brevemente\/edgar-santos-e-o-novo-diretor-de-recursos-humanos-da-renault-portugal-sa\/","title":{"rendered":"EDGAR SANTOS \u00c9 O NOVO DIRETOR DE RECURSOS HUMANOS DA RENAULT PORTUGAL, SA"},"content":{"rendered":"\n<figure class=\"wp-block-image size-large\"><img decoding=\"async\" width=\"1024\" height=\"639\" src=\"https:\/\/www.atelierdocaractere.pt\/wp-content\/uploads\/2021\/09\/Edgar-Santos-3-1024x639.jpg\" alt=\"\" class=\"wp-image-10362\" srcset=\"https:\/\/www.atelierdocaractere.pt\/wp-content\/uploads\/2021\/09\/Edgar-Santos-3-1024x639.jpg 1024w, https:\/\/www.atelierdocaractere.pt\/wp-content\/uploads\/2021\/09\/Edgar-Santos-3-300x187.jpg 300w, https:\/\/www.atelierdocaractere.pt\/wp-content\/uploads\/2021\/09\/Edgar-Santos-3-768x479.jpg 768w, https:\/\/www.atelierdocaractere.pt\/wp-content\/uploads\/2021\/09\/Edgar-Santos-3-1536x958.jpg 1536w, https:\/\/www.atelierdocaractere.pt\/wp-content\/uploads\/2021\/09\/Edgar-Santos-3-2048x1277.jpg 2048w, https:\/\/www.atelierdocaractere.pt\/wp-content\/uploads\/2021\/09\/Edgar-Santos-3.jpg 1920w\" sizes=\"(max-width: 1024px) 100vw, 1024px\" \/><\/figure>\n\n\n\n<p>H\u00e1 18 anos no Grupo Renault, Edgar Santos \u00e9 o novo diretor de recursos humanos da Renault Portugal, SA.<\/p>\n\n\n\n<p>Com 44 anos, casado e tr\u00eas filhos, Edgar Santos \u00e9 licenciado e p\u00f3s-graduado em gest\u00e3o de recursos humanos pelo INDEG-ISCTE Executive Education.<\/p>\n\n\n\n<p>A entrada no Grupo Renault Portugal remonta a 2003, atrav\u00e9s da unidade de retalho Renault Retail Group (RRG). Depois de uma d\u00e9cada nos recursos humanos, deixou a fun\u00e7\u00e3o de diretor da \u00e1rea, para assumir a fun\u00e7\u00e3o de diretor de filial de retalho, em Lisboa, onde permaneceu at\u00e9 2017.<\/p>\n\n\n\n<figure class=\"wp-block-image size-large\"><img decoding=\"async\" width=\"1024\" height=\"681\" src=\"https:\/\/www.atelierdocaractere.pt\/wp-content\/uploads\/2021\/09\/Edgar-Santos-2-1024x681.jpg\" alt=\"\" class=\"wp-image-10363\" srcset=\"https:\/\/www.atelierdocaractere.pt\/wp-content\/uploads\/2021\/09\/Edgar-Santos-2-1024x681.jpg 1024w, https:\/\/www.atelierdocaractere.pt\/wp-content\/uploads\/2021\/09\/Edgar-Santos-2-300x200.jpg 300w, https:\/\/www.atelierdocaractere.pt\/wp-content\/uploads\/2021\/09\/Edgar-Santos-2-768x511.jpg 768w, https:\/\/www.atelierdocaractere.pt\/wp-content\/uploads\/2021\/09\/Edgar-Santos-2-1536x1022.jpg 1536w, https:\/\/www.atelierdocaractere.pt\/wp-content\/uploads\/2021\/09\/Edgar-Santos-2-2048x1362.jpg 2048w, https:\/\/www.atelierdocaractere.pt\/wp-content\/uploads\/2021\/09\/Edgar-Santos-2.jpg 1920w\" sizes=\"(max-width: 1024px) 100vw, 1024px\" \/><\/figure>\n\n\n\n<p>Integrou a Renault Portugal nesse ano, para assegurar a Dire\u00e7\u00e3o do Instituto Autom\u00f3vel, pertencente ao Grupo Renault Uma fun\u00e7\u00e3o que ir\u00e1 manter, em acumula\u00e7\u00e3o com a fun\u00e7\u00e3o de diretor de recursos humanos da Renault Portugal SA.<\/p>\n\n\n\n<p>\u201cTemos como grande desafio a transforma\u00e7\u00e3o que est\u00e1 em curso na empresa, onde os recursos humanos assumem um papel vital na capta\u00e7\u00e3o de talento com novas compet\u00eancias. Mas, n\u00e3o menos importante, temos de procurar reter o talento existente e garantir que se mant\u00e9m com as compet\u00eancias atualizadas no futuro, mas igualmente em novas metodologias de trabalho. O foco vai estar direcionado para o management das pessoas e n\u00e3o tanto para os processos.\u201d, afirma Edgar Santos.<\/p>\n\n\n\n<p>\u201cRegressar aos recursos humanos, depois de sete anos em fun\u00e7\u00f5es operacionais mais ligadas ao neg\u00f3cio, permite-me perceber, melhor do que nunca, como \u00e9 que as medidas de recursos humanos podem impactar a atividade di\u00e1ria das equipas operacionais e tamb\u00e9m como uma comunica\u00e7\u00e3o eficiente pode garantir a ades\u00e3o das equipas e o sucesso das a\u00e7\u00f5es\u201d, conclui o novo diretor de recursos humanos da Renault Portugal SA.<\/p>\n","protected":false},"excerpt":{"rendered":"<p>H\u00e1 18 anos no Grupo Renault, Edgar Santos \u00e9 o novo diretor de recursos humanos da Renault Portugal, SA. Com&#8230;<\/p>\n","protected":false},"author":2,"featured_media":10362,"comment_status":"closed","ping_status":"open","sticky":false,"template":"","format":"standard","meta":[],"categories":[427],"tags":[87],"yoast_head":"<!-- This site is optimized with the Yoast SEO plugin v20.12 - https:\/\/yoast.com\/wordpress\/plugins\/seo\/ -->\n<title>EDGAR SANTOS \u00c9 O NOVO DIRETOR DE RECURSOS HUMANOS DA RENAULT PORTUGAL, SA - Atelier do Caractere<\/title>\n<meta name=\"robots\" content=\"index, follow, max-snippet:-1, max-image-preview:large, max-video-preview:-1\" \/>\n<link rel=\"canonical\" href=\"https:\/\/www.atelierdocaractere.pt\/brevemente\/edgar-santos-e-o-novo-diretor-de-recursos-humanos-da-renault-portugal-sa\/\" \/>\n<meta property=\"og:locale\" content=\"pt_PT\" \/>\n<meta property=\"og:type\" content=\"article\" \/>\n<meta property=\"og:title\" content=\"EDGAR SANTOS \u00c9 O NOVO DIRETOR DE RECURSOS HUMANOS DA RENAULT PORTUGAL, SA - Atelier do Caractere\" \/>\n<meta property=\"og:description\" content=\"H\u00e1 18 anos no Grupo Renault, Edgar Santos \u00e9 o novo diretor de recursos humanos da Renault Portugal, SA. Com...\" \/>\n<meta property=\"og:url\" content=\"https:\/\/www.atelierdocaractere.pt\/brevemente\/edgar-santos-e-o-novo-diretor-de-recursos-humanos-da-renault-portugal-sa\/\" \/>\n<meta property=\"og:site_name\" content=\"Atelier do Caractere\" \/>\n<meta property=\"article:publisher\" content=\"https:\/\/www.facebook.com\/AtelierdoCaractere\" \/>\n<meta property=\"article:published_time\" content=\"2021-09-13T15:40:57+00:00\" \/>\n<meta property=\"article:modified_time\" content=\"2021-09-13T15:40:59+00:00\" \/>\n<meta property=\"og:image\" content=\"https:\/\/www.atelierdocaractere.pt\/wp-content\/uploads\/2021\/09\/Edgar-Santos-3.jpg\" \/>\n\t<meta property=\"og:image:width\" content=\"2400\" \/>\n\t<meta property=\"og:image:height\" content=\"1497\" \/>\n\t<meta property=\"og:image:type\" content=\"image\/jpeg\" \/>\n<meta name=\"author\" content=\"editor@atelierdocaractere\" \/>\n<meta name=\"twitter:card\" content=\"summary_large_image\" \/>\n<meta name=\"twitter:label1\" content=\"Escrito por\" \/>\n\t<meta name=\"twitter:data1\" content=\"editor@atelierdocaractere\" \/>\n\t<meta name=\"twitter:label2\" content=\"Tempo estimado de leitura\" \/>\n\t<meta name=\"twitter:data2\" content=\"1 minuto\" \/>\n<script type=\"application\/ld+json\" class=\"yoast-schema-graph\">{\"@context\":\"https:\/\/schema.org\",\"@graph\":[{\"@type\":\"WebPage\",\"@id\":\"https:\/\/www.atelierdocaractere.pt\/brevemente\/edgar-santos-e-o-novo-diretor-de-recursos-humanos-da-renault-portugal-sa\/\",\"url\":\"https:\/\/www.atelierdocaractere.pt\/brevemente\/edgar-santos-e-o-novo-diretor-de-recursos-humanos-da-renault-portugal-sa\/\",\"name\":\"EDGAR SANTOS \u00c9 O NOVO DIRETOR DE RECURSOS HUMANOS DA RENAULT PORTUGAL, SA - Atelier do Caractere\",\"isPartOf\":{\"@id\":\"https:\/\/www.atelierdocaractere.pt\/brevemente\/#website\"},\"datePublished\":\"2021-09-13T15:40:57+00:00\",\"dateModified\":\"2021-09-13T15:40:59+00:00\",\"author\":{\"@id\":\"https:\/\/www.atelierdocaractere.pt\/brevemente\/#\/schema\/person\/9cbfe9364f1f340a0e67c62563053c6e\"},\"breadcrumb\":{\"@id\":\"https:\/\/www.atelierdocaractere.pt\/brevemente\/edgar-santos-e-o-novo-diretor-de-recursos-humanos-da-renault-portugal-sa\/#breadcrumb\"},\"inLanguage\":\"pt-PT\",\"potentialAction\":[{\"@type\":\"ReadAction\",\"target\":[\"https:\/\/www.atelierdocaractere.pt\/brevemente\/edgar-santos-e-o-novo-diretor-de-recursos-humanos-da-renault-portugal-sa\/\"]}]},{\"@type\":\"BreadcrumbList\",\"@id\":\"https:\/\/www.atelierdocaractere.pt\/brevemente\/edgar-santos-e-o-novo-diretor-de-recursos-humanos-da-renault-portugal-sa\/#breadcrumb\",\"itemListElement\":[{\"@type\":\"ListItem\",\"position\":1,\"name\":\"In\u00edcio\",\"item\":\"https:\/\/www.atelierdocaractere.pt\/brevemente\/\"},{\"@type\":\"ListItem\",\"position\":2,\"name\":\"EDGAR SANTOS \u00c9 O NOVO DIRETOR DE RECURSOS HUMANOS DA RENAULT PORTUGAL, SA\"}]},{\"@type\":\"WebSite\",\"@id\":\"https:\/\/www.atelierdocaractere.pt\/brevemente\/#website\",\"url\":\"https:\/\/www.atelierdocaractere.pt\/brevemente\/\",\"name\":\"Atelier do Caractere\",\"description\":\"\",\"potentialAction\":[{\"@type\":\"SearchAction\",\"target\":{\"@type\":\"EntryPoint\",\"urlTemplate\":\"https:\/\/www.atelierdocaractere.pt\/brevemente\/?s={search_term_string}\"},\"query-input\":\"required name=search_term_string\"}],\"inLanguage\":\"pt-PT\"},{\"@type\":\"Person\",\"@id\":\"https:\/\/www.atelierdocaractere.pt\/brevemente\/#\/schema\/person\/9cbfe9364f1f340a0e67c62563053c6e\",\"name\":\"editor@atelierdocaractere\",\"image\":{\"@type\":\"ImageObject\",\"inLanguage\":\"pt-PT\",\"@id\":\"https:\/\/www.atelierdocaractere.pt\/brevemente\/#\/schema\/person\/image\/\",\"url\":\"https:\/\/secure.gravatar.com\/avatar\/0fbdb8811d6ce6feb06d4d626953d952?s=96&d=mm&r=g\",\"contentUrl\":\"https:\/\/secure.gravatar.com\/avatar\/0fbdb8811d6ce6feb06d4d626953d952?s=96&d=mm&r=g\",\"caption\":\"editor@atelierdocaractere\"},\"url\":\"https:\/\/www.atelierdocaractere.pt\/brevemente\/author\/editoratelierdocaractere\/\"}]}<\/script>\n<!-- \/ Yoast SEO plugin. -->","yoast_head_json":{"title":"EDGAR SANTOS \u00c9 O NOVO DIRETOR DE RECURSOS HUMANOS DA RENAULT PORTUGAL, SA - Atelier do Caractere","robots":{"index":"index","follow":"follow","max-snippet":"max-snippet:-1","max-image-preview":"max-image-preview:large","max-video-preview":"max-video-preview:-1"},"canonical":"https:\/\/www.atelierdocaractere.pt\/brevemente\/edgar-santos-e-o-novo-diretor-de-recursos-humanos-da-renault-portugal-sa\/","og_locale":"pt_PT","og_type":"article","og_title":"EDGAR SANTOS \u00c9 O NOVO DIRETOR DE RECURSOS HUMANOS DA RENAULT PORTUGAL, SA - Atelier do Caractere","og_description":"H\u00e1 18 anos no Grupo Renault, Edgar Santos \u00e9 o novo diretor de recursos humanos da Renault Portugal, SA. Com...","og_url":"https:\/\/www.atelierdocaractere.pt\/brevemente\/edgar-santos-e-o-novo-diretor-de-recursos-humanos-da-renault-portugal-sa\/","og_site_name":"Atelier do Caractere","article_publisher":"https:\/\/www.facebook.com\/AtelierdoCaractere","article_published_time":"2021-09-13T15:40:57+00:00","article_modified_time":"2021-09-13T15:40:59+00:00","og_image":[{"width":2400,"height":1497,"url":"https:\/\/www.atelierdocaractere.pt\/wp-content\/uploads\/2021\/09\/Edgar-Santos-3.jpg","type":"image\/jpeg"}],"author":"editor@atelierdocaractere","twitter_card":"summary_large_image","twitter_misc":{"Escrito por":"editor@atelierdocaractere","Tempo estimado de leitura":"1 minuto"},"schema":{"@context":"https:\/\/schema.org","@graph":[{"@type":"WebPage","@id":"https:\/\/www.atelierdocaractere.pt\/brevemente\/edgar-santos-e-o-novo-diretor-de-recursos-humanos-da-renault-portugal-sa\/","url":"https:\/\/www.atelierdocaractere.pt\/brevemente\/edgar-santos-e-o-novo-diretor-de-recursos-humanos-da-renault-portugal-sa\/","name":"EDGAR SANTOS \u00c9 O NOVO DIRETOR DE RECURSOS HUMANOS DA RENAULT PORTUGAL, SA - Atelier do Caractere","isPartOf":{"@id":"https:\/\/www.atelierdocaractere.pt\/brevemente\/#website"},"datePublished":"2021-09-13T15:40:57+00:00","dateModified":"2021-09-13T15:40:59+00:00","author":{"@id":"https:\/\/www.atelierdocaractere.pt\/brevemente\/#\/schema\/person\/9cbfe9364f1f340a0e67c62563053c6e"},"breadcrumb":{"@id":"https:\/\/www.atelierdocaractere.pt\/brevemente\/edgar-santos-e-o-novo-diretor-de-recursos-humanos-da-renault-portugal-sa\/#breadcrumb"},"inLanguage":"pt-PT","potentialAction":[{"@type":"ReadAction","target":["https:\/\/www.atelierdocaractere.pt\/brevemente\/edgar-santos-e-o-novo-diretor-de-recursos-humanos-da-renault-portugal-sa\/"]}]},{"@type":"BreadcrumbList","@id":"https:\/\/www.atelierdocaractere.pt\/brevemente\/edgar-santos-e-o-novo-diretor-de-recursos-humanos-da-renault-portugal-sa\/#breadcrumb","itemListElement":[{"@type":"ListItem","position":1,"name":"In\u00edcio","item":"https:\/\/www.atelierdocaractere.pt\/brevemente\/"},{"@type":"ListItem","position":2,"name":"EDGAR SANTOS \u00c9 O NOVO DIRETOR DE RECURSOS HUMANOS DA RENAULT PORTUGAL, SA"}]},{"@type":"WebSite","@id":"https:\/\/www.atelierdocaractere.pt\/brevemente\/#website","url":"https:\/\/www.atelierdocaractere.pt\/brevemente\/","name":"Atelier do Caractere","description":"","potentialAction":[{"@type":"SearchAction","target":{"@type":"EntryPoint","urlTemplate":"https:\/\/www.atelierdocaractere.pt\/brevemente\/?s={search_term_string}"},"query-input":"required name=search_term_string"}],"inLanguage":"pt-PT"},{"@type":"Person","@id":"https:\/\/www.atelierdocaractere.pt\/brevemente\/#\/schema\/person\/9cbfe9364f1f340a0e67c62563053c6e","name":"editor@atelierdocaractere","image":{"@type":"ImageObject","inLanguage":"pt-PT","@id":"https:\/\/www.atelierdocaractere.pt\/brevemente\/#\/schema\/person\/image\/","url":"https:\/\/secure.gravatar.com\/avatar\/0fbdb8811d6ce6feb06d4d626953d952?s=96&d=mm&r=g","contentUrl":"https:\/\/secure.gravatar.com\/avatar\/0fbdb8811d6ce6feb06d4d626953d952?s=96&d=mm&r=g","caption":"editor@atelierdocaractere"},"url":"https:\/\/www.atelierdocaractere.pt\/brevemente\/author\/editoratelierdocaractere\/"}]}},"_links":{"self":[{"href":"https:\/\/www.atelierdocaractere.pt\/brevemente\/wp-json\/wp\/v2\/posts\/10361"}],"collection":[{"href":"https:\/\/www.atelierdocaractere.pt\/brevemente\/wp-json\/wp\/v2\/posts"}],"about":[{"href":"https:\/\/www.atelierdocaractere.pt\/brevemente\/wp-json\/wp\/v2\/types\/post"}],"author":[{"embeddable":true,"href":"https:\/\/www.atelierdocaractere.pt\/brevemente\/wp-json\/wp\/v2\/users\/2"}],"replies":[{"embeddable":true,"href":"https:\/\/www.atelierdocaractere.pt\/brevemente\/wp-json\/wp\/v2\/comments?post=10361"}],"version-history":[{"count":1,"href":"https:\/\/www.atelierdocaractere.pt\/brevemente\/wp-json\/wp\/v2\/posts\/10361\/revisions"}],"predecessor-version":[{"id":10364,"href":"https:\/\/www.atelierdocaractere.pt\/brevemente\/wp-json\/wp\/v2\/posts\/10361\/revisions\/10364"}],"wp:featuredmedia":[{"embeddable":true,"href":"https:\/\/www.atelierdocaractere.pt\/brevemente\/wp-json\/wp\/v2\/media\/10362"}],"wp:attachment":[{"href":"https:\/\/www.atelierdocaractere.pt\/brevemente\/wp-json\/wp\/v2\/media?parent=10361"}],"wp:term":[{"taxonomy":"category","embeddable":true,"href":"https:\/\/www.atelierdocaractere.pt\/brevemente\/wp-json\/wp\/v2\/categories?post=10361"},{"taxonomy":"post_tag","embeddable":true,"href":"https:\/\/www.atelierdocaractere.pt\/brevemente\/wp-json\/wp\/v2\/tags?post=10361"}],"curies":[{"name":"wp","href":"https:\/\/api.w.org\/{rel}","templated":true}]}}