{"id":10391,"date":"2021-10-09T16:16:07","date_gmt":"2021-10-09T16:16:07","guid":{"rendered":"https:\/\/www.atelierdocaractere.pt\/?p=10391"},"modified":"2021-10-09T16:16:09","modified_gmt":"2021-10-09T16:16:09","slug":"rally-de-portugal-historico-revivalismo-emocao-e-uma-estreia-no-lugar-mais-alto-do-podio","status":"publish","type":"post","link":"https:\/\/www.atelierdocaractere.pt\/brevemente\/rally-de-portugal-historico-revivalismo-emocao-e-uma-estreia-no-lugar-mais-alto-do-podio\/","title":{"rendered":"Rally de Portugal Hist\u00f3rico: Revivalismo, emo\u00e7\u00e3o e uma estreia no lugar mais alto do p\u00f3dio"},"content":{"rendered":"\n<figure class=\"wp-block-image size-large\"><img decoding=\"async\" width=\"1024\" height=\"683\" src=\"https:\/\/www.atelierdocaractere.pt\/wp-content\/uploads\/2021\/10\/Regua-3a-Etapa-1024x683.jpg\" alt=\"\" class=\"wp-image-10392\" srcset=\"https:\/\/www.atelierdocaractere.pt\/wp-content\/uploads\/2021\/10\/Regua-3a-Etapa-1024x683.jpg 1024w, https:\/\/www.atelierdocaractere.pt\/wp-content\/uploads\/2021\/10\/Regua-3a-Etapa-300x200.jpg 300w, https:\/\/www.atelierdocaractere.pt\/wp-content\/uploads\/2021\/10\/Regua-3a-Etapa-768x512.jpg 768w, https:\/\/www.atelierdocaractere.pt\/wp-content\/uploads\/2021\/10\/Regua-3a-Etapa.jpg 1500w\" sizes=\"(max-width: 1024px) 100vw, 1024px\" \/><figcaption>XV Rally de Portugal Hist\u00f3rico, de 04 a 09 de Outubro de 2021 Foto: Paulo Maria \/ ACP \/ Interslide<\/figcaption><\/figure>\n\n\n\n<p><strong><strong>A 15\u00aa edi\u00e7\u00e3o refor\u00e7ou o Rally de Portugal Hist\u00f3rico como uma das mais importantes provas internacionais de regularidade hist\u00f3rica. As mais de 80% de equipas estrangeiras que alinharam \u00e0 partida confirmam o prest\u00edgio granjeado (tamb\u00e9m) al\u00e9m-fronteiras, muito por culpa da seletividade e extraordin\u00e1ria beleza do percurso idealizado pelo Autom\u00f3vel Club de Portugal. Numa prova marcada por uma extrema competitividade, a dupla francesa Christophe Baillet\/Pierre Colliard, em Porsche 911 SC, estreou-se no lugar mais alto do p\u00f3dio, enquanto Rodrigo Teixeira\/Jo\u00e3o Azeiteiro, em BMW E30 325i, foram os melhores portugueses, na quinta posi\u00e7\u00e3o.<\/strong><\/strong><\/p>\n\n\n\n<figure class=\"wp-block-image size-large\"><img decoding=\"async\" width=\"1024\" height=\"683\" src=\"https:\/\/www.atelierdocaractere.pt\/wp-content\/uploads\/2021\/10\/1os-Classificados_Christophe-Baillet-Pierre-Colliard-Porsche-911-SC-1024x683.jpg\" alt=\"\" class=\"wp-image-10393\" srcset=\"https:\/\/www.atelierdocaractere.pt\/wp-content\/uploads\/2021\/10\/1os-Classificados_Christophe-Baillet-Pierre-Colliard-Porsche-911-SC-1024x683.jpg 1024w, https:\/\/www.atelierdocaractere.pt\/wp-content\/uploads\/2021\/10\/1os-Classificados_Christophe-Baillet-Pierre-Colliard-Porsche-911-SC-300x200.jpg 300w, https:\/\/www.atelierdocaractere.pt\/wp-content\/uploads\/2021\/10\/1os-Classificados_Christophe-Baillet-Pierre-Colliard-Porsche-911-SC-768x512.jpg 768w, https:\/\/www.atelierdocaractere.pt\/wp-content\/uploads\/2021\/10\/1os-Classificados_Christophe-Baillet-Pierre-Colliard-Porsche-911-SC-1536x1024.jpg 1536w, https:\/\/www.atelierdocaractere.pt\/wp-content\/uploads\/2021\/10\/1os-Classificados_Christophe-Baillet-Pierre-Colliard-Porsche-911-SC.jpg 1920w\" sizes=\"(max-width: 1024px) 100vw, 1024px\" \/><\/figure>\n\n\n\n<p>Desportivamente, a competitividade foi a t\u00f3nica dominante da prova. Cinco comandantes diferentes e oito mudan\u00e7as de l\u00edder d\u00e3o uma ideia de como a emo\u00e7\u00e3o foi uma constante ao longo das 43 seletivas provas especiais disputadas, sendo que \u00e0 sa\u00edda para a derradeira etapa, os dois primeiros classificados arrancaram\u2026 empatados!<\/p>\n\n\n\n<p>Mas, no final e cumpridos mais de 1.850 km de prova, foi Christophe Baillet, navegado por Pierre Colliard, em Porsche 911 SC, a assegurar o triunfo, impondo-se ao belga Yves Deflandre (acompanhado de Jennifer Hugo) e ao seu compatriota Philippe Fuchey (navegado por Christophe Hayez), que, mesmo se n\u00e3o conseguiram repetir os triunfos de 2016\/2017 e 2019, respetivamente, nunca baixaram os bra\u00e7os e venderam cara a derrota.<\/p>\n\n\n\n<p>Inscrevendo o seu nome pela primeira vez no \u00e1lbum de ouro da prova (ele que v\u00e1 venceu v\u00e1rias edi\u00e7\u00f5es da Volta \u00e0 C\u00f3rsega Hist\u00f3rica), Baillet ainda experimentou alguns dissabores com a caixa de velocidades do seu Porsche, mas, a partir do momento em que descolou de Deflandre nas primeiras especiais da derradeira etapa, teve apenas que gerir o ritmo, a concentra\u00e7\u00e3o e a mec\u00e2nica do carro, sobretudo na ronda final noturna pelos trai\u00e7oeiros tro\u00e7os de Sintra, para se tornar no 10\u00ba vencedor diferente do Rally de Portugal Hist\u00f3rico.<\/p>\n\n\n\n<figure class=\"wp-block-image size-large\"><img decoding=\"async\" width=\"1024\" height=\"683\" src=\"https:\/\/www.atelierdocaractere.pt\/wp-content\/uploads\/2021\/10\/2os-Classificados_-Yves-Deflandre-Jennifer-Hugo-Porsche-911-1024x683.jpg\" alt=\"\" class=\"wp-image-10394\" srcset=\"https:\/\/www.atelierdocaractere.pt\/wp-content\/uploads\/2021\/10\/2os-Classificados_-Yves-Deflandre-Jennifer-Hugo-Porsche-911-1024x683.jpg 1024w, https:\/\/www.atelierdocaractere.pt\/wp-content\/uploads\/2021\/10\/2os-Classificados_-Yves-Deflandre-Jennifer-Hugo-Porsche-911-300x200.jpg 300w, https:\/\/www.atelierdocaractere.pt\/wp-content\/uploads\/2021\/10\/2os-Classificados_-Yves-Deflandre-Jennifer-Hugo-Porsche-911-768x512.jpg 768w, https:\/\/www.atelierdocaractere.pt\/wp-content\/uploads\/2021\/10\/2os-Classificados_-Yves-Deflandre-Jennifer-Hugo-Porsche-911-1536x1024.jpg 1536w, https:\/\/www.atelierdocaractere.pt\/wp-content\/uploads\/2021\/10\/2os-Classificados_-Yves-Deflandre-Jennifer-Hugo-Porsche-911-2048x1365.jpg 2048w, https:\/\/www.atelierdocaractere.pt\/wp-content\/uploads\/2021\/10\/2os-Classificados_-Yves-Deflandre-Jennifer-Hugo-Porsche-911-scaled.jpg 1920w\" sizes=\"(max-width: 1024px) 100vw, 1024px\" \/><figcaption>XV Rally de Portugal Hist\u00f3rico, de 04 a 09 de Outubro de 2021 Foto: Paulo Maria \/ ACP \/ Interslide<\/figcaption><\/figure>\n\n\n\n<p>Numa prova onde os Porsche 911 provaram, mais uma vez, serem o carro a bater, alcan\u00e7ando os tr\u00eas primeiros lugares, destaque tamb\u00e9m para a prova de Rodrigo Teixeira\/Jo\u00e3o Azeiteiro, que conquistaram o lugar de melhores portugueses. A dupla nacional foi a primeira l\u00edder do rali, mas o endiabrado ritmo dos tr\u00eas primeiros classificados e at\u00e9 do Renault 11 Turbo da dupla espanhola quarta classificada, Alvaro Ochagavias\/Manuel Macho, n\u00e3o lhe permitiu transformar o sonho da vit\u00f3ria em realidade, como o tinham conseguido fazer Jo\u00e3o Mexia em 2014, 2015 e 2016 e Jo\u00e3o Vieira Borges em 2018.<\/p>\n\n\n\n<p>Com um percurso duro e seletivo, mas de ineg\u00e1vel beleza (com passagem por locais emblem\u00e1ticos como Campelo, Lous\u00e3, Mort\u00e1gua, Caramulo, Pr\u00e9stimo, Armamar, Freita, Oliveira do Hospital, Arganil, Montalto, Montejunto e Sintra), 44 das 58 equipas que partiram lograram chegar ao final da prova, que voltou a concentrar todas as emo\u00e7\u00f5es da chegada no privilegiado palco dos Jardins do Casino Estoril, emoldurado pelo colorido de muitos aficionados que fizeram quest\u00e3o de marcar presen\u00e7a.<\/p>\n\n\n\n<p>A XV edi\u00e7\u00e3o do Rally de Portugal Hist\u00f3rico fechou com \u201cchave de ouro\u201d, j\u00e1 durante o dia de hoje, com uma prova de Slalom no Aut\u00f3dromo do Estoril (inserido no \u201cEstoril Classics 2021\u201d), em mais um momento revivalista e carregado de nostalgia.<\/p>\n","protected":false},"excerpt":{"rendered":"<p>A 15\u00aa edi\u00e7\u00e3o refor\u00e7ou o Rally de Portugal Hist\u00f3rico como uma das mais importantes provas internacionais de regularidade hist\u00f3rica. As&#8230;<\/p>\n","protected":false},"author":2,"featured_media":10392,"comment_status":"closed","ping_status":"open","sticky":false,"template":"","format":"standard","meta":[],"categories":[24,33],"tags":[434,435],"yoast_head":"<!-- This site is optimized with the Yoast SEO plugin v20.12 - https:\/\/yoast.com\/wordpress\/plugins\/seo\/ -->\n<title>Rally de Portugal Hist\u00f3rico: Revivalismo, emo\u00e7\u00e3o e uma estreia no lugar mais alto do p\u00f3dio - Atelier do Caractere<\/title>\n<meta name=\"robots\" content=\"index, follow, max-snippet:-1, max-image-preview:large, max-video-preview:-1\" \/>\n<link rel=\"canonical\" href=\"https:\/\/www.atelierdocaractere.pt\/brevemente\/rally-de-portugal-historico-revivalismo-emocao-e-uma-estreia-no-lugar-mais-alto-do-podio\/\" \/>\n<meta property=\"og:locale\" content=\"pt_PT\" \/>\n<meta property=\"og:type\" content=\"article\" \/>\n<meta property=\"og:title\" content=\"Rally de Portugal Hist\u00f3rico: Revivalismo, emo\u00e7\u00e3o e uma estreia no lugar mais alto do p\u00f3dio - Atelier do Caractere\" \/>\n<meta property=\"og:description\" content=\"A 15\u00aa edi\u00e7\u00e3o refor\u00e7ou o Rally de Portugal Hist\u00f3rico como uma das mais importantes provas internacionais de regularidade hist\u00f3rica. As...\" \/>\n<meta property=\"og:url\" content=\"https:\/\/www.atelierdocaractere.pt\/brevemente\/rally-de-portugal-historico-revivalismo-emocao-e-uma-estreia-no-lugar-mais-alto-do-podio\/\" \/>\n<meta property=\"og:site_name\" content=\"Atelier do Caractere\" \/>\n<meta property=\"article:publisher\" content=\"https:\/\/www.facebook.com\/AtelierdoCaractere\" \/>\n<meta property=\"article:published_time\" content=\"2021-10-09T16:16:07+00:00\" \/>\n<meta property=\"article:modified_time\" content=\"2021-10-09T16:16:09+00:00\" \/>\n<meta property=\"og:image\" content=\"https:\/\/www.atelierdocaractere.pt\/wp-content\/uploads\/2021\/10\/Regua-3a-Etapa.jpg\" \/>\n\t<meta property=\"og:image:width\" content=\"1500\" \/>\n\t<meta property=\"og:image:height\" content=\"1000\" \/>\n\t<meta property=\"og:image:type\" content=\"image\/jpeg\" \/>\n<meta name=\"author\" content=\"editor@atelierdocaractere\" \/>\n<meta name=\"twitter:card\" content=\"summary_large_image\" \/>\n<meta name=\"twitter:label1\" content=\"Escrito por\" \/>\n\t<meta name=\"twitter:data1\" content=\"editor@atelierdocaractere\" \/>\n\t<meta name=\"twitter:label2\" content=\"Tempo estimado de leitura\" \/>\n\t<meta name=\"twitter:data2\" content=\"3 minutos\" \/>\n<script type=\"application\/ld+json\" class=\"yoast-schema-graph\">{\"@context\":\"https:\/\/schema.org\",\"@graph\":[{\"@type\":\"WebPage\",\"@id\":\"https:\/\/www.atelierdocaractere.pt\/brevemente\/rally-de-portugal-historico-revivalismo-emocao-e-uma-estreia-no-lugar-mais-alto-do-podio\/\",\"url\":\"https:\/\/www.atelierdocaractere.pt\/brevemente\/rally-de-portugal-historico-revivalismo-emocao-e-uma-estreia-no-lugar-mais-alto-do-podio\/\",\"name\":\"Rally de Portugal Hist\u00f3rico: Revivalismo, emo\u00e7\u00e3o e uma estreia no lugar mais alto do p\u00f3dio - Atelier do Caractere\",\"isPartOf\":{\"@id\":\"https:\/\/www.atelierdocaractere.pt\/brevemente\/#website\"},\"datePublished\":\"2021-10-09T16:16:07+00:00\",\"dateModified\":\"2021-10-09T16:16:09+00:00\",\"author\":{\"@id\":\"https:\/\/www.atelierdocaractere.pt\/brevemente\/#\/schema\/person\/9cbfe9364f1f340a0e67c62563053c6e\"},\"breadcrumb\":{\"@id\":\"https:\/\/www.atelierdocaractere.pt\/brevemente\/rally-de-portugal-historico-revivalismo-emocao-e-uma-estreia-no-lugar-mais-alto-do-podio\/#breadcrumb\"},\"inLanguage\":\"pt-PT\",\"potentialAction\":[{\"@type\":\"ReadAction\",\"target\":[\"https:\/\/www.atelierdocaractere.pt\/brevemente\/rally-de-portugal-historico-revivalismo-emocao-e-uma-estreia-no-lugar-mais-alto-do-podio\/\"]}]},{\"@type\":\"BreadcrumbList\",\"@id\":\"https:\/\/www.atelierdocaractere.pt\/brevemente\/rally-de-portugal-historico-revivalismo-emocao-e-uma-estreia-no-lugar-mais-alto-do-podio\/#breadcrumb\",\"itemListElement\":[{\"@type\":\"ListItem\",\"position\":1,\"name\":\"In\u00edcio\",\"item\":\"https:\/\/www.atelierdocaractere.pt\/brevemente\/\"},{\"@type\":\"ListItem\",\"position\":2,\"name\":\"Rally de Portugal Hist\u00f3rico: Revivalismo, emo\u00e7\u00e3o e uma estreia no lugar mais alto do p\u00f3dio\"}]},{\"@type\":\"WebSite\",\"@id\":\"https:\/\/www.atelierdocaractere.pt\/brevemente\/#website\",\"url\":\"https:\/\/www.atelierdocaractere.pt\/brevemente\/\",\"name\":\"Atelier do Caractere\",\"description\":\"\",\"potentialAction\":[{\"@type\":\"SearchAction\",\"target\":{\"@type\":\"EntryPoint\",\"urlTemplate\":\"https:\/\/www.atelierdocaractere.pt\/brevemente\/?s={search_term_string}\"},\"query-input\":\"required name=search_term_string\"}],\"inLanguage\":\"pt-PT\"},{\"@type\":\"Person\",\"@id\":\"https:\/\/www.atelierdocaractere.pt\/brevemente\/#\/schema\/person\/9cbfe9364f1f340a0e67c62563053c6e\",\"name\":\"editor@atelierdocaractere\",\"image\":{\"@type\":\"ImageObject\",\"inLanguage\":\"pt-PT\",\"@id\":\"https:\/\/www.atelierdocaractere.pt\/brevemente\/#\/schema\/person\/image\/\",\"url\":\"https:\/\/secure.gravatar.com\/avatar\/0fbdb8811d6ce6feb06d4d626953d952?s=96&d=mm&r=g\",\"contentUrl\":\"https:\/\/secure.gravatar.com\/avatar\/0fbdb8811d6ce6feb06d4d626953d952?s=96&d=mm&r=g\",\"caption\":\"editor@atelierdocaractere\"},\"url\":\"https:\/\/www.atelierdocaractere.pt\/brevemente\/author\/editoratelierdocaractere\/\"}]}<\/script>\n<!-- \/ Yoast SEO plugin. -->","yoast_head_json":{"title":"Rally de Portugal Hist\u00f3rico: Revivalismo, emo\u00e7\u00e3o e uma estreia no lugar mais alto do p\u00f3dio - Atelier do Caractere","robots":{"index":"index","follow":"follow","max-snippet":"max-snippet:-1","max-image-preview":"max-image-preview:large","max-video-preview":"max-video-preview:-1"},"canonical":"https:\/\/www.atelierdocaractere.pt\/brevemente\/rally-de-portugal-historico-revivalismo-emocao-e-uma-estreia-no-lugar-mais-alto-do-podio\/","og_locale":"pt_PT","og_type":"article","og_title":"Rally de Portugal Hist\u00f3rico: Revivalismo, emo\u00e7\u00e3o e uma estreia no lugar mais alto do p\u00f3dio - Atelier do Caractere","og_description":"A 15\u00aa edi\u00e7\u00e3o refor\u00e7ou o Rally de Portugal Hist\u00f3rico como uma das mais importantes provas internacionais de regularidade hist\u00f3rica. As...","og_url":"https:\/\/www.atelierdocaractere.pt\/brevemente\/rally-de-portugal-historico-revivalismo-emocao-e-uma-estreia-no-lugar-mais-alto-do-podio\/","og_site_name":"Atelier do Caractere","article_publisher":"https:\/\/www.facebook.com\/AtelierdoCaractere","article_published_time":"2021-10-09T16:16:07+00:00","article_modified_time":"2021-10-09T16:16:09+00:00","og_image":[{"width":1500,"height":1000,"url":"https:\/\/www.atelierdocaractere.pt\/wp-content\/uploads\/2021\/10\/Regua-3a-Etapa.jpg","type":"image\/jpeg"}],"author":"editor@atelierdocaractere","twitter_card":"summary_large_image","twitter_misc":{"Escrito por":"editor@atelierdocaractere","Tempo estimado de leitura":"3 minutos"},"schema":{"@context":"https:\/\/schema.org","@graph":[{"@type":"WebPage","@id":"https:\/\/www.atelierdocaractere.pt\/brevemente\/rally-de-portugal-historico-revivalismo-emocao-e-uma-estreia-no-lugar-mais-alto-do-podio\/","url":"https:\/\/www.atelierdocaractere.pt\/brevemente\/rally-de-portugal-historico-revivalismo-emocao-e-uma-estreia-no-lugar-mais-alto-do-podio\/","name":"Rally de Portugal Hist\u00f3rico: Revivalismo, emo\u00e7\u00e3o e uma estreia no lugar mais alto do p\u00f3dio - Atelier do Caractere","isPartOf":{"@id":"https:\/\/www.atelierdocaractere.pt\/brevemente\/#website"},"datePublished":"2021-10-09T16:16:07+00:00","dateModified":"2021-10-09T16:16:09+00:00","author":{"@id":"https:\/\/www.atelierdocaractere.pt\/brevemente\/#\/schema\/person\/9cbfe9364f1f340a0e67c62563053c6e"},"breadcrumb":{"@id":"https:\/\/www.atelierdocaractere.pt\/brevemente\/rally-de-portugal-historico-revivalismo-emocao-e-uma-estreia-no-lugar-mais-alto-do-podio\/#breadcrumb"},"inLanguage":"pt-PT","potentialAction":[{"@type":"ReadAction","target":["https:\/\/www.atelierdocaractere.pt\/brevemente\/rally-de-portugal-historico-revivalismo-emocao-e-uma-estreia-no-lugar-mais-alto-do-podio\/"]}]},{"@type":"BreadcrumbList","@id":"https:\/\/www.atelierdocaractere.pt\/brevemente\/rally-de-portugal-historico-revivalismo-emocao-e-uma-estreia-no-lugar-mais-alto-do-podio\/#breadcrumb","itemListElement":[{"@type":"ListItem","position":1,"name":"In\u00edcio","item":"https:\/\/www.atelierdocaractere.pt\/brevemente\/"},{"@type":"ListItem","position":2,"name":"Rally de Portugal Hist\u00f3rico: Revivalismo, emo\u00e7\u00e3o e uma estreia no lugar mais alto do p\u00f3dio"}]},{"@type":"WebSite","@id":"https:\/\/www.atelierdocaractere.pt\/brevemente\/#website","url":"https:\/\/www.atelierdocaractere.pt\/brevemente\/","name":"Atelier do Caractere","description":"","potentialAction":[{"@type":"SearchAction","target":{"@type":"EntryPoint","urlTemplate":"https:\/\/www.atelierdocaractere.pt\/brevemente\/?s={search_term_string}"},"query-input":"required name=search_term_string"}],"inLanguage":"pt-PT"},{"@type":"Person","@id":"https:\/\/www.atelierdocaractere.pt\/brevemente\/#\/schema\/person\/9cbfe9364f1f340a0e67c62563053c6e","name":"editor@atelierdocaractere","image":{"@type":"ImageObject","inLanguage":"pt-PT","@id":"https:\/\/www.atelierdocaractere.pt\/brevemente\/#\/schema\/person\/image\/","url":"https:\/\/secure.gravatar.com\/avatar\/0fbdb8811d6ce6feb06d4d626953d952?s=96&d=mm&r=g","contentUrl":"https:\/\/secure.gravatar.com\/avatar\/0fbdb8811d6ce6feb06d4d626953d952?s=96&d=mm&r=g","caption":"editor@atelierdocaractere"},"url":"https:\/\/www.atelierdocaractere.pt\/brevemente\/author\/editoratelierdocaractere\/"}]}},"_links":{"self":[{"href":"https:\/\/www.atelierdocaractere.pt\/brevemente\/wp-json\/wp\/v2\/posts\/10391"}],"collection":[{"href":"https:\/\/www.atelierdocaractere.pt\/brevemente\/wp-json\/wp\/v2\/posts"}],"about":[{"href":"https:\/\/www.atelierdocaractere.pt\/brevemente\/wp-json\/wp\/v2\/types\/post"}],"author":[{"embeddable":true,"href":"https:\/\/www.atelierdocaractere.pt\/brevemente\/wp-json\/wp\/v2\/users\/2"}],"replies":[{"embeddable":true,"href":"https:\/\/www.atelierdocaractere.pt\/brevemente\/wp-json\/wp\/v2\/comments?post=10391"}],"version-history":[{"count":1,"href":"https:\/\/www.atelierdocaractere.pt\/brevemente\/wp-json\/wp\/v2\/posts\/10391\/revisions"}],"predecessor-version":[{"id":10395,"href":"https:\/\/www.atelierdocaractere.pt\/brevemente\/wp-json\/wp\/v2\/posts\/10391\/revisions\/10395"}],"wp:featuredmedia":[{"embeddable":true,"href":"https:\/\/www.atelierdocaractere.pt\/brevemente\/wp-json\/wp\/v2\/media\/10392"}],"wp:attachment":[{"href":"https:\/\/www.atelierdocaractere.pt\/brevemente\/wp-json\/wp\/v2\/media?parent=10391"}],"wp:term":[{"taxonomy":"category","embeddable":true,"href":"https:\/\/www.atelierdocaractere.pt\/brevemente\/wp-json\/wp\/v2\/categories?post=10391"},{"taxonomy":"post_tag","embeddable":true,"href":"https:\/\/www.atelierdocaractere.pt\/brevemente\/wp-json\/wp\/v2\/tags?post=10391"}],"curies":[{"name":"wp","href":"https:\/\/api.w.org\/{rel}","templated":true}]}}