{"id":10452,"date":"2022-02-01T12:22:20","date_gmt":"2022-02-01T12:22:20","guid":{"rendered":"https:\/\/www.atelierdocaractere.pt\/?p=10452"},"modified":"2022-02-03T12:23:48","modified_gmt":"2022-02-03T12:23:48","slug":"duas-renault-4l-portuguesas-a-conquista-do-east-african-safari-classic-rally-o-mais-longo-e-duro-rali-de-automoveis-classicos-do-mundo","status":"publish","type":"post","link":"https:\/\/www.atelierdocaractere.pt\/brevemente\/duas-renault-4l-portuguesas-a-conquista-do-east-african-safari-classic-rally-o-mais-longo-e-duro-rali-de-automoveis-classicos-do-mundo\/","title":{"rendered":"DUAS RENAULT 4L PORTUGUESAS \u00c0 CONQUISTA DO EAST AFRICAN SAFARI CLASSIC RALLY. O MAIS LONGO E DURO RALI DE AUTOM\u00d3VEIS CL\u00c1SSICOS DO MUNDO"},"content":{"rendered":"\n<p>31 anos depois de ter estado na F1, Pedro Matos Chaves \u00e9 um dos pilotos das Renault 4L<\/p>\n\n\n\n<figure class=\"wp-block-image size-large\"><img decoding=\"async\" width=\"1024\" height=\"682\" src=\"https:\/\/www.atelierdocaractere.pt\/wp-content\/uploads\/2022\/02\/TeamRenault_4L_60th_200-1024x682.jpg\" alt=\"\" class=\"wp-image-10453\" srcset=\"https:\/\/www.atelierdocaractere.pt\/wp-content\/uploads\/2022\/02\/TeamRenault_4L_60th_200-1024x682.jpg 1024w, https:\/\/www.atelierdocaractere.pt\/wp-content\/uploads\/2022\/02\/TeamRenault_4L_60th_200-300x200.jpg 300w, https:\/\/www.atelierdocaractere.pt\/wp-content\/uploads\/2022\/02\/TeamRenault_4L_60th_200-768x512.jpg 768w, https:\/\/www.atelierdocaractere.pt\/wp-content\/uploads\/2022\/02\/TeamRenault_4L_60th_200-1536x1023.jpg 1536w, https:\/\/www.atelierdocaractere.pt\/wp-content\/uploads\/2022\/02\/TeamRenault_4L_60th_200.jpg 1920w\" sizes=\"(max-width: 1024px) 100vw, 1024px\" \/><\/figure>\n\n\n\n<p><strong>Quatro portugueses, um deles ex-piloto de F1 e ex-bicampe\u00e3o nacional de ralis, v\u00e3o estar aos comandos de duas \u201cvulgares\u201d Renault 4L no East African Safari Classic Rally, o maior e mais duro rali de autom\u00f3veis cl\u00e1ssicos do mundo. Cerca de 5.000 quil\u00f3metros \u2013 mais do que a dist\u00e2ncia entre Lisboa e Moscovo! \u2013 disputados nas duras picadas africanas do Qu\u00e9nia. A partida est\u00e1 marcada para o pr\u00f3ximo dia 10 de fevereiro. Uma odisseia de nove dias, em que as duplas Pedro Matos Chaves\/Marco Barbosa e Ant\u00f3nio Pinto dos Santos\/Nuno Rodrigues de Silva t\u00eam como \u00fanico objetivo, apenas, chegarem ao p\u00f3dio final e homenagearem os 60 anos do ic\u00f3nico modelo da Renault.<\/strong><\/p>\n\n\n\n<figure class=\"wp-block-image size-large is-resized\"><img decoding=\"async\" src=\"https:\/\/www.atelierdocaractere.pt\/wp-content\/uploads\/2022\/02\/TeamRenault_4L_60th_213-1024x682.jpg\" alt=\"\" class=\"wp-image-10454\" width=\"851\" height=\"566\" srcset=\"https:\/\/www.atelierdocaractere.pt\/wp-content\/uploads\/2022\/02\/TeamRenault_4L_60th_213-1024x682.jpg 1024w, https:\/\/www.atelierdocaractere.pt\/wp-content\/uploads\/2022\/02\/TeamRenault_4L_60th_213-300x200.jpg 300w, https:\/\/www.atelierdocaractere.pt\/wp-content\/uploads\/2022\/02\/TeamRenault_4L_60th_213-768x512.jpg 768w, https:\/\/www.atelierdocaractere.pt\/wp-content\/uploads\/2022\/02\/TeamRenault_4L_60th_213-1536x1024.jpg 1536w, https:\/\/www.atelierdocaractere.pt\/wp-content\/uploads\/2022\/02\/TeamRenault_4L_60th_213.jpg 1920w\" sizes=\"(max-width: 851px) 100vw, 851px\" \/><\/figure>\n\n\n\n<p>Parafraseando Helen Adams Keller, \u201cA vida ou \u00e9 uma grande aventura ou ent\u00e3o n\u00e3o \u00e9 nada\u201d. Est\u00e1 dado o mote para a participa\u00e7\u00e3o do \u201cTeam Renault 4L 60th Anniversary \u2013 Portugal\u201d no East African Safari Classic Rally. Uma prova reservada a autom\u00f3veis hist\u00f3ricos de duas rodas motrizes, anteriores a 1986. Mais do que uma luta contra o cron\u00f3metro (sim, porque n\u00e3o se trata de um rali de regularidade), ser\u00e1 uma prova de supera\u00e7\u00e3o para as duplas nacionais e, mais ainda, para as duas Renault 4L. A raz\u00e3o \u00e9 simples.<\/p>\n\n\n\n<p>Em rela\u00e7\u00e3o \u00e0s muitas Renault 4L com que nos cruzamos nas estradas de todo o pa\u00eds, s\u00e3o muito mais as semelhan\u00e7as do que as diferen\u00e7as. Para enfrentarem aquele que \u00e9 o mais longo e duro rali de autom\u00f3veis cl\u00e1ssicos do mundo, nem os motores foram alvo de qualquer prepara\u00e7\u00e3o. Ou seja, s\u00e3o rigorosamente de s\u00e9rie, debitando 34 cavalos de pot\u00eancia e permitindo atingir uma velocidade m\u00e1xima que n\u00e3o \u00e9 superior aos 120 quil\u00f3metros hora. A exemplo do motor, tamb\u00e9m de origem s\u00e3o a dire\u00e7\u00e3o n\u00e3o assistida e a caixa de quatro velocidades, com a tradicional alavanca posicionada no tablier (ao lado do volante) e acionada, de forma vertical, para a frente e para tr\u00e1s.<\/p>\n\n\n\n<figure class=\"wp-block-image size-large\"><img decoding=\"async\" width=\"1024\" height=\"682\" src=\"https:\/\/www.atelierdocaractere.pt\/wp-content\/uploads\/2022\/02\/TeamRenault_4L_60th_205-1024x682.jpg\" alt=\"\" class=\"wp-image-10455\" srcset=\"https:\/\/www.atelierdocaractere.pt\/wp-content\/uploads\/2022\/02\/TeamRenault_4L_60th_205-1024x682.jpg 1024w, https:\/\/www.atelierdocaractere.pt\/wp-content\/uploads\/2022\/02\/TeamRenault_4L_60th_205-300x200.jpg 300w, https:\/\/www.atelierdocaractere.pt\/wp-content\/uploads\/2022\/02\/TeamRenault_4L_60th_205-768x512.jpg 768w, https:\/\/www.atelierdocaractere.pt\/wp-content\/uploads\/2022\/02\/TeamRenault_4L_60th_205-1536x1024.jpg 1536w, https:\/\/www.atelierdocaractere.pt\/wp-content\/uploads\/2022\/02\/TeamRenault_4L_60th_205.jpg 1920w\" sizes=\"(max-width: 1024px) 100vw, 1024px\" \/><\/figure>\n\n\n\n<p>Parece imposs\u00edvel, mas \u00e9 verdade. As duas Renault 4L do \u201cTeam Renault 4L 60th Anniversary \u2013 Portugal\u201d v\u00e3o enfrentar os 5.000 quil\u00f3metros nas duras picadas do Qu\u00e9nia apenas beneficiando de refor\u00e7os de carro\u00e7aria e de suspens\u00e3o, bem como dos equipamentos de seguran\u00e7a exigidos pela FIA (Federa\u00e7\u00e3o Internacional do Autom\u00f3vel). Uma aventura sem precedentes, que promete produzir 1001 est\u00f3rias, e onde o ic\u00f3nico modelo vai ser, mais uma vez, posto \u00e0 prova, 43 anos depois de ter conquistado o segundo lugar no Rally Paris-Dakar.<\/p>\n\n\n\n<figure class=\"wp-block-image size-large\"><img decoding=\"async\" width=\"682\" height=\"1024\" src=\"https:\/\/www.atelierdocaractere.pt\/wp-content\/uploads\/2022\/02\/TeamRenault_4L_60th_211-682x1024.jpg\" alt=\"\" class=\"wp-image-10456\" srcset=\"https:\/\/www.atelierdocaractere.pt\/wp-content\/uploads\/2022\/02\/TeamRenault_4L_60th_211-682x1024.jpg 682w, https:\/\/www.atelierdocaractere.pt\/wp-content\/uploads\/2022\/02\/TeamRenault_4L_60th_211-200x300.jpg 200w, https:\/\/www.atelierdocaractere.pt\/wp-content\/uploads\/2022\/02\/TeamRenault_4L_60th_211-768x1152.jpg 768w, https:\/\/www.atelierdocaractere.pt\/wp-content\/uploads\/2022\/02\/TeamRenault_4L_60th_211-1024x1536.jpg 1024w, https:\/\/www.atelierdocaractere.pt\/wp-content\/uploads\/2022\/02\/TeamRenault_4L_60th_211.jpg 1280w\" sizes=\"(max-width: 682px) 100vw, 682px\" \/><\/figure>\n\n\n\n<p><strong>Pedro Matos Chaves e Ant\u00f3nio Pinto dos Santos s\u00e3o os pilotos de servi\u00e7o<\/strong><\/p>\n\n\n\n<p>Depois de uma carreira not\u00e1vel que lhe permitiu chegar \u00e0 F1 e de tamb\u00e9m se ter sagrado bicampe\u00e3o de ralis, Pedro Matos Chaves est\u00e1 de regresso \u00e0 competi\u00e7\u00e3o (com Marco Barbosa como navegador) para aquela que \u00e9, sem d\u00favida, a maior aventura da carreira. Curiosamente, 31 anos depois de se ter estreado na F1, ele que foi o segundo de quatro portugueses que cometeram a proeza de chegar \u00e0 disciplina m\u00e1xima do desporto autom\u00f3vel.<\/p>\n\n\n\n<p>O tamb\u00e9m ex-piloto oficial da Renault sublinha: <em>\u201c\u00c9 um grande desafio participar no East African Safari Classic Rally, n\u00e3o s\u00f3 porque s\u00e3o muitos quil\u00f3metros a percorrer, durante nove dias, numa m\u00edtica Renault 4L de tra\u00e7\u00e3o \u00e0 frente e pouca pot\u00eancia, como, pessoalmente, ser\u00e1 a primeira vez que participo numa prova em que o objetivo n\u00e3o \u00e9\u2026 ganhar! Isso parece-me um pouco estranho, mas \u00e9 tamb\u00e9m um desafio extra que quero vencer. Em termos de percurso, a verdade \u00e9 que muitas das estradas s\u00e3o antigos tro\u00e7os do WRC, o que faz antever, desde logo, dificuldades para cumprir os tempos impostos, sem esquecer os lama\u00e7ais que teremos que ultrapassar e que ser\u00e3o, por certo, uma dificuldade acrescida. Mas a Renault 4L tem fama de passar por todo o lado e, por isso, s\u00f3 podemos partir confiantes que chegaremos ao fim deste que \u00e9 um dos ralis mais exigentes e duros do mundo. Se acontecer, saber\u00e1 certamente a vit\u00f3ria e ser\u00e1 uma excelente prenda para a Renault Portugal, dignificando ainda mais o modelo\u201d.<\/em><\/p>\n\n\n\n<p>J\u00e1 Ant\u00f3nio Pinto dos Santos e a sua famosa Renault 4L decorada com as cores do xisto da Aldeia Hist\u00f3rica do Pi\u00f3d\u00e3o, h\u00e1 quase tr\u00eas d\u00e9cadas que s\u00e3o famosos pelas participa\u00e7\u00f5es em diversas provas do WRC e, nos \u00faltimos anos, nos mais importantes ralis de cl\u00e1ssicos do mundo. O piloto de Coimbra volta a ser navegado por Nuno Rodrigues da Silva, um hist\u00f3rico dos ralis nacionais que, em 1995, chegou a vencer a Ta\u00e7a FIA de Grupo N, fazendo dupla com Rui Madeira.<\/p>\n\n\n\n<p>\u201c<em>O projeto de participa\u00e7\u00e3o no East African Safari Classic Rally foi a melhor maneira que encontr\u00e1mos para homenagear os 60 anos da Renault 4L, o modelo ao qual est\u00e3o associadas as minhas aventuras nos ralis\u201d, sublinha Ant\u00f3nio Pinto dos Santos. \u201cVamos alinhar com duas carrinhas \u2018rejuvenescidas\u2019, que contamos nos permitam concluir a prova e erguer a bandeira portuguesa \u00e0 chegada. Devido \u00e0 extens\u00e3o do rali, onde quase todos os dias teremos etapas com cerca de 700 quil\u00f3metros (300 km em tro\u00e7os cronometrados) teremos que manter sempre um ritmo elevado, para cumprir a m\u00e9dia de 65 a 70 km\/h obrigat\u00f3ria. Essa poder\u00e1 ser uma das dificuldades, mas confiamos na fiabilidade e nas capacidades da Renault 4L.\u201d<\/em><\/p>\n","protected":false},"excerpt":{"rendered":"<p>31 anos depois de ter estado na F1, Pedro Matos Chaves \u00e9 um dos pilotos das Renault 4L Quatro portugueses,&#8230;<\/p>\n","protected":false},"author":2,"featured_media":10457,"comment_status":"closed","ping_status":"open","sticky":false,"template":"","format":"standard","meta":[],"categories":[24,26,33,427],"tags":[439,436,437,85,438],"yoast_head":"<!-- This site is optimized with the Yoast SEO plugin v20.12 - https:\/\/yoast.com\/wordpress\/plugins\/seo\/ -->\n<title>DUAS RENAULT 4L PORTUGUESAS \u00c0 CONQUISTA DO EAST AFRICAN SAFARI CLASSIC RALLY. O MAIS LONGO E DURO RALI DE AUTOM\u00d3VEIS CL\u00c1SSICOS DO MUNDO - Atelier do Caractere<\/title>\n<meta name=\"robots\" content=\"index, follow, max-snippet:-1, max-image-preview:large, max-video-preview:-1\" \/>\n<link rel=\"canonical\" href=\"https:\/\/www.atelierdocaractere.pt\/brevemente\/duas-renault-4l-portuguesas-a-conquista-do-east-african-safari-classic-rally-o-mais-longo-e-duro-rali-de-automoveis-classicos-do-mundo\/\" \/>\n<meta property=\"og:locale\" content=\"pt_PT\" \/>\n<meta property=\"og:type\" content=\"article\" \/>\n<meta property=\"og:title\" content=\"DUAS RENAULT 4L PORTUGUESAS \u00c0 CONQUISTA DO EAST AFRICAN SAFARI CLASSIC RALLY. O MAIS LONGO E DURO RALI DE AUTOM\u00d3VEIS CL\u00c1SSICOS DO MUNDO - Atelier do Caractere\" \/>\n<meta property=\"og:description\" content=\"31 anos depois de ter estado na F1, Pedro Matos Chaves \u00e9 um dos pilotos das Renault 4L Quatro portugueses,...\" \/>\n<meta property=\"og:url\" content=\"https:\/\/www.atelierdocaractere.pt\/brevemente\/duas-renault-4l-portuguesas-a-conquista-do-east-african-safari-classic-rally-o-mais-longo-e-duro-rali-de-automoveis-classicos-do-mundo\/\" \/>\n<meta property=\"og:site_name\" content=\"Atelier do Caractere\" \/>\n<meta property=\"article:publisher\" content=\"https:\/\/www.facebook.com\/AtelierdoCaractere\" \/>\n<meta property=\"article:published_time\" content=\"2022-02-01T12:22:20+00:00\" \/>\n<meta property=\"article:modified_time\" content=\"2022-02-03T12:23:48+00:00\" \/>\n<meta property=\"og:image\" content=\"https:\/\/www.atelierdocaractere.pt\/wp-content\/uploads\/2022\/02\/TeamRenault_4L_60th_203-1.jpg\" \/>\n\t<meta property=\"og:image:width\" content=\"2000\" \/>\n\t<meta property=\"og:image:height\" content=\"1305\" \/>\n\t<meta property=\"og:image:type\" content=\"image\/jpeg\" \/>\n<meta name=\"author\" content=\"editor@atelierdocaractere\" \/>\n<meta name=\"twitter:card\" content=\"summary_large_image\" \/>\n<meta name=\"twitter:label1\" content=\"Escrito por\" \/>\n\t<meta name=\"twitter:data1\" content=\"editor@atelierdocaractere\" \/>\n\t<meta name=\"twitter:label2\" content=\"Tempo estimado de leitura\" \/>\n\t<meta name=\"twitter:data2\" content=\"5 minutos\" \/>\n<script type=\"application\/ld+json\" class=\"yoast-schema-graph\">{\"@context\":\"https:\/\/schema.org\",\"@graph\":[{\"@type\":\"WebPage\",\"@id\":\"https:\/\/www.atelierdocaractere.pt\/brevemente\/duas-renault-4l-portuguesas-a-conquista-do-east-african-safari-classic-rally-o-mais-longo-e-duro-rali-de-automoveis-classicos-do-mundo\/\",\"url\":\"https:\/\/www.atelierdocaractere.pt\/brevemente\/duas-renault-4l-portuguesas-a-conquista-do-east-african-safari-classic-rally-o-mais-longo-e-duro-rali-de-automoveis-classicos-do-mundo\/\",\"name\":\"DUAS RENAULT 4L PORTUGUESAS \u00c0 CONQUISTA DO EAST AFRICAN SAFARI CLASSIC RALLY. O MAIS LONGO E DURO RALI DE AUTOM\u00d3VEIS CL\u00c1SSICOS DO MUNDO - Atelier do Caractere\",\"isPartOf\":{\"@id\":\"https:\/\/www.atelierdocaractere.pt\/brevemente\/#website\"},\"datePublished\":\"2022-02-01T12:22:20+00:00\",\"dateModified\":\"2022-02-03T12:23:48+00:00\",\"author\":{\"@id\":\"https:\/\/www.atelierdocaractere.pt\/brevemente\/#\/schema\/person\/9cbfe9364f1f340a0e67c62563053c6e\"},\"breadcrumb\":{\"@id\":\"https:\/\/www.atelierdocaractere.pt\/brevemente\/duas-renault-4l-portuguesas-a-conquista-do-east-african-safari-classic-rally-o-mais-longo-e-duro-rali-de-automoveis-classicos-do-mundo\/#breadcrumb\"},\"inLanguage\":\"pt-PT\",\"potentialAction\":[{\"@type\":\"ReadAction\",\"target\":[\"https:\/\/www.atelierdocaractere.pt\/brevemente\/duas-renault-4l-portuguesas-a-conquista-do-east-african-safari-classic-rally-o-mais-longo-e-duro-rali-de-automoveis-classicos-do-mundo\/\"]}]},{\"@type\":\"BreadcrumbList\",\"@id\":\"https:\/\/www.atelierdocaractere.pt\/brevemente\/duas-renault-4l-portuguesas-a-conquista-do-east-african-safari-classic-rally-o-mais-longo-e-duro-rali-de-automoveis-classicos-do-mundo\/#breadcrumb\",\"itemListElement\":[{\"@type\":\"ListItem\",\"position\":1,\"name\":\"In\u00edcio\",\"item\":\"https:\/\/www.atelierdocaractere.pt\/brevemente\/\"},{\"@type\":\"ListItem\",\"position\":2,\"name\":\"DUAS RENAULT 4L PORTUGUESAS \u00c0 CONQUISTA DO EAST AFRICAN SAFARI CLASSIC RALLY. O MAIS LONGO E DURO RALI DE AUTOM\u00d3VEIS CL\u00c1SSICOS DO MUNDO\"}]},{\"@type\":\"WebSite\",\"@id\":\"https:\/\/www.atelierdocaractere.pt\/brevemente\/#website\",\"url\":\"https:\/\/www.atelierdocaractere.pt\/brevemente\/\",\"name\":\"Atelier do Caractere\",\"description\":\"\",\"potentialAction\":[{\"@type\":\"SearchAction\",\"target\":{\"@type\":\"EntryPoint\",\"urlTemplate\":\"https:\/\/www.atelierdocaractere.pt\/brevemente\/?s={search_term_string}\"},\"query-input\":\"required name=search_term_string\"}],\"inLanguage\":\"pt-PT\"},{\"@type\":\"Person\",\"@id\":\"https:\/\/www.atelierdocaractere.pt\/brevemente\/#\/schema\/person\/9cbfe9364f1f340a0e67c62563053c6e\",\"name\":\"editor@atelierdocaractere\",\"image\":{\"@type\":\"ImageObject\",\"inLanguage\":\"pt-PT\",\"@id\":\"https:\/\/www.atelierdocaractere.pt\/brevemente\/#\/schema\/person\/image\/\",\"url\":\"https:\/\/secure.gravatar.com\/avatar\/0fbdb8811d6ce6feb06d4d626953d952?s=96&d=mm&r=g\",\"contentUrl\":\"https:\/\/secure.gravatar.com\/avatar\/0fbdb8811d6ce6feb06d4d626953d952?s=96&d=mm&r=g\",\"caption\":\"editor@atelierdocaractere\"},\"url\":\"https:\/\/www.atelierdocaractere.pt\/brevemente\/author\/editoratelierdocaractere\/\"}]}<\/script>\n<!-- \/ Yoast SEO plugin. -->","yoast_head_json":{"title":"DUAS RENAULT 4L PORTUGUESAS \u00c0 CONQUISTA DO EAST AFRICAN SAFARI CLASSIC RALLY. O MAIS LONGO E DURO RALI DE AUTOM\u00d3VEIS CL\u00c1SSICOS DO MUNDO - Atelier do Caractere","robots":{"index":"index","follow":"follow","max-snippet":"max-snippet:-1","max-image-preview":"max-image-preview:large","max-video-preview":"max-video-preview:-1"},"canonical":"https:\/\/www.atelierdocaractere.pt\/brevemente\/duas-renault-4l-portuguesas-a-conquista-do-east-african-safari-classic-rally-o-mais-longo-e-duro-rali-de-automoveis-classicos-do-mundo\/","og_locale":"pt_PT","og_type":"article","og_title":"DUAS RENAULT 4L PORTUGUESAS \u00c0 CONQUISTA DO EAST AFRICAN SAFARI CLASSIC RALLY. O MAIS LONGO E DURO RALI DE AUTOM\u00d3VEIS CL\u00c1SSICOS DO MUNDO - Atelier do Caractere","og_description":"31 anos depois de ter estado na F1, Pedro Matos Chaves \u00e9 um dos pilotos das Renault 4L Quatro portugueses,...","og_url":"https:\/\/www.atelierdocaractere.pt\/brevemente\/duas-renault-4l-portuguesas-a-conquista-do-east-african-safari-classic-rally-o-mais-longo-e-duro-rali-de-automoveis-classicos-do-mundo\/","og_site_name":"Atelier do Caractere","article_publisher":"https:\/\/www.facebook.com\/AtelierdoCaractere","article_published_time":"2022-02-01T12:22:20+00:00","article_modified_time":"2022-02-03T12:23:48+00:00","og_image":[{"width":2000,"height":1305,"url":"https:\/\/www.atelierdocaractere.pt\/wp-content\/uploads\/2022\/02\/TeamRenault_4L_60th_203-1.jpg","type":"image\/jpeg"}],"author":"editor@atelierdocaractere","twitter_card":"summary_large_image","twitter_misc":{"Escrito por":"editor@atelierdocaractere","Tempo estimado de leitura":"5 minutos"},"schema":{"@context":"https:\/\/schema.org","@graph":[{"@type":"WebPage","@id":"https:\/\/www.atelierdocaractere.pt\/brevemente\/duas-renault-4l-portuguesas-a-conquista-do-east-african-safari-classic-rally-o-mais-longo-e-duro-rali-de-automoveis-classicos-do-mundo\/","url":"https:\/\/www.atelierdocaractere.pt\/brevemente\/duas-renault-4l-portuguesas-a-conquista-do-east-african-safari-classic-rally-o-mais-longo-e-duro-rali-de-automoveis-classicos-do-mundo\/","name":"DUAS RENAULT 4L PORTUGUESAS \u00c0 CONQUISTA DO EAST AFRICAN SAFARI CLASSIC RALLY. O MAIS LONGO E DURO RALI DE AUTOM\u00d3VEIS CL\u00c1SSICOS DO MUNDO - Atelier do Caractere","isPartOf":{"@id":"https:\/\/www.atelierdocaractere.pt\/brevemente\/#website"},"datePublished":"2022-02-01T12:22:20+00:00","dateModified":"2022-02-03T12:23:48+00:00","author":{"@id":"https:\/\/www.atelierdocaractere.pt\/brevemente\/#\/schema\/person\/9cbfe9364f1f340a0e67c62563053c6e"},"breadcrumb":{"@id":"https:\/\/www.atelierdocaractere.pt\/brevemente\/duas-renault-4l-portuguesas-a-conquista-do-east-african-safari-classic-rally-o-mais-longo-e-duro-rali-de-automoveis-classicos-do-mundo\/#breadcrumb"},"inLanguage":"pt-PT","potentialAction":[{"@type":"ReadAction","target":["https:\/\/www.atelierdocaractere.pt\/brevemente\/duas-renault-4l-portuguesas-a-conquista-do-east-african-safari-classic-rally-o-mais-longo-e-duro-rali-de-automoveis-classicos-do-mundo\/"]}]},{"@type":"BreadcrumbList","@id":"https:\/\/www.atelierdocaractere.pt\/brevemente\/duas-renault-4l-portuguesas-a-conquista-do-east-african-safari-classic-rally-o-mais-longo-e-duro-rali-de-automoveis-classicos-do-mundo\/#breadcrumb","itemListElement":[{"@type":"ListItem","position":1,"name":"In\u00edcio","item":"https:\/\/www.atelierdocaractere.pt\/brevemente\/"},{"@type":"ListItem","position":2,"name":"DUAS RENAULT 4L PORTUGUESAS \u00c0 CONQUISTA DO EAST AFRICAN SAFARI CLASSIC RALLY. O MAIS LONGO E DURO RALI DE AUTOM\u00d3VEIS CL\u00c1SSICOS DO MUNDO"}]},{"@type":"WebSite","@id":"https:\/\/www.atelierdocaractere.pt\/brevemente\/#website","url":"https:\/\/www.atelierdocaractere.pt\/brevemente\/","name":"Atelier do Caractere","description":"","potentialAction":[{"@type":"SearchAction","target":{"@type":"EntryPoint","urlTemplate":"https:\/\/www.atelierdocaractere.pt\/brevemente\/?s={search_term_string}"},"query-input":"required name=search_term_string"}],"inLanguage":"pt-PT"},{"@type":"Person","@id":"https:\/\/www.atelierdocaractere.pt\/brevemente\/#\/schema\/person\/9cbfe9364f1f340a0e67c62563053c6e","name":"editor@atelierdocaractere","image":{"@type":"ImageObject","inLanguage":"pt-PT","@id":"https:\/\/www.atelierdocaractere.pt\/brevemente\/#\/schema\/person\/image\/","url":"https:\/\/secure.gravatar.com\/avatar\/0fbdb8811d6ce6feb06d4d626953d952?s=96&d=mm&r=g","contentUrl":"https:\/\/secure.gravatar.com\/avatar\/0fbdb8811d6ce6feb06d4d626953d952?s=96&d=mm&r=g","caption":"editor@atelierdocaractere"},"url":"https:\/\/www.atelierdocaractere.pt\/brevemente\/author\/editoratelierdocaractere\/"}]}},"_links":{"self":[{"href":"https:\/\/www.atelierdocaractere.pt\/brevemente\/wp-json\/wp\/v2\/posts\/10452"}],"collection":[{"href":"https:\/\/www.atelierdocaractere.pt\/brevemente\/wp-json\/wp\/v2\/posts"}],"about":[{"href":"https:\/\/www.atelierdocaractere.pt\/brevemente\/wp-json\/wp\/v2\/types\/post"}],"author":[{"embeddable":true,"href":"https:\/\/www.atelierdocaractere.pt\/brevemente\/wp-json\/wp\/v2\/users\/2"}],"replies":[{"embeddable":true,"href":"https:\/\/www.atelierdocaractere.pt\/brevemente\/wp-json\/wp\/v2\/comments?post=10452"}],"version-history":[{"count":1,"href":"https:\/\/www.atelierdocaractere.pt\/brevemente\/wp-json\/wp\/v2\/posts\/10452\/revisions"}],"predecessor-version":[{"id":10458,"href":"https:\/\/www.atelierdocaractere.pt\/brevemente\/wp-json\/wp\/v2\/posts\/10452\/revisions\/10458"}],"wp:featuredmedia":[{"embeddable":true,"href":"https:\/\/www.atelierdocaractere.pt\/brevemente\/wp-json\/wp\/v2\/media\/10457"}],"wp:attachment":[{"href":"https:\/\/www.atelierdocaractere.pt\/brevemente\/wp-json\/wp\/v2\/media?parent=10452"}],"wp:term":[{"taxonomy":"category","embeddable":true,"href":"https:\/\/www.atelierdocaractere.pt\/brevemente\/wp-json\/wp\/v2\/categories?post=10452"},{"taxonomy":"post_tag","embeddable":true,"href":"https:\/\/www.atelierdocaractere.pt\/brevemente\/wp-json\/wp\/v2\/tags?post=10452"}],"curies":[{"name":"wp","href":"https:\/\/api.w.org\/{rel}","templated":true}]}}