{"id":10459,"date":"2022-01-31T13:39:34","date_gmt":"2022-01-31T13:39:34","guid":{"rendered":"https:\/\/www.atelierdocaractere.pt\/?p=10459"},"modified":"2022-02-03T13:40:06","modified_gmt":"2022-02-03T13:40:06","slug":"renault-portugal-reestrutura-departamento-de-marketing","status":"publish","type":"post","link":"https:\/\/www.atelierdocaractere.pt\/brevemente\/renault-portugal-reestrutura-departamento-de-marketing\/","title":{"rendered":"Renault Portugal reestrutura departamento de marketing"},"content":{"rendered":"\n<figure class=\"wp-block-image size-large\"><img decoding=\"async\" width=\"1024\" height=\"681\" src=\"https:\/\/www.atelierdocaractere.pt\/wp-content\/uploads\/2022\/02\/Susana-Doutor-2-1024x681.jpg\" alt=\"\" class=\"wp-image-10460\" srcset=\"https:\/\/www.atelierdocaractere.pt\/wp-content\/uploads\/2022\/02\/Susana-Doutor-2-1024x681.jpg 1024w, https:\/\/www.atelierdocaractere.pt\/wp-content\/uploads\/2022\/02\/Susana-Doutor-2-300x200.jpg 300w, https:\/\/www.atelierdocaractere.pt\/wp-content\/uploads\/2022\/02\/Susana-Doutor-2-768x511.jpg 768w, https:\/\/www.atelierdocaractere.pt\/wp-content\/uploads\/2022\/02\/Susana-Doutor-2-1536x1021.jpg 1536w, https:\/\/www.atelierdocaractere.pt\/wp-content\/uploads\/2022\/02\/Susana-Doutor-2.jpg 1920w\" sizes=\"(max-width: 1024px) 100vw, 1024px\" \/><\/figure>\n\n\n\n<p>A Renault Portugal anuncia uma reestrutura\u00e7\u00e3o no departamento de marketing, com a cria\u00e7\u00e3o da Dire\u00e7\u00e3o de Comunica\u00e7\u00e3o de Marketing liderada por Susana Doutor, enquanto Andr\u00e9 Ferreira \u00e9 nomeado o novo Diretor de Opera\u00e7\u00f5es.<\/p>\n\n\n\n<p>Com 45 anos, licenciada em psicologia pelo Instituto Superior de Psicologia Aplicada, mas tamb\u00e9m com uma p\u00f3s-gradu\u00e7\u00e3o em marketing management pelo ISCTE \u2013 Instituto Universit\u00e1rio de Lisboa e uma forma\u00e7\u00e3o em estudos de mercado, Susana Doutor \u00e9 a nova Diretora de Comunica\u00e7\u00e3o de Marketing. Com mais de 20 anos de carreira na \u00e1rea da publicidade, nos primeiros 16 anos trabalhou projetos de diferentes setores de atividade em ag\u00eancias de publicidade. Em 2016, ingressou no departamento de marketing da Renault Portugal, para trabalhar na comunica\u00e7\u00e3o das marcas Renault e Dacia.<\/p>\n\n\n\n<figure class=\"wp-block-image size-large\"><img decoding=\"async\" width=\"1024\" height=\"681\" src=\"https:\/\/www.atelierdocaractere.pt\/wp-content\/uploads\/2022\/02\/Andre-Ferreira1-1024x681.jpg\" alt=\"\" class=\"wp-image-10461\" srcset=\"https:\/\/www.atelierdocaractere.pt\/wp-content\/uploads\/2022\/02\/Andre-Ferreira1-1024x681.jpg 1024w, https:\/\/www.atelierdocaractere.pt\/wp-content\/uploads\/2022\/02\/Andre-Ferreira1-300x200.jpg 300w, https:\/\/www.atelierdocaractere.pt\/wp-content\/uploads\/2022\/02\/Andre-Ferreira1-768x511.jpg 768w, https:\/\/www.atelierdocaractere.pt\/wp-content\/uploads\/2022\/02\/Andre-Ferreira1-1536x1021.jpg 1536w, https:\/\/www.atelierdocaractere.pt\/wp-content\/uploads\/2022\/02\/Andre-Ferreira1-2048x1362.jpg 2048w, https:\/\/www.atelierdocaractere.pt\/wp-content\/uploads\/2022\/02\/Andre-Ferreira1.jpg 1920w\" sizes=\"(max-width: 1024px) 100vw, 1024px\" \/><\/figure>\n\n\n\n<p>Com 36 anos, licenciado e p\u00f3s-graduado em gest\u00e3o comercial e de vendas pela Cat\u00f3lica Lisbon School of Business &amp; Economics, Andr\u00e9 Ferreira \u00e9 o novo diretor de opera\u00e7\u00f5es da Renault Portugal, S.A.. A entrada no Grupo Renault Portugal remonta a 2006, atrav\u00e9s da unidade de retalho Renault Retail Group (RRG), onde desempenhou diferentes fun\u00e7\u00f5es comerciais, antes de ser nomeado respons\u00e1vel de marketing no departamento de viaturas usadas. Em 2015, ingressou na Renault Portugal para a fun\u00e7\u00e3o de Marketing Manager V.O., tendo assumido a lideran\u00e7a do departamento de viaturas usadas, em 2017. Em acumula\u00e7\u00e3o com esta fun\u00e7\u00e3o, em 2021, agregou a \u00e1rea de rent-a-car.<\/p>\n","protected":false},"excerpt":{"rendered":"<p>A Renault Portugal anuncia uma reestrutura\u00e7\u00e3o no departamento de marketing, com a cria\u00e7\u00e3o da Dire\u00e7\u00e3o de Comunica\u00e7\u00e3o de Marketing liderada&#8230;<\/p>\n","protected":false},"author":2,"featured_media":10460,"comment_status":"closed","ping_status":"open","sticky":false,"template":"","format":"standard","meta":[],"categories":[28,427],"tags":[87],"yoast_head":"<!-- This site is optimized with the Yoast SEO plugin v20.12 - https:\/\/yoast.com\/wordpress\/plugins\/seo\/ -->\n<title>Renault Portugal reestrutura departamento de marketing - Atelier do Caractere<\/title>\n<meta name=\"robots\" content=\"index, follow, max-snippet:-1, max-image-preview:large, max-video-preview:-1\" \/>\n<link rel=\"canonical\" href=\"https:\/\/www.atelierdocaractere.pt\/brevemente\/renault-portugal-reestrutura-departamento-de-marketing\/\" \/>\n<meta property=\"og:locale\" content=\"pt_PT\" \/>\n<meta property=\"og:type\" content=\"article\" \/>\n<meta property=\"og:title\" content=\"Renault Portugal reestrutura departamento de marketing - Atelier do Caractere\" \/>\n<meta property=\"og:description\" content=\"A Renault Portugal anuncia uma reestrutura\u00e7\u00e3o no departamento de marketing, com a cria\u00e7\u00e3o da Dire\u00e7\u00e3o de Comunica\u00e7\u00e3o de Marketing liderada...\" \/>\n<meta property=\"og:url\" content=\"https:\/\/www.atelierdocaractere.pt\/brevemente\/renault-portugal-reestrutura-departamento-de-marketing\/\" \/>\n<meta property=\"og:site_name\" content=\"Atelier do Caractere\" \/>\n<meta property=\"article:publisher\" content=\"https:\/\/www.facebook.com\/AtelierdoCaractere\" \/>\n<meta property=\"article:published_time\" content=\"2022-01-31T13:39:34+00:00\" \/>\n<meta property=\"article:modified_time\" content=\"2022-02-03T13:40:06+00:00\" \/>\n<meta property=\"og:image\" content=\"https:\/\/www.atelierdocaractere.pt\/wp-content\/uploads\/2022\/02\/Susana-Doutor-2.jpg\" \/>\n\t<meta property=\"og:image:width\" content=\"2000\" \/>\n\t<meta property=\"og:image:height\" content=\"1330\" \/>\n\t<meta property=\"og:image:type\" content=\"image\/jpeg\" \/>\n<meta name=\"author\" content=\"editor@atelierdocaractere\" \/>\n<meta name=\"twitter:card\" content=\"summary_large_image\" \/>\n<meta name=\"twitter:label1\" content=\"Escrito por\" \/>\n\t<meta name=\"twitter:data1\" content=\"editor@atelierdocaractere\" \/>\n\t<meta name=\"twitter:label2\" content=\"Tempo estimado de leitura\" \/>\n\t<meta name=\"twitter:data2\" content=\"1 minuto\" \/>\n<script type=\"application\/ld+json\" class=\"yoast-schema-graph\">{\"@context\":\"https:\/\/schema.org\",\"@graph\":[{\"@type\":\"WebPage\",\"@id\":\"https:\/\/www.atelierdocaractere.pt\/brevemente\/renault-portugal-reestrutura-departamento-de-marketing\/\",\"url\":\"https:\/\/www.atelierdocaractere.pt\/brevemente\/renault-portugal-reestrutura-departamento-de-marketing\/\",\"name\":\"Renault Portugal reestrutura departamento de marketing - Atelier do Caractere\",\"isPartOf\":{\"@id\":\"https:\/\/www.atelierdocaractere.pt\/brevemente\/#website\"},\"datePublished\":\"2022-01-31T13:39:34+00:00\",\"dateModified\":\"2022-02-03T13:40:06+00:00\",\"author\":{\"@id\":\"https:\/\/www.atelierdocaractere.pt\/brevemente\/#\/schema\/person\/9cbfe9364f1f340a0e67c62563053c6e\"},\"breadcrumb\":{\"@id\":\"https:\/\/www.atelierdocaractere.pt\/brevemente\/renault-portugal-reestrutura-departamento-de-marketing\/#breadcrumb\"},\"inLanguage\":\"pt-PT\",\"potentialAction\":[{\"@type\":\"ReadAction\",\"target\":[\"https:\/\/www.atelierdocaractere.pt\/brevemente\/renault-portugal-reestrutura-departamento-de-marketing\/\"]}]},{\"@type\":\"BreadcrumbList\",\"@id\":\"https:\/\/www.atelierdocaractere.pt\/brevemente\/renault-portugal-reestrutura-departamento-de-marketing\/#breadcrumb\",\"itemListElement\":[{\"@type\":\"ListItem\",\"position\":1,\"name\":\"In\u00edcio\",\"item\":\"https:\/\/www.atelierdocaractere.pt\/brevemente\/\"},{\"@type\":\"ListItem\",\"position\":2,\"name\":\"Renault Portugal reestrutura departamento de marketing\"}]},{\"@type\":\"WebSite\",\"@id\":\"https:\/\/www.atelierdocaractere.pt\/brevemente\/#website\",\"url\":\"https:\/\/www.atelierdocaractere.pt\/brevemente\/\",\"name\":\"Atelier do Caractere\",\"description\":\"\",\"potentialAction\":[{\"@type\":\"SearchAction\",\"target\":{\"@type\":\"EntryPoint\",\"urlTemplate\":\"https:\/\/www.atelierdocaractere.pt\/brevemente\/?s={search_term_string}\"},\"query-input\":\"required name=search_term_string\"}],\"inLanguage\":\"pt-PT\"},{\"@type\":\"Person\",\"@id\":\"https:\/\/www.atelierdocaractere.pt\/brevemente\/#\/schema\/person\/9cbfe9364f1f340a0e67c62563053c6e\",\"name\":\"editor@atelierdocaractere\",\"image\":{\"@type\":\"ImageObject\",\"inLanguage\":\"pt-PT\",\"@id\":\"https:\/\/www.atelierdocaractere.pt\/brevemente\/#\/schema\/person\/image\/\",\"url\":\"https:\/\/secure.gravatar.com\/avatar\/0fbdb8811d6ce6feb06d4d626953d952?s=96&d=mm&r=g\",\"contentUrl\":\"https:\/\/secure.gravatar.com\/avatar\/0fbdb8811d6ce6feb06d4d626953d952?s=96&d=mm&r=g\",\"caption\":\"editor@atelierdocaractere\"},\"url\":\"https:\/\/www.atelierdocaractere.pt\/brevemente\/author\/editoratelierdocaractere\/\"}]}<\/script>\n<!-- \/ Yoast SEO plugin. -->","yoast_head_json":{"title":"Renault Portugal reestrutura departamento de marketing - Atelier do Caractere","robots":{"index":"index","follow":"follow","max-snippet":"max-snippet:-1","max-image-preview":"max-image-preview:large","max-video-preview":"max-video-preview:-1"},"canonical":"https:\/\/www.atelierdocaractere.pt\/brevemente\/renault-portugal-reestrutura-departamento-de-marketing\/","og_locale":"pt_PT","og_type":"article","og_title":"Renault Portugal reestrutura departamento de marketing - Atelier do Caractere","og_description":"A Renault Portugal anuncia uma reestrutura\u00e7\u00e3o no departamento de marketing, com a cria\u00e7\u00e3o da Dire\u00e7\u00e3o de Comunica\u00e7\u00e3o de Marketing liderada...","og_url":"https:\/\/www.atelierdocaractere.pt\/brevemente\/renault-portugal-reestrutura-departamento-de-marketing\/","og_site_name":"Atelier do Caractere","article_publisher":"https:\/\/www.facebook.com\/AtelierdoCaractere","article_published_time":"2022-01-31T13:39:34+00:00","article_modified_time":"2022-02-03T13:40:06+00:00","og_image":[{"width":2000,"height":1330,"url":"https:\/\/www.atelierdocaractere.pt\/wp-content\/uploads\/2022\/02\/Susana-Doutor-2.jpg","type":"image\/jpeg"}],"author":"editor@atelierdocaractere","twitter_card":"summary_large_image","twitter_misc":{"Escrito por":"editor@atelierdocaractere","Tempo estimado de leitura":"1 minuto"},"schema":{"@context":"https:\/\/schema.org","@graph":[{"@type":"WebPage","@id":"https:\/\/www.atelierdocaractere.pt\/brevemente\/renault-portugal-reestrutura-departamento-de-marketing\/","url":"https:\/\/www.atelierdocaractere.pt\/brevemente\/renault-portugal-reestrutura-departamento-de-marketing\/","name":"Renault Portugal reestrutura departamento de marketing - Atelier do Caractere","isPartOf":{"@id":"https:\/\/www.atelierdocaractere.pt\/brevemente\/#website"},"datePublished":"2022-01-31T13:39:34+00:00","dateModified":"2022-02-03T13:40:06+00:00","author":{"@id":"https:\/\/www.atelierdocaractere.pt\/brevemente\/#\/schema\/person\/9cbfe9364f1f340a0e67c62563053c6e"},"breadcrumb":{"@id":"https:\/\/www.atelierdocaractere.pt\/brevemente\/renault-portugal-reestrutura-departamento-de-marketing\/#breadcrumb"},"inLanguage":"pt-PT","potentialAction":[{"@type":"ReadAction","target":["https:\/\/www.atelierdocaractere.pt\/brevemente\/renault-portugal-reestrutura-departamento-de-marketing\/"]}]},{"@type":"BreadcrumbList","@id":"https:\/\/www.atelierdocaractere.pt\/brevemente\/renault-portugal-reestrutura-departamento-de-marketing\/#breadcrumb","itemListElement":[{"@type":"ListItem","position":1,"name":"In\u00edcio","item":"https:\/\/www.atelierdocaractere.pt\/brevemente\/"},{"@type":"ListItem","position":2,"name":"Renault Portugal reestrutura departamento de marketing"}]},{"@type":"WebSite","@id":"https:\/\/www.atelierdocaractere.pt\/brevemente\/#website","url":"https:\/\/www.atelierdocaractere.pt\/brevemente\/","name":"Atelier do Caractere","description":"","potentialAction":[{"@type":"SearchAction","target":{"@type":"EntryPoint","urlTemplate":"https:\/\/www.atelierdocaractere.pt\/brevemente\/?s={search_term_string}"},"query-input":"required name=search_term_string"}],"inLanguage":"pt-PT"},{"@type":"Person","@id":"https:\/\/www.atelierdocaractere.pt\/brevemente\/#\/schema\/person\/9cbfe9364f1f340a0e67c62563053c6e","name":"editor@atelierdocaractere","image":{"@type":"ImageObject","inLanguage":"pt-PT","@id":"https:\/\/www.atelierdocaractere.pt\/brevemente\/#\/schema\/person\/image\/","url":"https:\/\/secure.gravatar.com\/avatar\/0fbdb8811d6ce6feb06d4d626953d952?s=96&d=mm&r=g","contentUrl":"https:\/\/secure.gravatar.com\/avatar\/0fbdb8811d6ce6feb06d4d626953d952?s=96&d=mm&r=g","caption":"editor@atelierdocaractere"},"url":"https:\/\/www.atelierdocaractere.pt\/brevemente\/author\/editoratelierdocaractere\/"}]}},"_links":{"self":[{"href":"https:\/\/www.atelierdocaractere.pt\/brevemente\/wp-json\/wp\/v2\/posts\/10459"}],"collection":[{"href":"https:\/\/www.atelierdocaractere.pt\/brevemente\/wp-json\/wp\/v2\/posts"}],"about":[{"href":"https:\/\/www.atelierdocaractere.pt\/brevemente\/wp-json\/wp\/v2\/types\/post"}],"author":[{"embeddable":true,"href":"https:\/\/www.atelierdocaractere.pt\/brevemente\/wp-json\/wp\/v2\/users\/2"}],"replies":[{"embeddable":true,"href":"https:\/\/www.atelierdocaractere.pt\/brevemente\/wp-json\/wp\/v2\/comments?post=10459"}],"version-history":[{"count":1,"href":"https:\/\/www.atelierdocaractere.pt\/brevemente\/wp-json\/wp\/v2\/posts\/10459\/revisions"}],"predecessor-version":[{"id":10462,"href":"https:\/\/www.atelierdocaractere.pt\/brevemente\/wp-json\/wp\/v2\/posts\/10459\/revisions\/10462"}],"wp:featuredmedia":[{"embeddable":true,"href":"https:\/\/www.atelierdocaractere.pt\/brevemente\/wp-json\/wp\/v2\/media\/10460"}],"wp:attachment":[{"href":"https:\/\/www.atelierdocaractere.pt\/brevemente\/wp-json\/wp\/v2\/media?parent=10459"}],"wp:term":[{"taxonomy":"category","embeddable":true,"href":"https:\/\/www.atelierdocaractere.pt\/brevemente\/wp-json\/wp\/v2\/categories?post=10459"},{"taxonomy":"post_tag","embeddable":true,"href":"https:\/\/www.atelierdocaractere.pt\/brevemente\/wp-json\/wp\/v2\/tags?post=10459"}],"curies":[{"name":"wp","href":"https:\/\/api.w.org\/{rel}","templated":true}]}}