{"id":10463,"date":"2022-02-04T11:56:14","date_gmt":"2022-02-04T11:56:14","guid":{"rendered":"https:\/\/www.atelierdocaractere.pt\/?p=10463"},"modified":"2022-04-11T14:43:50","modified_gmt":"2022-04-11T14:43:50","slug":"sal-na-adega-estreia-menu-exclusivo-para-o-dia-dos-namorados","status":"publish","type":"post","link":"https:\/\/www.atelierdocaractere.pt\/brevemente\/sal-na-adega-estreia-menu-exclusivo-para-o-dia-dos-namorados\/","title":{"rendered":"Sal na Adega estreia menu exclusivo para o Dia dos Namorados"},"content":{"rendered":"\n<h2 class=\"wp-block-heading\"><strong>\u00c0s portas de Lisboa surge uma rom\u00e2ntica experi\u00eancia gastron\u00f3mica, no distinto restaurante Sal na Adega, em pleno rooftop da AdegaM\u00e3e. O dia de S\u00e3o Valentim celebra-se com vista para a paisagem de vinhas do Oeste!<\/strong><\/h2>\n\n\n\n<p>\u00c9 o primeiro Dia dos Namorados celebrado no Sal na Adega, um dos mais distintos restaurantes a Oeste. Aberto no final de 2020, o restaurante da AdegaM\u00e3e, imp\u00f4s-se como uma refer\u00eancia na regi\u00e3o de Torres Vedras e apresenta, no dia 14 de fevereiro, um menu exclusivo para o S\u00e3o Valentim, dedicado a todos os que procuram uma experi\u00eancia gastron\u00f3mica verdadeiramente rom\u00e2ntica e singular.<\/p>\n\n\n\n<p>A um pequeno passo de Lisboa, o Sal na Adega \u00e9 um espa\u00e7o \u00fanico, constru\u00eddo em pleno rooftop da AdegaM\u00e3e, funcionando como um aut\u00eantico e inspirador miradouro para a paisagem de vinhas. E \u00e9 um palco de interpreta\u00e7\u00e3o da gastronomia tradicional portuguesa, e dos seus produtos de \u00e9poca, do mar e da terra, em harmoniza\u00e7\u00e3o com os vinhos frescos e elegantes, caracter\u00edsticos do terroir atl\u00e2ntico. Junto ao restaurante, surge ainda um winebar, uma loja de vinhos e de produtos gastron\u00f3micos.<\/p>\n\n\n\n<p>Devido aos constrangimentos da pandemia, o Menu do Dia dos Namorados est\u00e1 pela primeira vez dispon\u00edvel. O acesso a esta experi\u00eancia exclusiva est\u00e1 sujeita a reserva, para o email enoturismo@adegamae.pt ou para o telefone 261 950 105, e inclui:<\/p>\n\n\n\n<p><strong>MENU<\/strong><\/p>\n\n\n\n<h3 class=\"has-text-align-center wp-block-heading\">Welcome Cocktail<\/h3>\n\n\n\n<h3 class=\"has-text-align-center wp-block-heading\">Espumante AdegaM\u00e3e<\/h3>\n\n\n\n<h3 class=\"has-text-align-center wp-block-heading\">Entrada<\/h3>\n\n\n\n<h3 class=\"has-text-align-center wp-block-heading\">Gambas da costa ao alho e coentros<\/h3>\n\n\n\n<h3 class=\"has-text-align-center wp-block-heading\">Prato Principal (uma op\u00e7\u00e3o)<\/h3>\n\n\n\n<h3 class=\"has-text-align-center wp-block-heading\">Bacalhau com broa em cama de grelos e batata a murro<\/h3>\n\n\n\n<h3 class=\"has-text-align-center wp-block-heading\">Lombinho de porco com molho demi glace, esmagada de batata e espargos<\/h3>\n\n\n\n<h3 class=\"has-text-align-center wp-block-heading\">Dory Colheita<\/h3>\n\n\n\n<h3 class=\"has-text-align-center wp-block-heading\">Sobremesa<\/h3>\n\n\n\n<h3 class=\"has-text-align-center wp-block-heading\">Cornuc\u00f3pia de pastel de feij\u00e3o, doce de pera em redu\u00e7\u00e3o de vinho do porto e doce de ovos<\/h3>\n\n\n\n<h3 class=\"has-text-align-center wp-block-heading\">AdegaM\u00e3e Reserva<\/h3>\n\n\n\n<h3 class=\"has-text-align-center wp-block-heading\">Pre\u00e7o: 50\u20ac\/pax<\/h3>\n\n\n\n<h3 class=\"has-text-align-center wp-block-heading\">Com m\u00fasica ambiente<\/h3>\n\n\n\n<div style=\"height:100px\" aria-hidden=\"true\" class=\"wp-block-spacer\"><\/div>\n\n\n\n<p><\/p>\n\n\n\n<h2 class=\"wp-block-heading\">SOBRE O RESTAURANTE SAL NA ADEGA<\/h2>\n\n\n\n<p>O restaurante \u201cSal na Adega\u201d \u00e9 o mais recente projeto de excel\u00eancia lan\u00e7ado pelo enoturismo da AdegaM\u00e3e. Inaugurado em 2020, em plena pandemia, imp\u00f4s-se como um palco de interpreta\u00e7\u00e3o da cozinha tradicional portuguesa, em harmoniza\u00e7\u00e3o com os vinhos elegantes, frescos e minerais, nascidos no terroir atl\u00e2ntico. O Sal na Adega surge num espa\u00e7o \u00fanico, em pleno rooftop do edif\u00edcio da AdegaM\u00e3e, numa \u00e1rea funcional e requintada, desenhada com o objetivo de proporcionar as melhores experi\u00eancias em torno da gastronomia e do vinho. O espa\u00e7o tem disponibilidade para 52 lugares sentados, \u00e9 complementado com um winebar e uma loja, e orientado para a extraordin\u00e1ria paisagem de vinhas que domina a regi\u00e3o.<\/p>\n","protected":false},"excerpt":{"rendered":"<p>\u00c0s portas de Lisboa surge uma rom\u00e2ntica experi\u00eancia gastron\u00f3mica, no distinto restaurante Sal na Adega, em pleno rooftop da AdegaM\u00e3e&#8230;.<\/p>\n","protected":false},"author":2,"featured_media":10464,"comment_status":"closed","ping_status":"open","sticky":false,"template":"","format":"gallery","meta":[],"categories":[424,39,41],"tags":[88,77,440],"yoast_head":"<!-- This site is optimized with the Yoast SEO plugin v20.12 - https:\/\/yoast.com\/wordpress\/plugins\/seo\/ -->\n<title>Sal na Adega estreia menu exclusivo para o Dia dos Namorados - Atelier do Caractere<\/title>\n<meta name=\"robots\" content=\"index, follow, max-snippet:-1, max-image-preview:large, max-video-preview:-1\" \/>\n<link rel=\"canonical\" href=\"https:\/\/www.atelierdocaractere.pt\/brevemente\/sal-na-adega-estreia-menu-exclusivo-para-o-dia-dos-namorados\/\" \/>\n<meta property=\"og:locale\" content=\"pt_PT\" \/>\n<meta property=\"og:type\" content=\"article\" \/>\n<meta property=\"og:title\" content=\"Sal na Adega estreia menu exclusivo para o Dia dos Namorados - Atelier do Caractere\" \/>\n<meta property=\"og:description\" content=\"\u00c0s portas de Lisboa surge uma rom\u00e2ntica experi\u00eancia gastron\u00f3mica, no distinto restaurante Sal na Adega, em pleno rooftop da AdegaM\u00e3e....\" \/>\n<meta property=\"og:url\" content=\"https:\/\/www.atelierdocaractere.pt\/brevemente\/sal-na-adega-estreia-menu-exclusivo-para-o-dia-dos-namorados\/\" \/>\n<meta property=\"og:site_name\" content=\"Atelier do Caractere\" \/>\n<meta property=\"article:publisher\" content=\"https:\/\/www.facebook.com\/AtelierdoCaractere\" \/>\n<meta property=\"article:published_time\" content=\"2022-02-04T11:56:14+00:00\" \/>\n<meta property=\"article:modified_time\" content=\"2022-04-11T14:43:50+00:00\" \/>\n<meta property=\"og:image\" content=\"http:\/\/www.atelierdocaractere.pt\/wp-content\/uploads\/2022\/02\/Foto2-scaled.jpg\" \/>\n\t<meta property=\"og:image:width\" content=\"2560\" \/>\n\t<meta property=\"og:image:height\" content=\"1706\" \/>\n\t<meta property=\"og:image:type\" content=\"image\/jpeg\" \/>\n<meta name=\"author\" content=\"editor@atelierdocaractere\" \/>\n<meta name=\"twitter:card\" content=\"summary_large_image\" \/>\n<meta name=\"twitter:label1\" content=\"Escrito por\" \/>\n\t<meta name=\"twitter:data1\" content=\"editor@atelierdocaractere\" \/>\n\t<meta name=\"twitter:label2\" content=\"Tempo estimado de leitura\" \/>\n\t<meta name=\"twitter:data2\" content=\"2 minutos\" \/>\n<script type=\"application\/ld+json\" class=\"yoast-schema-graph\">{\"@context\":\"https:\/\/schema.org\",\"@graph\":[{\"@type\":\"WebPage\",\"@id\":\"https:\/\/www.atelierdocaractere.pt\/brevemente\/sal-na-adega-estreia-menu-exclusivo-para-o-dia-dos-namorados\/\",\"url\":\"https:\/\/www.atelierdocaractere.pt\/brevemente\/sal-na-adega-estreia-menu-exclusivo-para-o-dia-dos-namorados\/\",\"name\":\"Sal na Adega estreia menu exclusivo para o Dia dos Namorados - Atelier do Caractere\",\"isPartOf\":{\"@id\":\"https:\/\/www.atelierdocaractere.pt\/brevemente\/#website\"},\"datePublished\":\"2022-02-04T11:56:14+00:00\",\"dateModified\":\"2022-04-11T14:43:50+00:00\",\"author\":{\"@id\":\"https:\/\/www.atelierdocaractere.pt\/brevemente\/#\/schema\/person\/9cbfe9364f1f340a0e67c62563053c6e\"},\"breadcrumb\":{\"@id\":\"https:\/\/www.atelierdocaractere.pt\/brevemente\/sal-na-adega-estreia-menu-exclusivo-para-o-dia-dos-namorados\/#breadcrumb\"},\"inLanguage\":\"pt-PT\",\"potentialAction\":[{\"@type\":\"ReadAction\",\"target\":[\"https:\/\/www.atelierdocaractere.pt\/brevemente\/sal-na-adega-estreia-menu-exclusivo-para-o-dia-dos-namorados\/\"]}]},{\"@type\":\"BreadcrumbList\",\"@id\":\"https:\/\/www.atelierdocaractere.pt\/brevemente\/sal-na-adega-estreia-menu-exclusivo-para-o-dia-dos-namorados\/#breadcrumb\",\"itemListElement\":[{\"@type\":\"ListItem\",\"position\":1,\"name\":\"In\u00edcio\",\"item\":\"https:\/\/www.atelierdocaractere.pt\/brevemente\/\"},{\"@type\":\"ListItem\",\"position\":2,\"name\":\"Sal na Adega estreia menu exclusivo para o Dia dos Namorados\"}]},{\"@type\":\"WebSite\",\"@id\":\"https:\/\/www.atelierdocaractere.pt\/brevemente\/#website\",\"url\":\"https:\/\/www.atelierdocaractere.pt\/brevemente\/\",\"name\":\"Atelier do Caractere\",\"description\":\"\",\"potentialAction\":[{\"@type\":\"SearchAction\",\"target\":{\"@type\":\"EntryPoint\",\"urlTemplate\":\"https:\/\/www.atelierdocaractere.pt\/brevemente\/?s={search_term_string}\"},\"query-input\":\"required name=search_term_string\"}],\"inLanguage\":\"pt-PT\"},{\"@type\":\"Person\",\"@id\":\"https:\/\/www.atelierdocaractere.pt\/brevemente\/#\/schema\/person\/9cbfe9364f1f340a0e67c62563053c6e\",\"name\":\"editor@atelierdocaractere\",\"image\":{\"@type\":\"ImageObject\",\"inLanguage\":\"pt-PT\",\"@id\":\"https:\/\/www.atelierdocaractere.pt\/brevemente\/#\/schema\/person\/image\/\",\"url\":\"https:\/\/secure.gravatar.com\/avatar\/0fbdb8811d6ce6feb06d4d626953d952?s=96&d=mm&r=g\",\"contentUrl\":\"https:\/\/secure.gravatar.com\/avatar\/0fbdb8811d6ce6feb06d4d626953d952?s=96&d=mm&r=g\",\"caption\":\"editor@atelierdocaractere\"},\"url\":\"https:\/\/www.atelierdocaractere.pt\/brevemente\/author\/editoratelierdocaractere\/\"}]}<\/script>\n<!-- \/ Yoast SEO plugin. -->","yoast_head_json":{"title":"Sal na Adega estreia menu exclusivo para o Dia dos Namorados - Atelier do Caractere","robots":{"index":"index","follow":"follow","max-snippet":"max-snippet:-1","max-image-preview":"max-image-preview:large","max-video-preview":"max-video-preview:-1"},"canonical":"https:\/\/www.atelierdocaractere.pt\/brevemente\/sal-na-adega-estreia-menu-exclusivo-para-o-dia-dos-namorados\/","og_locale":"pt_PT","og_type":"article","og_title":"Sal na Adega estreia menu exclusivo para o Dia dos Namorados - Atelier do Caractere","og_description":"\u00c0s portas de Lisboa surge uma rom\u00e2ntica experi\u00eancia gastron\u00f3mica, no distinto restaurante Sal na Adega, em pleno rooftop da AdegaM\u00e3e....","og_url":"https:\/\/www.atelierdocaractere.pt\/brevemente\/sal-na-adega-estreia-menu-exclusivo-para-o-dia-dos-namorados\/","og_site_name":"Atelier do Caractere","article_publisher":"https:\/\/www.facebook.com\/AtelierdoCaractere","article_published_time":"2022-02-04T11:56:14+00:00","article_modified_time":"2022-04-11T14:43:50+00:00","og_image":[{"width":2560,"height":1706,"url":"http:\/\/www.atelierdocaractere.pt\/wp-content\/uploads\/2022\/02\/Foto2-scaled.jpg","type":"image\/jpeg"}],"author":"editor@atelierdocaractere","twitter_card":"summary_large_image","twitter_misc":{"Escrito por":"editor@atelierdocaractere","Tempo estimado de leitura":"2 minutos"},"schema":{"@context":"https:\/\/schema.org","@graph":[{"@type":"WebPage","@id":"https:\/\/www.atelierdocaractere.pt\/brevemente\/sal-na-adega-estreia-menu-exclusivo-para-o-dia-dos-namorados\/","url":"https:\/\/www.atelierdocaractere.pt\/brevemente\/sal-na-adega-estreia-menu-exclusivo-para-o-dia-dos-namorados\/","name":"Sal na Adega estreia menu exclusivo para o Dia dos Namorados - Atelier do Caractere","isPartOf":{"@id":"https:\/\/www.atelierdocaractere.pt\/brevemente\/#website"},"datePublished":"2022-02-04T11:56:14+00:00","dateModified":"2022-04-11T14:43:50+00:00","author":{"@id":"https:\/\/www.atelierdocaractere.pt\/brevemente\/#\/schema\/person\/9cbfe9364f1f340a0e67c62563053c6e"},"breadcrumb":{"@id":"https:\/\/www.atelierdocaractere.pt\/brevemente\/sal-na-adega-estreia-menu-exclusivo-para-o-dia-dos-namorados\/#breadcrumb"},"inLanguage":"pt-PT","potentialAction":[{"@type":"ReadAction","target":["https:\/\/www.atelierdocaractere.pt\/brevemente\/sal-na-adega-estreia-menu-exclusivo-para-o-dia-dos-namorados\/"]}]},{"@type":"BreadcrumbList","@id":"https:\/\/www.atelierdocaractere.pt\/brevemente\/sal-na-adega-estreia-menu-exclusivo-para-o-dia-dos-namorados\/#breadcrumb","itemListElement":[{"@type":"ListItem","position":1,"name":"In\u00edcio","item":"https:\/\/www.atelierdocaractere.pt\/brevemente\/"},{"@type":"ListItem","position":2,"name":"Sal na Adega estreia menu exclusivo para o Dia dos Namorados"}]},{"@type":"WebSite","@id":"https:\/\/www.atelierdocaractere.pt\/brevemente\/#website","url":"https:\/\/www.atelierdocaractere.pt\/brevemente\/","name":"Atelier do Caractere","description":"","potentialAction":[{"@type":"SearchAction","target":{"@type":"EntryPoint","urlTemplate":"https:\/\/www.atelierdocaractere.pt\/brevemente\/?s={search_term_string}"},"query-input":"required name=search_term_string"}],"inLanguage":"pt-PT"},{"@type":"Person","@id":"https:\/\/www.atelierdocaractere.pt\/brevemente\/#\/schema\/person\/9cbfe9364f1f340a0e67c62563053c6e","name":"editor@atelierdocaractere","image":{"@type":"ImageObject","inLanguage":"pt-PT","@id":"https:\/\/www.atelierdocaractere.pt\/brevemente\/#\/schema\/person\/image\/","url":"https:\/\/secure.gravatar.com\/avatar\/0fbdb8811d6ce6feb06d4d626953d952?s=96&d=mm&r=g","contentUrl":"https:\/\/secure.gravatar.com\/avatar\/0fbdb8811d6ce6feb06d4d626953d952?s=96&d=mm&r=g","caption":"editor@atelierdocaractere"},"url":"https:\/\/www.atelierdocaractere.pt\/brevemente\/author\/editoratelierdocaractere\/"}]}},"_links":{"self":[{"href":"https:\/\/www.atelierdocaractere.pt\/brevemente\/wp-json\/wp\/v2\/posts\/10463"}],"collection":[{"href":"https:\/\/www.atelierdocaractere.pt\/brevemente\/wp-json\/wp\/v2\/posts"}],"about":[{"href":"https:\/\/www.atelierdocaractere.pt\/brevemente\/wp-json\/wp\/v2\/types\/post"}],"author":[{"embeddable":true,"href":"https:\/\/www.atelierdocaractere.pt\/brevemente\/wp-json\/wp\/v2\/users\/2"}],"replies":[{"embeddable":true,"href":"https:\/\/www.atelierdocaractere.pt\/brevemente\/wp-json\/wp\/v2\/comments?post=10463"}],"version-history":[{"count":9,"href":"https:\/\/www.atelierdocaractere.pt\/brevemente\/wp-json\/wp\/v2\/posts\/10463\/revisions"}],"predecessor-version":[{"id":10699,"href":"https:\/\/www.atelierdocaractere.pt\/brevemente\/wp-json\/wp\/v2\/posts\/10463\/revisions\/10699"}],"wp:featuredmedia":[{"embeddable":true,"href":"https:\/\/www.atelierdocaractere.pt\/brevemente\/wp-json\/wp\/v2\/media\/10464"}],"wp:attachment":[{"href":"https:\/\/www.atelierdocaractere.pt\/brevemente\/wp-json\/wp\/v2\/media?parent=10463"}],"wp:term":[{"taxonomy":"category","embeddable":true,"href":"https:\/\/www.atelierdocaractere.pt\/brevemente\/wp-json\/wp\/v2\/categories?post=10463"},{"taxonomy":"post_tag","embeddable":true,"href":"https:\/\/www.atelierdocaractere.pt\/brevemente\/wp-json\/wp\/v2\/tags?post=10463"}],"curies":[{"name":"wp","href":"https:\/\/api.w.org\/{rel}","templated":true}]}}