{"id":10940,"date":"2022-05-05T13:30:21","date_gmt":"2022-05-05T13:30:21","guid":{"rendered":"https:\/\/www.atelierdocaractere.pt\/brevemente\/?p=10940"},"modified":"2022-05-26T19:00:02","modified_gmt":"2022-05-26T19:00:02","slug":"forum-nissan-da-mobilidade-inteligente-esta-de-regresso-para-debater-os-caminhos-da-descarbonizacao","status":"publish","type":"post","link":"https:\/\/www.atelierdocaractere.pt\/brevemente\/forum-nissan-da-mobilidade-inteligente-esta-de-regresso-para-debater-os-caminhos-da-descarbonizacao\/","title":{"rendered":"F\u00f3rum Nissan da Mobilidade Inteligente est\u00e1 de regresso para debater os caminhos da descarboniza\u00e7\u00e3o"},"content":{"rendered":"\n<figure class=\"wp-block-image size-full\"><img decoding=\"async\" width=\"600\" height=\"338\" src=\"https:\/\/www.atelierdocaractere.pt\/wp-content\/uploads\/2022\/05\/transferir-2.jpg\" alt=\"\" class=\"wp-image-10941\" srcset=\"https:\/\/www.atelierdocaractere.pt\/wp-content\/uploads\/2022\/05\/transferir-2.jpg 600w, https:\/\/www.atelierdocaractere.pt\/wp-content\/uploads\/2022\/05\/transferir-2-300x169.jpg 300w\" sizes=\"(max-width: 600px) 100vw, 600px\" \/><\/figure>\n\n\n\n<p>Num contexto de uma emerg\u00eancia clim\u00e1tica crescente, o setor autom\u00f3vel tem enfrentado cada vez mais desafios. De acordo com Antoine-Laurent de Lavoisier &#8220;Na natureza, nada se cria, nada se perde, tudo se transforma&#8221; e \u00e9 com esta ideia de permanente evolu\u00e7\u00e3o que a Nissan desenvolveu a sua ambi\u00e7\u00e3o de liderar a inova\u00e7\u00e3o para transformar o conceito de mobilidade, centrando-o nas pessoas e para responder aos desafios que se avizinham.<\/p>\n\n\n\n<p>A Nissan foi pioneira deste processo de transforma\u00e7\u00e3o, uma vez que, em 2010, foi a primeira marca a apostar na mobilidade el\u00e9trica de forma estrat\u00e9gica. E, hoje, a Nissan coloca a sociedade a debater as grandes quest\u00f5es que marcam um presente de incertezas em rela\u00e7\u00e3o ao futuro, com a 6\u00aa Edi\u00e7\u00e3o do F\u00f3rum de Mobilidade Inteligente, que vai ter lugar no dia 11 de maio de 2022.<\/p>\n\n\n\n<p>\u00c0s 9h30, esta nova edi\u00e7\u00e3o \u00e9 iniciada por Antonio Melica, diretor-geral da Nissan Portugal, ao qual se segue, pelas 10h00, o Painel de Condu\u00e7\u00e3o Inteligente, onde v\u00e3o ser abordados e debatidos temas como a descarboniza\u00e7\u00e3o do autom\u00f3vel, o impacto na mobilidade das novas tecnologias de comunica\u00e7\u00e3o e o panorama de evolu\u00e7\u00e3o da mobilidade, na perspetiva dos utilizadores. Para transmitir as suas perspetivas do futuro, v\u00e3o estar &#8220;em palco&#8221; Donato Vitella (diretor de Estrat\u00e9gia e Planeamento Avan\u00e7ados de Produto da Nissan Europa), Daniela Sim\u00f5es (<em>chief executive officer<\/em>&nbsp;da Miio), Gustavo Barreto (<em>chief commercial officer<\/em>&nbsp;do Grupo Ageas Portugal) e Henrique Sanchez (presidente da UVE &#8211; Associa\u00e7\u00e3o de Utilizadores de Ve\u00edculos El\u00e9tricos).<\/p>\n\n\n\n<p>\u00c0s 11h45, Ant\u00f3nio Coutinho, presidente da EDP Inova\u00e7\u00e3o, faz a sua interven\u00e7\u00e3o sobre &#8220;Os Desafios da Transi\u00e7\u00e3o Energ\u00e9tica&#8221;. Este discurso d\u00e1 o mote introdut\u00f3rio para o segundo painel do dia, dedicado ao tema &#8220;Energia Inteligente&#8221;. A produ\u00e7\u00e3o e a utiliza\u00e7\u00e3o da energia s\u00e3o um elemento decisivo para a transi\u00e7\u00e3o ambiental necess\u00e1ria, como resposta \u00e0 emerg\u00eancia clim\u00e1tica a n\u00edvel global. Este painel vai, portanto, debater o panorama das energias renov\u00e1veis, o contexto da gest\u00e3o, regula\u00e7\u00e3o, disponibilidade e desafios das redes de energia em Portugal, e a aplica\u00e7\u00e3o de novas tecnologias de utiliza\u00e7\u00e3o da energia ligadas diretamente \u00e0 mobilidade, como o V2G. Este debate, com in\u00edcio \u00e0s 12h15, tem a participa\u00e7\u00e3o de Alexandre Fernandes (administrador executivo da ENSE &#8211; Entidade Nacional para o Setor Energ\u00e9tico E.P.E.), Ant\u00f3nio S\u00e1 da Costa (presidente da European Renewable Energies Federation), Gisela Mendes (coordenadora de Sistemas Inteligentes de Energia na EDP NEW) e Lu\u00eds Tiago Ferreira (diretor de Inova\u00e7\u00e3o em Mobilidade &amp; Efici\u00eancia Energ\u00e9tica na E-REDES).<\/p>\n\n\n\n<p>Depois do per\u00edodo de almo\u00e7o, a forma como os autom\u00f3veis interagem e se ligam com as pessoas e as infraestruturas \u00e9 o denominador para o derradeiro painel, sobre a Integra\u00e7\u00e3o Inteligente, com in\u00edcio marcado para as 14h45 e que conta com a presen\u00e7a dos oradores Andy Marsh (vice-presidente de Engenharia da Nissan Europa), Teresa Ponce de Le\u00e3o, (presidente da APVE &#8211; Associa\u00e7\u00e3o Portuguesa do Ve\u00edculo El\u00e9trico), Alexandre Videira (administrador da Mobi-e) e Paulo Ferreira dos Santos (<em>chief executive officer<\/em>&nbsp;da Ubirider).<\/p>\n\n\n\n<p>O 6\u00ba F\u00f3rum da Mobilidade Inteligente encerra \u00e0s 16h15 por Antonio Melica, diretor-geral da Nissan Portugal.<\/p>\n\n\n\n<p>No atual contexto mundial, a discuss\u00e3o sobre sustentabilidade da generalidade das atividades humanas e, em particular, da mobilidade, assume um papel decisivo na preserva\u00e7\u00e3o do nosso planeta. \u00c9 este debate que a Nissan pretende levar a cabo pelo sexto ano consecutivo.<\/p>\n\n\n\n<p>A iniciativa volta a reunir prestigiados oradores nacionais e internacionais, especialistas em diferentes \u00e1reas relacionadas com a mobilidade inteligente, para uma sess\u00e3o de reflex\u00e3o que tamb\u00e9m permitir\u00e1 responder \u00e0s quest\u00f5es colocadas, remota ou presencialmente, atrav\u00e9s de um registo em&nbsp;<a href=\"http:\/\/www.forumdamobilidadeinteligente.pt\/\" target=\"_blank\" rel=\"noreferrer noopener\">www.forumdamobilidadeinteligente.pt\/<\/a>.<\/p>\n","protected":false},"excerpt":{"rendered":"<p>Num contexto de uma emerg\u00eancia clim\u00e1tica crescente, o setor autom\u00f3vel tem enfrentado cada vez mais desafios. De acordo com Antoine-Laurent&#8230;<\/p>\n","protected":false},"author":2,"featured_media":10941,"comment_status":"closed","ping_status":"open","sticky":false,"template":"","format":"standard","meta":[],"categories":[427],"tags":[96],"yoast_head":"<!-- This site is optimized with the Yoast SEO plugin v20.12 - https:\/\/yoast.com\/wordpress\/plugins\/seo\/ -->\n<title>F\u00f3rum Nissan da Mobilidade Inteligente est\u00e1 de regresso para debater os caminhos da descarboniza\u00e7\u00e3o - Atelier do Caractere<\/title>\n<meta name=\"robots\" content=\"index, follow, max-snippet:-1, max-image-preview:large, max-video-preview:-1\" \/>\n<link rel=\"canonical\" href=\"https:\/\/www.atelierdocaractere.pt\/brevemente\/forum-nissan-da-mobilidade-inteligente-esta-de-regresso-para-debater-os-caminhos-da-descarbonizacao\/\" \/>\n<meta property=\"og:locale\" content=\"pt_PT\" \/>\n<meta property=\"og:type\" content=\"article\" \/>\n<meta property=\"og:title\" content=\"F\u00f3rum Nissan da Mobilidade Inteligente est\u00e1 de regresso para debater os caminhos da descarboniza\u00e7\u00e3o - Atelier do Caractere\" \/>\n<meta property=\"og:description\" content=\"Num contexto de uma emerg\u00eancia clim\u00e1tica crescente, o setor autom\u00f3vel tem enfrentado cada vez mais desafios. De acordo com Antoine-Laurent...\" \/>\n<meta property=\"og:url\" content=\"https:\/\/www.atelierdocaractere.pt\/brevemente\/forum-nissan-da-mobilidade-inteligente-esta-de-regresso-para-debater-os-caminhos-da-descarbonizacao\/\" \/>\n<meta property=\"og:site_name\" content=\"Atelier do Caractere\" \/>\n<meta property=\"article:publisher\" content=\"https:\/\/www.facebook.com\/AtelierdoCaractere\" \/>\n<meta property=\"article:published_time\" content=\"2022-05-05T13:30:21+00:00\" \/>\n<meta property=\"article:modified_time\" content=\"2022-05-26T19:00:02+00:00\" \/>\n<meta property=\"og:image\" content=\"https:\/\/www.atelierdocaractere.pt\/wp-content\/uploads\/2022\/05\/transferir-2.jpg\" \/>\n\t<meta property=\"og:image:width\" content=\"600\" \/>\n\t<meta property=\"og:image:height\" content=\"338\" \/>\n\t<meta property=\"og:image:type\" content=\"image\/jpeg\" \/>\n<meta name=\"author\" content=\"editor@atelierdocaractere\" \/>\n<meta name=\"twitter:card\" content=\"summary_large_image\" \/>\n<meta name=\"twitter:label1\" content=\"Escrito por\" \/>\n\t<meta name=\"twitter:data1\" content=\"editor@atelierdocaractere\" \/>\n\t<meta name=\"twitter:label2\" content=\"Tempo estimado de leitura\" \/>\n\t<meta name=\"twitter:data2\" content=\"3 minutos\" \/>\n<script type=\"application\/ld+json\" class=\"yoast-schema-graph\">{\"@context\":\"https:\/\/schema.org\",\"@graph\":[{\"@type\":\"WebPage\",\"@id\":\"https:\/\/www.atelierdocaractere.pt\/brevemente\/forum-nissan-da-mobilidade-inteligente-esta-de-regresso-para-debater-os-caminhos-da-descarbonizacao\/\",\"url\":\"https:\/\/www.atelierdocaractere.pt\/brevemente\/forum-nissan-da-mobilidade-inteligente-esta-de-regresso-para-debater-os-caminhos-da-descarbonizacao\/\",\"name\":\"F\u00f3rum Nissan da Mobilidade Inteligente est\u00e1 de regresso para debater os caminhos da descarboniza\u00e7\u00e3o - Atelier do Caractere\",\"isPartOf\":{\"@id\":\"https:\/\/www.atelierdocaractere.pt\/brevemente\/#website\"},\"datePublished\":\"2022-05-05T13:30:21+00:00\",\"dateModified\":\"2022-05-26T19:00:02+00:00\",\"author\":{\"@id\":\"https:\/\/www.atelierdocaractere.pt\/brevemente\/#\/schema\/person\/9cbfe9364f1f340a0e67c62563053c6e\"},\"breadcrumb\":{\"@id\":\"https:\/\/www.atelierdocaractere.pt\/brevemente\/forum-nissan-da-mobilidade-inteligente-esta-de-regresso-para-debater-os-caminhos-da-descarbonizacao\/#breadcrumb\"},\"inLanguage\":\"pt-PT\",\"potentialAction\":[{\"@type\":\"ReadAction\",\"target\":[\"https:\/\/www.atelierdocaractere.pt\/brevemente\/forum-nissan-da-mobilidade-inteligente-esta-de-regresso-para-debater-os-caminhos-da-descarbonizacao\/\"]}]},{\"@type\":\"BreadcrumbList\",\"@id\":\"https:\/\/www.atelierdocaractere.pt\/brevemente\/forum-nissan-da-mobilidade-inteligente-esta-de-regresso-para-debater-os-caminhos-da-descarbonizacao\/#breadcrumb\",\"itemListElement\":[{\"@type\":\"ListItem\",\"position\":1,\"name\":\"In\u00edcio\",\"item\":\"https:\/\/www.atelierdocaractere.pt\/brevemente\/\"},{\"@type\":\"ListItem\",\"position\":2,\"name\":\"F\u00f3rum Nissan da Mobilidade Inteligente est\u00e1 de regresso para debater os caminhos da descarboniza\u00e7\u00e3o\"}]},{\"@type\":\"WebSite\",\"@id\":\"https:\/\/www.atelierdocaractere.pt\/brevemente\/#website\",\"url\":\"https:\/\/www.atelierdocaractere.pt\/brevemente\/\",\"name\":\"Atelier do Caractere\",\"description\":\"\",\"potentialAction\":[{\"@type\":\"SearchAction\",\"target\":{\"@type\":\"EntryPoint\",\"urlTemplate\":\"https:\/\/www.atelierdocaractere.pt\/brevemente\/?s={search_term_string}\"},\"query-input\":\"required name=search_term_string\"}],\"inLanguage\":\"pt-PT\"},{\"@type\":\"Person\",\"@id\":\"https:\/\/www.atelierdocaractere.pt\/brevemente\/#\/schema\/person\/9cbfe9364f1f340a0e67c62563053c6e\",\"name\":\"editor@atelierdocaractere\",\"image\":{\"@type\":\"ImageObject\",\"inLanguage\":\"pt-PT\",\"@id\":\"https:\/\/www.atelierdocaractere.pt\/brevemente\/#\/schema\/person\/image\/\",\"url\":\"https:\/\/secure.gravatar.com\/avatar\/0fbdb8811d6ce6feb06d4d626953d952?s=96&d=mm&r=g\",\"contentUrl\":\"https:\/\/secure.gravatar.com\/avatar\/0fbdb8811d6ce6feb06d4d626953d952?s=96&d=mm&r=g\",\"caption\":\"editor@atelierdocaractere\"},\"url\":\"https:\/\/www.atelierdocaractere.pt\/brevemente\/author\/editoratelierdocaractere\/\"}]}<\/script>\n<!-- \/ Yoast SEO plugin. -->","yoast_head_json":{"title":"F\u00f3rum Nissan da Mobilidade Inteligente est\u00e1 de regresso para debater os caminhos da descarboniza\u00e7\u00e3o - Atelier do Caractere","robots":{"index":"index","follow":"follow","max-snippet":"max-snippet:-1","max-image-preview":"max-image-preview:large","max-video-preview":"max-video-preview:-1"},"canonical":"https:\/\/www.atelierdocaractere.pt\/brevemente\/forum-nissan-da-mobilidade-inteligente-esta-de-regresso-para-debater-os-caminhos-da-descarbonizacao\/","og_locale":"pt_PT","og_type":"article","og_title":"F\u00f3rum Nissan da Mobilidade Inteligente est\u00e1 de regresso para debater os caminhos da descarboniza\u00e7\u00e3o - Atelier do Caractere","og_description":"Num contexto de uma emerg\u00eancia clim\u00e1tica crescente, o setor autom\u00f3vel tem enfrentado cada vez mais desafios. De acordo com Antoine-Laurent...","og_url":"https:\/\/www.atelierdocaractere.pt\/brevemente\/forum-nissan-da-mobilidade-inteligente-esta-de-regresso-para-debater-os-caminhos-da-descarbonizacao\/","og_site_name":"Atelier do Caractere","article_publisher":"https:\/\/www.facebook.com\/AtelierdoCaractere","article_published_time":"2022-05-05T13:30:21+00:00","article_modified_time":"2022-05-26T19:00:02+00:00","og_image":[{"width":600,"height":338,"url":"https:\/\/www.atelierdocaractere.pt\/wp-content\/uploads\/2022\/05\/transferir-2.jpg","type":"image\/jpeg"}],"author":"editor@atelierdocaractere","twitter_card":"summary_large_image","twitter_misc":{"Escrito por":"editor@atelierdocaractere","Tempo estimado de leitura":"3 minutos"},"schema":{"@context":"https:\/\/schema.org","@graph":[{"@type":"WebPage","@id":"https:\/\/www.atelierdocaractere.pt\/brevemente\/forum-nissan-da-mobilidade-inteligente-esta-de-regresso-para-debater-os-caminhos-da-descarbonizacao\/","url":"https:\/\/www.atelierdocaractere.pt\/brevemente\/forum-nissan-da-mobilidade-inteligente-esta-de-regresso-para-debater-os-caminhos-da-descarbonizacao\/","name":"F\u00f3rum Nissan da Mobilidade Inteligente est\u00e1 de regresso para debater os caminhos da descarboniza\u00e7\u00e3o - Atelier do Caractere","isPartOf":{"@id":"https:\/\/www.atelierdocaractere.pt\/brevemente\/#website"},"datePublished":"2022-05-05T13:30:21+00:00","dateModified":"2022-05-26T19:00:02+00:00","author":{"@id":"https:\/\/www.atelierdocaractere.pt\/brevemente\/#\/schema\/person\/9cbfe9364f1f340a0e67c62563053c6e"},"breadcrumb":{"@id":"https:\/\/www.atelierdocaractere.pt\/brevemente\/forum-nissan-da-mobilidade-inteligente-esta-de-regresso-para-debater-os-caminhos-da-descarbonizacao\/#breadcrumb"},"inLanguage":"pt-PT","potentialAction":[{"@type":"ReadAction","target":["https:\/\/www.atelierdocaractere.pt\/brevemente\/forum-nissan-da-mobilidade-inteligente-esta-de-regresso-para-debater-os-caminhos-da-descarbonizacao\/"]}]},{"@type":"BreadcrumbList","@id":"https:\/\/www.atelierdocaractere.pt\/brevemente\/forum-nissan-da-mobilidade-inteligente-esta-de-regresso-para-debater-os-caminhos-da-descarbonizacao\/#breadcrumb","itemListElement":[{"@type":"ListItem","position":1,"name":"In\u00edcio","item":"https:\/\/www.atelierdocaractere.pt\/brevemente\/"},{"@type":"ListItem","position":2,"name":"F\u00f3rum Nissan da Mobilidade Inteligente est\u00e1 de regresso para debater os caminhos da descarboniza\u00e7\u00e3o"}]},{"@type":"WebSite","@id":"https:\/\/www.atelierdocaractere.pt\/brevemente\/#website","url":"https:\/\/www.atelierdocaractere.pt\/brevemente\/","name":"Atelier do Caractere","description":"","potentialAction":[{"@type":"SearchAction","target":{"@type":"EntryPoint","urlTemplate":"https:\/\/www.atelierdocaractere.pt\/brevemente\/?s={search_term_string}"},"query-input":"required name=search_term_string"}],"inLanguage":"pt-PT"},{"@type":"Person","@id":"https:\/\/www.atelierdocaractere.pt\/brevemente\/#\/schema\/person\/9cbfe9364f1f340a0e67c62563053c6e","name":"editor@atelierdocaractere","image":{"@type":"ImageObject","inLanguage":"pt-PT","@id":"https:\/\/www.atelierdocaractere.pt\/brevemente\/#\/schema\/person\/image\/","url":"https:\/\/secure.gravatar.com\/avatar\/0fbdb8811d6ce6feb06d4d626953d952?s=96&d=mm&r=g","contentUrl":"https:\/\/secure.gravatar.com\/avatar\/0fbdb8811d6ce6feb06d4d626953d952?s=96&d=mm&r=g","caption":"editor@atelierdocaractere"},"url":"https:\/\/www.atelierdocaractere.pt\/brevemente\/author\/editoratelierdocaractere\/"}]}},"_links":{"self":[{"href":"https:\/\/www.atelierdocaractere.pt\/brevemente\/wp-json\/wp\/v2\/posts\/10940"}],"collection":[{"href":"https:\/\/www.atelierdocaractere.pt\/brevemente\/wp-json\/wp\/v2\/posts"}],"about":[{"href":"https:\/\/www.atelierdocaractere.pt\/brevemente\/wp-json\/wp\/v2\/types\/post"}],"author":[{"embeddable":true,"href":"https:\/\/www.atelierdocaractere.pt\/brevemente\/wp-json\/wp\/v2\/users\/2"}],"replies":[{"embeddable":true,"href":"https:\/\/www.atelierdocaractere.pt\/brevemente\/wp-json\/wp\/v2\/comments?post=10940"}],"version-history":[{"count":1,"href":"https:\/\/www.atelierdocaractere.pt\/brevemente\/wp-json\/wp\/v2\/posts\/10940\/revisions"}],"predecessor-version":[{"id":10942,"href":"https:\/\/www.atelierdocaractere.pt\/brevemente\/wp-json\/wp\/v2\/posts\/10940\/revisions\/10942"}],"wp:featuredmedia":[{"embeddable":true,"href":"https:\/\/www.atelierdocaractere.pt\/brevemente\/wp-json\/wp\/v2\/media\/10941"}],"wp:attachment":[{"href":"https:\/\/www.atelierdocaractere.pt\/brevemente\/wp-json\/wp\/v2\/media?parent=10940"}],"wp:term":[{"taxonomy":"category","embeddable":true,"href":"https:\/\/www.atelierdocaractere.pt\/brevemente\/wp-json\/wp\/v2\/categories?post=10940"},{"taxonomy":"post_tag","embeddable":true,"href":"https:\/\/www.atelierdocaractere.pt\/brevemente\/wp-json\/wp\/v2\/tags?post=10940"}],"curies":[{"name":"wp","href":"https:\/\/api.w.org\/{rel}","templated":true}]}}