{"id":11031,"date":"2022-06-01T10:04:13","date_gmt":"2022-06-01T10:04:13","guid":{"rendered":"https:\/\/www.atelierdocaractere.pt\/brevemente\/?p=11031"},"modified":"2022-06-01T15:49:28","modified_gmt":"2022-06-01T15:49:28","slug":"glex-summit-portugal-tera-data-extra-em-lisboa-a-2-de-julho","status":"publish","type":"post","link":"https:\/\/www.atelierdocaractere.pt\/brevemente\/glex-summit-portugal-tera-data-extra-em-lisboa-a-2-de-julho\/","title":{"rendered":"GLEX Summit Portugal ter\u00e1 data extra em Lisboa a 2 de julho"},"content":{"rendered":"\n<figure class=\"wp-block-image size-large\"><img decoding=\"async\" width=\"1024\" height=\"684\" src=\"https:\/\/www.atelierdocaractere.pt\/wp-content\/uploads\/2022\/06\/glex-07062021-107-1024x684.jpg\" alt=\"\" class=\"wp-image-11032\" srcset=\"https:\/\/www.atelierdocaractere.pt\/wp-content\/uploads\/2022\/06\/glex-07062021-107-1024x684.jpg 1024w, https:\/\/www.atelierdocaractere.pt\/wp-content\/uploads\/2022\/06\/glex-07062021-107-300x200.jpg 300w, https:\/\/www.atelierdocaractere.pt\/wp-content\/uploads\/2022\/06\/glex-07062021-107-768x513.jpg 768w, https:\/\/www.atelierdocaractere.pt\/wp-content\/uploads\/2022\/06\/glex-07062021-107-1536x1026.jpg 1536w, https:\/\/www.atelierdocaractere.pt\/wp-content\/uploads\/2022\/06\/glex-07062021-107-2048x1368.jpg 2048w, https:\/\/www.atelierdocaractere.pt\/wp-content\/uploads\/2022\/06\/glex-07062021-107-900x600.jpg 900w, https:\/\/www.atelierdocaractere.pt\/wp-content\/uploads\/2022\/06\/glex-07062021-107-675x450.jpg 675w, https:\/\/www.atelierdocaractere.pt\/wp-content\/uploads\/2022\/06\/glex-07062021-107.jpg 1920w\" sizes=\"(max-width: 1024px) 100vw, 1024px\" \/><\/figure>\n\n\n\n<p><strong>A terceira edi\u00e7\u00e3o da maior cimeira de exploradores do mundo ter\u00e1 o seu prel\u00fadio em Lisboa, a 2 de julho, com a GLEX Ignition Session, num dia dedicado \u00e0 explora\u00e7\u00e3o espacial e aberto apenas a especialistas, numa parceria com a Ag\u00eancia Espacial Portuguesa. O programa principal da Global Exploration Summit 2022 decorrer\u00e1 este ano no arquip\u00e9lago dos A\u00e7ores, entre os dias 4 a 7 de julho, com um painel de 50 exploradores de todos os continentes.<\/strong><\/p>\n\n\n\n<p>Apresentada esta ter\u00e7a-feira, 31 de maio, em confer\u00eancia de imprensa realizada na sede do Turismo de Portugal, em Lisboa, a terceira edi\u00e7\u00e3o da maior cimeira de exploradores do mundo est\u00e1 de volta a Portugal no pr\u00f3ximo ver\u00e3o, numa organiza\u00e7\u00e3o da Expanding World com a chancela e curadoria da mais antiga e prestigiada agremia\u00e7\u00e3o de l\u00edderes da explora\u00e7\u00e3o do planeta, o The Explorers Club of New York.<\/p>\n\n\n\n<p>Uma das novidades reveladas nesta confer\u00eancia de imprensa \u00e9 a inclus\u00e3o de uma data extra em Lisboa, atrav\u00e9s da GLEX Ignition Session, a 2 de julho, num momento in\u00e9dito e totalmente dedicado \u00e0 explora\u00e7\u00e3o espacial, em jeito de prel\u00fadio para o programa geral, que este ano decorrer\u00e1 integralmente nos A\u00e7ores, entre 4 e 7 de julho.<\/p>\n\n\n\n<p>Realizada em parceria com a Ag\u00eancia Espacial Portuguesa e agregando tamb\u00e9m a International Space University, a GLEX Ignition Session decorrer\u00e1 na Gare Mar\u00edtima de Alc\u00e2ntara, um dia ap\u00f3s o final da Confer\u00eancia sobre os Oceanos das Na\u00e7\u00f5es Unidas, que Lisboa acolher\u00e1 pela primeira vez, de 27 de junho a 1 de julho, mantendo assim Portugal em lugar de destaque enquanto pa\u00eds ligado ao empreendedorismo e \u00e0 inova\u00e7\u00e3o cient\u00edfica, com respostas e solu\u00e7\u00f5es para o futuro da preserva\u00e7\u00e3o e explora\u00e7\u00e3o do planeta.<\/p>\n\n\n\n<p>Dos oceanos terrestres para os oceanos c\u00f3smicos, este ser\u00e1 um dia dedicado ao futuro da explora\u00e7\u00e3o espacial, tanto ao n\u00edvel da ci\u00eancia como da economia espacial, reunindo um conjunto de especialistas de todo o mundo, com destaque para James B. Garvin, cientista-chefe do Centro de Voo Espacial de Goddard da NASA e o atual l\u00edder da miss\u00e3o DAVINCI+, que tem como rumo o planeta V\u00e9nus.<\/p>\n\n\n\n<p>Embora fechado ao p\u00fablico, este primeiro dia da GLEX Summit 2022 ser\u00e1 transmitido em <em>live streaming<\/em> para todo o mundo.<\/p>\n\n\n\n<p><strong>A\u00e7ores acolhe este ano o programa principal<\/strong><\/p>\n\n\n\n<p>Entre os dias 4 a 7 de julho, o Teatro o Micaelense, em Ponta Delgada, nos A\u00e7ores, acolher\u00e1 o programa principal desta edi\u00e7\u00e3o.<\/p>\n\n\n\n<p>Ser\u00e3o quatro dias dedicados a tudo o que se passa al\u00e9m dos limites da terra, dos oceanos e do espa\u00e7o, onde a elite mundial de exploradores, cientistas e investigadores, das mais variadas \u00e1reas do conhecimento, partilhar\u00e1 com o p\u00fablico as descobertas mais recentes, as tecnologias mais inovadoras e as novas e futuras miss\u00f5es que prometem revolucionar o futuro da humanidade.<\/p>\n\n\n\n<p>Celebrando uma mudan\u00e7a de \u00e9poca na explora\u00e7\u00e3o, \u201cWhat\u2019s Next?\u201d ser\u00e1 o lema desta terceira edi\u00e7\u00e3o da GLEX Summit Portugal e o mote inspirador dos 40 pain\u00e9is de apresenta\u00e7\u00e3o, divididos por quatro tem\u00e1ticas principais: Oceanos; Explora\u00e7\u00e3o Espacial; Conserva\u00e7\u00e3o da Natureza e Altera\u00e7\u00f5es Clim\u00e1ticas; e as atuais e futuras Grandes Expedi\u00e7\u00f5es do nosso tempo.<\/p>\n\n\n\n<p>O programa final ser\u00e1 revelado no pr\u00f3ximo dia 10 de junho, por ocasi\u00e3o da World Oceans Week, que o The Explorers Club organiza anualmente na sua sede em Nova Iorque.<\/p>\n\n\n\n<p>Os bilhetes para a GLEX Summit Portugal est\u00e3o j\u00e1 dispon\u00edveis no website oficial do evento, em <a href=\"https:\/\/www.glexsummit.com\/\">https:\/\/www.glexsummit.com\/<\/a><\/p>\n\n\n\n<p><strong>Os oradores j\u00e1 confirmados<\/strong><\/p>\n\n\n\n<p>Entre astronautas e aquanautas, exploradores polares e cientistas espaciais, vulcan\u00f3logos e egipt\u00f3logos, bi\u00f3logos marinhos e astr\u00f3nomos, astrof\u00edsicos e ocean\u00f3grafos, cineastas e fot\u00f3grafos premiados, a GLEX Summit Portugal 2022 apresentar\u00e1 uma sele\u00e7\u00e3o \u00fanica de oradores, entre os quais, destacamos:<\/p>\n\n\n\n<p><strong>Eriona Hysolli \u2013 Alb\u00e2nia<\/strong><\/p>\n\n\n\n<p>Eriona Hysolli \u00e9 diretora de ci\u00eancias biol\u00f3gicas na Colossal, onde supervisiona o grande projeto \u201cWolly Mammoth Revivals\u201d, que pretende ressuscitar o extinto mamute-lanoso, devolvendo-o ao ecossistema que abandonou h\u00e1 cerca de 4.000 anos. Atrav\u00e9s do material gen\u00e9tico retirado de f\u00f3sseis, o plano \u00e9 a cria\u00e7\u00e3o de uma esp\u00e9cie h\u00edbrida, visualmente id\u00eantica ao do seu antepassado.<\/p>\n\n\n\n<p><strong>Ben Lamm \u2013 Estados Unidos<\/strong><\/p>\n\n\n\n<p>Juntamente com George Church, um dos maiores investigadores do mundo da \u00e1rea da gen\u00e9tica, Ben Lamm \u00e9 o empres\u00e1rio cofundador da Colossal, uma <em>Startup<\/em> que se dedica ao desenvolvimento de engenharia gen\u00e9tica e tecnologia reprodutiva. O seu mais ambicioso projeto \u00e9 trazer de volta \u00e0 vida o mamute lanoso, um grande mam\u00edfero herb\u00edvoro que habitou as regi\u00f5es mais a norte do planeta, at\u00e9 ser extinto milhares de anos. Tal como o Parque Jur\u00e1ssico, que imaginou um futuro onde era poss\u00edvel trazer os dinossauros de volta \u00e0 vida, os cientistas da Colossal procuraram recriar um animal que viveu durante a Idade do Gelo. O objetivo final da companhia \u00e9 povoar uma \u00e1rea da Sib\u00e9ria com os mamutes-lanosos, garantindo o reequil\u00edbrio ambiental deste ecossistema e ajudando a reverter os efeitos das mudan\u00e7as clim\u00e1ticas.<\/p>\n\n\n\n<p><strong>Dr. Sian Proctor &#8211; Guam<\/strong><\/p>\n\n\n\n<p>Nascida no Guam, Sian Proctor \u00e9 a primeira mulher negra a pilotar uma nave espacial e a primeira astronauta comercial negra. Antiga professora de geologia, geocientista e artista espacial, foi a piloto do Inspiration4 da SpaceX, o primeiro voo espacial totalmente civil do mundo. Atrav\u00e9s da sua arte espacial, incentiva conversas sobre mulheres negras na ind\u00fastria espacial e alerta para quest\u00f5es como o desperd\u00edcio alimentar e as mudan\u00e7as clim\u00e1ticas.<\/p>\n\n\n\n<p><strong>Onkuri Majumbar &#8211; \u00cdndia<\/strong><\/p>\n\n\n\n<p>Conservacionista indiana, dedica a sua vida a evitar o tr\u00e1fico animal que est\u00e1 a dizimar in\u00fameras esp\u00e9cies no Sudeste Asi\u00e1tico, treinando e dando suporte a governos, pol\u00edcias e organiza\u00e7\u00f5es do setor privado. Atualmente est\u00e1 a trabalhar numa <em>app<\/em> para identifica\u00e7\u00e3o de animais selvagens, com informa\u00e7\u00e3o de mais de 600 esp\u00e9cies traficadas.<\/p>\n\n\n\n<p><strong>Dr. Nathalie Cabrol &#8211; Fran\u00e7a<\/strong><\/p>\n\n\n\n<p>Astrobi\u00f3loga franco-americana, especializada em ci\u00eancia planet\u00e1ria, Nathalie Cabrol \u00e9 diretora e investigadora principal no Instituto SETI (sigla para Search for Extraterrestrial Intelligence), liderando o projeto \u201cHigh Lakes\u201d, financiado pelo Instituto de Astrobiologia da NASA. O seu trabalho consiste em estudar as formas de vida microsc\u00f3picas que existem em alguns dos lagos mais altos do mundo (como os do Planalto Andino, entre a fronteira da Bol\u00edvia e do Chile), com o intuito de perceber como poderia ser a vida em Marte h\u00e1 aproximadamente 3.500 milh\u00f5es de anos. Agraciada com v\u00e1rios pr\u00e9mios internacionais, Nathalie Cabrol det\u00e9m ainda o recorde mundial feminino de mergulho em altitude (mergulho e mergulho livre).<\/p>\n\n\n\n<p><strong>Borge Ousland &#8211; Noruega<\/strong><\/p>\n\n\n\n<p>Explorador polar noruegu\u00eas que fez a primeira viagem a solo e sem apoio ao P\u00f3lo Norte desde o Cabo \u00c1rtico, na R\u00fassia. Foi tamb\u00e9m a primeira pessoa no mundo a atravessar a Ant\u00e1rtida a solo e sem apoio, detendo ainda o recorde de viagem mais r\u00e1pida sem suporte para o P\u00f3lo Sul, em apenas 34 dias. Em setembro de 2010, a bordo do veleiro The Northern Passage, a equipe de B\u00f6rge Ousland completou a circum-navega\u00e7\u00e3o do P\u00f3lo Norte, sem aux\u00edlio de um quebra-gelo. Esta viagem \u2013 que s\u00f3 foi poss\u00edvel devido aos n\u00edveis dram\u00e1ticos de degelo \u2013 inspirou o seu projeto atual: o Ice Legacy Project. Com uma lista das 20 maiores calotas de gelo do planeta, o explorador come\u00e7ou a documentar os efeitos do aquecimento global nos glaciares para mostrar ao mundo os efeitos do decl\u00ednio glaciar.<\/p>\n\n\n\n<p><strong>Joshua Powell \u2013 Reino Unido<\/strong><\/p>\n\n\n\n<p>Bi\u00f3logo de conserva\u00e7\u00e3o, explorador da National Geographic e l\u00edder da expedi\u00e7\u00e3o Rangers Without Borders, um estudo de pesquisa multidisciplinar que avalia os meios de subsist\u00eancia dos guardas-florestais, a amea\u00e7a e a capacidade de combate \u00e0 ca\u00e7a furtiva e as oportunidades de coopera\u00e7\u00e3o transfronteiri\u00e7a em toda a regi\u00e3o central \u00c1sia e Europa Oriental. A sua pesquisa foca-se em descobrir como a sociedade interage com a natureza e como essa intera\u00e7\u00e3o pode ser utilizada para ajudar a conservar a biodiversidade. Investiga tamb\u00e9m os desafios e oportunidades para a conserva\u00e7\u00e3o do tigre de Amur, do leopardo de Amur e outros carn\u00edvoros amea\u00e7ados no nordeste da \u00c1sia.<\/p>\n\n\n\n<p><strong>John Mack \u2013 Estados Unidos da Am\u00e9rica<\/strong><\/p>\n\n\n\n<p>Artista visual e autor, John Mack exibe poesia sobre a natureza como um contraponto a um mundo que est\u00e1 a tornar-se cada vez mais dependente de dispositivos digitais e que \u00e9 alimentado todos os dias por algoritmos. Em 2021, fundou a \u201cLife Calling Initiative\u201d como parte da sua explora\u00e7\u00e3o entre a realidade e a virtualidade. A organiza\u00e7\u00e3o sem fins lucrativos explora a liga\u00e7\u00e3o entre a tecnologia inteligente e o comportamento humano com o intuito de preservar a humanidade perante a era digital invasora.<\/p>\n\n\n\n<p><strong>Emanuel Gon\u00e7alves &#8211; Portugal<\/strong><\/p>\n\n\n\n<p>Cientista-chefe portugu\u00eas, membro da dire\u00e7\u00e3o da Funda\u00e7\u00e3o Oceano Azul e investigador do MARE \u2013 Centro de Ci\u00eancias do Mar e do Ambiente em Portugal. Atua na conserva\u00e7\u00e3o marinha e na cria\u00e7\u00e3o, monitoriza\u00e7\u00e3o e implementa\u00e7\u00e3o de \u00e1reas marinhas protegidas. Foi vice-chefe do Grupo de Trabalho para Assuntos Mar\u00edtimos que desenvolveu a Estrat\u00e9gia Nacional do Oceano Portugu\u00eas.<\/p>\n\n\n\n<p><strong>James Garvin- Estados Unidos da Am\u00e9rica<\/strong><\/p>\n\n\n\n<p>Antigo diretor do departamento cient\u00edfico da NASA, James Garvin foi o primeiro cientista-chefe para a Explora\u00e7\u00e3o de Marte, liderando a estrat\u00e9gia cient\u00edfica que levou ao Mars Exploration Rover. Desde 2021, \u00e9 o investigador principal da miss\u00e3o DAVINCI+ a V\u00e9nus, a primeira a regressar \u00e0 sua atmosfera e superf\u00edcie desde 1985.<\/p>\n\n\n\n<p><strong>Rosaly Lopes &#8211; Brasil<\/strong><\/p>\n\n\n\n<p>Astr\u00f3noma, ge\u00f3loga planet\u00e1ria e vulcan\u00f3loga, Rosaly Lopes \u00e9 cientista-chefe no Departamento de Ci\u00eancias Planet\u00e1rias do Laborat\u00f3rio de Propuls\u00e3o a Jato da NASA. Durante as suas pesquisas j\u00e1 identificou 71 vulc\u00f5es ativos na Lua. A sua principal pesquisa atual \u00e9 sobre a possibilidade de j\u00e1 ter existido vida na lua de Saturno, Tit\u00e3, a segunda maior do Sistema Solar. J\u00e1 teve o seu nome atribu\u00eddo a um asteroide e a uma base de lan\u00e7amentos de foguetes experimentais.<\/p>\n\n\n\n<p><strong>Nicole Scott \u2013 Estados Unidos da Am\u00e9rica<\/strong><\/p>\n\n\n\n<p>Nascida em Nova Iorque e formada em engenharia aeron\u00e1utica, Nicole Scott \u00e9 uma veterana astronauta da NASA, que passou mais de 100 dias no espa\u00e7o, realizou uma caminhada espacial, participou na primeira troca de mensagens ao vivo do Twitter no espa\u00e7o e esteve a bordo da \u00faltima miss\u00e3o do vaiv\u00e9m Discovery. Apaixonada pelas artes pl\u00e1sticas, pintou a primeira aquarela no espa\u00e7o, fundando depois a Space for Art Foundation, com o objetivo de partilhar as suas aventuras espaciais atrav\u00e9s da pintura.<\/p>\n\n\n\n<p><strong>Austin Gallagher \u2013 Estados Unidos da Am\u00e9rica<\/strong><\/p>\n\n\n\n<p>Conhecido como o \u201crei dos tubar\u00f5es-tigre\u201d, Austin Gallagher \u00e9 um premiado bi\u00f3logo marinho, apresentador de vida selvagem, empreendedor social e explorador da National Geographic. \u00c9 ainda fundador e CEO da Beneath the Waves, enquanto inspira a prote\u00e7\u00e3o de mais de 1 milh\u00e3o de quil\u00f3metros quadrados de oceano e oito esp\u00e9cies de tubar\u00f5es. Numa das suas pesquisas nas Bahamas, descobriu o maior prado de ervas marinhas do mundo.<\/p>\n\n\n\n<p><strong>Beverly e Dereck Joubert \u2013 \u00c1frica do Sul<\/strong><\/p>\n\n\n\n<p>H\u00e1 mais de tr\u00eas d\u00e9cadas que este casal de cineastas sul-africano celebra a natureza e a vida selvagem em document\u00e1rios, livros, fotografias e revistas cient\u00edficas, alertando para o perigo de extin\u00e7\u00e3o dos grandes felinos e ajudando a proteger os habitats selvagens em \u00c1frica. O seu trabalho visual inclui mais de 35 filmes que j\u00e1 conquistaram oito Emmys em 23 nomea\u00e7\u00f5es. A par da &#8220;Big Cats Initiative&#8221;, o casal Joubert lidera ainda, a partir do Botswana, onde vive, o projeto \u201cRhinos Without Borders\u201d, que tem como objetivo salvar rinocerontes da ca\u00e7a furtiva na \u00c1frica do Sul.<\/p>\n\n\n\n<p><strong>Glen Gowers e Oliver Vince \u2013 Reino Unido<\/strong><\/p>\n\n\n\n<p>Cofundadores da Basecamp Research, uma empresa de dados biol\u00f3gicos sediada em Londres, que est\u00e1 a revolucionar a descoberta de prote\u00ednas em ambientes naturais diversos, Glen Gowers e Oliver Vince v\u00e3o estar em Portugal para explicar como a sua equipa de cientistas, bi\u00f3logos e exploradores est\u00e1 a construir a maior e mais diversificada base de dados de prote\u00ednas e genomas de todo o mundo.<\/p>\n\n\n\n<p><strong>Sobre a GLEX Exploration Summit:<\/strong><\/p>\n\n\n\n<p>A Global Exploration Summit \u00e9 um evento absolutamente pioneiro e de impacto global na comunidade de explora\u00e7\u00e3o cient\u00edfica de todo o mundo!<\/p>\n\n\n\n<p>\u00c9 o maior agregador e mais inclusivo encontro dos principais vision\u00e1rios e exploradores do nosso Planeta; desde as profundezas dos oceanos \u00e0 imensid\u00e3o do espa\u00e7o, astronautas, aquanautas, astrof\u00edsicos, antrop\u00f3logos, ge\u00f3logos e vulcan\u00f3logos, bi\u00f3logos marinhos, conservacionistas da natureza e vida selvagem, cientistas espaciais, l\u00edderes de expedi\u00e7\u00f5es, realizadores premiados, pensadores e vision\u00e1rios, fazem da GLEX Summit o ponto de encontro das lendas vivas da explora\u00e7\u00e3o da atualidade e um palco de inspira\u00e7\u00e3o para a conquista de novos horizontes, em terra, no mar e no espa\u00e7o.<\/p>\n\n\n\n<p>Juntando a elite de exploradores de todo o mundo, a GLEX Summit apresenta uma agenda repleta de hist\u00f3rias de supera\u00e7\u00e3o e inova\u00e7\u00e3o, contadas na primeira pessoa pelas figuras incontorn\u00e1veis da explora\u00e7\u00e3o cient\u00edfica, num programa excecional, com sess\u00f5es dirigidas a especialistas e ao p\u00fablico em geral.<\/p>\n\n\n\n<p>Dedicada a tudo o que se passa al\u00e9m dos limites da Terra, dos Oceanos e do Espa\u00e7o, a GLEX Summit tem o objetivo de inspirar, discutir, partilhar experi\u00eancias, resolver problemas que ser\u00e3o realidade num futuro pr\u00f3ximo e, acima de tudo, melhorar a vida no planeta.<\/p>\n\n\n\n<p>Honrando a coragem de Fern\u00e3o de Magalh\u00e3es, este encontro pretende inspirar a pr\u00f3xima gera\u00e7\u00e3o de exploradores atrav\u00e9s da partilha de inova\u00e7\u00f5es e tecnologia de ponta, dos Oceanos ao nosso sistema solar, passando pela conserva\u00e7\u00e3o da natureza, a sustentabilidade do planeta ou as altera\u00e7\u00f5es clim\u00e1ticas, impulsionando o mundo em dire\u00e7\u00e3o \u00e0 pr\u00f3xima fronteira no futuro da explora\u00e7\u00e3o.<\/p>\n\n\n\n<p>Esta cimeira anual agrega a rede das 60 filiais do Explorers Club of New York, assim como as c\u00fapulas das sociedades de explora\u00e7\u00e3o e institui\u00e7\u00f5es de relevo mundial, como a NASA, a ESA, o MIT ou as Na\u00e7\u00f5es Unidas.<\/p>\n\n\n\n<p>A edi\u00e7\u00e3o de estreia da GLEX Summit decorreu em Lisboa, entre os dias 3 a 5 de julho de 2019, sob o mote das comemora\u00e7\u00f5es dos 50 anos da chegada do Homem \u00e0 Lua e do 500\u00ba anivers\u00e1rio da viagem de circum-navega\u00e7\u00e3o de Fern\u00e3o de Magalh\u00e3es (2019-2022).<\/p>\n\n\n\n<p>A cimeira dividiu-se entre o Centro Champalimaud, a Aula Magna da Reitoria da Universidade de Lisboa e o Ocean\u00e1rio, juntando nomes como Alexander More, cientista e diretor do World Ocean Forum, Bertand Piccard, pioneiro na realiza\u00e7\u00e3o de uma volta ao mundo num bal\u00e3o e num avi\u00e3o movido a energia solar, a arque\u00f3loga Beverly Goodman, a cientista e exploradora polar Felicity Aston, o ocean\u00f3grafo Don Walsh, o explorador e cineasta Fabien Cousteau, neto de Jacques Costeau, ou James Garvin, cientista-chefe da NASA.<\/p>\n\n\n\n<p>No final desta primeira edi\u00e7\u00e3o, foi apresentada e assinada pelos participantes do encontro a \u201cResolu\u00e7\u00e3o de Lisboa\u201d, um documento orientador para o futuro da explora\u00e7\u00e3o cient\u00edfica e da preserva\u00e7\u00e3o ambiental, focado na sustentabilidade do planeta e na prote\u00e7\u00e3o das esp\u00e9cies animais e dos recursos naturais.<\/p>\n\n\n\n<p>A segunda edi\u00e7\u00e3o da GLEX Summit realizou-se em 2021 e aconteceu de forma h\u00edbrida, presencialmente e com transmiss\u00e3o online.<\/p>\n\n\n\n<p>Com abertura em Lisboa, na Gare Mar\u00edtima de Alc\u00e2ntara (6 a 8 de julho) e encerramento em S\u00e3o Miguel, no Teatro Micaelense (9 e 10 de julho), esta edi\u00e7\u00e3o decorreu sob o lema explorar e aprender, juntando mais de 80 oradores, entre astronautas, aquanautas, astrof\u00edsicos, exploradores polares, bi\u00f3logos, conservacionistas, ge\u00f3logos, realizadores, cientistas espaciais e planet\u00e1rios, ca\u00e7adores de tempestades, arque\u00f3logos, paleont\u00f3logos, ecologistas, surfistas de ondas gigantes ou vulcan\u00f3logos.<\/p>\n\n\n\n<p>Entre os convidados principais desta segunda edi\u00e7\u00e3o contaram-se nomes como Alan Stern, astrof\u00edsico e l\u00edder do programa New Horizons da NASA; o f\u00edsico ingl\u00eas apresentador de programas da BBC sobre ci\u00eancia, Brian Cox; a bi\u00f3loga marinha Sylvia Earle; Nina Lanza, team leader da NASA, respons\u00e1vel pelo Perseverance Rover na sua viagem a Marte; James Cameron, realizador e explorador; e Richard Garriott, astronauta e o novo presidente do Explorers Club de Nova Iorque.<\/p>\n\n\n\n<p>A GLEX Summit \u00e9 uma organiza\u00e7\u00e3o da Expanding World (Portugal) com a chancela e curadoria do The Explorers Club de Nova Iorque e os apoios do Governo dos A\u00e7ores, Turismo de Portugal, Ag\u00eancia Espacial Portuguesa \u2013 Portugal Space e Estrutura de Miss\u00e3o do V Centen\u00e1rio da Primeira Viagem de Circum-Navega\u00e7\u00e3o e o patroc\u00ednio da LEXUS.<\/p>\n","protected":false},"excerpt":{"rendered":"<p>A terceira edi\u00e7\u00e3o da maior cimeira de exploradores do mundo ter\u00e1 o seu prel\u00fadio em Lisboa, a 2 de julho,&#8230;<\/p>\n","protected":false},"author":2,"featured_media":11032,"comment_status":"closed","ping_status":"open","sticky":false,"template":"","format":"standard","meta":[],"categories":[451],"tags":[446],"yoast_head":"<!-- This site is optimized with the Yoast SEO plugin v20.12 - https:\/\/yoast.com\/wordpress\/plugins\/seo\/ -->\n<title>GLEX Summit Portugal ter\u00e1 data extra em Lisboa a 2 de julho - Atelier do Caractere<\/title>\n<meta name=\"robots\" content=\"index, follow, max-snippet:-1, max-image-preview:large, max-video-preview:-1\" \/>\n<link rel=\"canonical\" href=\"https:\/\/www.atelierdocaractere.pt\/brevemente\/glex-summit-portugal-tera-data-extra-em-lisboa-a-2-de-julho\/\" \/>\n<meta property=\"og:locale\" content=\"pt_PT\" \/>\n<meta property=\"og:type\" content=\"article\" \/>\n<meta property=\"og:title\" content=\"GLEX Summit Portugal ter\u00e1 data extra em Lisboa a 2 de julho - Atelier do Caractere\" \/>\n<meta property=\"og:description\" content=\"A terceira edi\u00e7\u00e3o da maior cimeira de exploradores do mundo ter\u00e1 o seu prel\u00fadio em Lisboa, a 2 de julho,...\" \/>\n<meta property=\"og:url\" content=\"https:\/\/www.atelierdocaractere.pt\/brevemente\/glex-summit-portugal-tera-data-extra-em-lisboa-a-2-de-julho\/\" \/>\n<meta property=\"og:site_name\" content=\"Atelier do Caractere\" \/>\n<meta property=\"article:publisher\" content=\"https:\/\/www.facebook.com\/AtelierdoCaractere\" \/>\n<meta property=\"article:published_time\" content=\"2022-06-01T10:04:13+00:00\" \/>\n<meta property=\"article:modified_time\" content=\"2022-06-01T15:49:28+00:00\" \/>\n<meta property=\"og:image\" content=\"http:\/\/www.atelierdocaractere.pt\/wp-content\/uploads\/2022\/06\/glex-07062021-107.jpg\" \/>\n\t<meta property=\"og:image:width\" content=\"2200\" \/>\n\t<meta property=\"og:image:height\" content=\"1469\" \/>\n\t<meta property=\"og:image:type\" content=\"image\/jpeg\" \/>\n<meta name=\"author\" content=\"editor@atelierdocaractere\" \/>\n<meta name=\"twitter:card\" content=\"summary_large_image\" \/>\n<meta name=\"twitter:label1\" content=\"Escrito por\" \/>\n\t<meta name=\"twitter:data1\" content=\"editor@atelierdocaractere\" \/>\n\t<meta name=\"twitter:label2\" content=\"Tempo estimado de leitura\" \/>\n\t<meta name=\"twitter:data2\" content=\"15 minutos\" \/>\n<script type=\"application\/ld+json\" class=\"yoast-schema-graph\">{\"@context\":\"https:\/\/schema.org\",\"@graph\":[{\"@type\":\"WebPage\",\"@id\":\"https:\/\/www.atelierdocaractere.pt\/brevemente\/glex-summit-portugal-tera-data-extra-em-lisboa-a-2-de-julho\/\",\"url\":\"https:\/\/www.atelierdocaractere.pt\/brevemente\/glex-summit-portugal-tera-data-extra-em-lisboa-a-2-de-julho\/\",\"name\":\"GLEX Summit Portugal ter\u00e1 data extra em Lisboa a 2 de julho - Atelier do Caractere\",\"isPartOf\":{\"@id\":\"https:\/\/www.atelierdocaractere.pt\/brevemente\/#website\"},\"datePublished\":\"2022-06-01T10:04:13+00:00\",\"dateModified\":\"2022-06-01T15:49:28+00:00\",\"author\":{\"@id\":\"https:\/\/www.atelierdocaractere.pt\/brevemente\/#\/schema\/person\/9cbfe9364f1f340a0e67c62563053c6e\"},\"breadcrumb\":{\"@id\":\"https:\/\/www.atelierdocaractere.pt\/brevemente\/glex-summit-portugal-tera-data-extra-em-lisboa-a-2-de-julho\/#breadcrumb\"},\"inLanguage\":\"pt-PT\",\"potentialAction\":[{\"@type\":\"ReadAction\",\"target\":[\"https:\/\/www.atelierdocaractere.pt\/brevemente\/glex-summit-portugal-tera-data-extra-em-lisboa-a-2-de-julho\/\"]}]},{\"@type\":\"BreadcrumbList\",\"@id\":\"https:\/\/www.atelierdocaractere.pt\/brevemente\/glex-summit-portugal-tera-data-extra-em-lisboa-a-2-de-julho\/#breadcrumb\",\"itemListElement\":[{\"@type\":\"ListItem\",\"position\":1,\"name\":\"In\u00edcio\",\"item\":\"https:\/\/www.atelierdocaractere.pt\/brevemente\/\"},{\"@type\":\"ListItem\",\"position\":2,\"name\":\"GLEX Summit Portugal ter\u00e1 data extra em Lisboa a 2 de julho\"}]},{\"@type\":\"WebSite\",\"@id\":\"https:\/\/www.atelierdocaractere.pt\/brevemente\/#website\",\"url\":\"https:\/\/www.atelierdocaractere.pt\/brevemente\/\",\"name\":\"Atelier do Caractere\",\"description\":\"\",\"potentialAction\":[{\"@type\":\"SearchAction\",\"target\":{\"@type\":\"EntryPoint\",\"urlTemplate\":\"https:\/\/www.atelierdocaractere.pt\/brevemente\/?s={search_term_string}\"},\"query-input\":\"required name=search_term_string\"}],\"inLanguage\":\"pt-PT\"},{\"@type\":\"Person\",\"@id\":\"https:\/\/www.atelierdocaractere.pt\/brevemente\/#\/schema\/person\/9cbfe9364f1f340a0e67c62563053c6e\",\"name\":\"editor@atelierdocaractere\",\"image\":{\"@type\":\"ImageObject\",\"inLanguage\":\"pt-PT\",\"@id\":\"https:\/\/www.atelierdocaractere.pt\/brevemente\/#\/schema\/person\/image\/\",\"url\":\"https:\/\/secure.gravatar.com\/avatar\/0fbdb8811d6ce6feb06d4d626953d952?s=96&d=mm&r=g\",\"contentUrl\":\"https:\/\/secure.gravatar.com\/avatar\/0fbdb8811d6ce6feb06d4d626953d952?s=96&d=mm&r=g\",\"caption\":\"editor@atelierdocaractere\"},\"url\":\"https:\/\/www.atelierdocaractere.pt\/brevemente\/author\/editoratelierdocaractere\/\"}]}<\/script>\n<!-- \/ Yoast SEO plugin. -->","yoast_head_json":{"title":"GLEX Summit Portugal ter\u00e1 data extra em Lisboa a 2 de julho - Atelier do Caractere","robots":{"index":"index","follow":"follow","max-snippet":"max-snippet:-1","max-image-preview":"max-image-preview:large","max-video-preview":"max-video-preview:-1"},"canonical":"https:\/\/www.atelierdocaractere.pt\/brevemente\/glex-summit-portugal-tera-data-extra-em-lisboa-a-2-de-julho\/","og_locale":"pt_PT","og_type":"article","og_title":"GLEX Summit Portugal ter\u00e1 data extra em Lisboa a 2 de julho - Atelier do Caractere","og_description":"A terceira edi\u00e7\u00e3o da maior cimeira de exploradores do mundo ter\u00e1 o seu prel\u00fadio em Lisboa, a 2 de julho,...","og_url":"https:\/\/www.atelierdocaractere.pt\/brevemente\/glex-summit-portugal-tera-data-extra-em-lisboa-a-2-de-julho\/","og_site_name":"Atelier do Caractere","article_publisher":"https:\/\/www.facebook.com\/AtelierdoCaractere","article_published_time":"2022-06-01T10:04:13+00:00","article_modified_time":"2022-06-01T15:49:28+00:00","og_image":[{"width":2200,"height":1469,"url":"http:\/\/www.atelierdocaractere.pt\/wp-content\/uploads\/2022\/06\/glex-07062021-107.jpg","type":"image\/jpeg"}],"author":"editor@atelierdocaractere","twitter_card":"summary_large_image","twitter_misc":{"Escrito por":"editor@atelierdocaractere","Tempo estimado de leitura":"15 minutos"},"schema":{"@context":"https:\/\/schema.org","@graph":[{"@type":"WebPage","@id":"https:\/\/www.atelierdocaractere.pt\/brevemente\/glex-summit-portugal-tera-data-extra-em-lisboa-a-2-de-julho\/","url":"https:\/\/www.atelierdocaractere.pt\/brevemente\/glex-summit-portugal-tera-data-extra-em-lisboa-a-2-de-julho\/","name":"GLEX Summit Portugal ter\u00e1 data extra em Lisboa a 2 de julho - Atelier do Caractere","isPartOf":{"@id":"https:\/\/www.atelierdocaractere.pt\/brevemente\/#website"},"datePublished":"2022-06-01T10:04:13+00:00","dateModified":"2022-06-01T15:49:28+00:00","author":{"@id":"https:\/\/www.atelierdocaractere.pt\/brevemente\/#\/schema\/person\/9cbfe9364f1f340a0e67c62563053c6e"},"breadcrumb":{"@id":"https:\/\/www.atelierdocaractere.pt\/brevemente\/glex-summit-portugal-tera-data-extra-em-lisboa-a-2-de-julho\/#breadcrumb"},"inLanguage":"pt-PT","potentialAction":[{"@type":"ReadAction","target":["https:\/\/www.atelierdocaractere.pt\/brevemente\/glex-summit-portugal-tera-data-extra-em-lisboa-a-2-de-julho\/"]}]},{"@type":"BreadcrumbList","@id":"https:\/\/www.atelierdocaractere.pt\/brevemente\/glex-summit-portugal-tera-data-extra-em-lisboa-a-2-de-julho\/#breadcrumb","itemListElement":[{"@type":"ListItem","position":1,"name":"In\u00edcio","item":"https:\/\/www.atelierdocaractere.pt\/brevemente\/"},{"@type":"ListItem","position":2,"name":"GLEX Summit Portugal ter\u00e1 data extra em Lisboa a 2 de julho"}]},{"@type":"WebSite","@id":"https:\/\/www.atelierdocaractere.pt\/brevemente\/#website","url":"https:\/\/www.atelierdocaractere.pt\/brevemente\/","name":"Atelier do Caractere","description":"","potentialAction":[{"@type":"SearchAction","target":{"@type":"EntryPoint","urlTemplate":"https:\/\/www.atelierdocaractere.pt\/brevemente\/?s={search_term_string}"},"query-input":"required name=search_term_string"}],"inLanguage":"pt-PT"},{"@type":"Person","@id":"https:\/\/www.atelierdocaractere.pt\/brevemente\/#\/schema\/person\/9cbfe9364f1f340a0e67c62563053c6e","name":"editor@atelierdocaractere","image":{"@type":"ImageObject","inLanguage":"pt-PT","@id":"https:\/\/www.atelierdocaractere.pt\/brevemente\/#\/schema\/person\/image\/","url":"https:\/\/secure.gravatar.com\/avatar\/0fbdb8811d6ce6feb06d4d626953d952?s=96&d=mm&r=g","contentUrl":"https:\/\/secure.gravatar.com\/avatar\/0fbdb8811d6ce6feb06d4d626953d952?s=96&d=mm&r=g","caption":"editor@atelierdocaractere"},"url":"https:\/\/www.atelierdocaractere.pt\/brevemente\/author\/editoratelierdocaractere\/"}]}},"_links":{"self":[{"href":"https:\/\/www.atelierdocaractere.pt\/brevemente\/wp-json\/wp\/v2\/posts\/11031"}],"collection":[{"href":"https:\/\/www.atelierdocaractere.pt\/brevemente\/wp-json\/wp\/v2\/posts"}],"about":[{"href":"https:\/\/www.atelierdocaractere.pt\/brevemente\/wp-json\/wp\/v2\/types\/post"}],"author":[{"embeddable":true,"href":"https:\/\/www.atelierdocaractere.pt\/brevemente\/wp-json\/wp\/v2\/users\/2"}],"replies":[{"embeddable":true,"href":"https:\/\/www.atelierdocaractere.pt\/brevemente\/wp-json\/wp\/v2\/comments?post=11031"}],"version-history":[{"count":1,"href":"https:\/\/www.atelierdocaractere.pt\/brevemente\/wp-json\/wp\/v2\/posts\/11031\/revisions"}],"predecessor-version":[{"id":11033,"href":"https:\/\/www.atelierdocaractere.pt\/brevemente\/wp-json\/wp\/v2\/posts\/11031\/revisions\/11033"}],"wp:featuredmedia":[{"embeddable":true,"href":"https:\/\/www.atelierdocaractere.pt\/brevemente\/wp-json\/wp\/v2\/media\/11032"}],"wp:attachment":[{"href":"https:\/\/www.atelierdocaractere.pt\/brevemente\/wp-json\/wp\/v2\/media?parent=11031"}],"wp:term":[{"taxonomy":"category","embeddable":true,"href":"https:\/\/www.atelierdocaractere.pt\/brevemente\/wp-json\/wp\/v2\/categories?post=11031"},{"taxonomy":"post_tag","embeddable":true,"href":"https:\/\/www.atelierdocaractere.pt\/brevemente\/wp-json\/wp\/v2\/tags?post=11031"}],"curies":[{"name":"wp","href":"https:\/\/api.w.org\/{rel}","templated":true}]}}