{"id":11034,"date":"2022-06-01T11:29:37","date_gmt":"2022-06-01T11:29:37","guid":{"rendered":"https:\/\/www.atelierdocaractere.pt\/brevemente\/?p=11034"},"modified":"2022-06-02T11:20:33","modified_gmt":"2022-06-02T11:20:33","slug":"hugo-barbosa-e-o-novo-diretor-de-comunicacao-da-renault-portugal-sa","status":"publish","type":"post","link":"https:\/\/www.atelierdocaractere.pt\/brevemente\/hugo-barbosa-e-o-novo-diretor-de-comunicacao-da-renault-portugal-sa\/","title":{"rendered":"Hugo Barbosa \u00e9 o novo diretor de comunica\u00e7\u00e3o da Renault Portugal SA"},"content":{"rendered":"\n<figure class=\"wp-block-image size-large\"><img decoding=\"async\" width=\"1024\" height=\"683\" src=\"https:\/\/www.atelierdocaractere.pt\/wp-content\/uploads\/2022\/06\/7500701-1024x683.jpg\" alt=\"\" class=\"wp-image-11035\" srcset=\"https:\/\/www.atelierdocaractere.pt\/wp-content\/uploads\/2022\/06\/7500701-1024x683.jpg 1024w, https:\/\/www.atelierdocaractere.pt\/wp-content\/uploads\/2022\/06\/7500701-300x200.jpg 300w, https:\/\/www.atelierdocaractere.pt\/wp-content\/uploads\/2022\/06\/7500701-768x512.jpg 768w, https:\/\/www.atelierdocaractere.pt\/wp-content\/uploads\/2022\/06\/7500701-1536x1025.jpg 1536w, https:\/\/www.atelierdocaractere.pt\/wp-content\/uploads\/2022\/06\/7500701-900x600.jpg 900w, https:\/\/www.atelierdocaractere.pt\/wp-content\/uploads\/2022\/06\/7500701-675x450.jpg 675w, https:\/\/www.atelierdocaractere.pt\/wp-content\/uploads\/2022\/06\/7500701.jpg 1920w\" sizes=\"(max-width: 1024px) 100vw, 1024px\" \/><\/figure>\n\n\n\n<p>Desde 2017 no Grupo Renault, Hugo Barbosa \u00e9 o novo diretor de comunica\u00e7\u00e3o da Renault Portugal, SA.<\/p>\n\n\n\n<p>Com 50 anos e um filho, Hugo Barbosa fez o percurso acad\u00e9mico na \u00e1rea do Direito, mas foi na \u00e1rea de comunica\u00e7\u00e3o que, maioritariamente, desenvolveu a carreira profissional.<\/p>\n\n\n\n<p>Nos anos 90 trabalhou como consultor de comunica\u00e7\u00e3o em v\u00e1rios projetos ligados ao desporto autom\u00f3vel, mas tamb\u00e9m a outras \u00e1reas. No in\u00edcio do mil\u00e9nio desenvolveu diferentes projetos desportivos e de lazer, antes de aceitar o desafio para ingressar no Sporting Clube de Portugal, em 2008. Durante seis anos esteve ao servi\u00e7o do clube, primeiro com a comunica\u00e7\u00e3o da Academia Sporting e dos seus projetos comerciais, tendo depois passado a desempenhar fun\u00e7\u00f5es na \u00e1rea de expans\u00e3o internacional do clube.<\/p>\n\n\n\n<p>Em 2013, regressou \u00e0 comunica\u00e7\u00e3o na ag\u00eancia Atelier do Caractere, tendo ingressado na Renault Portugal, em 2017, como assessor de imprensa. A fun\u00e7\u00e3o que desempenhou, nos \u00faltimos anos, at\u00e9 \u00e0 atual nomea\u00e7\u00e3o.<\/p>\n\n\n\n<p><strong>\u201c\u00c9 uma grande honra, desafio e responsabilidade este novo desafio profissional. Desde muito novo que os autom\u00f3veis s\u00e3o a minha paix\u00e3o e ter a oportunidade de trabalhar numa \u00e1rea de que gostamos, e a fazer o que gostamos, \u00e9 algo raro. Nos \u00faltimos quase cinco anos, desempenhei a fun\u00e7\u00e3o de assessor de imprensa. A experi\u00eancia adquirida ao lado de excelentes profissionais permite-me encarar este novo desafio com confian\u00e7a, mas consciente da enorme responsabilidade que \u00e9 liderar a comunica\u00e7\u00e3o do Grupo Renault em Portugal, com as marcas Renault (que tem o maior parque circulante portugu\u00eas), mas tamb\u00e9m a Dacia, Alpine e Mobilize, sem esquecer, a f\u00e1brica Renault Cacia\u201d, <\/strong>afirma Hugo Barbosa.<\/p>\n\n\n\n<p><strong>\u201cO per\u00edodo que vivemos no mundo em geral e na ind\u00fastria autom\u00f3vel, em particular, \u00e9 bastante complicado, mas estou convicto que, em conjunto com a equipa da Renault Portugal, vamos conquistar resultados para manter a filial como uma refer\u00eancia\u201d, <\/strong>conclui o novo diretor de comunica\u00e7\u00e3o da Renault Portugal SA.<\/p>\n","protected":false},"excerpt":{"rendered":"<p>Desde 2017 no Grupo Renault, Hugo Barbosa \u00e9 o novo diretor de comunica\u00e7\u00e3o da Renault Portugal, SA. Com 50 anos&#8230;<\/p>\n","protected":false},"author":2,"featured_media":11035,"comment_status":"closed","ping_status":"open","sticky":false,"template":"","format":"standard","meta":[],"categories":[28],"tags":[87],"yoast_head":"<!-- This site is optimized with the Yoast SEO plugin v20.12 - https:\/\/yoast.com\/wordpress\/plugins\/seo\/ -->\n<title>Hugo Barbosa \u00e9 o novo diretor de comunica\u00e7\u00e3o da Renault Portugal SA - Atelier do Caractere<\/title>\n<meta name=\"robots\" content=\"index, follow, max-snippet:-1, max-image-preview:large, max-video-preview:-1\" \/>\n<link rel=\"canonical\" href=\"https:\/\/www.atelierdocaractere.pt\/brevemente\/hugo-barbosa-e-o-novo-diretor-de-comunicacao-da-renault-portugal-sa\/\" \/>\n<meta property=\"og:locale\" content=\"pt_PT\" \/>\n<meta property=\"og:type\" content=\"article\" \/>\n<meta property=\"og:title\" content=\"Hugo Barbosa \u00e9 o novo diretor de comunica\u00e7\u00e3o da Renault Portugal SA - Atelier do Caractere\" \/>\n<meta property=\"og:description\" content=\"Desde 2017 no Grupo Renault, Hugo Barbosa \u00e9 o novo diretor de comunica\u00e7\u00e3o da Renault Portugal, SA. Com 50 anos...\" \/>\n<meta property=\"og:url\" content=\"https:\/\/www.atelierdocaractere.pt\/brevemente\/hugo-barbosa-e-o-novo-diretor-de-comunicacao-da-renault-portugal-sa\/\" \/>\n<meta property=\"og:site_name\" content=\"Atelier do Caractere\" \/>\n<meta property=\"article:publisher\" content=\"https:\/\/www.facebook.com\/AtelierdoCaractere\" \/>\n<meta property=\"article:published_time\" content=\"2022-06-01T11:29:37+00:00\" \/>\n<meta property=\"article:modified_time\" content=\"2022-06-02T11:20:33+00:00\" \/>\n<meta property=\"og:image\" content=\"http:\/\/www.atelierdocaractere.pt\/wp-content\/uploads\/2022\/06\/7500701.jpg\" \/>\n\t<meta property=\"og:image:width\" content=\"1980\" \/>\n\t<meta property=\"og:image:height\" content=\"1321\" \/>\n\t<meta property=\"og:image:type\" content=\"image\/jpeg\" \/>\n<meta name=\"author\" content=\"editor@atelierdocaractere\" \/>\n<meta name=\"twitter:card\" content=\"summary_large_image\" \/>\n<meta name=\"twitter:label1\" content=\"Escrito por\" \/>\n\t<meta name=\"twitter:data1\" content=\"editor@atelierdocaractere\" \/>\n\t<meta name=\"twitter:label2\" content=\"Tempo estimado de leitura\" \/>\n\t<meta name=\"twitter:data2\" content=\"2 minutos\" \/>\n<script type=\"application\/ld+json\" class=\"yoast-schema-graph\">{\"@context\":\"https:\/\/schema.org\",\"@graph\":[{\"@type\":\"WebPage\",\"@id\":\"https:\/\/www.atelierdocaractere.pt\/brevemente\/hugo-barbosa-e-o-novo-diretor-de-comunicacao-da-renault-portugal-sa\/\",\"url\":\"https:\/\/www.atelierdocaractere.pt\/brevemente\/hugo-barbosa-e-o-novo-diretor-de-comunicacao-da-renault-portugal-sa\/\",\"name\":\"Hugo Barbosa \u00e9 o novo diretor de comunica\u00e7\u00e3o da Renault Portugal SA - Atelier do Caractere\",\"isPartOf\":{\"@id\":\"https:\/\/www.atelierdocaractere.pt\/brevemente\/#website\"},\"datePublished\":\"2022-06-01T11:29:37+00:00\",\"dateModified\":\"2022-06-02T11:20:33+00:00\",\"author\":{\"@id\":\"https:\/\/www.atelierdocaractere.pt\/brevemente\/#\/schema\/person\/9cbfe9364f1f340a0e67c62563053c6e\"},\"breadcrumb\":{\"@id\":\"https:\/\/www.atelierdocaractere.pt\/brevemente\/hugo-barbosa-e-o-novo-diretor-de-comunicacao-da-renault-portugal-sa\/#breadcrumb\"},\"inLanguage\":\"pt-PT\",\"potentialAction\":[{\"@type\":\"ReadAction\",\"target\":[\"https:\/\/www.atelierdocaractere.pt\/brevemente\/hugo-barbosa-e-o-novo-diretor-de-comunicacao-da-renault-portugal-sa\/\"]}]},{\"@type\":\"BreadcrumbList\",\"@id\":\"https:\/\/www.atelierdocaractere.pt\/brevemente\/hugo-barbosa-e-o-novo-diretor-de-comunicacao-da-renault-portugal-sa\/#breadcrumb\",\"itemListElement\":[{\"@type\":\"ListItem\",\"position\":1,\"name\":\"In\u00edcio\",\"item\":\"https:\/\/www.atelierdocaractere.pt\/brevemente\/\"},{\"@type\":\"ListItem\",\"position\":2,\"name\":\"Hugo Barbosa \u00e9 o novo diretor de comunica\u00e7\u00e3o da Renault Portugal SA\"}]},{\"@type\":\"WebSite\",\"@id\":\"https:\/\/www.atelierdocaractere.pt\/brevemente\/#website\",\"url\":\"https:\/\/www.atelierdocaractere.pt\/brevemente\/\",\"name\":\"Atelier do Caractere\",\"description\":\"\",\"potentialAction\":[{\"@type\":\"SearchAction\",\"target\":{\"@type\":\"EntryPoint\",\"urlTemplate\":\"https:\/\/www.atelierdocaractere.pt\/brevemente\/?s={search_term_string}\"},\"query-input\":\"required name=search_term_string\"}],\"inLanguage\":\"pt-PT\"},{\"@type\":\"Person\",\"@id\":\"https:\/\/www.atelierdocaractere.pt\/brevemente\/#\/schema\/person\/9cbfe9364f1f340a0e67c62563053c6e\",\"name\":\"editor@atelierdocaractere\",\"image\":{\"@type\":\"ImageObject\",\"inLanguage\":\"pt-PT\",\"@id\":\"https:\/\/www.atelierdocaractere.pt\/brevemente\/#\/schema\/person\/image\/\",\"url\":\"https:\/\/secure.gravatar.com\/avatar\/0fbdb8811d6ce6feb06d4d626953d952?s=96&d=mm&r=g\",\"contentUrl\":\"https:\/\/secure.gravatar.com\/avatar\/0fbdb8811d6ce6feb06d4d626953d952?s=96&d=mm&r=g\",\"caption\":\"editor@atelierdocaractere\"},\"url\":\"https:\/\/www.atelierdocaractere.pt\/brevemente\/author\/editoratelierdocaractere\/\"}]}<\/script>\n<!-- \/ Yoast SEO plugin. -->","yoast_head_json":{"title":"Hugo Barbosa \u00e9 o novo diretor de comunica\u00e7\u00e3o da Renault Portugal SA - Atelier do Caractere","robots":{"index":"index","follow":"follow","max-snippet":"max-snippet:-1","max-image-preview":"max-image-preview:large","max-video-preview":"max-video-preview:-1"},"canonical":"https:\/\/www.atelierdocaractere.pt\/brevemente\/hugo-barbosa-e-o-novo-diretor-de-comunicacao-da-renault-portugal-sa\/","og_locale":"pt_PT","og_type":"article","og_title":"Hugo Barbosa \u00e9 o novo diretor de comunica\u00e7\u00e3o da Renault Portugal SA - Atelier do Caractere","og_description":"Desde 2017 no Grupo Renault, Hugo Barbosa \u00e9 o novo diretor de comunica\u00e7\u00e3o da Renault Portugal, SA. Com 50 anos...","og_url":"https:\/\/www.atelierdocaractere.pt\/brevemente\/hugo-barbosa-e-o-novo-diretor-de-comunicacao-da-renault-portugal-sa\/","og_site_name":"Atelier do Caractere","article_publisher":"https:\/\/www.facebook.com\/AtelierdoCaractere","article_published_time":"2022-06-01T11:29:37+00:00","article_modified_time":"2022-06-02T11:20:33+00:00","og_image":[{"width":1980,"height":1321,"url":"http:\/\/www.atelierdocaractere.pt\/wp-content\/uploads\/2022\/06\/7500701.jpg","type":"image\/jpeg"}],"author":"editor@atelierdocaractere","twitter_card":"summary_large_image","twitter_misc":{"Escrito por":"editor@atelierdocaractere","Tempo estimado de leitura":"2 minutos"},"schema":{"@context":"https:\/\/schema.org","@graph":[{"@type":"WebPage","@id":"https:\/\/www.atelierdocaractere.pt\/brevemente\/hugo-barbosa-e-o-novo-diretor-de-comunicacao-da-renault-portugal-sa\/","url":"https:\/\/www.atelierdocaractere.pt\/brevemente\/hugo-barbosa-e-o-novo-diretor-de-comunicacao-da-renault-portugal-sa\/","name":"Hugo Barbosa \u00e9 o novo diretor de comunica\u00e7\u00e3o da Renault Portugal SA - Atelier do Caractere","isPartOf":{"@id":"https:\/\/www.atelierdocaractere.pt\/brevemente\/#website"},"datePublished":"2022-06-01T11:29:37+00:00","dateModified":"2022-06-02T11:20:33+00:00","author":{"@id":"https:\/\/www.atelierdocaractere.pt\/brevemente\/#\/schema\/person\/9cbfe9364f1f340a0e67c62563053c6e"},"breadcrumb":{"@id":"https:\/\/www.atelierdocaractere.pt\/brevemente\/hugo-barbosa-e-o-novo-diretor-de-comunicacao-da-renault-portugal-sa\/#breadcrumb"},"inLanguage":"pt-PT","potentialAction":[{"@type":"ReadAction","target":["https:\/\/www.atelierdocaractere.pt\/brevemente\/hugo-barbosa-e-o-novo-diretor-de-comunicacao-da-renault-portugal-sa\/"]}]},{"@type":"BreadcrumbList","@id":"https:\/\/www.atelierdocaractere.pt\/brevemente\/hugo-barbosa-e-o-novo-diretor-de-comunicacao-da-renault-portugal-sa\/#breadcrumb","itemListElement":[{"@type":"ListItem","position":1,"name":"In\u00edcio","item":"https:\/\/www.atelierdocaractere.pt\/brevemente\/"},{"@type":"ListItem","position":2,"name":"Hugo Barbosa \u00e9 o novo diretor de comunica\u00e7\u00e3o da Renault Portugal SA"}]},{"@type":"WebSite","@id":"https:\/\/www.atelierdocaractere.pt\/brevemente\/#website","url":"https:\/\/www.atelierdocaractere.pt\/brevemente\/","name":"Atelier do Caractere","description":"","potentialAction":[{"@type":"SearchAction","target":{"@type":"EntryPoint","urlTemplate":"https:\/\/www.atelierdocaractere.pt\/brevemente\/?s={search_term_string}"},"query-input":"required name=search_term_string"}],"inLanguage":"pt-PT"},{"@type":"Person","@id":"https:\/\/www.atelierdocaractere.pt\/brevemente\/#\/schema\/person\/9cbfe9364f1f340a0e67c62563053c6e","name":"editor@atelierdocaractere","image":{"@type":"ImageObject","inLanguage":"pt-PT","@id":"https:\/\/www.atelierdocaractere.pt\/brevemente\/#\/schema\/person\/image\/","url":"https:\/\/secure.gravatar.com\/avatar\/0fbdb8811d6ce6feb06d4d626953d952?s=96&d=mm&r=g","contentUrl":"https:\/\/secure.gravatar.com\/avatar\/0fbdb8811d6ce6feb06d4d626953d952?s=96&d=mm&r=g","caption":"editor@atelierdocaractere"},"url":"https:\/\/www.atelierdocaractere.pt\/brevemente\/author\/editoratelierdocaractere\/"}]}},"_links":{"self":[{"href":"https:\/\/www.atelierdocaractere.pt\/brevemente\/wp-json\/wp\/v2\/posts\/11034"}],"collection":[{"href":"https:\/\/www.atelierdocaractere.pt\/brevemente\/wp-json\/wp\/v2\/posts"}],"about":[{"href":"https:\/\/www.atelierdocaractere.pt\/brevemente\/wp-json\/wp\/v2\/types\/post"}],"author":[{"embeddable":true,"href":"https:\/\/www.atelierdocaractere.pt\/brevemente\/wp-json\/wp\/v2\/users\/2"}],"replies":[{"embeddable":true,"href":"https:\/\/www.atelierdocaractere.pt\/brevemente\/wp-json\/wp\/v2\/comments?post=11034"}],"version-history":[{"count":1,"href":"https:\/\/www.atelierdocaractere.pt\/brevemente\/wp-json\/wp\/v2\/posts\/11034\/revisions"}],"predecessor-version":[{"id":11036,"href":"https:\/\/www.atelierdocaractere.pt\/brevemente\/wp-json\/wp\/v2\/posts\/11034\/revisions\/11036"}],"wp:featuredmedia":[{"embeddable":true,"href":"https:\/\/www.atelierdocaractere.pt\/brevemente\/wp-json\/wp\/v2\/media\/11035"}],"wp:attachment":[{"href":"https:\/\/www.atelierdocaractere.pt\/brevemente\/wp-json\/wp\/v2\/media?parent=11034"}],"wp:term":[{"taxonomy":"category","embeddable":true,"href":"https:\/\/www.atelierdocaractere.pt\/brevemente\/wp-json\/wp\/v2\/categories?post=11034"},{"taxonomy":"post_tag","embeddable":true,"href":"https:\/\/www.atelierdocaractere.pt\/brevemente\/wp-json\/wp\/v2\/tags?post=11034"}],"curies":[{"name":"wp","href":"https:\/\/api.w.org\/{rel}","templated":true}]}}