{"id":11092,"date":"2022-07-03T08:43:59","date_gmt":"2022-07-03T08:43:59","guid":{"rendered":"https:\/\/www.atelierdocaractere.pt\/brevemente\/?p=11092"},"modified":"2022-07-05T08:44:23","modified_gmt":"2022-07-05T08:44:23","slug":"glex-summit-debate-sobre-o-futuro-da-economia-espacial-foi-ignicao-para-a-cimeira-que-arranca-esta-segunda-feira-nos-acores","status":"publish","type":"post","link":"https:\/\/www.atelierdocaractere.pt\/brevemente\/glex-summit-debate-sobre-o-futuro-da-economia-espacial-foi-ignicao-para-a-cimeira-que-arranca-esta-segunda-feira-nos-acores\/","title":{"rendered":"GLEX Summit: Debate sobre o futuro da economia espacial foi igni\u00e7\u00e3o\u00a0para a cimeira que arranca esta segunda-feira nos A\u00e7ores"},"content":{"rendered":"\n<figure class=\"wp-block-image size-large\"><img decoding=\"async\" width=\"1024\" height=\"681\" src=\"https:\/\/www.atelierdocaractere.pt\/wp-content\/uploads\/2022\/07\/glex-ignition-03-1024x681.jpg\" alt=\"\" class=\"wp-image-11093\" srcset=\"https:\/\/www.atelierdocaractere.pt\/wp-content\/uploads\/2022\/07\/glex-ignition-03-1024x681.jpg 1024w, https:\/\/www.atelierdocaractere.pt\/wp-content\/uploads\/2022\/07\/glex-ignition-03-300x200.jpg 300w, https:\/\/www.atelierdocaractere.pt\/wp-content\/uploads\/2022\/07\/glex-ignition-03-768x511.jpg 768w, https:\/\/www.atelierdocaractere.pt\/wp-content\/uploads\/2022\/07\/glex-ignition-03-900x600.jpg 900w, https:\/\/www.atelierdocaractere.pt\/wp-content\/uploads\/2022\/07\/glex-ignition-03-675x450.jpg 675w, https:\/\/www.atelierdocaractere.pt\/wp-content\/uploads\/2022\/07\/glex-ignition-03.jpg 1500w\" sizes=\"(max-width: 1024px) 100vw, 1024px\" \/><\/figure>\n\n\n\n<p><strong>As pr\u00f3ximas miss\u00f5es da NASA \u00e0 Lua e a V\u00e9nus, a constru\u00e7\u00e3o da primeira esta\u00e7\u00e3o espacial privada pela Axiom Space, os sat\u00e9lites portugueses da GeoSat que est\u00e3o a monitorizar o planeta e as experi\u00eancias laboratoriais realizadas em microgravidade foram alguns dos temas abordados na GLEX Ignition. Uma sess\u00e3o que contou com a participa\u00e7\u00e3o do Ministro da Economia, Ant\u00f3nio Costa Silva, e que antecipou o arranque da maior cimeira de exploradores do mundo, juntando mais de 200 especialistas nacionais e internacionais na Gare Mar\u00edtima de Alc\u00e2ntara.<\/strong><\/p>\n\n\n\n<p>Transmitida em live streaming para todo o mundo, a partir da Gare Mar\u00edtima de Alc\u00e2ntara, a GLEX Ignition juntou, em Lisboa, alguns dos principais players da ind\u00fastria espacial e da explora\u00e7\u00e3o cient\u00edfica, numa sess\u00e3o inteiramente dedicada ao futuro da explora\u00e7\u00e3o e da economia espacial, em jeito de prel\u00fadio ao programa GLEX Summit 2022, que os A\u00e7ores acolhem a partir desta segunda-feira e at\u00e9 ao pr\u00f3ximo dia 7.<\/p>\n\n\n\n<p>A sess\u00e3o, realizada em parceria com a Ag\u00eancia Espacial Portuguesa e em colabora\u00e7\u00e3o com a International Space University, lan\u00e7ou perguntas, mas tamb\u00e9m respostas sobre o nosso futuro e deixou uma mensagem clara: precisamos de cuidar do nosso planeta, enquanto tentamos descobrir solu\u00e7\u00f5es para a nossa perman\u00eancia no espa\u00e7o.<\/p>\n\n\n\n<p>O Ministro da Economia, Ant\u00f3nio Costa Silva, abriu a sess\u00e3o e deu o mote a esta ideia: \u201c<strong>Estamos a destruir a biodiversidade do planeta e insistimos em repetir os mesmos erros. A intera\u00e7\u00e3o entre o espa\u00e7o e os oceanos \u00e9 fundamental para combatermos a crise clim\u00e1tica e anteciparmos decis\u00f5es futuras. Precisamos de novas ideias, de novas tecnologias, mas tamb\u00e9m de novas pol\u00edticas p\u00fablicas para salvarmos o planeta<\/strong>\u201d.<\/p>\n\n\n\n<p>Dos oceanos terrestres para os oceanos c\u00f3smicos, James Garvin, cientista-chefe da NASA e precursor da explora\u00e7\u00e3o em Marte, recorreu ao legado de Fern\u00e3o Magalh\u00e3es para lembrar que, como exploradores, \u201c<strong>estamos perto de ver coisas que nunca imaginamos ver<\/strong>\u201d. Dando como exemplo o novo telesc\u00f3pio espacial James Webb, que a NASA desenvolveu ao longo dos \u00faltimos 20 anos, James Garvin acredita que \u201c<strong>vamos agora conseguir ver melhor, maior e ainda mais longe<\/strong>\u201d.<\/p>\n\n\n\n<p>Mas n\u00e3o s\u00f3. Com o recurso a novas ferramentas e tecnologias, James Garvin acredita que as novas miss\u00f5es \u00e0 Lua e a V\u00e9nus v\u00e3o fornecer resultados mais precisos, abrindo novas portas \u00e0 compreens\u00e3o do nosso universo. \u201c<strong>Usando estas novas ferramentas, vamos tentar descobrir onde estiveram e porque desapareceram os oceanos de V\u00e9nus. Seriam iguais aos que temos hoje na Terra? E ser\u00e1 o nosso futuro igual ao presente de V\u00e9nus?<\/strong>\u201d<\/p>\n\n\n\n<p><strong>As perspetivas para a economia espacial<\/strong><\/p>\n\n\n\n<p>A par da explora\u00e7\u00e3o cient\u00edfica, tamb\u00e9m a economia espacial parece estar a desenvolver-se a um ritmo nunca visto, sobretudo ap\u00f3s o aparecimento de empresas privadas como a SpaceX ou a Axiom Space. \u201c<strong>\u00c9 uma ind\u00fastria que est\u00e1 a desenvolver-se rapidamente e a ligar-se a outros setores da economia<\/strong>\u201d, admite Pascal Ehrenfreund, presidente da Internacional Space University.<\/p>\n\n\n\n<p>\u201c<strong>Por for\u00e7a do pioneirismo destas empresas, ir hoje ao espa\u00e7o tem custos muito mais reduzidos, embora existam aqui raz\u00f5es comerciais<\/strong>\u201d, destaca, por sua vez, Raphael Roettgen, investidor e s\u00f3cio-gerente da EM2C Ventures.&nbsp;<strong>\u201cEstamos a dar um passo em dire\u00e7\u00e3o ao futuro e a constru\u00e7\u00e3o da primeira esta\u00e7\u00e3o espacial privada \u00e9 disso um exemplo, at\u00e9 porque ningu\u00e9m parece estar a planear substituir a atual ISS\u201d<\/strong>, afirma Michael L\u00f3pez-Alegr\u00eda, antigo astronauta da NASA e atual vice-presidente da Axiom Space.<\/p>\n\n\n\n<p>\u201c<strong>\u00c9 verdade que o espa\u00e7o ainda n\u00e3o \u00e9 acess\u00edvel a todos. Mas um dia ser\u00e1 acess\u00edvel a muito mais gente, tal como aconteceu na hist\u00f3ria da avia\u00e7\u00e3o comercial<\/strong>\u201d, refor\u00e7a L\u00f3pez-Alegr\u00eda que, em abril passado, comandou a primeira miss\u00e3o totalmente privada \u00e0 Esta\u00e7\u00e3o Espacial Internacional.<\/p>\n\n\n\n<p><strong>Dos sat\u00e9lites portugueses \u00e0s experi\u00eancias em microgravidade<\/strong><\/p>\n\n\n\n<p>A GLEX Ignition deu ainda a conhecer a nova gera\u00e7\u00e3o de sat\u00e9lites da portuguesa GeoSat, uma das \u00fanicas duas empresas na Europa a operar neste mercado. \u201c<strong>S\u00e3o sat\u00e9lites de grande resolu\u00e7\u00e3o e que permitem observar a Terra de uma outra perspetiva, sendo utilizados para v\u00e1rios fins, desde a agricultura ao tr\u00e1fego mar\u00edtimo, passando pelos fogos florestais, a ajuda humanit\u00e1ria, a seguran\u00e7a e tamb\u00e9m a defesa<\/strong>\u201d, enumerou Francisco Vilhena da Cunha, CEO da GeoSat.<\/p>\n\n\n\n<p>Noutra perspetiva, foi ainda apresentada&nbsp;a Zero G Fligths, empresa norte-americana que foi pioneira na realiza\u00e7\u00e3o de voos parab\u00f3licos e que, desde a sua cria\u00e7\u00e3o, em 2004, j\u00e1 proporcionou esta experi\u00eancia a mais de 7 mil passageiros, incluindo alguns nomes famosos, como Stephen Hawking, Elon Musk, Jeff Bezos, Richard Branson ou Martha Stewart. \u201c<strong>N\u00e3o \u00e9 uma simula\u00e7\u00e3o, \u00e9 mesmo real. Durante 8 ou 9 minutos, sentimos o que \u00e9 estar no espa\u00e7o<\/strong>.&nbsp;<strong>\u00c9 uma experi\u00eancia \u00fanica, surreal\u201d<\/strong>, garante Matt Ghod, CEO da Zero G.<\/p>\n\n\n\n<p>Al\u00e9m de clientes privados, a empresa realiza tamb\u00e9m voos educacionais, disponibilizando ainda tr\u00eas a quatro voos por ano para a realiza\u00e7\u00e3o de pesquisas e testes laboratoriais em microgravidade. Num desses voos, foi impressa a estrutura do primeiro cora\u00e7\u00e3o 3D em gravidade zero.<\/p>\n\n\n\n<p>A&nbsp;<strong>GLEX Summit<\/strong>&nbsp;\u00e9 uma organiza\u00e7\u00e3o conjunta da Expanding World e do The Explorers Club of New York, com os apoios do Governo dos A\u00e7ores e do Turismo de Portugal, e em parceria com a Ag\u00eancia Espacial Portuguesa \u2013 Portugal Space, Estrutura de Miss\u00e3o do V Centen\u00e1rio da Primeira Circum-Navega\u00e7\u00e3o, Axiom Space e Lexus.<\/p>\n","protected":false},"excerpt":{"rendered":"<p>As pr\u00f3ximas miss\u00f5es da NASA \u00e0 Lua e a V\u00e9nus, a constru\u00e7\u00e3o da primeira esta\u00e7\u00e3o espacial privada pela Axiom Space,&#8230;<\/p>\n","protected":false},"author":2,"featured_media":11094,"comment_status":"closed","ping_status":"open","sticky":false,"template":"","format":"standard","meta":[],"categories":[451],"tags":[446],"yoast_head":"<!-- This site is optimized with the Yoast SEO plugin v20.12 - https:\/\/yoast.com\/wordpress\/plugins\/seo\/ -->\n<title>GLEX Summit: Debate sobre o futuro da economia espacial foi igni\u00e7\u00e3o\u00a0para a cimeira que arranca esta segunda-feira nos A\u00e7ores - Atelier do Caractere<\/title>\n<meta name=\"description\" content=\"As pr\u00f3ximas miss\u00f5es da NASA \u00e0 Lua e a V\u00e9nus, a constru\u00e7\u00e3o da primeira esta\u00e7\u00e3o espacial privada pela Axiom Space, os sat\u00e9lites portugueses da GeoSat que est\u00e3o a monitorizar o planeta e as experi\u00eancias laboratoriais realizadas em microgravidade foram alguns dos temas abordados na GLEX Ignition. Uma sess\u00e3o que contou com a participa\u00e7\u00e3o do Ministro da Economia, Ant\u00f3nio Costa Silva, e que antecipou o arranque da maior cimeira de exploradores do mundo, juntando mais de 200 especialistas nacionais e internacionais na Gare Mar\u00edtima de Alc\u00e2ntara.\" \/>\n<meta name=\"robots\" content=\"index, follow, max-snippet:-1, max-image-preview:large, max-video-preview:-1\" \/>\n<link rel=\"canonical\" href=\"https:\/\/www.atelierdocaractere.pt\/brevemente\/glex-summit-debate-sobre-o-futuro-da-economia-espacial-foi-ignicao-para-a-cimeira-que-arranca-esta-segunda-feira-nos-acores\/\" \/>\n<meta property=\"og:locale\" content=\"pt_PT\" \/>\n<meta property=\"og:type\" content=\"article\" \/>\n<meta property=\"og:title\" content=\"GLEX Summit: Debate sobre o futuro da economia espacial foi igni\u00e7\u00e3o\u00a0para a cimeira que arranca esta segunda-feira nos A\u00e7ores - Atelier do Caractere\" \/>\n<meta property=\"og:description\" content=\"As pr\u00f3ximas miss\u00f5es da NASA \u00e0 Lua e a V\u00e9nus, a constru\u00e7\u00e3o da primeira esta\u00e7\u00e3o espacial privada pela Axiom Space, os sat\u00e9lites portugueses da GeoSat que est\u00e3o a monitorizar o planeta e as experi\u00eancias laboratoriais realizadas em microgravidade foram alguns dos temas abordados na GLEX Ignition. Uma sess\u00e3o que contou com a participa\u00e7\u00e3o do Ministro da Economia, Ant\u00f3nio Costa Silva, e que antecipou o arranque da maior cimeira de exploradores do mundo, juntando mais de 200 especialistas nacionais e internacionais na Gare Mar\u00edtima de Alc\u00e2ntara.\" \/>\n<meta property=\"og:url\" content=\"https:\/\/www.atelierdocaractere.pt\/brevemente\/glex-summit-debate-sobre-o-futuro-da-economia-espacial-foi-ignicao-para-a-cimeira-que-arranca-esta-segunda-feira-nos-acores\/\" \/>\n<meta property=\"og:site_name\" content=\"Atelier do Caractere\" \/>\n<meta property=\"article:publisher\" content=\"https:\/\/www.facebook.com\/AtelierdoCaractere\" \/>\n<meta property=\"article:published_time\" content=\"2022-07-03T08:43:59+00:00\" \/>\n<meta property=\"article:modified_time\" content=\"2022-07-05T08:44:23+00:00\" \/>\n<meta property=\"og:image\" content=\"http:\/\/www.atelierdocaractere.pt\/wp-content\/uploads\/2022\/07\/glex-ignition-matt-gohd-zerog-flights.jpg\" \/>\n\t<meta property=\"og:image:width\" content=\"1500\" \/>\n\t<meta property=\"og:image:height\" content=\"998\" \/>\n\t<meta property=\"og:image:type\" content=\"image\/jpeg\" \/>\n<meta name=\"author\" content=\"editor@atelierdocaractere\" \/>\n<meta name=\"twitter:card\" content=\"summary_large_image\" \/>\n<meta name=\"twitter:label1\" content=\"Escrito por\" \/>\n\t<meta name=\"twitter:data1\" content=\"editor@atelierdocaractere\" \/>\n\t<meta name=\"twitter:label2\" content=\"Tempo estimado de leitura\" \/>\n\t<meta name=\"twitter:data2\" content=\"5 minutos\" \/>\n<script type=\"application\/ld+json\" class=\"yoast-schema-graph\">{\"@context\":\"https:\/\/schema.org\",\"@graph\":[{\"@type\":\"WebPage\",\"@id\":\"https:\/\/www.atelierdocaractere.pt\/brevemente\/glex-summit-debate-sobre-o-futuro-da-economia-espacial-foi-ignicao-para-a-cimeira-que-arranca-esta-segunda-feira-nos-acores\/\",\"url\":\"https:\/\/www.atelierdocaractere.pt\/brevemente\/glex-summit-debate-sobre-o-futuro-da-economia-espacial-foi-ignicao-para-a-cimeira-que-arranca-esta-segunda-feira-nos-acores\/\",\"name\":\"GLEX Summit: Debate sobre o futuro da economia espacial foi igni\u00e7\u00e3o\u00a0para a cimeira que arranca esta segunda-feira nos A\u00e7ores - Atelier do Caractere\",\"isPartOf\":{\"@id\":\"https:\/\/www.atelierdocaractere.pt\/brevemente\/#website\"},\"datePublished\":\"2022-07-03T08:43:59+00:00\",\"dateModified\":\"2022-07-05T08:44:23+00:00\",\"author\":{\"@id\":\"https:\/\/www.atelierdocaractere.pt\/brevemente\/#\/schema\/person\/9cbfe9364f1f340a0e67c62563053c6e\"},\"description\":\"As pr\u00f3ximas miss\u00f5es da NASA \u00e0 Lua e a V\u00e9nus, a constru\u00e7\u00e3o da primeira esta\u00e7\u00e3o espacial privada pela Axiom Space, os sat\u00e9lites portugueses da GeoSat que est\u00e3o a monitorizar o planeta e as experi\u00eancias laboratoriais realizadas em microgravidade foram alguns dos temas abordados na GLEX Ignition. Uma sess\u00e3o que contou com a participa\u00e7\u00e3o do Ministro da Economia, Ant\u00f3nio Costa Silva, e que antecipou o arranque da maior cimeira de exploradores do mundo, juntando mais de 200 especialistas nacionais e internacionais na Gare Mar\u00edtima de Alc\u00e2ntara.\",\"breadcrumb\":{\"@id\":\"https:\/\/www.atelierdocaractere.pt\/brevemente\/glex-summit-debate-sobre-o-futuro-da-economia-espacial-foi-ignicao-para-a-cimeira-que-arranca-esta-segunda-feira-nos-acores\/#breadcrumb\"},\"inLanguage\":\"pt-PT\",\"potentialAction\":[{\"@type\":\"ReadAction\",\"target\":[\"https:\/\/www.atelierdocaractere.pt\/brevemente\/glex-summit-debate-sobre-o-futuro-da-economia-espacial-foi-ignicao-para-a-cimeira-que-arranca-esta-segunda-feira-nos-acores\/\"]}]},{\"@type\":\"BreadcrumbList\",\"@id\":\"https:\/\/www.atelierdocaractere.pt\/brevemente\/glex-summit-debate-sobre-o-futuro-da-economia-espacial-foi-ignicao-para-a-cimeira-que-arranca-esta-segunda-feira-nos-acores\/#breadcrumb\",\"itemListElement\":[{\"@type\":\"ListItem\",\"position\":1,\"name\":\"In\u00edcio\",\"item\":\"https:\/\/www.atelierdocaractere.pt\/brevemente\/\"},{\"@type\":\"ListItem\",\"position\":2,\"name\":\"GLEX Summit: Debate sobre o futuro da economia espacial foi igni\u00e7\u00e3o\u00a0para a cimeira que arranca esta segunda-feira nos A\u00e7ores\"}]},{\"@type\":\"WebSite\",\"@id\":\"https:\/\/www.atelierdocaractere.pt\/brevemente\/#website\",\"url\":\"https:\/\/www.atelierdocaractere.pt\/brevemente\/\",\"name\":\"Atelier do Caractere\",\"description\":\"\",\"potentialAction\":[{\"@type\":\"SearchAction\",\"target\":{\"@type\":\"EntryPoint\",\"urlTemplate\":\"https:\/\/www.atelierdocaractere.pt\/brevemente\/?s={search_term_string}\"},\"query-input\":\"required name=search_term_string\"}],\"inLanguage\":\"pt-PT\"},{\"@type\":\"Person\",\"@id\":\"https:\/\/www.atelierdocaractere.pt\/brevemente\/#\/schema\/person\/9cbfe9364f1f340a0e67c62563053c6e\",\"name\":\"editor@atelierdocaractere\",\"image\":{\"@type\":\"ImageObject\",\"inLanguage\":\"pt-PT\",\"@id\":\"https:\/\/www.atelierdocaractere.pt\/brevemente\/#\/schema\/person\/image\/\",\"url\":\"https:\/\/secure.gravatar.com\/avatar\/0fbdb8811d6ce6feb06d4d626953d952?s=96&d=mm&r=g\",\"contentUrl\":\"https:\/\/secure.gravatar.com\/avatar\/0fbdb8811d6ce6feb06d4d626953d952?s=96&d=mm&r=g\",\"caption\":\"editor@atelierdocaractere\"},\"url\":\"https:\/\/www.atelierdocaractere.pt\/brevemente\/author\/editoratelierdocaractere\/\"}]}<\/script>\n<!-- \/ Yoast SEO plugin. -->","yoast_head_json":{"title":"GLEX Summit: Debate sobre o futuro da economia espacial foi igni\u00e7\u00e3o\u00a0para a cimeira que arranca esta segunda-feira nos A\u00e7ores - Atelier do Caractere","description":"As pr\u00f3ximas miss\u00f5es da NASA \u00e0 Lua e a V\u00e9nus, a constru\u00e7\u00e3o da primeira esta\u00e7\u00e3o espacial privada pela Axiom Space, os sat\u00e9lites portugueses da GeoSat que est\u00e3o a monitorizar o planeta e as experi\u00eancias laboratoriais realizadas em microgravidade foram alguns dos temas abordados na GLEX Ignition. Uma sess\u00e3o que contou com a participa\u00e7\u00e3o do Ministro da Economia, Ant\u00f3nio Costa Silva, e que antecipou o arranque da maior cimeira de exploradores do mundo, juntando mais de 200 especialistas nacionais e internacionais na Gare Mar\u00edtima de Alc\u00e2ntara.","robots":{"index":"index","follow":"follow","max-snippet":"max-snippet:-1","max-image-preview":"max-image-preview:large","max-video-preview":"max-video-preview:-1"},"canonical":"https:\/\/www.atelierdocaractere.pt\/brevemente\/glex-summit-debate-sobre-o-futuro-da-economia-espacial-foi-ignicao-para-a-cimeira-que-arranca-esta-segunda-feira-nos-acores\/","og_locale":"pt_PT","og_type":"article","og_title":"GLEX Summit: Debate sobre o futuro da economia espacial foi igni\u00e7\u00e3o\u00a0para a cimeira que arranca esta segunda-feira nos A\u00e7ores - Atelier do Caractere","og_description":"As pr\u00f3ximas miss\u00f5es da NASA \u00e0 Lua e a V\u00e9nus, a constru\u00e7\u00e3o da primeira esta\u00e7\u00e3o espacial privada pela Axiom Space, os sat\u00e9lites portugueses da GeoSat que est\u00e3o a monitorizar o planeta e as experi\u00eancias laboratoriais realizadas em microgravidade foram alguns dos temas abordados na GLEX Ignition. Uma sess\u00e3o que contou com a participa\u00e7\u00e3o do Ministro da Economia, Ant\u00f3nio Costa Silva, e que antecipou o arranque da maior cimeira de exploradores do mundo, juntando mais de 200 especialistas nacionais e internacionais na Gare Mar\u00edtima de Alc\u00e2ntara.","og_url":"https:\/\/www.atelierdocaractere.pt\/brevemente\/glex-summit-debate-sobre-o-futuro-da-economia-espacial-foi-ignicao-para-a-cimeira-que-arranca-esta-segunda-feira-nos-acores\/","og_site_name":"Atelier do Caractere","article_publisher":"https:\/\/www.facebook.com\/AtelierdoCaractere","article_published_time":"2022-07-03T08:43:59+00:00","article_modified_time":"2022-07-05T08:44:23+00:00","og_image":[{"width":1500,"height":998,"url":"http:\/\/www.atelierdocaractere.pt\/wp-content\/uploads\/2022\/07\/glex-ignition-matt-gohd-zerog-flights.jpg","type":"image\/jpeg"}],"author":"editor@atelierdocaractere","twitter_card":"summary_large_image","twitter_misc":{"Escrito por":"editor@atelierdocaractere","Tempo estimado de leitura":"5 minutos"},"schema":{"@context":"https:\/\/schema.org","@graph":[{"@type":"WebPage","@id":"https:\/\/www.atelierdocaractere.pt\/brevemente\/glex-summit-debate-sobre-o-futuro-da-economia-espacial-foi-ignicao-para-a-cimeira-que-arranca-esta-segunda-feira-nos-acores\/","url":"https:\/\/www.atelierdocaractere.pt\/brevemente\/glex-summit-debate-sobre-o-futuro-da-economia-espacial-foi-ignicao-para-a-cimeira-que-arranca-esta-segunda-feira-nos-acores\/","name":"GLEX Summit: Debate sobre o futuro da economia espacial foi igni\u00e7\u00e3o\u00a0para a cimeira que arranca esta segunda-feira nos A\u00e7ores - Atelier do Caractere","isPartOf":{"@id":"https:\/\/www.atelierdocaractere.pt\/brevemente\/#website"},"datePublished":"2022-07-03T08:43:59+00:00","dateModified":"2022-07-05T08:44:23+00:00","author":{"@id":"https:\/\/www.atelierdocaractere.pt\/brevemente\/#\/schema\/person\/9cbfe9364f1f340a0e67c62563053c6e"},"description":"As pr\u00f3ximas miss\u00f5es da NASA \u00e0 Lua e a V\u00e9nus, a constru\u00e7\u00e3o da primeira esta\u00e7\u00e3o espacial privada pela Axiom Space, os sat\u00e9lites portugueses da GeoSat que est\u00e3o a monitorizar o planeta e as experi\u00eancias laboratoriais realizadas em microgravidade foram alguns dos temas abordados na GLEX Ignition. Uma sess\u00e3o que contou com a participa\u00e7\u00e3o do Ministro da Economia, Ant\u00f3nio Costa Silva, e que antecipou o arranque da maior cimeira de exploradores do mundo, juntando mais de 200 especialistas nacionais e internacionais na Gare Mar\u00edtima de Alc\u00e2ntara.","breadcrumb":{"@id":"https:\/\/www.atelierdocaractere.pt\/brevemente\/glex-summit-debate-sobre-o-futuro-da-economia-espacial-foi-ignicao-para-a-cimeira-que-arranca-esta-segunda-feira-nos-acores\/#breadcrumb"},"inLanguage":"pt-PT","potentialAction":[{"@type":"ReadAction","target":["https:\/\/www.atelierdocaractere.pt\/brevemente\/glex-summit-debate-sobre-o-futuro-da-economia-espacial-foi-ignicao-para-a-cimeira-que-arranca-esta-segunda-feira-nos-acores\/"]}]},{"@type":"BreadcrumbList","@id":"https:\/\/www.atelierdocaractere.pt\/brevemente\/glex-summit-debate-sobre-o-futuro-da-economia-espacial-foi-ignicao-para-a-cimeira-que-arranca-esta-segunda-feira-nos-acores\/#breadcrumb","itemListElement":[{"@type":"ListItem","position":1,"name":"In\u00edcio","item":"https:\/\/www.atelierdocaractere.pt\/brevemente\/"},{"@type":"ListItem","position":2,"name":"GLEX Summit: Debate sobre o futuro da economia espacial foi igni\u00e7\u00e3o\u00a0para a cimeira que arranca esta segunda-feira nos A\u00e7ores"}]},{"@type":"WebSite","@id":"https:\/\/www.atelierdocaractere.pt\/brevemente\/#website","url":"https:\/\/www.atelierdocaractere.pt\/brevemente\/","name":"Atelier do Caractere","description":"","potentialAction":[{"@type":"SearchAction","target":{"@type":"EntryPoint","urlTemplate":"https:\/\/www.atelierdocaractere.pt\/brevemente\/?s={search_term_string}"},"query-input":"required name=search_term_string"}],"inLanguage":"pt-PT"},{"@type":"Person","@id":"https:\/\/www.atelierdocaractere.pt\/brevemente\/#\/schema\/person\/9cbfe9364f1f340a0e67c62563053c6e","name":"editor@atelierdocaractere","image":{"@type":"ImageObject","inLanguage":"pt-PT","@id":"https:\/\/www.atelierdocaractere.pt\/brevemente\/#\/schema\/person\/image\/","url":"https:\/\/secure.gravatar.com\/avatar\/0fbdb8811d6ce6feb06d4d626953d952?s=96&d=mm&r=g","contentUrl":"https:\/\/secure.gravatar.com\/avatar\/0fbdb8811d6ce6feb06d4d626953d952?s=96&d=mm&r=g","caption":"editor@atelierdocaractere"},"url":"https:\/\/www.atelierdocaractere.pt\/brevemente\/author\/editoratelierdocaractere\/"}]}},"_links":{"self":[{"href":"https:\/\/www.atelierdocaractere.pt\/brevemente\/wp-json\/wp\/v2\/posts\/11092"}],"collection":[{"href":"https:\/\/www.atelierdocaractere.pt\/brevemente\/wp-json\/wp\/v2\/posts"}],"about":[{"href":"https:\/\/www.atelierdocaractere.pt\/brevemente\/wp-json\/wp\/v2\/types\/post"}],"author":[{"embeddable":true,"href":"https:\/\/www.atelierdocaractere.pt\/brevemente\/wp-json\/wp\/v2\/users\/2"}],"replies":[{"embeddable":true,"href":"https:\/\/www.atelierdocaractere.pt\/brevemente\/wp-json\/wp\/v2\/comments?post=11092"}],"version-history":[{"count":1,"href":"https:\/\/www.atelierdocaractere.pt\/brevemente\/wp-json\/wp\/v2\/posts\/11092\/revisions"}],"predecessor-version":[{"id":11095,"href":"https:\/\/www.atelierdocaractere.pt\/brevemente\/wp-json\/wp\/v2\/posts\/11092\/revisions\/11095"}],"wp:featuredmedia":[{"embeddable":true,"href":"https:\/\/www.atelierdocaractere.pt\/brevemente\/wp-json\/wp\/v2\/media\/11094"}],"wp:attachment":[{"href":"https:\/\/www.atelierdocaractere.pt\/brevemente\/wp-json\/wp\/v2\/media?parent=11092"}],"wp:term":[{"taxonomy":"category","embeddable":true,"href":"https:\/\/www.atelierdocaractere.pt\/brevemente\/wp-json\/wp\/v2\/categories?post=11092"},{"taxonomy":"post_tag","embeddable":true,"href":"https:\/\/www.atelierdocaractere.pt\/brevemente\/wp-json\/wp\/v2\/tags?post=11092"}],"curies":[{"name":"wp","href":"https:\/\/api.w.org\/{rel}","templated":true}]}}