{"id":11101,"date":"2022-06-06T12:33:37","date_gmt":"2022-06-06T12:33:37","guid":{"rendered":"https:\/\/www.atelierdocaractere.pt\/brevemente\/?p=11101"},"modified":"2022-07-05T09:34:10","modified_gmt":"2022-07-05T09:34:10","slug":"glex-summit-traz-em-julho-aos-acores-a-elite-dos-exploradores-mundiais","status":"publish","type":"post","link":"https:\/\/www.atelierdocaractere.pt\/brevemente\/glex-summit-traz-em-julho-aos-acores-a-elite-dos-exploradores-mundiais\/","title":{"rendered":"GLEX Summit traz em julho aos A\u00e7ores a elite dos exploradores mundiais"},"content":{"rendered":"\n<figure class=\"wp-block-image size-large\"><img decoding=\"async\" width=\"1024\" height=\"660\" src=\"https:\/\/www.atelierdocaractere.pt\/wp-content\/uploads\/2022\/07\/glex-summit-borge-ousland-1024x660.jpg\" alt=\"\" class=\"wp-image-11102\" srcset=\"https:\/\/www.atelierdocaractere.pt\/wp-content\/uploads\/2022\/07\/glex-summit-borge-ousland-1024x660.jpg 1024w, https:\/\/www.atelierdocaractere.pt\/wp-content\/uploads\/2022\/07\/glex-summit-borge-ousland-300x193.jpg 300w, https:\/\/www.atelierdocaractere.pt\/wp-content\/uploads\/2022\/07\/glex-summit-borge-ousland-768x495.jpg 768w, https:\/\/www.atelierdocaractere.pt\/wp-content\/uploads\/2022\/07\/glex-summit-borge-ousland.jpg 1280w\" sizes=\"(max-width: 1024px) 100vw, 1024px\" \/><\/figure>\n\n\n\n<p><strong><em>O Teatro Micaelense, em Ponta Delgada, nos A\u00e7ores, ser\u00e1 este ano o palco principal da GLEX Summit e o ponto de encontro dos maiores e mais inspiradores exploradores, cientistas e investigadores de todo o mundo. O programa, que decorre entre os dias 4 a 7 de julho, inclui mais de 40 pain\u00e9is de apresenta\u00e7\u00e3o, com temas que v\u00e3o desde a explora\u00e7\u00e3o espacial, \u00e0 conserva\u00e7\u00e3o da natureza e prote\u00e7\u00e3o da vida selvagem, \u00e0s altera\u00e7\u00f5es clim\u00e1ticas e \u00e0 biotecnologia, aos oceanos e vulc\u00f5es e at\u00e9 \u00e0 engenharia gen\u00e9tica e tecnologia reprodutiva. Os primeiros oradores j\u00e1 s\u00e3o conhecidos.<\/em><\/strong><\/p>\n\n\n\n<p>Da ressurrei\u00e7\u00e3o de mamutes extintos h\u00e1 4 mil anos, aos vulc\u00f5es ativos a milhares de milh\u00f5es de quil\u00f3metros da Terra, das viagens comerciais que est\u00e3o a mudar o futuro da explora\u00e7\u00e3o espacial, \u00e0s expedi\u00e7\u00f5es mais solit\u00e1rias aos polos para documentar os efeitos do aquecimento global, a&nbsp;<strong>GLEX Summit<\/strong>&nbsp;est\u00e1 de volta a Portugal para partilhar as descobertas mais recentes e os projetos mais inovadores que est\u00e3o a revolucionar o mundo e a moldar o futuro da Humanidade.<\/p>\n\n\n\n<p>Organiza\u00e7\u00e3o conjunta da Expanding World (Portugal) e do The Explorers Club de Nova Iorque, a mais antiga e prestigiada agremia\u00e7\u00e3o de l\u00edderes da explora\u00e7\u00e3o do planeta, a&nbsp;<strong>GLEX Summit<\/strong>&nbsp;\u00e9 a maior cimeira de exploradores e investigadores do mundo e um palco de inspira\u00e7\u00e3o para a conquista de novos horizontes, seja em terra, nos oceanos mais profundos, ou nas fronteiras infinitas do espa\u00e7o.<\/p>\n\n\n\n<p>Depois de uma primeira edi\u00e7\u00e3o em Lisboa (2019) e de uma segunda (2021) que se dividiu pela capital portuguesa e o arquip\u00e9lago dos A\u00e7ores, a terceira edi\u00e7\u00e3o da&nbsp;<strong>Global Exploration Summit<\/strong>&nbsp;tem agora encontro marcado para a ilha de S\u00e3o Miguel, onde, entre os dias 4 a 7 de julho, o Teatro Micaelense, em Ponta Delgada, acolhe o programa integral desta edi\u00e7\u00e3o.<\/p>\n\n\n\n<p>O programa, cuja vers\u00e3o final ser\u00e1 divulgado no pr\u00f3ximo dia 10 de junho, em Nova Iorque, por ocasi\u00e3o da World Oceans Week, na sede do Explorers Club, incluir\u00e1 mais de 40 pain\u00e9is de apresenta\u00e7\u00e3o, divididos por quatro tem\u00e1ticas principais: Oceanos; Explora\u00e7\u00e3o Espacial; Conserva\u00e7\u00e3o da Natureza e Altera\u00e7\u00f5es Clim\u00e1ticas; e as Grandes Expedi\u00e7\u00f5es do nosso tempo.<\/p>\n\n\n\n<p>Celebrando uma mudan\u00e7a de \u00e9poca na explora\u00e7\u00e3o, \u201cWhat\u2019s Next?\u201d ser\u00e1 o lema desta edi\u00e7\u00e3o e o mote inspirador das v\u00e1rias sess\u00f5es, em que ser\u00e3o partilhadas as tecnologias e as inova\u00e7\u00f5es de ponta que est\u00e3o a abrir caminho a uma nova era da explora\u00e7\u00e3o.<\/p>\n\n\n\n<p>\u201cEste ano, na Global Exploration Summit, anunciamos uma nova e empolgante era para a explora\u00e7\u00e3o, onde iremos dar resposta a esta quest\u00e3o central\u201d, revelou Richard Garriott, presidente do Explorers Club.<\/p>\n\n\n\n<p>\u201cPortugal foi um dos grandes centros da explora\u00e7\u00e3o mundial durante anos, pelo que \u00e9 fant\u00e1stico poder regressar ao pa\u00eds dos grandes descobridores para partilhar o que se est\u00e1 a passar de novo no mundo da explora\u00e7\u00e3o\u201d, acrescentou.&nbsp;<\/p>\n\n\n\n<p>O atual presidente do Explorers Club e primeiro astronauta privado do mundo revelou, ainda, o entusiasmo de poder voltar aos A\u00e7ores, \u201co local mais bonito que j\u00e1 tive oportunidade de visitar \u00e0 superf\u00edcie da Terra\u201d.<\/p>\n\n\n\n<p><strong>As primeiras confirma\u00e7\u00f5es para os A\u00e7ores<\/strong><\/p>\n\n\n\n<p>Presentes nos A\u00e7ores estar\u00e3o mais de 50 exploradores, pioneiros, cientistas e investigadores dos cinco continentes, incluindo James B. Garvin, cientista-chefe da NASA para a explora\u00e7\u00e3o de Marte e atual l\u00edder da miss\u00e3o DAVINCI+ ao planeta V\u00e9nus.<\/p>\n\n\n\n<p>Tamb\u00e9m presentes estar\u00e3o Nicole Stott, veterana astronauta da NASA, Austin Gallagher, premiado bi\u00f3logo marinho, conhecido como o \u201crei dos tubar\u00f5es-tigre\u201d, e a astr\u00f3noma brasileira Rosaly Lopes, que descobriu o maior n\u00famero de vulc\u00f5es ativos no Universo e se dedica agora a investigar se ter\u00e1 havido vida em Tit\u00e3, lua de Saturno, que \u00e9 a segunda maior do Sistema Solar.<\/p>\n\n\n\n<p>Da \u00cdndia vem a conservacionista Onkuri Majumdar, que luta contra o tr\u00e1fico de animais selvagens no Sudeste Asi\u00e1tico e, de Portugal, o cientista Emanuel Gon\u00e7alves, investigador do Centro de Ci\u00eancias do Mar e do Ambiente, que ajudou a criar a estrat\u00e9gia nacional para o oceano portugu\u00eas.<\/p>\n\n\n\n<p>Destaque, ainda, para os cientistas Glen Gowers e Oliver Vince, que ap\u00f3s dois anos de trabalho de campo nos A\u00e7ores, apresentar\u00e3o a Basecamp Research, uma empresa de dados biol\u00f3gicos que est\u00e1 a revolucionar a descoberta de prote\u00ednas em ambientes naturais biodiversos.<\/p>\n\n\n\n<p>Uma das novidades da&nbsp;<strong>GLEX Summit 20022<\/strong>&nbsp;\u00e9 a estreia da sec\u00e7\u00e3o \u201cNovos Exploradores\u201d, que trar\u00e1 aos A\u00e7ores a nova gera\u00e7\u00e3o de exploradores mundiais. Ser\u00e1 um num dia totalmente dedicado ao \u201cEC50\u201d, um programa lan\u00e7ado pelo The Explorers Club para dar a conhecer o trabalho dos seus mais recentes membros e a forma como est\u00e3o a revolucionar o mundo da explora\u00e7\u00e3o, atrav\u00e9s do uso de novas e incr\u00edveis tecnologias.<\/p>\n\n\n\n<p>O leque de oradores inclui, ainda, Sian Proctor, a primeira astronauta comercial negra, que pilotou o primeiro voo espacial totalmente civil do mundo, da empresa SpaceX, o explorador polar noruegu\u00eas Borge Ousland, que fez a primeira travessia da Ant\u00e1rtida a solo e sem qualquer apoio, detendo ainda o recorde de viagem mais r\u00e1pida, sem suporte, para o P\u00f3lo Sul, em apenas 34 dias, e a astrobi\u00f3loga Natalie Cabrol, que estuda formas de vida microsc\u00f3pica em ambientes extremos do planeta, com o objetivo de perceber como poderia ser a vida em Marte h\u00e1 3.500 milh\u00f5es de anos.<\/p>\n\n\n\n<p>A&nbsp;<strong>GLEX Summit<\/strong>&nbsp;trar\u00e1 tamb\u00e9m aos A\u00e7ores o testemunho da Colossal Biosciences, empresa que se prop\u00f5e ressuscitar geneticamente popula\u00e7\u00f5es inteiras de mamutes, extintos h\u00e1 4.000 anos, devolvendo-as ao seu ecossistema original, nas tundras geladas da Sib\u00e9ria, no espa\u00e7o de quatro a seis anos.<\/p>\n\n\n\n<p>De acordo com Richard Garriott, presidente do Explorers Club, &#8220;este projeto revolucion\u00e1rio ser\u00e1 a ida \u00e0 Lua do s\u00e9culo XXI\u201d.<\/p>\n\n\n\n<p><strong>Bilhetes j\u00e1 est\u00e3o dispon\u00edveis<\/strong><\/p>\n\n\n\n<p>Os ingressos para a terceira edi\u00e7\u00e3o da GLEX Summit Portugal j\u00e1 est\u00e3o dispon\u00edveis para venda no website oficial do evento, em&nbsp;<a href=\"https:\/\/www.glexsummit.com\/\" target=\"_blank\" rel=\"noreferrer noopener\">https:\/\/www.glexsummit.com\/<\/a>.<\/p>\n\n\n\n<p>At\u00e9 18 de junho, podem ser adquiridos a pre\u00e7o promocional, em regime early bird. \u00c9 poss\u00edvel escolher entre tr\u00eas tipos de bilhete: geral (v\u00e1lido para todas as sess\u00f5es no Teatro Micaelense, em Ponta Delgada), di\u00e1rio ou apenas para uma sess\u00e3o (manh\u00e3 ou tarde).<\/p>\n\n\n\n<p>A&nbsp;<strong>GLEX Summit 2022<\/strong>&nbsp;\u00e9 uma organiza\u00e7\u00e3o conjunta da Expanding World e do The Explorers Club, com os apoios do Governo dos A\u00e7ores, Turismo de Portugal, Ag\u00eancia Espacial Portuguesa \u2013 Portugal Space e Estrutura de Miss\u00e3o do V Centen\u00e1rio da Primeira Viagem de Circum-Navega\u00e7\u00e3o.<\/p>\n","protected":false},"excerpt":{"rendered":"<p>O Teatro Micaelense, em Ponta Delgada, nos A\u00e7ores, ser\u00e1 este ano o palco principal da GLEX Summit e o ponto&#8230;<\/p>\n","protected":false},"author":2,"featured_media":11103,"comment_status":"closed","ping_status":"open","sticky":false,"template":"","format":"standard","meta":[],"categories":[451],"tags":[446],"yoast_head":"<!-- This site is optimized with the Yoast SEO plugin v20.12 - https:\/\/yoast.com\/wordpress\/plugins\/seo\/ -->\n<title>GLEX Summit traz em julho aos A\u00e7ores a elite dos exploradores mundiais - Atelier do Caractere<\/title>\n<meta name=\"description\" content=\"onto de encontro dos maiores e mais inspiradores exploradores, cientistas e investigadores de todo o mundo. O programa, que decorre entre os dias 4 a 7 de julho, inclui mais de 40 pain\u00e9is de apresenta\u00e7\u00e3o, com temas que v\u00e3o desde a explora\u00e7\u00e3o espacial, \u00e0 conserva\u00e7\u00e3o da natureza e prote\u00e7\u00e3o da vida selvagem, \u00e0s altera\u00e7\u00f5es clim\u00e1ticas e \u00e0 biotecnologia, aos oceanos e vulc\u00f5es e at\u00e9 \u00e0 engenharia gen\u00e9tica e tecnologia reprodutiva. Os primeiros oradores j\u00e1 s\u00e3o conhecidos.\" \/>\n<meta name=\"robots\" content=\"index, follow, max-snippet:-1, max-image-preview:large, max-video-preview:-1\" \/>\n<link rel=\"canonical\" href=\"https:\/\/www.atelierdocaractere.pt\/brevemente\/glex-summit-traz-em-julho-aos-acores-a-elite-dos-exploradores-mundiais\/\" \/>\n<meta property=\"og:locale\" content=\"pt_PT\" \/>\n<meta property=\"og:type\" content=\"article\" \/>\n<meta property=\"og:title\" content=\"GLEX Summit traz em julho aos A\u00e7ores a elite dos exploradores mundiais - Atelier do Caractere\" \/>\n<meta property=\"og:description\" content=\"onto de encontro dos maiores e mais inspiradores exploradores, cientistas e investigadores de todo o mundo. O programa, que decorre entre os dias 4 a 7 de julho, inclui mais de 40 pain\u00e9is de apresenta\u00e7\u00e3o, com temas que v\u00e3o desde a explora\u00e7\u00e3o espacial, \u00e0 conserva\u00e7\u00e3o da natureza e prote\u00e7\u00e3o da vida selvagem, \u00e0s altera\u00e7\u00f5es clim\u00e1ticas e \u00e0 biotecnologia, aos oceanos e vulc\u00f5es e at\u00e9 \u00e0 engenharia gen\u00e9tica e tecnologia reprodutiva. Os primeiros oradores j\u00e1 s\u00e3o conhecidos.\" \/>\n<meta property=\"og:url\" content=\"https:\/\/www.atelierdocaractere.pt\/brevemente\/glex-summit-traz-em-julho-aos-acores-a-elite-dos-exploradores-mundiais\/\" \/>\n<meta property=\"og:site_name\" content=\"Atelier do Caractere\" \/>\n<meta property=\"article:publisher\" content=\"https:\/\/www.facebook.com\/AtelierdoCaractere\" \/>\n<meta property=\"article:published_time\" content=\"2022-06-06T12:33:37+00:00\" \/>\n<meta property=\"article:modified_time\" content=\"2022-07-05T09:34:10+00:00\" \/>\n<meta property=\"og:image\" content=\"http:\/\/www.atelierdocaractere.pt\/wp-content\/uploads\/2022\/07\/glex-summit-2021-abertura-acores.jpg\" \/>\n\t<meta property=\"og:image:width\" content=\"2200\" \/>\n\t<meta property=\"og:image:height\" content=\"1464\" \/>\n\t<meta property=\"og:image:type\" content=\"image\/jpeg\" \/>\n<meta name=\"author\" content=\"editor@atelierdocaractere\" \/>\n<meta name=\"twitter:card\" content=\"summary_large_image\" \/>\n<meta name=\"twitter:label1\" content=\"Escrito por\" \/>\n\t<meta name=\"twitter:data1\" content=\"editor@atelierdocaractere\" \/>\n\t<meta name=\"twitter:label2\" content=\"Tempo estimado de leitura\" \/>\n\t<meta name=\"twitter:data2\" content=\"6 minutos\" \/>\n<script type=\"application\/ld+json\" class=\"yoast-schema-graph\">{\"@context\":\"https:\/\/schema.org\",\"@graph\":[{\"@type\":\"WebPage\",\"@id\":\"https:\/\/www.atelierdocaractere.pt\/brevemente\/glex-summit-traz-em-julho-aos-acores-a-elite-dos-exploradores-mundiais\/\",\"url\":\"https:\/\/www.atelierdocaractere.pt\/brevemente\/glex-summit-traz-em-julho-aos-acores-a-elite-dos-exploradores-mundiais\/\",\"name\":\"GLEX Summit traz em julho aos A\u00e7ores a elite dos exploradores mundiais - Atelier do Caractere\",\"isPartOf\":{\"@id\":\"https:\/\/www.atelierdocaractere.pt\/brevemente\/#website\"},\"datePublished\":\"2022-06-06T12:33:37+00:00\",\"dateModified\":\"2022-07-05T09:34:10+00:00\",\"author\":{\"@id\":\"https:\/\/www.atelierdocaractere.pt\/brevemente\/#\/schema\/person\/9cbfe9364f1f340a0e67c62563053c6e\"},\"description\":\"onto de encontro dos maiores e mais inspiradores exploradores, cientistas e investigadores de todo o mundo. O programa, que decorre entre os dias 4 a 7 de julho, inclui mais de 40 pain\u00e9is de apresenta\u00e7\u00e3o, com temas que v\u00e3o desde a explora\u00e7\u00e3o espacial, \u00e0 conserva\u00e7\u00e3o da natureza e prote\u00e7\u00e3o da vida selvagem, \u00e0s altera\u00e7\u00f5es clim\u00e1ticas e \u00e0 biotecnologia, aos oceanos e vulc\u00f5es e at\u00e9 \u00e0 engenharia gen\u00e9tica e tecnologia reprodutiva. Os primeiros oradores j\u00e1 s\u00e3o conhecidos.\",\"breadcrumb\":{\"@id\":\"https:\/\/www.atelierdocaractere.pt\/brevemente\/glex-summit-traz-em-julho-aos-acores-a-elite-dos-exploradores-mundiais\/#breadcrumb\"},\"inLanguage\":\"pt-PT\",\"potentialAction\":[{\"@type\":\"ReadAction\",\"target\":[\"https:\/\/www.atelierdocaractere.pt\/brevemente\/glex-summit-traz-em-julho-aos-acores-a-elite-dos-exploradores-mundiais\/\"]}]},{\"@type\":\"BreadcrumbList\",\"@id\":\"https:\/\/www.atelierdocaractere.pt\/brevemente\/glex-summit-traz-em-julho-aos-acores-a-elite-dos-exploradores-mundiais\/#breadcrumb\",\"itemListElement\":[{\"@type\":\"ListItem\",\"position\":1,\"name\":\"In\u00edcio\",\"item\":\"https:\/\/www.atelierdocaractere.pt\/brevemente\/\"},{\"@type\":\"ListItem\",\"position\":2,\"name\":\"GLEX Summit traz em julho aos A\u00e7ores a elite dos exploradores mundiais\"}]},{\"@type\":\"WebSite\",\"@id\":\"https:\/\/www.atelierdocaractere.pt\/brevemente\/#website\",\"url\":\"https:\/\/www.atelierdocaractere.pt\/brevemente\/\",\"name\":\"Atelier do Caractere\",\"description\":\"\",\"potentialAction\":[{\"@type\":\"SearchAction\",\"target\":{\"@type\":\"EntryPoint\",\"urlTemplate\":\"https:\/\/www.atelierdocaractere.pt\/brevemente\/?s={search_term_string}\"},\"query-input\":\"required name=search_term_string\"}],\"inLanguage\":\"pt-PT\"},{\"@type\":\"Person\",\"@id\":\"https:\/\/www.atelierdocaractere.pt\/brevemente\/#\/schema\/person\/9cbfe9364f1f340a0e67c62563053c6e\",\"name\":\"editor@atelierdocaractere\",\"image\":{\"@type\":\"ImageObject\",\"inLanguage\":\"pt-PT\",\"@id\":\"https:\/\/www.atelierdocaractere.pt\/brevemente\/#\/schema\/person\/image\/\",\"url\":\"https:\/\/secure.gravatar.com\/avatar\/0fbdb8811d6ce6feb06d4d626953d952?s=96&d=mm&r=g\",\"contentUrl\":\"https:\/\/secure.gravatar.com\/avatar\/0fbdb8811d6ce6feb06d4d626953d952?s=96&d=mm&r=g\",\"caption\":\"editor@atelierdocaractere\"},\"url\":\"https:\/\/www.atelierdocaractere.pt\/brevemente\/author\/editoratelierdocaractere\/\"}]}<\/script>\n<!-- \/ Yoast SEO plugin. -->","yoast_head_json":{"title":"GLEX Summit traz em julho aos A\u00e7ores a elite dos exploradores mundiais - Atelier do Caractere","description":"onto de encontro dos maiores e mais inspiradores exploradores, cientistas e investigadores de todo o mundo. O programa, que decorre entre os dias 4 a 7 de julho, inclui mais de 40 pain\u00e9is de apresenta\u00e7\u00e3o, com temas que v\u00e3o desde a explora\u00e7\u00e3o espacial, \u00e0 conserva\u00e7\u00e3o da natureza e prote\u00e7\u00e3o da vida selvagem, \u00e0s altera\u00e7\u00f5es clim\u00e1ticas e \u00e0 biotecnologia, aos oceanos e vulc\u00f5es e at\u00e9 \u00e0 engenharia gen\u00e9tica e tecnologia reprodutiva. Os primeiros oradores j\u00e1 s\u00e3o conhecidos.","robots":{"index":"index","follow":"follow","max-snippet":"max-snippet:-1","max-image-preview":"max-image-preview:large","max-video-preview":"max-video-preview:-1"},"canonical":"https:\/\/www.atelierdocaractere.pt\/brevemente\/glex-summit-traz-em-julho-aos-acores-a-elite-dos-exploradores-mundiais\/","og_locale":"pt_PT","og_type":"article","og_title":"GLEX Summit traz em julho aos A\u00e7ores a elite dos exploradores mundiais - Atelier do Caractere","og_description":"onto de encontro dos maiores e mais inspiradores exploradores, cientistas e investigadores de todo o mundo. O programa, que decorre entre os dias 4 a 7 de julho, inclui mais de 40 pain\u00e9is de apresenta\u00e7\u00e3o, com temas que v\u00e3o desde a explora\u00e7\u00e3o espacial, \u00e0 conserva\u00e7\u00e3o da natureza e prote\u00e7\u00e3o da vida selvagem, \u00e0s altera\u00e7\u00f5es clim\u00e1ticas e \u00e0 biotecnologia, aos oceanos e vulc\u00f5es e at\u00e9 \u00e0 engenharia gen\u00e9tica e tecnologia reprodutiva. Os primeiros oradores j\u00e1 s\u00e3o conhecidos.","og_url":"https:\/\/www.atelierdocaractere.pt\/brevemente\/glex-summit-traz-em-julho-aos-acores-a-elite-dos-exploradores-mundiais\/","og_site_name":"Atelier do Caractere","article_publisher":"https:\/\/www.facebook.com\/AtelierdoCaractere","article_published_time":"2022-06-06T12:33:37+00:00","article_modified_time":"2022-07-05T09:34:10+00:00","og_image":[{"width":2200,"height":1464,"url":"http:\/\/www.atelierdocaractere.pt\/wp-content\/uploads\/2022\/07\/glex-summit-2021-abertura-acores.jpg","type":"image\/jpeg"}],"author":"editor@atelierdocaractere","twitter_card":"summary_large_image","twitter_misc":{"Escrito por":"editor@atelierdocaractere","Tempo estimado de leitura":"6 minutos"},"schema":{"@context":"https:\/\/schema.org","@graph":[{"@type":"WebPage","@id":"https:\/\/www.atelierdocaractere.pt\/brevemente\/glex-summit-traz-em-julho-aos-acores-a-elite-dos-exploradores-mundiais\/","url":"https:\/\/www.atelierdocaractere.pt\/brevemente\/glex-summit-traz-em-julho-aos-acores-a-elite-dos-exploradores-mundiais\/","name":"GLEX Summit traz em julho aos A\u00e7ores a elite dos exploradores mundiais - Atelier do Caractere","isPartOf":{"@id":"https:\/\/www.atelierdocaractere.pt\/brevemente\/#website"},"datePublished":"2022-06-06T12:33:37+00:00","dateModified":"2022-07-05T09:34:10+00:00","author":{"@id":"https:\/\/www.atelierdocaractere.pt\/brevemente\/#\/schema\/person\/9cbfe9364f1f340a0e67c62563053c6e"},"description":"onto de encontro dos maiores e mais inspiradores exploradores, cientistas e investigadores de todo o mundo. O programa, que decorre entre os dias 4 a 7 de julho, inclui mais de 40 pain\u00e9is de apresenta\u00e7\u00e3o, com temas que v\u00e3o desde a explora\u00e7\u00e3o espacial, \u00e0 conserva\u00e7\u00e3o da natureza e prote\u00e7\u00e3o da vida selvagem, \u00e0s altera\u00e7\u00f5es clim\u00e1ticas e \u00e0 biotecnologia, aos oceanos e vulc\u00f5es e at\u00e9 \u00e0 engenharia gen\u00e9tica e tecnologia reprodutiva. Os primeiros oradores j\u00e1 s\u00e3o conhecidos.","breadcrumb":{"@id":"https:\/\/www.atelierdocaractere.pt\/brevemente\/glex-summit-traz-em-julho-aos-acores-a-elite-dos-exploradores-mundiais\/#breadcrumb"},"inLanguage":"pt-PT","potentialAction":[{"@type":"ReadAction","target":["https:\/\/www.atelierdocaractere.pt\/brevemente\/glex-summit-traz-em-julho-aos-acores-a-elite-dos-exploradores-mundiais\/"]}]},{"@type":"BreadcrumbList","@id":"https:\/\/www.atelierdocaractere.pt\/brevemente\/glex-summit-traz-em-julho-aos-acores-a-elite-dos-exploradores-mundiais\/#breadcrumb","itemListElement":[{"@type":"ListItem","position":1,"name":"In\u00edcio","item":"https:\/\/www.atelierdocaractere.pt\/brevemente\/"},{"@type":"ListItem","position":2,"name":"GLEX Summit traz em julho aos A\u00e7ores a elite dos exploradores mundiais"}]},{"@type":"WebSite","@id":"https:\/\/www.atelierdocaractere.pt\/brevemente\/#website","url":"https:\/\/www.atelierdocaractere.pt\/brevemente\/","name":"Atelier do Caractere","description":"","potentialAction":[{"@type":"SearchAction","target":{"@type":"EntryPoint","urlTemplate":"https:\/\/www.atelierdocaractere.pt\/brevemente\/?s={search_term_string}"},"query-input":"required name=search_term_string"}],"inLanguage":"pt-PT"},{"@type":"Person","@id":"https:\/\/www.atelierdocaractere.pt\/brevemente\/#\/schema\/person\/9cbfe9364f1f340a0e67c62563053c6e","name":"editor@atelierdocaractere","image":{"@type":"ImageObject","inLanguage":"pt-PT","@id":"https:\/\/www.atelierdocaractere.pt\/brevemente\/#\/schema\/person\/image\/","url":"https:\/\/secure.gravatar.com\/avatar\/0fbdb8811d6ce6feb06d4d626953d952?s=96&d=mm&r=g","contentUrl":"https:\/\/secure.gravatar.com\/avatar\/0fbdb8811d6ce6feb06d4d626953d952?s=96&d=mm&r=g","caption":"editor@atelierdocaractere"},"url":"https:\/\/www.atelierdocaractere.pt\/brevemente\/author\/editoratelierdocaractere\/"}]}},"_links":{"self":[{"href":"https:\/\/www.atelierdocaractere.pt\/brevemente\/wp-json\/wp\/v2\/posts\/11101"}],"collection":[{"href":"https:\/\/www.atelierdocaractere.pt\/brevemente\/wp-json\/wp\/v2\/posts"}],"about":[{"href":"https:\/\/www.atelierdocaractere.pt\/brevemente\/wp-json\/wp\/v2\/types\/post"}],"author":[{"embeddable":true,"href":"https:\/\/www.atelierdocaractere.pt\/brevemente\/wp-json\/wp\/v2\/users\/2"}],"replies":[{"embeddable":true,"href":"https:\/\/www.atelierdocaractere.pt\/brevemente\/wp-json\/wp\/v2\/comments?post=11101"}],"version-history":[{"count":1,"href":"https:\/\/www.atelierdocaractere.pt\/brevemente\/wp-json\/wp\/v2\/posts\/11101\/revisions"}],"predecessor-version":[{"id":11104,"href":"https:\/\/www.atelierdocaractere.pt\/brevemente\/wp-json\/wp\/v2\/posts\/11101\/revisions\/11104"}],"wp:featuredmedia":[{"embeddable":true,"href":"https:\/\/www.atelierdocaractere.pt\/brevemente\/wp-json\/wp\/v2\/media\/11103"}],"wp:attachment":[{"href":"https:\/\/www.atelierdocaractere.pt\/brevemente\/wp-json\/wp\/v2\/media?parent=11101"}],"wp:term":[{"taxonomy":"category","embeddable":true,"href":"https:\/\/www.atelierdocaractere.pt\/brevemente\/wp-json\/wp\/v2\/categories?post=11101"},{"taxonomy":"post_tag","embeddable":true,"href":"https:\/\/www.atelierdocaractere.pt\/brevemente\/wp-json\/wp\/v2\/tags?post=11101"}],"curies":[{"name":"wp","href":"https:\/\/api.w.org\/{rel}","templated":true}]}}