{"id":11110,"date":"2022-06-23T13:15:50","date_gmt":"2022-06-23T13:15:50","guid":{"rendered":"https:\/\/www.atelierdocaractere.pt\/brevemente\/?p=11110"},"modified":"2022-07-05T14:16:17","modified_gmt":"2022-07-05T14:16:17","slug":"glex-summit-anuncia-sessao-historica-com-a-elite-da-nasa-no-vulcao-dos-capelinhos","status":"publish","type":"post","link":"https:\/\/www.atelierdocaractere.pt\/brevemente\/glex-summit-anuncia-sessao-historica-com-a-elite-da-nasa-no-vulcao-dos-capelinhos\/","title":{"rendered":"GLEX Summit anuncia sess\u00e3o hist\u00f3rica com a elite da NASA no vulc\u00e3o dos Capelinhos"},"content":{"rendered":"\n<figure class=\"wp-block-image size-large\"><img decoding=\"async\" width=\"1024\" height=\"683\" src=\"https:\/\/www.atelierdocaractere.pt\/wp-content\/uploads\/2022\/07\/glex-summit-ci-acores-01-1024x683.jpg\" alt=\"\" class=\"wp-image-11111\" srcset=\"https:\/\/www.atelierdocaractere.pt\/wp-content\/uploads\/2022\/07\/glex-summit-ci-acores-01-1024x683.jpg 1024w, https:\/\/www.atelierdocaractere.pt\/wp-content\/uploads\/2022\/07\/glex-summit-ci-acores-01-300x200.jpg 300w, https:\/\/www.atelierdocaractere.pt\/wp-content\/uploads\/2022\/07\/glex-summit-ci-acores-01-768x512.jpg 768w, https:\/\/www.atelierdocaractere.pt\/wp-content\/uploads\/2022\/07\/glex-summit-ci-acores-01-1536x1024.jpg 1536w, https:\/\/www.atelierdocaractere.pt\/wp-content\/uploads\/2022\/07\/glex-summit-ci-acores-01-2048x1366.jpg 2048w, https:\/\/www.atelierdocaractere.pt\/wp-content\/uploads\/2022\/07\/glex-summit-ci-acores-01-900x600.jpg 900w, https:\/\/www.atelierdocaractere.pt\/wp-content\/uploads\/2022\/07\/glex-summit-ci-acores-01-675x450.jpg 675w, https:\/\/www.atelierdocaractere.pt\/wp-content\/uploads\/2022\/07\/glex-summit-ci-acores-01-scaled.jpg 1920w\" sizes=\"(max-width: 1024px) 100vw, 1024px\" \/><\/figure>\n\n\n\n<p><strong>Em contagem decrescente para a sua terceira edi\u00e7\u00e3o, j\u00e1 est\u00e1 definido o\u00a0programa e a lista de oradores presentes na GLEX Summit. Uma sess\u00e3o com a elite da NASA, no vulc\u00e3o dos Capelinhos, no Faial, \u00e9 uma das novidades da maior cimeira de exploradores do mundo, que, entre outros, vai contar com a participa\u00e7\u00e3o de James Garvin, precursor da explora\u00e7\u00e3o em Marte e l\u00edder da pr\u00f3xima miss\u00e3o a V\u00e9nus, e Rosaly Lopes, uma das maiores especialistas em vulcanologia do mundo. Esta ser\u00e1 a primeira vez que os A\u00e7ores acolhem o programa integral da GLEX Summit, de 4 a 7 de julho.<\/strong><\/p>\n\n\n\n<p>As ilhas de S\u00e3o Miguel e do Faial v\u00e3o ser o palco principal da terceira edi\u00e7\u00e3o da GLEX Summit, a cimeira que entre os dias 4 e 7 de julho vai levar at\u00e9 aos A\u00e7ores a elite dos exploradores, cientistas e investigadores mundiais, numa organiza\u00e7\u00e3o conjunta da Expanding World (Portugal) e do The Explorers Club of New York, com os apoios do Governo dos A\u00e7ores e do Turismo de Portugal.<\/p>\n\n\n\n<p>O Teatro Micaelense, em Ponta Delgada, S\u00e3o Miguel, ser\u00e1 o epicentro da cimeira, de 4 a 7 de julho. Contudo, no dia 5 de julho, o programa da GLEX Summit vai estender-se ao Faial e ao Centro de Interpreta\u00e7\u00e3o do Vulc\u00e3o dos Capelinhos, para um \u201cencontro irrepet\u00edvel com a comunidade cient\u00edfica local e a elite dos cientistas da NASA\u201d, destaca Manuel Vaz, fundador da Expanding World e coorganizador da GLEX Summit.<\/p>\n\n\n\n<p>Al\u00e9m de James Garvin, cientista-chefe da NASA, precursor da explora\u00e7\u00e3o em Marte e l\u00edder da atual miss\u00e3o DAVINCI a V\u00e9nus, o encontro vai juntar ainda a Rosaly Lopes, cientista-chefe do Laborat\u00f3rio de Propuls\u00e3o da NASA, na Calif\u00f3rnia, e que \u00e9 considerada uma das maiores especialistas de vulc\u00f5es no mundo.<\/p>\n\n\n\n<p>\u201cMais do que uma cimeira, que \u00e9 \u00fanica no mundo, mais do que um encontro de ideias sobre o que se pensa fazer, o que trazemos aos A\u00e7ores s\u00e3o os her\u00f3is que est\u00e3o a construir o futuro hoje, as pessoas que est\u00e3o neste momento a mudar o mundo e a virar uma p\u00e1gina da hist\u00f3ria da humanidade\u201d, vinca Manuel Vaz.<\/p>\n\n\n\n<p><strong>\u201cEfeito incalcul\u00e1vel na promo\u00e7\u00e3o e notoriedade dos A\u00e7ores\u201d<\/strong><\/p>\n\n\n\n<p>J\u00e1 a Secret\u00e1ria Regional do Turismo, Mobilidade e Infraestruturas, Berta Cabral, enaltece &#8220;as vantagens tur\u00edsticas e cient\u00edficas do evento, que deixa uma mensagem clara sobre o posicionamento do destino A\u00e7ores a n\u00edvel internacional.&nbsp;A realiza\u00e7\u00e3o de eventos com esta dimens\u00e3o \u00e9 algo que o Governo dos A\u00e7ores reconhece, pelo seu potencial para fazer crescer e diversificar o turismo nos A\u00e7ores\u201d.<\/p>\n\n\n\n<p>Recordando que os A\u00e7ores s\u00e3o o primeiro e \u00fanico arquip\u00e9lago no mundo certificado como Destino Sustent\u00e1vel, a Secret\u00e1ria Regional destaca \u201ca oportunidade de acolher nas nossas ilhas alguns dos grandes exploradores e cientistas da atualidade\u201d, o que no seu entender \u201cidentifica de forma indel\u00e9vel a regi\u00e3o como um destino de natureza, de aventura, com potencialidades que v\u00e3o da terra ao mar e ao espa\u00e7o\u201d.<\/p>\n\n\n\n<p>\u201cA GLEX Summit \u00e9 um evento que tem um efeito incalcul\u00e1vel na promo\u00e7\u00e3o e notoriedade do destino A\u00e7ores. O impacto cient\u00edfico \u00e9 tamb\u00e9m enorme. Temos importantes projetos para lan\u00e7ar ao n\u00edvel do espa\u00e7o e dos mares e ter os holofotes da ci\u00eancia mundial sobre os A\u00e7ores desperta muito interesse, porque s\u00f3 conseguimos materializar esses projetos com parcerias\u201d, afirma Berta Cabral.<\/p>\n\n\n\n<p><strong>\u201cSe h\u00e1 um c\u00e9u na Terra, talvez seja aqui, nos A\u00e7ores\u201d<\/strong><\/p>\n\n\n\n<p>Presidente em\u00e9rito do The Explorers Club e Chair da GLEX Summit, Richard Wiese n\u00e3o se cansa de elogiar a beleza dos A\u00e7ores e a hospitalidade das suas gentes:&nbsp;\u201cJ\u00e1 viajei por v\u00e1rios pa\u00edses em todo o mundo, mas quando penso em hospitalidade, lembro-me sempre de Portugal e dos A\u00e7ores, este peda\u00e7o de para\u00edso na Terra. \u00c9, sem d\u00favida, o s\u00edtio certo para fazermos esta cimeira, que vai ser memor\u00e1vel\u201d.<\/p>\n\n\n\n<p>De entre o leque de mais de 50 oradores confirmados, das mais diversas \u00e1reas, Richard Wiese arrisca alguns destaques, como o su\u00ed\u00e7o&nbsp;Bertrand Piccard, pioneiro da avia\u00e7\u00e3o solar, que considera ser \u201co maior explorador do s\u00e9culo XXI\u201d, usando a tecnologia \u201cpara criar um planeta mais sustent\u00e1vel e melhor para viver\u201d.<\/p>\n\n\n\n<p>No painel dos oceanos, Richard Wiese aponta o premiado bi\u00f3logo marinho Austin Gallagher, n\u00e3o s\u00f3 por ser o maior especialista mundial em tubar\u00f5es-tigre, mas tamb\u00e9m por outra curiosidade, \u201cj\u00e1 que os seus av\u00f3s eram pescadores nos A\u00e7ores\u201d.<\/p>\n\n\n\n<p>O f\u00edsico Brian Cox, o&nbsp;bi\u00f3logo Christin Rutz ou a conservacionista Leela Hazzah s\u00e3o outros dos nomes em destaque, tal como Ben Lamm, cofundador da Colossal, a empresa que pretende ressuscitar geneticamente popula\u00e7\u00f5es inteiras de mamutes, extintos h\u00e1 milhares de anos. \u201c\u00c9 um projeto incr\u00edvel e que est\u00e1 prestes a ser uma realidade\u201d.<\/p>\n\n\n\n<p>Novidade no programa desta edi\u00e7\u00e3o \u00e9 o&nbsp;Explorer\u2019s&nbsp;Club 50 (EC50), um painel que junta a nova gera\u00e7\u00e3o de exploradores que est\u00e1 a mudar o mundo e que o The Explorers Club considera que o mundo deveria conhecer. \u201c\u00c9 um grupo de pessoas fant\u00e1sticas, que est\u00e3o a fazer um trabalho fenomenal, mas que s\u00e3o ainda pouco conhecidas\u201d, resume Richard Wiese, dando como exemplo Sian Proctor, a primeira astronauta comercial negra e que foi tamb\u00e9m a primeira a pilotar uma nave espacial.<\/p>\n","protected":false},"excerpt":{"rendered":"<p>Em contagem decrescente para a sua terceira edi\u00e7\u00e3o, j\u00e1 est\u00e1 definido o\u00a0programa e a lista de oradores presentes na GLEX&#8230;<\/p>\n","protected":false},"author":2,"featured_media":11112,"comment_status":"closed","ping_status":"open","sticky":false,"template":"","format":"standard","meta":[],"categories":[451],"tags":[446],"yoast_head":"<!-- This site is optimized with the Yoast SEO plugin v20.12 - https:\/\/yoast.com\/wordpress\/plugins\/seo\/ -->\n<title>GLEX Summit anuncia sess\u00e3o hist\u00f3rica com a elite da NASA no vulc\u00e3o dos Capelinhos - Atelier do Caractere<\/title>\n<meta name=\"description\" content=\"Em contagem decrescente para a sua terceira edi\u00e7\u00e3o, j\u00e1 est\u00e1 definido o\u00a0programa e a lista de oradores presentes na GLEX Summit. Uma sess\u00e3o com a elite da NASA, no vulc\u00e3o dos Capelinhos, no Faial, \u00e9 uma das novidades da maior cimeira de exploradores do mundo, que, entre outros, vai contar com a participa\u00e7\u00e3o de James Garvin, precursor da explora\u00e7\u00e3o em Marte e l\u00edder da pr\u00f3xima miss\u00e3o a V\u00e9nus, e Rosaly Lopes, uma das maiores especialistas em vulcanologia do mundo. Esta ser\u00e1 a primeira vez que os A\u00e7ores acolhem o programa integral da GLEX Summit, de 4 a 7 de julho.\" \/>\n<meta name=\"robots\" content=\"index, follow, max-snippet:-1, max-image-preview:large, max-video-preview:-1\" \/>\n<link rel=\"canonical\" href=\"https:\/\/www.atelierdocaractere.pt\/brevemente\/glex-summit-anuncia-sessao-historica-com-a-elite-da-nasa-no-vulcao-dos-capelinhos\/\" \/>\n<meta property=\"og:locale\" content=\"pt_PT\" \/>\n<meta property=\"og:type\" content=\"article\" \/>\n<meta property=\"og:title\" content=\"GLEX Summit anuncia sess\u00e3o hist\u00f3rica com a elite da NASA no vulc\u00e3o dos Capelinhos - Atelier do Caractere\" \/>\n<meta property=\"og:description\" content=\"Em contagem decrescente para a sua terceira edi\u00e7\u00e3o, j\u00e1 est\u00e1 definido o\u00a0programa e a lista de oradores presentes na GLEX Summit. Uma sess\u00e3o com a elite da NASA, no vulc\u00e3o dos Capelinhos, no Faial, \u00e9 uma das novidades da maior cimeira de exploradores do mundo, que, entre outros, vai contar com a participa\u00e7\u00e3o de James Garvin, precursor da explora\u00e7\u00e3o em Marte e l\u00edder da pr\u00f3xima miss\u00e3o a V\u00e9nus, e Rosaly Lopes, uma das maiores especialistas em vulcanologia do mundo. Esta ser\u00e1 a primeira vez que os A\u00e7ores acolhem o programa integral da GLEX Summit, de 4 a 7 de julho.\" \/>\n<meta property=\"og:url\" content=\"https:\/\/www.atelierdocaractere.pt\/brevemente\/glex-summit-anuncia-sessao-historica-com-a-elite-da-nasa-no-vulcao-dos-capelinhos\/\" \/>\n<meta property=\"og:site_name\" content=\"Atelier do Caractere\" \/>\n<meta property=\"article:publisher\" content=\"https:\/\/www.facebook.com\/AtelierdoCaractere\" \/>\n<meta property=\"article:published_time\" content=\"2022-06-23T13:15:50+00:00\" \/>\n<meta property=\"article:modified_time\" content=\"2022-07-05T14:16:17+00:00\" \/>\n<meta property=\"og:image\" content=\"http:\/\/www.atelierdocaractere.pt\/wp-content\/uploads\/2022\/07\/glex-summit-ci-acores-02-scaled.jpg\" \/>\n\t<meta property=\"og:image:width\" content=\"2560\" \/>\n\t<meta property=\"og:image:height\" content=\"1707\" \/>\n\t<meta property=\"og:image:type\" content=\"image\/jpeg\" \/>\n<meta name=\"author\" content=\"editor@atelierdocaractere\" \/>\n<meta name=\"twitter:card\" content=\"summary_large_image\" \/>\n<meta name=\"twitter:label1\" content=\"Escrito por\" \/>\n\t<meta name=\"twitter:data1\" content=\"editor@atelierdocaractere\" \/>\n\t<meta name=\"twitter:label2\" content=\"Tempo estimado de leitura\" \/>\n\t<meta name=\"twitter:data2\" content=\"5 minutos\" \/>\n<script type=\"application\/ld+json\" class=\"yoast-schema-graph\">{\"@context\":\"https:\/\/schema.org\",\"@graph\":[{\"@type\":\"WebPage\",\"@id\":\"https:\/\/www.atelierdocaractere.pt\/brevemente\/glex-summit-anuncia-sessao-historica-com-a-elite-da-nasa-no-vulcao-dos-capelinhos\/\",\"url\":\"https:\/\/www.atelierdocaractere.pt\/brevemente\/glex-summit-anuncia-sessao-historica-com-a-elite-da-nasa-no-vulcao-dos-capelinhos\/\",\"name\":\"GLEX Summit anuncia sess\u00e3o hist\u00f3rica com a elite da NASA no vulc\u00e3o dos Capelinhos - Atelier do Caractere\",\"isPartOf\":{\"@id\":\"https:\/\/www.atelierdocaractere.pt\/brevemente\/#website\"},\"datePublished\":\"2022-06-23T13:15:50+00:00\",\"dateModified\":\"2022-07-05T14:16:17+00:00\",\"author\":{\"@id\":\"https:\/\/www.atelierdocaractere.pt\/brevemente\/#\/schema\/person\/9cbfe9364f1f340a0e67c62563053c6e\"},\"description\":\"Em contagem decrescente para a sua terceira edi\u00e7\u00e3o, j\u00e1 est\u00e1 definido o\u00a0programa e a lista de oradores presentes na GLEX Summit. Uma sess\u00e3o com a elite da NASA, no vulc\u00e3o dos Capelinhos, no Faial, \u00e9 uma das novidades da maior cimeira de exploradores do mundo, que, entre outros, vai contar com a participa\u00e7\u00e3o de James Garvin, precursor da explora\u00e7\u00e3o em Marte e l\u00edder da pr\u00f3xima miss\u00e3o a V\u00e9nus, e Rosaly Lopes, uma das maiores especialistas em vulcanologia do mundo. Esta ser\u00e1 a primeira vez que os A\u00e7ores acolhem o programa integral da GLEX Summit, de 4 a 7 de julho.\",\"breadcrumb\":{\"@id\":\"https:\/\/www.atelierdocaractere.pt\/brevemente\/glex-summit-anuncia-sessao-historica-com-a-elite-da-nasa-no-vulcao-dos-capelinhos\/#breadcrumb\"},\"inLanguage\":\"pt-PT\",\"potentialAction\":[{\"@type\":\"ReadAction\",\"target\":[\"https:\/\/www.atelierdocaractere.pt\/brevemente\/glex-summit-anuncia-sessao-historica-com-a-elite-da-nasa-no-vulcao-dos-capelinhos\/\"]}]},{\"@type\":\"BreadcrumbList\",\"@id\":\"https:\/\/www.atelierdocaractere.pt\/brevemente\/glex-summit-anuncia-sessao-historica-com-a-elite-da-nasa-no-vulcao-dos-capelinhos\/#breadcrumb\",\"itemListElement\":[{\"@type\":\"ListItem\",\"position\":1,\"name\":\"In\u00edcio\",\"item\":\"https:\/\/www.atelierdocaractere.pt\/brevemente\/\"},{\"@type\":\"ListItem\",\"position\":2,\"name\":\"GLEX Summit anuncia sess\u00e3o hist\u00f3rica com a elite da NASA no vulc\u00e3o dos Capelinhos\"}]},{\"@type\":\"WebSite\",\"@id\":\"https:\/\/www.atelierdocaractere.pt\/brevemente\/#website\",\"url\":\"https:\/\/www.atelierdocaractere.pt\/brevemente\/\",\"name\":\"Atelier do Caractere\",\"description\":\"\",\"potentialAction\":[{\"@type\":\"SearchAction\",\"target\":{\"@type\":\"EntryPoint\",\"urlTemplate\":\"https:\/\/www.atelierdocaractere.pt\/brevemente\/?s={search_term_string}\"},\"query-input\":\"required name=search_term_string\"}],\"inLanguage\":\"pt-PT\"},{\"@type\":\"Person\",\"@id\":\"https:\/\/www.atelierdocaractere.pt\/brevemente\/#\/schema\/person\/9cbfe9364f1f340a0e67c62563053c6e\",\"name\":\"editor@atelierdocaractere\",\"image\":{\"@type\":\"ImageObject\",\"inLanguage\":\"pt-PT\",\"@id\":\"https:\/\/www.atelierdocaractere.pt\/brevemente\/#\/schema\/person\/image\/\",\"url\":\"https:\/\/secure.gravatar.com\/avatar\/0fbdb8811d6ce6feb06d4d626953d952?s=96&d=mm&r=g\",\"contentUrl\":\"https:\/\/secure.gravatar.com\/avatar\/0fbdb8811d6ce6feb06d4d626953d952?s=96&d=mm&r=g\",\"caption\":\"editor@atelierdocaractere\"},\"url\":\"https:\/\/www.atelierdocaractere.pt\/brevemente\/author\/editoratelierdocaractere\/\"}]}<\/script>\n<!-- \/ Yoast SEO plugin. -->","yoast_head_json":{"title":"GLEX Summit anuncia sess\u00e3o hist\u00f3rica com a elite da NASA no vulc\u00e3o dos Capelinhos - Atelier do Caractere","description":"Em contagem decrescente para a sua terceira edi\u00e7\u00e3o, j\u00e1 est\u00e1 definido o\u00a0programa e a lista de oradores presentes na GLEX Summit. Uma sess\u00e3o com a elite da NASA, no vulc\u00e3o dos Capelinhos, no Faial, \u00e9 uma das novidades da maior cimeira de exploradores do mundo, que, entre outros, vai contar com a participa\u00e7\u00e3o de James Garvin, precursor da explora\u00e7\u00e3o em Marte e l\u00edder da pr\u00f3xima miss\u00e3o a V\u00e9nus, e Rosaly Lopes, uma das maiores especialistas em vulcanologia do mundo. Esta ser\u00e1 a primeira vez que os A\u00e7ores acolhem o programa integral da GLEX Summit, de 4 a 7 de julho.","robots":{"index":"index","follow":"follow","max-snippet":"max-snippet:-1","max-image-preview":"max-image-preview:large","max-video-preview":"max-video-preview:-1"},"canonical":"https:\/\/www.atelierdocaractere.pt\/brevemente\/glex-summit-anuncia-sessao-historica-com-a-elite-da-nasa-no-vulcao-dos-capelinhos\/","og_locale":"pt_PT","og_type":"article","og_title":"GLEX Summit anuncia sess\u00e3o hist\u00f3rica com a elite da NASA no vulc\u00e3o dos Capelinhos - Atelier do Caractere","og_description":"Em contagem decrescente para a sua terceira edi\u00e7\u00e3o, j\u00e1 est\u00e1 definido o\u00a0programa e a lista de oradores presentes na GLEX Summit. Uma sess\u00e3o com a elite da NASA, no vulc\u00e3o dos Capelinhos, no Faial, \u00e9 uma das novidades da maior cimeira de exploradores do mundo, que, entre outros, vai contar com a participa\u00e7\u00e3o de James Garvin, precursor da explora\u00e7\u00e3o em Marte e l\u00edder da pr\u00f3xima miss\u00e3o a V\u00e9nus, e Rosaly Lopes, uma das maiores especialistas em vulcanologia do mundo. Esta ser\u00e1 a primeira vez que os A\u00e7ores acolhem o programa integral da GLEX Summit, de 4 a 7 de julho.","og_url":"https:\/\/www.atelierdocaractere.pt\/brevemente\/glex-summit-anuncia-sessao-historica-com-a-elite-da-nasa-no-vulcao-dos-capelinhos\/","og_site_name":"Atelier do Caractere","article_publisher":"https:\/\/www.facebook.com\/AtelierdoCaractere","article_published_time":"2022-06-23T13:15:50+00:00","article_modified_time":"2022-07-05T14:16:17+00:00","og_image":[{"width":2560,"height":1707,"url":"http:\/\/www.atelierdocaractere.pt\/wp-content\/uploads\/2022\/07\/glex-summit-ci-acores-02-scaled.jpg","type":"image\/jpeg"}],"author":"editor@atelierdocaractere","twitter_card":"summary_large_image","twitter_misc":{"Escrito por":"editor@atelierdocaractere","Tempo estimado de leitura":"5 minutos"},"schema":{"@context":"https:\/\/schema.org","@graph":[{"@type":"WebPage","@id":"https:\/\/www.atelierdocaractere.pt\/brevemente\/glex-summit-anuncia-sessao-historica-com-a-elite-da-nasa-no-vulcao-dos-capelinhos\/","url":"https:\/\/www.atelierdocaractere.pt\/brevemente\/glex-summit-anuncia-sessao-historica-com-a-elite-da-nasa-no-vulcao-dos-capelinhos\/","name":"GLEX Summit anuncia sess\u00e3o hist\u00f3rica com a elite da NASA no vulc\u00e3o dos Capelinhos - Atelier do Caractere","isPartOf":{"@id":"https:\/\/www.atelierdocaractere.pt\/brevemente\/#website"},"datePublished":"2022-06-23T13:15:50+00:00","dateModified":"2022-07-05T14:16:17+00:00","author":{"@id":"https:\/\/www.atelierdocaractere.pt\/brevemente\/#\/schema\/person\/9cbfe9364f1f340a0e67c62563053c6e"},"description":"Em contagem decrescente para a sua terceira edi\u00e7\u00e3o, j\u00e1 est\u00e1 definido o\u00a0programa e a lista de oradores presentes na GLEX Summit. Uma sess\u00e3o com a elite da NASA, no vulc\u00e3o dos Capelinhos, no Faial, \u00e9 uma das novidades da maior cimeira de exploradores do mundo, que, entre outros, vai contar com a participa\u00e7\u00e3o de James Garvin, precursor da explora\u00e7\u00e3o em Marte e l\u00edder da pr\u00f3xima miss\u00e3o a V\u00e9nus, e Rosaly Lopes, uma das maiores especialistas em vulcanologia do mundo. Esta ser\u00e1 a primeira vez que os A\u00e7ores acolhem o programa integral da GLEX Summit, de 4 a 7 de julho.","breadcrumb":{"@id":"https:\/\/www.atelierdocaractere.pt\/brevemente\/glex-summit-anuncia-sessao-historica-com-a-elite-da-nasa-no-vulcao-dos-capelinhos\/#breadcrumb"},"inLanguage":"pt-PT","potentialAction":[{"@type":"ReadAction","target":["https:\/\/www.atelierdocaractere.pt\/brevemente\/glex-summit-anuncia-sessao-historica-com-a-elite-da-nasa-no-vulcao-dos-capelinhos\/"]}]},{"@type":"BreadcrumbList","@id":"https:\/\/www.atelierdocaractere.pt\/brevemente\/glex-summit-anuncia-sessao-historica-com-a-elite-da-nasa-no-vulcao-dos-capelinhos\/#breadcrumb","itemListElement":[{"@type":"ListItem","position":1,"name":"In\u00edcio","item":"https:\/\/www.atelierdocaractere.pt\/brevemente\/"},{"@type":"ListItem","position":2,"name":"GLEX Summit anuncia sess\u00e3o hist\u00f3rica com a elite da NASA no vulc\u00e3o dos Capelinhos"}]},{"@type":"WebSite","@id":"https:\/\/www.atelierdocaractere.pt\/brevemente\/#website","url":"https:\/\/www.atelierdocaractere.pt\/brevemente\/","name":"Atelier do Caractere","description":"","potentialAction":[{"@type":"SearchAction","target":{"@type":"EntryPoint","urlTemplate":"https:\/\/www.atelierdocaractere.pt\/brevemente\/?s={search_term_string}"},"query-input":"required name=search_term_string"}],"inLanguage":"pt-PT"},{"@type":"Person","@id":"https:\/\/www.atelierdocaractere.pt\/brevemente\/#\/schema\/person\/9cbfe9364f1f340a0e67c62563053c6e","name":"editor@atelierdocaractere","image":{"@type":"ImageObject","inLanguage":"pt-PT","@id":"https:\/\/www.atelierdocaractere.pt\/brevemente\/#\/schema\/person\/image\/","url":"https:\/\/secure.gravatar.com\/avatar\/0fbdb8811d6ce6feb06d4d626953d952?s=96&d=mm&r=g","contentUrl":"https:\/\/secure.gravatar.com\/avatar\/0fbdb8811d6ce6feb06d4d626953d952?s=96&d=mm&r=g","caption":"editor@atelierdocaractere"},"url":"https:\/\/www.atelierdocaractere.pt\/brevemente\/author\/editoratelierdocaractere\/"}]}},"_links":{"self":[{"href":"https:\/\/www.atelierdocaractere.pt\/brevemente\/wp-json\/wp\/v2\/posts\/11110"}],"collection":[{"href":"https:\/\/www.atelierdocaractere.pt\/brevemente\/wp-json\/wp\/v2\/posts"}],"about":[{"href":"https:\/\/www.atelierdocaractere.pt\/brevemente\/wp-json\/wp\/v2\/types\/post"}],"author":[{"embeddable":true,"href":"https:\/\/www.atelierdocaractere.pt\/brevemente\/wp-json\/wp\/v2\/users\/2"}],"replies":[{"embeddable":true,"href":"https:\/\/www.atelierdocaractere.pt\/brevemente\/wp-json\/wp\/v2\/comments?post=11110"}],"version-history":[{"count":1,"href":"https:\/\/www.atelierdocaractere.pt\/brevemente\/wp-json\/wp\/v2\/posts\/11110\/revisions"}],"predecessor-version":[{"id":11113,"href":"https:\/\/www.atelierdocaractere.pt\/brevemente\/wp-json\/wp\/v2\/posts\/11110\/revisions\/11113"}],"wp:featuredmedia":[{"embeddable":true,"href":"https:\/\/www.atelierdocaractere.pt\/brevemente\/wp-json\/wp\/v2\/media\/11112"}],"wp:attachment":[{"href":"https:\/\/www.atelierdocaractere.pt\/brevemente\/wp-json\/wp\/v2\/media?parent=11110"}],"wp:term":[{"taxonomy":"category","embeddable":true,"href":"https:\/\/www.atelierdocaractere.pt\/brevemente\/wp-json\/wp\/v2\/categories?post=11110"},{"taxonomy":"post_tag","embeddable":true,"href":"https:\/\/www.atelierdocaractere.pt\/brevemente\/wp-json\/wp\/v2\/tags?post=11110"}],"curies":[{"name":"wp","href":"https:\/\/api.w.org\/{rel}","templated":true}]}}