{"id":11114,"date":"2022-07-03T15:40:14","date_gmt":"2022-07-03T15:40:14","guid":{"rendered":"https:\/\/www.atelierdocaractere.pt\/brevemente\/?p=11114"},"modified":"2022-07-05T14:19:52","modified_gmt":"2022-07-05T14:19:52","slug":"glex-summit-2022-a-davos-da-exploracao-mundial-arranca-esta-segunda-feira-nos-acores","status":"publish","type":"post","link":"https:\/\/www.atelierdocaractere.pt\/brevemente\/glex-summit-2022-a-davos-da-exploracao-mundial-arranca-esta-segunda-feira-nos-acores\/","title":{"rendered":"GLEX Summit 2022: A \u201cDavos\u201d da explora\u00e7\u00e3o mundial arranca esta segunda-feira nos A\u00e7ores"},"content":{"rendered":"\n<figure class=\"wp-block-image size-large\"><img decoding=\"async\" width=\"1024\" height=\"681\" src=\"https:\/\/www.atelierdocaractere.pt\/wp-content\/uploads\/2022\/07\/glex-summit-2022-acores-1024x681.jpg\" alt=\"\" class=\"wp-image-11115\" srcset=\"https:\/\/www.atelierdocaractere.pt\/wp-content\/uploads\/2022\/07\/glex-summit-2022-acores-1024x681.jpg 1024w, https:\/\/www.atelierdocaractere.pt\/wp-content\/uploads\/2022\/07\/glex-summit-2022-acores-300x200.jpg 300w, https:\/\/www.atelierdocaractere.pt\/wp-content\/uploads\/2022\/07\/glex-summit-2022-acores-768x511.jpg 768w, https:\/\/www.atelierdocaractere.pt\/wp-content\/uploads\/2022\/07\/glex-summit-2022-acores-1536x1022.jpg 1536w, https:\/\/www.atelierdocaractere.pt\/wp-content\/uploads\/2022\/07\/glex-summit-2022-acores-2048x1363.jpg 2048w, https:\/\/www.atelierdocaractere.pt\/wp-content\/uploads\/2022\/07\/glex-summit-2022-acores-900x600.jpg 900w, https:\/\/www.atelierdocaractere.pt\/wp-content\/uploads\/2022\/07\/glex-summit-2022-acores-675x450.jpg 675w, https:\/\/www.atelierdocaractere.pt\/wp-content\/uploads\/2022\/07\/glex-summit-2022-acores.jpg 1920w\" sizes=\"(max-width: 1024px) 100vw, 1024px\" \/><\/figure>\n\n\n\n<p><strong>A partir desta segunda-feira e at\u00e9 7 de julho, as mais importantes e conceituadas figuras da explora\u00e7\u00e3o cient\u00edfica mundial re\u00fanem-se nos A\u00e7ores para partilharem, na primeira pessoa, as descobertas mais recentes, as tecnologias mais inovadoras e as novas e pr\u00f3ximas miss\u00f5es que est\u00e3o a impulsionar o mundo e a moldar o futuro da humanidade.<\/strong><\/p>\n\n\n\n<p>Celebrando uma mudan\u00e7a de \u00e9poca na explora\u00e7\u00e3o, \u201cWhat\u2019s Next?\u201d ser\u00e1 o tema de fundo da terceira edi\u00e7\u00e3o da&nbsp;<strong>GLEX Summit<\/strong>&nbsp;e o mote inspirador das mais de 40 sess\u00f5es programadas para o Teatro Micaelense, em Ponta Delgada.<\/p>\n\n\n\n<p>Ser\u00e3o quatro dias dedicados a tudo o que se passa al\u00e9m dos limites da terra, dos oceanos e do espa\u00e7o, num encontro absolutamente in\u00e9dito a n\u00edvel global e que junta em Portugal as maiores lendas vivas da explora\u00e7\u00e3o a n\u00edvel mundial.<\/p>\n\n\n\n<p><strong>As descobertas e oportunidades que se escondem sob o azul dos Oceanos, os desafios no aproveitamento de recursos para a cria\u00e7\u00e3o de uma vida mais sustent\u00e1vel na Terra e as constantes inova\u00e7\u00f5es que alimentam as viagens rumo \u00e0s fronteiras infinitas do Espa\u00e7o s\u00e3o alguns dos temas nucleares da cimeira, j\u00e1 considerada uma esp\u00e9cie de \u201cDavos\u201d da explora\u00e7\u00e3o mundial.<\/strong><\/p>\n\n\n\n<p>Entre os mais de 50 oradores presentes, das mais diversas \u00e1reas do conhecimento, destacam-se nomes como&nbsp;<strong>James Garvin<\/strong>, cientista-chefe da NASA, precursor da explora\u00e7\u00e3o em Marte e l\u00edder da miss\u00e3o DAVINCI a V\u00e9nus; o astronauta&nbsp;<strong>Michael L\u00f3pez-Alegr\u00eda<\/strong>, vice-presidente da Axiom Space e comandante da primeira miss\u00e3o privada \u00e0 Esta\u00e7\u00e3o Espacial Internacional;&nbsp;<strong>Bertrand Piccard<\/strong>, explorador su\u00ed\u00e7o e pioneiro da avia\u00e7\u00e3o solar;&nbsp;<strong>Rosaly Lopes,&nbsp;<\/strong>astr\u00f3noma brasileira que descobriu o maior n\u00famero de vulc\u00f5es ativos do Universo; e o premiado bi\u00f3logo marinho&nbsp;<strong>Austin Gallagher<\/strong>, cujos av\u00f3s eram pescadores nos A\u00e7ores.<\/p>\n\n\n\n<p><strong>Siam Proctor<\/strong>, a primeira astronauta comercial negra a pilotar a uma nave espacial;&nbsp;<strong>Borge Ousland<\/strong>, explorador noruegu\u00eas que fez a primeira travessia da Ant\u00e1rtida a solo e sem qualquer apoio;&nbsp;<strong>Keneth Lacovora,<\/strong>&nbsp;paleontologista que desenterrou alguns dos maiores dinossauros que j\u00e1 andaram na Terra; ou&nbsp;<strong>Brian Cox<\/strong>, f\u00edsico brit\u00e2nico e conhecido apresentador de programas de ci\u00eancia da BBC, s\u00e3o outros dos oradores confirmados para esta edi\u00e7\u00e3o.<\/p>\n\n\n\n<p>No dia 5 de julho, a&nbsp;<strong>GLEX Summit<\/strong>&nbsp;trar\u00e1 tamb\u00e9m aos A\u00e7ores o testemunho da Colossal Biosciences, empresa que se prop\u00f5e ressuscitar geneticamente popula\u00e7\u00f5es inteiras de mamutes, extintos h\u00e1 4.000 anos, devolvendo-as ao seu ecossistema original no espa\u00e7o de quatro a seis anos. O programa deste segundo dia inclui tamb\u00e9m uma sess\u00e3o no Faial para uma visita ao vulc\u00e3o dos Capelinhos com alguns dos principais cientistas da NASA.<\/p>\n\n\n\n<p>Portugal estar\u00e1 representado no painel de oradores atrav\u00e9s do cientista&nbsp;<strong>Emanuel Gon\u00e7alves<\/strong>, membro da Funda\u00e7\u00e3o Oceano Azul e investigador do Centro de Ci\u00eancias do Mar e do Ambiente, e pelo bi\u00f3logo marinho&nbsp;<strong>Jorge Fontes<\/strong>, investigador do Departamento de Oceanografia e Pescas da Universidade dos A\u00e7ores. Na manh\u00e3 do primeiro dia, haver\u00e1 ainda lugar a um painel dedicado ao futuro \u201cSpace Porto\u201d de Santa Maria.<\/p>\n\n\n\n<p>A&nbsp;<strong>GLEX Summit<\/strong>&nbsp;\u00e9 uma organiza\u00e7\u00e3o conjunta da Expanding World (Portugal) e do The Explorers Club of New York, com os apoios do Governo dos A\u00e7ores e Turismo de Portugal.<\/p>\n","protected":false},"excerpt":{"rendered":"<p>A partir desta segunda-feira e at\u00e9 7 de julho, as mais importantes e conceituadas figuras da explora\u00e7\u00e3o cient\u00edfica mundial re\u00fanem-se&#8230;<\/p>\n","protected":false},"author":2,"featured_media":11115,"comment_status":"closed","ping_status":"open","sticky":false,"template":"","format":"standard","meta":[],"categories":[451],"tags":[446],"yoast_head":"<!-- This site is optimized with the Yoast SEO plugin v20.12 - https:\/\/yoast.com\/wordpress\/plugins\/seo\/ -->\n<title>GLEX Summit 2022: A \u201cDavos\u201d da explora\u00e7\u00e3o mundial arranca esta segunda-feira nos A\u00e7ores - Atelier do Caractere<\/title>\n<meta name=\"description\" content=\"A partir desta segunda-feira e at\u00e9 7 de julho, as mais importantes e conceituadas figuras da explora\u00e7\u00e3o cient\u00edfica mundial re\u00fanem-se nos A\u00e7ores para partilharem, na primeira pessoa, as descobertas mais recentes, as tecnologias mais inovadoras e as novas e pr\u00f3ximas miss\u00f5es que est\u00e3o a impulsionar o mundo e a moldar o futuro da humanidade.\" \/>\n<meta name=\"robots\" content=\"index, follow, max-snippet:-1, max-image-preview:large, max-video-preview:-1\" \/>\n<link rel=\"canonical\" href=\"https:\/\/www.atelierdocaractere.pt\/brevemente\/glex-summit-2022-a-davos-da-exploracao-mundial-arranca-esta-segunda-feira-nos-acores\/\" \/>\n<meta property=\"og:locale\" content=\"pt_PT\" \/>\n<meta property=\"og:type\" content=\"article\" \/>\n<meta property=\"og:title\" content=\"GLEX Summit 2022: A \u201cDavos\u201d da explora\u00e7\u00e3o mundial arranca esta segunda-feira nos A\u00e7ores - Atelier do Caractere\" \/>\n<meta property=\"og:description\" content=\"A partir desta segunda-feira e at\u00e9 7 de julho, as mais importantes e conceituadas figuras da explora\u00e7\u00e3o cient\u00edfica mundial re\u00fanem-se nos A\u00e7ores para partilharem, na primeira pessoa, as descobertas mais recentes, as tecnologias mais inovadoras e as novas e pr\u00f3ximas miss\u00f5es que est\u00e3o a impulsionar o mundo e a moldar o futuro da humanidade.\" \/>\n<meta property=\"og:url\" content=\"https:\/\/www.atelierdocaractere.pt\/brevemente\/glex-summit-2022-a-davos-da-exploracao-mundial-arranca-esta-segunda-feira-nos-acores\/\" \/>\n<meta property=\"og:site_name\" content=\"Atelier do Caractere\" \/>\n<meta property=\"article:publisher\" content=\"https:\/\/www.facebook.com\/AtelierdoCaractere\" \/>\n<meta property=\"article:published_time\" content=\"2022-07-03T15:40:14+00:00\" \/>\n<meta property=\"article:modified_time\" content=\"2022-07-05T14:19:52+00:00\" \/>\n<meta property=\"og:image\" content=\"http:\/\/www.atelierdocaractere.pt\/wp-content\/uploads\/2022\/07\/glex-summit-2022-acores.jpg\" \/>\n\t<meta property=\"og:image:width\" content=\"2475\" \/>\n\t<meta property=\"og:image:height\" content=\"1647\" \/>\n\t<meta property=\"og:image:type\" content=\"image\/jpeg\" \/>\n<meta name=\"author\" content=\"editor@atelierdocaractere\" \/>\n<meta name=\"twitter:card\" content=\"summary_large_image\" \/>\n<meta name=\"twitter:label1\" content=\"Escrito por\" \/>\n\t<meta name=\"twitter:data1\" content=\"editor@atelierdocaractere\" \/>\n\t<meta name=\"twitter:label2\" content=\"Tempo estimado de leitura\" \/>\n\t<meta name=\"twitter:data2\" content=\"3 minutos\" \/>\n<script type=\"application\/ld+json\" class=\"yoast-schema-graph\">{\"@context\":\"https:\/\/schema.org\",\"@graph\":[{\"@type\":\"WebPage\",\"@id\":\"https:\/\/www.atelierdocaractere.pt\/brevemente\/glex-summit-2022-a-davos-da-exploracao-mundial-arranca-esta-segunda-feira-nos-acores\/\",\"url\":\"https:\/\/www.atelierdocaractere.pt\/brevemente\/glex-summit-2022-a-davos-da-exploracao-mundial-arranca-esta-segunda-feira-nos-acores\/\",\"name\":\"GLEX Summit 2022: A \u201cDavos\u201d da explora\u00e7\u00e3o mundial arranca esta segunda-feira nos A\u00e7ores - Atelier do Caractere\",\"isPartOf\":{\"@id\":\"https:\/\/www.atelierdocaractere.pt\/brevemente\/#website\"},\"datePublished\":\"2022-07-03T15:40:14+00:00\",\"dateModified\":\"2022-07-05T14:19:52+00:00\",\"author\":{\"@id\":\"https:\/\/www.atelierdocaractere.pt\/brevemente\/#\/schema\/person\/9cbfe9364f1f340a0e67c62563053c6e\"},\"description\":\"A partir desta segunda-feira e at\u00e9 7 de julho, as mais importantes e conceituadas figuras da explora\u00e7\u00e3o cient\u00edfica mundial re\u00fanem-se nos A\u00e7ores para partilharem, na primeira pessoa, as descobertas mais recentes, as tecnologias mais inovadoras e as novas e pr\u00f3ximas miss\u00f5es que est\u00e3o a impulsionar o mundo e a moldar o futuro da humanidade.\",\"breadcrumb\":{\"@id\":\"https:\/\/www.atelierdocaractere.pt\/brevemente\/glex-summit-2022-a-davos-da-exploracao-mundial-arranca-esta-segunda-feira-nos-acores\/#breadcrumb\"},\"inLanguage\":\"pt-PT\",\"potentialAction\":[{\"@type\":\"ReadAction\",\"target\":[\"https:\/\/www.atelierdocaractere.pt\/brevemente\/glex-summit-2022-a-davos-da-exploracao-mundial-arranca-esta-segunda-feira-nos-acores\/\"]}]},{\"@type\":\"BreadcrumbList\",\"@id\":\"https:\/\/www.atelierdocaractere.pt\/brevemente\/glex-summit-2022-a-davos-da-exploracao-mundial-arranca-esta-segunda-feira-nos-acores\/#breadcrumb\",\"itemListElement\":[{\"@type\":\"ListItem\",\"position\":1,\"name\":\"In\u00edcio\",\"item\":\"https:\/\/www.atelierdocaractere.pt\/brevemente\/\"},{\"@type\":\"ListItem\",\"position\":2,\"name\":\"GLEX Summit 2022: A \u201cDavos\u201d da explora\u00e7\u00e3o mundial arranca esta segunda-feira nos A\u00e7ores\"}]},{\"@type\":\"WebSite\",\"@id\":\"https:\/\/www.atelierdocaractere.pt\/brevemente\/#website\",\"url\":\"https:\/\/www.atelierdocaractere.pt\/brevemente\/\",\"name\":\"Atelier do Caractere\",\"description\":\"\",\"potentialAction\":[{\"@type\":\"SearchAction\",\"target\":{\"@type\":\"EntryPoint\",\"urlTemplate\":\"https:\/\/www.atelierdocaractere.pt\/brevemente\/?s={search_term_string}\"},\"query-input\":\"required name=search_term_string\"}],\"inLanguage\":\"pt-PT\"},{\"@type\":\"Person\",\"@id\":\"https:\/\/www.atelierdocaractere.pt\/brevemente\/#\/schema\/person\/9cbfe9364f1f340a0e67c62563053c6e\",\"name\":\"editor@atelierdocaractere\",\"image\":{\"@type\":\"ImageObject\",\"inLanguage\":\"pt-PT\",\"@id\":\"https:\/\/www.atelierdocaractere.pt\/brevemente\/#\/schema\/person\/image\/\",\"url\":\"https:\/\/secure.gravatar.com\/avatar\/0fbdb8811d6ce6feb06d4d626953d952?s=96&d=mm&r=g\",\"contentUrl\":\"https:\/\/secure.gravatar.com\/avatar\/0fbdb8811d6ce6feb06d4d626953d952?s=96&d=mm&r=g\",\"caption\":\"editor@atelierdocaractere\"},\"url\":\"https:\/\/www.atelierdocaractere.pt\/brevemente\/author\/editoratelierdocaractere\/\"}]}<\/script>\n<!-- \/ Yoast SEO plugin. -->","yoast_head_json":{"title":"GLEX Summit 2022: A \u201cDavos\u201d da explora\u00e7\u00e3o mundial arranca esta segunda-feira nos A\u00e7ores - Atelier do Caractere","description":"A partir desta segunda-feira e at\u00e9 7 de julho, as mais importantes e conceituadas figuras da explora\u00e7\u00e3o cient\u00edfica mundial re\u00fanem-se nos A\u00e7ores para partilharem, na primeira pessoa, as descobertas mais recentes, as tecnologias mais inovadoras e as novas e pr\u00f3ximas miss\u00f5es que est\u00e3o a impulsionar o mundo e a moldar o futuro da humanidade.","robots":{"index":"index","follow":"follow","max-snippet":"max-snippet:-1","max-image-preview":"max-image-preview:large","max-video-preview":"max-video-preview:-1"},"canonical":"https:\/\/www.atelierdocaractere.pt\/brevemente\/glex-summit-2022-a-davos-da-exploracao-mundial-arranca-esta-segunda-feira-nos-acores\/","og_locale":"pt_PT","og_type":"article","og_title":"GLEX Summit 2022: A \u201cDavos\u201d da explora\u00e7\u00e3o mundial arranca esta segunda-feira nos A\u00e7ores - Atelier do Caractere","og_description":"A partir desta segunda-feira e at\u00e9 7 de julho, as mais importantes e conceituadas figuras da explora\u00e7\u00e3o cient\u00edfica mundial re\u00fanem-se nos A\u00e7ores para partilharem, na primeira pessoa, as descobertas mais recentes, as tecnologias mais inovadoras e as novas e pr\u00f3ximas miss\u00f5es que est\u00e3o a impulsionar o mundo e a moldar o futuro da humanidade.","og_url":"https:\/\/www.atelierdocaractere.pt\/brevemente\/glex-summit-2022-a-davos-da-exploracao-mundial-arranca-esta-segunda-feira-nos-acores\/","og_site_name":"Atelier do Caractere","article_publisher":"https:\/\/www.facebook.com\/AtelierdoCaractere","article_published_time":"2022-07-03T15:40:14+00:00","article_modified_time":"2022-07-05T14:19:52+00:00","og_image":[{"width":2475,"height":1647,"url":"http:\/\/www.atelierdocaractere.pt\/wp-content\/uploads\/2022\/07\/glex-summit-2022-acores.jpg","type":"image\/jpeg"}],"author":"editor@atelierdocaractere","twitter_card":"summary_large_image","twitter_misc":{"Escrito por":"editor@atelierdocaractere","Tempo estimado de leitura":"3 minutos"},"schema":{"@context":"https:\/\/schema.org","@graph":[{"@type":"WebPage","@id":"https:\/\/www.atelierdocaractere.pt\/brevemente\/glex-summit-2022-a-davos-da-exploracao-mundial-arranca-esta-segunda-feira-nos-acores\/","url":"https:\/\/www.atelierdocaractere.pt\/brevemente\/glex-summit-2022-a-davos-da-exploracao-mundial-arranca-esta-segunda-feira-nos-acores\/","name":"GLEX Summit 2022: A \u201cDavos\u201d da explora\u00e7\u00e3o mundial arranca esta segunda-feira nos A\u00e7ores - Atelier do Caractere","isPartOf":{"@id":"https:\/\/www.atelierdocaractere.pt\/brevemente\/#website"},"datePublished":"2022-07-03T15:40:14+00:00","dateModified":"2022-07-05T14:19:52+00:00","author":{"@id":"https:\/\/www.atelierdocaractere.pt\/brevemente\/#\/schema\/person\/9cbfe9364f1f340a0e67c62563053c6e"},"description":"A partir desta segunda-feira e at\u00e9 7 de julho, as mais importantes e conceituadas figuras da explora\u00e7\u00e3o cient\u00edfica mundial re\u00fanem-se nos A\u00e7ores para partilharem, na primeira pessoa, as descobertas mais recentes, as tecnologias mais inovadoras e as novas e pr\u00f3ximas miss\u00f5es que est\u00e3o a impulsionar o mundo e a moldar o futuro da humanidade.","breadcrumb":{"@id":"https:\/\/www.atelierdocaractere.pt\/brevemente\/glex-summit-2022-a-davos-da-exploracao-mundial-arranca-esta-segunda-feira-nos-acores\/#breadcrumb"},"inLanguage":"pt-PT","potentialAction":[{"@type":"ReadAction","target":["https:\/\/www.atelierdocaractere.pt\/brevemente\/glex-summit-2022-a-davos-da-exploracao-mundial-arranca-esta-segunda-feira-nos-acores\/"]}]},{"@type":"BreadcrumbList","@id":"https:\/\/www.atelierdocaractere.pt\/brevemente\/glex-summit-2022-a-davos-da-exploracao-mundial-arranca-esta-segunda-feira-nos-acores\/#breadcrumb","itemListElement":[{"@type":"ListItem","position":1,"name":"In\u00edcio","item":"https:\/\/www.atelierdocaractere.pt\/brevemente\/"},{"@type":"ListItem","position":2,"name":"GLEX Summit 2022: A \u201cDavos\u201d da explora\u00e7\u00e3o mundial arranca esta segunda-feira nos A\u00e7ores"}]},{"@type":"WebSite","@id":"https:\/\/www.atelierdocaractere.pt\/brevemente\/#website","url":"https:\/\/www.atelierdocaractere.pt\/brevemente\/","name":"Atelier do Caractere","description":"","potentialAction":[{"@type":"SearchAction","target":{"@type":"EntryPoint","urlTemplate":"https:\/\/www.atelierdocaractere.pt\/brevemente\/?s={search_term_string}"},"query-input":"required name=search_term_string"}],"inLanguage":"pt-PT"},{"@type":"Person","@id":"https:\/\/www.atelierdocaractere.pt\/brevemente\/#\/schema\/person\/9cbfe9364f1f340a0e67c62563053c6e","name":"editor@atelierdocaractere","image":{"@type":"ImageObject","inLanguage":"pt-PT","@id":"https:\/\/www.atelierdocaractere.pt\/brevemente\/#\/schema\/person\/image\/","url":"https:\/\/secure.gravatar.com\/avatar\/0fbdb8811d6ce6feb06d4d626953d952?s=96&d=mm&r=g","contentUrl":"https:\/\/secure.gravatar.com\/avatar\/0fbdb8811d6ce6feb06d4d626953d952?s=96&d=mm&r=g","caption":"editor@atelierdocaractere"},"url":"https:\/\/www.atelierdocaractere.pt\/brevemente\/author\/editoratelierdocaractere\/"}]}},"_links":{"self":[{"href":"https:\/\/www.atelierdocaractere.pt\/brevemente\/wp-json\/wp\/v2\/posts\/11114"}],"collection":[{"href":"https:\/\/www.atelierdocaractere.pt\/brevemente\/wp-json\/wp\/v2\/posts"}],"about":[{"href":"https:\/\/www.atelierdocaractere.pt\/brevemente\/wp-json\/wp\/v2\/types\/post"}],"author":[{"embeddable":true,"href":"https:\/\/www.atelierdocaractere.pt\/brevemente\/wp-json\/wp\/v2\/users\/2"}],"replies":[{"embeddable":true,"href":"https:\/\/www.atelierdocaractere.pt\/brevemente\/wp-json\/wp\/v2\/comments?post=11114"}],"version-history":[{"count":1,"href":"https:\/\/www.atelierdocaractere.pt\/brevemente\/wp-json\/wp\/v2\/posts\/11114\/revisions"}],"predecessor-version":[{"id":11116,"href":"https:\/\/www.atelierdocaractere.pt\/brevemente\/wp-json\/wp\/v2\/posts\/11114\/revisions\/11116"}],"wp:featuredmedia":[{"embeddable":true,"href":"https:\/\/www.atelierdocaractere.pt\/brevemente\/wp-json\/wp\/v2\/media\/11115"}],"wp:attachment":[{"href":"https:\/\/www.atelierdocaractere.pt\/brevemente\/wp-json\/wp\/v2\/media?parent=11114"}],"wp:term":[{"taxonomy":"category","embeddable":true,"href":"https:\/\/www.atelierdocaractere.pt\/brevemente\/wp-json\/wp\/v2\/categories?post=11114"},{"taxonomy":"post_tag","embeddable":true,"href":"https:\/\/www.atelierdocaractere.pt\/brevemente\/wp-json\/wp\/v2\/tags?post=11114"}],"curies":[{"name":"wp","href":"https:\/\/api.w.org\/{rel}","templated":true}]}}