{"id":11157,"date":"2022-07-06T14:04:48","date_gmt":"2022-07-06T14:04:48","guid":{"rendered":"https:\/\/www.atelierdocaractere.pt\/brevemente\/?p=11157"},"modified":"2022-07-06T14:04:50","modified_gmt":"2022-07-06T14:04:50","slug":"glex-summit-anuncia-o-primeiro-astronauta-portugues","status":"publish","type":"post","link":"https:\/\/www.atelierdocaractere.pt\/brevemente\/glex-summit-anuncia-o-primeiro-astronauta-portugues\/","title":{"rendered":"GLEX Summit anuncia o primeiro astronauta portugu\u00eas"},"content":{"rendered":"\n<figure class=\"wp-block-image size-large\"><img decoding=\"async\" width=\"1024\" height=\"682\" src=\"https:\/\/www.atelierdocaractere.pt\/wp-content\/uploads\/2022\/07\/glex-summit-anuncio-1o-astronauta-pt-1024x682.jpeg\" alt=\"\" class=\"wp-image-11158\" srcset=\"https:\/\/www.atelierdocaractere.pt\/wp-content\/uploads\/2022\/07\/glex-summit-anuncio-1o-astronauta-pt-1024x682.jpeg 1024w, https:\/\/www.atelierdocaractere.pt\/wp-content\/uploads\/2022\/07\/glex-summit-anuncio-1o-astronauta-pt-300x200.jpeg 300w, https:\/\/www.atelierdocaractere.pt\/wp-content\/uploads\/2022\/07\/glex-summit-anuncio-1o-astronauta-pt-768x512.jpeg 768w, https:\/\/www.atelierdocaractere.pt\/wp-content\/uploads\/2022\/07\/glex-summit-anuncio-1o-astronauta-pt-900x600.jpeg 900w, https:\/\/www.atelierdocaractere.pt\/wp-content\/uploads\/2022\/07\/glex-summit-anuncio-1o-astronauta-pt-675x450.jpeg 675w, https:\/\/www.atelierdocaractere.pt\/wp-content\/uploads\/2022\/07\/glex-summit-anuncio-1o-astronauta-pt.jpeg 1280w\" sizes=\"(max-width: 1024px) 100vw, 1024px\" \/><\/figure>\n\n\n\n<p><strong>O an\u00fancio do primeiro astronauta portugu\u00eas, pela Blue Origin, a empresa aeroespacial de Jeff Bezos, foi a grande surpresa do terceiro e \u00faltimo dia da GLEX Summit.<\/strong><\/p>\n\n\n\n<p>\u201cEste an\u00fancio exclusivo confirma a import\u00e2ncia da GLEX Summit como agregadora da ind\u00fastria espacial. \u00c9 uma enorme honra que a empresa de Jeff Bezos, Blue Origin, tenha permitido dar esta not\u00edcia, em primeira m\u00e3o, nos A\u00e7ores. Um dia depois de tamb\u00e9m a NASA ter escolhido a GLEX Summit para anunciar que vai aterrar no planeta V\u00e9nus, em junho de 2031. N\u00e3o pod\u00edamos estar mais orgulhosos\u201d, sublinha Manuel Vaz, fundador da Expanding World e coorganizador da&nbsp;GLEX Summit.<\/p>\n\n\n\n<p>O primeiro astronauta portugu\u00eas, cuja identidade ainda n\u00e3o pode ser revelada, vai integrar a pr\u00f3xima miss\u00e3o da Blue Origin, embarcando a bordo da nave espacial New Shepard, desenvolvida pela empresa aeroespacial de Jeff Bezos, fundada com o objetivo de tornar as viagens espaciais mais frequentes e mais acess\u00edveis, por meio de sistemas de lan\u00e7amento reutiliz\u00e1veis.<\/p>\n\n\n\n<p><strong>Voo suborbital da New Shepard tem, em m\u00e9dia, 11 minutos de dura\u00e7\u00e3o<\/strong><\/p>\n\n\n\n<p>O astronauta portugu\u00eas far\u00e1 parte da tripula\u00e7\u00e3o da sexta miss\u00e3o espacial da New Shepard. Uma nave espacial que recebeu o nome do astronauta Alan Shepard, da miss\u00e3o Mercury, como homenagem ao seu legado como o primeiro americano a chegar ao espa\u00e7o, em 5 de maio de 1961.<\/p>\n\n\n\n<p>A estrutura da nave espacial New Shepard assenta num foguete e numa c\u00e1psula, ambos reutiliz\u00e1veis.<\/p>\n\n\n\n<p>Cada voo especial tem uma dura\u00e7\u00e3o m\u00e9dia de cerca de 11 minutos, levando os astronautas acima da linha de K\u00e1rm\u00e1n, a&nbsp;100 km de altitude, que \u00e9 considerada a fronteira do espa\u00e7o pelas autoridades internacionais. A partir do momento em que alcan\u00e7am a microgravidade, os astronautas ficam \u201csem peso\u201d, no espa\u00e7o suborbital, durante cerca de tr\u00eas minutos.<\/p>\n\n\n\n<p>O plano de voo prev\u00ea que o foguete pouse verticalmente instantes depois do lan\u00e7amento. J\u00e1 a c\u00e1psula da tripula\u00e7\u00e3o est\u00e1 programada para descer com recurso a paraquedas, chegando \u00e0 Terra escassos minutos depois do propulsor.<\/p>\n\n\n\n<p>Em fun\u00e7\u00e3o das miss\u00f5es anteriores, \u00e9 suposto que o primeiro astronauta portugu\u00eas receba, pelo menos, cerca de 14 horas de treino e forma\u00e7\u00e3o.<\/p>\n\n\n\n<p>O an\u00fancio do primeiro astronauta portugu\u00eas foi feito na GLEX Summit, a maior cimeira de exploradores do mundo, uma iniciativa do The Explorers Club de Nova Iorque e da portuguesa Expanding World, com o apoio do Governo dos A\u00e7ores e Turismo de Portugal.<\/p>\n\n\n\n<p>Na edi\u00e7\u00e3o deste ano, que teve como palco os A\u00e7ores, participaram mais de meia centena de oradores de 14 pa\u00edses, entre cientistas e exploradores. O programa incluiu mais de 40 pain\u00e9is de apresenta\u00e7\u00e3o, divididos por quatro tem\u00e1ticas principais: Oceanos; Explora\u00e7\u00e3o Espacial; Conserva\u00e7\u00e3o da Natureza e Altera\u00e7\u00f5es Clim\u00e1ticas; e as atuais e futuras Grandes Expedi\u00e7\u00f5es do nosso tempo.<\/p>\n","protected":false},"excerpt":{"rendered":"<p>O an\u00fancio do primeiro astronauta portugu\u00eas, pela Blue Origin, a empresa aeroespacial de Jeff Bezos, foi a grande surpresa do&#8230;<\/p>\n","protected":false},"author":2,"featured_media":11158,"comment_status":"closed","ping_status":"open","sticky":false,"template":"","format":"standard","meta":[],"categories":[451],"tags":[446],"yoast_head":"<!-- This site is optimized with the Yoast SEO plugin v20.12 - https:\/\/yoast.com\/wordpress\/plugins\/seo\/ -->\n<title>GLEX Summit anuncia o primeiro astronauta portugu\u00eas - Atelier do Caractere<\/title>\n<meta name=\"description\" content=\"grande surpresa do terceiro e \u00faltimo dia da GLEX Summit.\" \/>\n<meta name=\"robots\" content=\"index, follow, max-snippet:-1, max-image-preview:large, max-video-preview:-1\" \/>\n<link rel=\"canonical\" href=\"https:\/\/www.atelierdocaractere.pt\/brevemente\/glex-summit-anuncia-o-primeiro-astronauta-portugues\/\" \/>\n<meta property=\"og:locale\" content=\"pt_PT\" \/>\n<meta property=\"og:type\" content=\"article\" \/>\n<meta property=\"og:title\" content=\"GLEX Summit anuncia o primeiro astronauta portugu\u00eas - Atelier do Caractere\" \/>\n<meta property=\"og:description\" content=\"grande surpresa do terceiro e \u00faltimo dia da GLEX Summit.\" \/>\n<meta property=\"og:url\" content=\"https:\/\/www.atelierdocaractere.pt\/brevemente\/glex-summit-anuncia-o-primeiro-astronauta-portugues\/\" \/>\n<meta property=\"og:site_name\" content=\"Atelier do Caractere\" \/>\n<meta property=\"article:publisher\" content=\"https:\/\/www.facebook.com\/AtelierdoCaractere\" \/>\n<meta property=\"article:published_time\" content=\"2022-07-06T14:04:48+00:00\" \/>\n<meta property=\"article:modified_time\" content=\"2022-07-06T14:04:50+00:00\" \/>\n<meta property=\"og:image\" content=\"http:\/\/www.atelierdocaractere.pt\/wp-content\/uploads\/2022\/07\/glex-summit-anuncio-1o-astronauta-pt.jpeg\" \/>\n\t<meta property=\"og:image:width\" content=\"1280\" \/>\n\t<meta property=\"og:image:height\" content=\"853\" \/>\n\t<meta property=\"og:image:type\" content=\"image\/jpeg\" \/>\n<meta name=\"author\" content=\"editor@atelierdocaractere\" \/>\n<meta name=\"twitter:card\" content=\"summary_large_image\" \/>\n<meta name=\"twitter:label1\" content=\"Escrito por\" \/>\n\t<meta name=\"twitter:data1\" content=\"editor@atelierdocaractere\" \/>\n\t<meta name=\"twitter:label2\" content=\"Tempo estimado de leitura\" \/>\n\t<meta name=\"twitter:data2\" content=\"3 minutos\" \/>\n<script type=\"application\/ld+json\" class=\"yoast-schema-graph\">{\"@context\":\"https:\/\/schema.org\",\"@graph\":[{\"@type\":\"WebPage\",\"@id\":\"https:\/\/www.atelierdocaractere.pt\/brevemente\/glex-summit-anuncia-o-primeiro-astronauta-portugues\/\",\"url\":\"https:\/\/www.atelierdocaractere.pt\/brevemente\/glex-summit-anuncia-o-primeiro-astronauta-portugues\/\",\"name\":\"GLEX Summit anuncia o primeiro astronauta portugu\u00eas - Atelier do Caractere\",\"isPartOf\":{\"@id\":\"https:\/\/www.atelierdocaractere.pt\/brevemente\/#website\"},\"datePublished\":\"2022-07-06T14:04:48+00:00\",\"dateModified\":\"2022-07-06T14:04:50+00:00\",\"author\":{\"@id\":\"https:\/\/www.atelierdocaractere.pt\/brevemente\/#\/schema\/person\/9cbfe9364f1f340a0e67c62563053c6e\"},\"description\":\"grande surpresa do terceiro e \u00faltimo dia da GLEX Summit.\",\"breadcrumb\":{\"@id\":\"https:\/\/www.atelierdocaractere.pt\/brevemente\/glex-summit-anuncia-o-primeiro-astronauta-portugues\/#breadcrumb\"},\"inLanguage\":\"pt-PT\",\"potentialAction\":[{\"@type\":\"ReadAction\",\"target\":[\"https:\/\/www.atelierdocaractere.pt\/brevemente\/glex-summit-anuncia-o-primeiro-astronauta-portugues\/\"]}]},{\"@type\":\"BreadcrumbList\",\"@id\":\"https:\/\/www.atelierdocaractere.pt\/brevemente\/glex-summit-anuncia-o-primeiro-astronauta-portugues\/#breadcrumb\",\"itemListElement\":[{\"@type\":\"ListItem\",\"position\":1,\"name\":\"In\u00edcio\",\"item\":\"https:\/\/www.atelierdocaractere.pt\/brevemente\/\"},{\"@type\":\"ListItem\",\"position\":2,\"name\":\"GLEX Summit anuncia o primeiro astronauta portugu\u00eas\"}]},{\"@type\":\"WebSite\",\"@id\":\"https:\/\/www.atelierdocaractere.pt\/brevemente\/#website\",\"url\":\"https:\/\/www.atelierdocaractere.pt\/brevemente\/\",\"name\":\"Atelier do Caractere\",\"description\":\"\",\"potentialAction\":[{\"@type\":\"SearchAction\",\"target\":{\"@type\":\"EntryPoint\",\"urlTemplate\":\"https:\/\/www.atelierdocaractere.pt\/brevemente\/?s={search_term_string}\"},\"query-input\":\"required name=search_term_string\"}],\"inLanguage\":\"pt-PT\"},{\"@type\":\"Person\",\"@id\":\"https:\/\/www.atelierdocaractere.pt\/brevemente\/#\/schema\/person\/9cbfe9364f1f340a0e67c62563053c6e\",\"name\":\"editor@atelierdocaractere\",\"image\":{\"@type\":\"ImageObject\",\"inLanguage\":\"pt-PT\",\"@id\":\"https:\/\/www.atelierdocaractere.pt\/brevemente\/#\/schema\/person\/image\/\",\"url\":\"https:\/\/secure.gravatar.com\/avatar\/0fbdb8811d6ce6feb06d4d626953d952?s=96&d=mm&r=g\",\"contentUrl\":\"https:\/\/secure.gravatar.com\/avatar\/0fbdb8811d6ce6feb06d4d626953d952?s=96&d=mm&r=g\",\"caption\":\"editor@atelierdocaractere\"},\"url\":\"https:\/\/www.atelierdocaractere.pt\/brevemente\/author\/editoratelierdocaractere\/\"}]}<\/script>\n<!-- \/ Yoast SEO plugin. -->","yoast_head_json":{"title":"GLEX Summit anuncia o primeiro astronauta portugu\u00eas - Atelier do Caractere","description":"grande surpresa do terceiro e \u00faltimo dia da GLEX Summit.","robots":{"index":"index","follow":"follow","max-snippet":"max-snippet:-1","max-image-preview":"max-image-preview:large","max-video-preview":"max-video-preview:-1"},"canonical":"https:\/\/www.atelierdocaractere.pt\/brevemente\/glex-summit-anuncia-o-primeiro-astronauta-portugues\/","og_locale":"pt_PT","og_type":"article","og_title":"GLEX Summit anuncia o primeiro astronauta portugu\u00eas - Atelier do Caractere","og_description":"grande surpresa do terceiro e \u00faltimo dia da GLEX Summit.","og_url":"https:\/\/www.atelierdocaractere.pt\/brevemente\/glex-summit-anuncia-o-primeiro-astronauta-portugues\/","og_site_name":"Atelier do Caractere","article_publisher":"https:\/\/www.facebook.com\/AtelierdoCaractere","article_published_time":"2022-07-06T14:04:48+00:00","article_modified_time":"2022-07-06T14:04:50+00:00","og_image":[{"width":1280,"height":853,"url":"http:\/\/www.atelierdocaractere.pt\/wp-content\/uploads\/2022\/07\/glex-summit-anuncio-1o-astronauta-pt.jpeg","type":"image\/jpeg"}],"author":"editor@atelierdocaractere","twitter_card":"summary_large_image","twitter_misc":{"Escrito por":"editor@atelierdocaractere","Tempo estimado de leitura":"3 minutos"},"schema":{"@context":"https:\/\/schema.org","@graph":[{"@type":"WebPage","@id":"https:\/\/www.atelierdocaractere.pt\/brevemente\/glex-summit-anuncia-o-primeiro-astronauta-portugues\/","url":"https:\/\/www.atelierdocaractere.pt\/brevemente\/glex-summit-anuncia-o-primeiro-astronauta-portugues\/","name":"GLEX Summit anuncia o primeiro astronauta portugu\u00eas - Atelier do Caractere","isPartOf":{"@id":"https:\/\/www.atelierdocaractere.pt\/brevemente\/#website"},"datePublished":"2022-07-06T14:04:48+00:00","dateModified":"2022-07-06T14:04:50+00:00","author":{"@id":"https:\/\/www.atelierdocaractere.pt\/brevemente\/#\/schema\/person\/9cbfe9364f1f340a0e67c62563053c6e"},"description":"grande surpresa do terceiro e \u00faltimo dia da GLEX Summit.","breadcrumb":{"@id":"https:\/\/www.atelierdocaractere.pt\/brevemente\/glex-summit-anuncia-o-primeiro-astronauta-portugues\/#breadcrumb"},"inLanguage":"pt-PT","potentialAction":[{"@type":"ReadAction","target":["https:\/\/www.atelierdocaractere.pt\/brevemente\/glex-summit-anuncia-o-primeiro-astronauta-portugues\/"]}]},{"@type":"BreadcrumbList","@id":"https:\/\/www.atelierdocaractere.pt\/brevemente\/glex-summit-anuncia-o-primeiro-astronauta-portugues\/#breadcrumb","itemListElement":[{"@type":"ListItem","position":1,"name":"In\u00edcio","item":"https:\/\/www.atelierdocaractere.pt\/brevemente\/"},{"@type":"ListItem","position":2,"name":"GLEX Summit anuncia o primeiro astronauta portugu\u00eas"}]},{"@type":"WebSite","@id":"https:\/\/www.atelierdocaractere.pt\/brevemente\/#website","url":"https:\/\/www.atelierdocaractere.pt\/brevemente\/","name":"Atelier do Caractere","description":"","potentialAction":[{"@type":"SearchAction","target":{"@type":"EntryPoint","urlTemplate":"https:\/\/www.atelierdocaractere.pt\/brevemente\/?s={search_term_string}"},"query-input":"required name=search_term_string"}],"inLanguage":"pt-PT"},{"@type":"Person","@id":"https:\/\/www.atelierdocaractere.pt\/brevemente\/#\/schema\/person\/9cbfe9364f1f340a0e67c62563053c6e","name":"editor@atelierdocaractere","image":{"@type":"ImageObject","inLanguage":"pt-PT","@id":"https:\/\/www.atelierdocaractere.pt\/brevemente\/#\/schema\/person\/image\/","url":"https:\/\/secure.gravatar.com\/avatar\/0fbdb8811d6ce6feb06d4d626953d952?s=96&d=mm&r=g","contentUrl":"https:\/\/secure.gravatar.com\/avatar\/0fbdb8811d6ce6feb06d4d626953d952?s=96&d=mm&r=g","caption":"editor@atelierdocaractere"},"url":"https:\/\/www.atelierdocaractere.pt\/brevemente\/author\/editoratelierdocaractere\/"}]}},"_links":{"self":[{"href":"https:\/\/www.atelierdocaractere.pt\/brevemente\/wp-json\/wp\/v2\/posts\/11157"}],"collection":[{"href":"https:\/\/www.atelierdocaractere.pt\/brevemente\/wp-json\/wp\/v2\/posts"}],"about":[{"href":"https:\/\/www.atelierdocaractere.pt\/brevemente\/wp-json\/wp\/v2\/types\/post"}],"author":[{"embeddable":true,"href":"https:\/\/www.atelierdocaractere.pt\/brevemente\/wp-json\/wp\/v2\/users\/2"}],"replies":[{"embeddable":true,"href":"https:\/\/www.atelierdocaractere.pt\/brevemente\/wp-json\/wp\/v2\/comments?post=11157"}],"version-history":[{"count":1,"href":"https:\/\/www.atelierdocaractere.pt\/brevemente\/wp-json\/wp\/v2\/posts\/11157\/revisions"}],"predecessor-version":[{"id":11159,"href":"https:\/\/www.atelierdocaractere.pt\/brevemente\/wp-json\/wp\/v2\/posts\/11157\/revisions\/11159"}],"wp:featuredmedia":[{"embeddable":true,"href":"https:\/\/www.atelierdocaractere.pt\/brevemente\/wp-json\/wp\/v2\/media\/11158"}],"wp:attachment":[{"href":"https:\/\/www.atelierdocaractere.pt\/brevemente\/wp-json\/wp\/v2\/media?parent=11157"}],"wp:term":[{"taxonomy":"category","embeddable":true,"href":"https:\/\/www.atelierdocaractere.pt\/brevemente\/wp-json\/wp\/v2\/categories?post=11157"},{"taxonomy":"post_tag","embeddable":true,"href":"https:\/\/www.atelierdocaractere.pt\/brevemente\/wp-json\/wp\/v2\/tags?post=11157"}],"curies":[{"name":"wp","href":"https:\/\/api.w.org\/{rel}","templated":true}]}}