{"id":11165,"date":"2022-07-06T20:21:51","date_gmt":"2022-07-06T20:21:51","guid":{"rendered":"https:\/\/www.atelierdocaractere.pt\/brevemente\/?p=11165"},"modified":"2022-07-06T20:35:54","modified_gmt":"2022-07-06T20:35:54","slug":"terceiro-dia-da-glex-summit-marcado-por-anuncio-surpresa-e-pela-nova-geracao-de-exploradores","status":"publish","type":"post","link":"https:\/\/www.atelierdocaractere.pt\/brevemente\/terceiro-dia-da-glex-summit-marcado-por-anuncio-surpresa-e-pela-nova-geracao-de-exploradores\/","title":{"rendered":"Terceiro dia da GLEX Summit marcado por an\u00fancio surpresa e pela nova gera\u00e7\u00e3o de exploradores"},"content":{"rendered":"\n<figure class=\"wp-block-image size-large\"><img decoding=\"async\" width=\"1024\" height=\"681\" src=\"https:\/\/www.atelierdocaractere.pt\/wp-content\/uploads\/2022\/07\/glex-day-3-onkuri-majumdar-1024x681.jpg\" alt=\"\" class=\"wp-image-11166\" srcset=\"https:\/\/www.atelierdocaractere.pt\/wp-content\/uploads\/2022\/07\/glex-day-3-onkuri-majumdar-1024x681.jpg 1024w, https:\/\/www.atelierdocaractere.pt\/wp-content\/uploads\/2022\/07\/glex-day-3-onkuri-majumdar-300x200.jpg 300w, https:\/\/www.atelierdocaractere.pt\/wp-content\/uploads\/2022\/07\/glex-day-3-onkuri-majumdar-768x511.jpg 768w, https:\/\/www.atelierdocaractere.pt\/wp-content\/uploads\/2022\/07\/glex-day-3-onkuri-majumdar-1536x1021.jpg 1536w, https:\/\/www.atelierdocaractere.pt\/wp-content\/uploads\/2022\/07\/glex-day-3-onkuri-majumdar-900x600.jpg 900w, https:\/\/www.atelierdocaractere.pt\/wp-content\/uploads\/2022\/07\/glex-day-3-onkuri-majumdar-675x450.jpg 675w, https:\/\/www.atelierdocaractere.pt\/wp-content\/uploads\/2022\/07\/glex-day-3-onkuri-majumdar.jpg 1600w\" sizes=\"(max-width: 1024px) 100vw, 1024px\" \/><\/figure>\n\n\n\n<p><strong>Depois do espa\u00e7o, dos oceanos e da Terra, o terceiro dia da GLEX Summit, o \u00faltimo com apresenta\u00e7\u00f5es presenciais no Teatro Micaelense, foi o mais variado ao n\u00edvel de tem\u00e1ticas, com um painel composto pela nova gera\u00e7\u00e3o de exploradores que o The Explorers Club entende que o mundo deveria conhecer. Amanh\u00e3, quinta-feira, o quarto e \u00faltimo da GLEX Summit ser\u00e1 online, com transmiss\u00e3o a partir das 15,30 horas (hora local) no website oficial do evento.<\/strong><\/p>\n\n\n\n<p><strong>No dia em que a GLEX Summit se despediu do Teatro Micaelense, levando ao palco o \u00faltimo conjunto de apresenta\u00e7\u00f5es presenciais, num painel dedicado \u00e0 nova gera\u00e7\u00e3o de exploradores, houve um an\u00fancio que surpreendeu a plateia. Atrav\u00e9s de um v\u00eddeo lan\u00e7ado ao final da manh\u00e3, a Blue Origin de Jeff Bezos anunciou que um portugu\u00eas vai integrar a sua pr\u00f3xima miss\u00e3o ao espa\u00e7o, entre julho e agosto deste ano. A identidade ser\u00e1 revelada dentro de duas semanas. Um dia antes, a NASA tinha tamb\u00e9m escolhido a GLEX Summit para anunciar que vai aterrar no planeta V\u00e9nus, em junho de 2031.<\/strong><\/p>\n\n\n\n<p><strong>\u201cN\u00e3o pod\u00edamos estar mais orgulhosos\u201d<\/strong><strong>, revela Manuel Vaz, fundador da Expanding World e coorganizador da cimeira.&nbsp;<\/strong><strong>\u201cFech\u00e1mos com chave de ouro, com esta not\u00edcia fant\u00e1stica de que vamos ter um primeiro astronauta portugu\u00eas na pr\u00f3xima miss\u00e3o da Blue Origin\u201d<\/strong><strong>.<\/strong><strong><\/strong><\/p>\n\n\n\n<p><strong>Em jeito de balan\u00e7o, Manuel Vaz explica que esta GLEX Summit&nbsp;<\/strong><strong>\u201cfoi mais um encontro \u00fanico e irrepet\u00edvel com algumas das mentes mais brilhantes e inspiradoras do nosso planeta, mas tamb\u00e9m com os principais players da explora\u00e7\u00e3o e investiga\u00e7\u00e3o mundial. Seria sempre dif\u00edcil realizar este evento em qualquer lugar do mundo, mas conseguir faz\u00ea-lo aqui, nos A\u00e7ores, \u00e9 algo que me deixa particularmente feliz e orgulhoso, como organizador, mas tamb\u00e9m como portugu\u00eas\u201d<\/strong><strong>.<\/strong><\/p>\n\n\n\n<p><strong>No encerramento da sess\u00e3o, o Ministro da Economia de Portugal, Ant\u00f3nio Costa Silva, destacou a import\u00e2ncia deste encontro para o futuro do planeta.&nbsp;<\/strong><strong>\u201cA GLEX Summit \u00e9 um evento fant\u00e1stico e que deixa uma onda de entusiasmo e paix\u00e3o para o futuro. \u00c9 uma grande plataforma para partilhar hist\u00f3rias, aventuras, experi\u00eancias, mas tamb\u00e9m conhecimento e novas vis\u00f5es para o futuro. Por ser um evento que voa acima da geopol\u00edtica, \u00e9 urgente que mais plataformas como a GLEX Summit possam surgir para ajudar a resolver os problemas que enfrentamos neste mundo dif\u00edcil\u201d<\/strong><strong>.<\/strong><\/p>\n\n\n\n<p><strong>Depois j\u00e1 ter estado presente em Lisboa, na abertura da GLEX Ignition Summit, o Ministro da Economia fez tamb\u00e9m quest\u00e3o de marcar presen\u00e7a no encerramento do evento nos A\u00e7ores, onde recuperou a ideia de ligar a investiga\u00e7\u00e3o dos oceanos ao espa\u00e7o:&nbsp;<\/strong><strong>\u201cPor serem um local importante na investiga\u00e7\u00e3o dos oceanos e pela localiza\u00e7\u00e3o estrat\u00e9gica do futuro Space Port em Santa Maria, os A\u00e7ores s\u00e3o talvez um dos melhores locais no mundo para concretizar esta liga\u00e7\u00e3o entre os oceanos e o espa\u00e7o\u201d<\/strong><strong>, afirmou.<\/strong><\/p>\n\n\n\n<p><strong>De Sian Proctor a Shawna Pandya: a nova gera\u00e7\u00e3o que est\u00e1 a dar cartas na explora\u00e7\u00e3o<\/strong><\/p>\n\n\n\n<p><strong>Com um painel preenchido pela nova gera\u00e7\u00e3o de exploradores apoiado pelo programa Explorers50, a manh\u00e3 deste terceiro dia percorreu v\u00e1rias tem\u00e1ticas, desde a inclusividade no espa\u00e7o \u00e0 prote\u00e7\u00e3o da vida selvagem e \u00e0 revolu\u00e7\u00e3o no DNA, mas sempre com a defesa do planeta como denominador comum.<\/strong><\/p>\n\n\n\n<p><strong>O primeiro testemunho foi da geocientista Sian Proctor, a quarta afro-americana a ir ao espa\u00e7o e a primeira a pilotar uma nave espacial.&nbsp;<\/strong><strong>\u201cO meu pai trabalhava na NASA e eu sempre tive esse sonho de ir um dia ao espa\u00e7o e explorar novos mundos\u201d<\/strong><strong>. Ap\u00f3s falhar o ingresso na ag\u00eancia espacial norte-americana, o bilhete dourado surgiu em 2021, atrav\u00e9s da SpaceX de Elon Musk, integrando o primeiro voo espacial totalmente civil do mundo.&nbsp;<\/strong><strong>\u201cApenas cinco mulheres negras j\u00e1 foram ao espa\u00e7o. Quero mudar isso, tornando o espa\u00e7o um lugar mais inclusivo. Espero conseguir inspirar mais pessoas a acreditarem que \u00e9 poss\u00edvel\u201d<\/strong><strong>.<\/strong><\/p>\n\n\n\n<p><strong>O bi\u00f3logo Joshua Powell e a ecologista Natalie Schmitt apresentaram nos A\u00e7ores os seus projetos para a defesa de esp\u00e9cies amea\u00e7adas, enquanto a cientista e exploradora polar Sunniva Sorby, membro da primeira equipa feminina a chegar \u00e0 Ant\u00e1rtida (1993), deu a conhecer o seu \u00faltimo projeto, \u201cHearts in the Ice\u201d, no combate \u00e0s mudan\u00e7as clim\u00e1ticas.<\/strong><\/p>\n\n\n\n<p><strong>Cofundador da \u201cFresh Tracks\u201d, Juan Martinez explicou como est\u00e1 a enraizar nos jovens o poder de cura do ar livre, enquanto John Mack, artista visual, abordou a atual depend\u00eancia dos dispositivos digitais, apresentando a \u201cLife Calling Initiative\u201d como parte da sua investiga\u00e7\u00e3o entre a realidade e o virtual.<\/strong><\/p>\n\n\n\n<p><strong>Da \u00cdndia veio a conservacionista Onkuri Majumdar, que luta h\u00e1 mais de 20 anos contra o tr\u00e1fico de animais selvagens no Sudeste Asi\u00e1tico, e do Canad\u00e1 a m\u00e9dica e aquanauta Shawna Pandya, que se dedica aos desafios da vida do espa\u00e7o, concretamente, aos efeitos da aus\u00eancia de gravidade e da radia\u00e7\u00e3o nos astronautas. Como lembrou no final da sua apresenta\u00e7\u00e3o,&nbsp;<\/strong><strong>\u201ctudo come\u00e7a com um pequeno passo\u201d<\/strong><strong>.<\/strong><\/p>\n\n\n\n<p><strong>O quarto e \u00faltimo dia da GLEX Summit ser\u00e1 exclusivamente online e pode ser seguido, a partir das 15,30 horas (hora dos A\u00e7ores), no website oficial do evento, em&nbsp;<a href=\"https:\/\/www.glexsummit.com\/\" target=\"_blank\" rel=\"noreferrer noopener\">https:\/\/www.glexsummit.com\/<\/a><\/strong><\/p>\n","protected":false},"excerpt":{"rendered":"<p>Depois do espa\u00e7o, dos oceanos e da Terra, o terceiro dia da GLEX Summit, o \u00faltimo com apresenta\u00e7\u00f5es presenciais no&#8230;<\/p>\n","protected":false},"author":2,"featured_media":11167,"comment_status":"closed","ping_status":"open","sticky":false,"template":"","format":"standard","meta":[],"categories":[451],"tags":[446],"yoast_head":"<!-- This site is optimized with the Yoast SEO plugin v20.12 - https:\/\/yoast.com\/wordpress\/plugins\/seo\/ -->\n<title>Terceiro dia da GLEX Summit marcado por an\u00fancio surpresa e pela nova gera\u00e7\u00e3o de exploradores - Atelier do Caractere<\/title>\n<meta name=\"description\" content=\"Depois do espa\u00e7o, dos oceanos e da Terra, o terceiro dia da GLEX Summit, o \u00faltimo com apresenta\u00e7\u00f5es presenciais no Teatro Micaelense, foi o mais variado ao n\u00edvel de tem\u00e1ticas, com um painel composto pela nova gera\u00e7\u00e3o de exploradores que o The Explorers Club entende que o mundo deveria conhecer. Amanh\u00e3, quarta-feira, o quarto e \u00faltimo da GLEX Summit ser\u00e1 online, com transmiss\u00e3o a partir das 15,30 horas (hora local) no website oficial do evento.\" \/>\n<meta name=\"robots\" content=\"index, follow, max-snippet:-1, max-image-preview:large, max-video-preview:-1\" \/>\n<link rel=\"canonical\" href=\"https:\/\/www.atelierdocaractere.pt\/brevemente\/terceiro-dia-da-glex-summit-marcado-por-anuncio-surpresa-e-pela-nova-geracao-de-exploradores\/\" \/>\n<meta property=\"og:locale\" content=\"pt_PT\" \/>\n<meta property=\"og:type\" content=\"article\" \/>\n<meta property=\"og:title\" content=\"Terceiro dia da GLEX Summit marcado por an\u00fancio surpresa e pela nova gera\u00e7\u00e3o de exploradores - Atelier do Caractere\" \/>\n<meta property=\"og:description\" content=\"Depois do espa\u00e7o, dos oceanos e da Terra, o terceiro dia da GLEX Summit, o \u00faltimo com apresenta\u00e7\u00f5es presenciais no Teatro Micaelense, foi o mais variado ao n\u00edvel de tem\u00e1ticas, com um painel composto pela nova gera\u00e7\u00e3o de exploradores que o The Explorers Club entende que o mundo deveria conhecer. Amanh\u00e3, quarta-feira, o quarto e \u00faltimo da GLEX Summit ser\u00e1 online, com transmiss\u00e3o a partir das 15,30 horas (hora local) no website oficial do evento.\" \/>\n<meta property=\"og:url\" content=\"https:\/\/www.atelierdocaractere.pt\/brevemente\/terceiro-dia-da-glex-summit-marcado-por-anuncio-surpresa-e-pela-nova-geracao-de-exploradores\/\" \/>\n<meta property=\"og:site_name\" content=\"Atelier do Caractere\" \/>\n<meta property=\"article:publisher\" content=\"https:\/\/www.facebook.com\/AtelierdoCaractere\" \/>\n<meta property=\"article:published_time\" content=\"2022-07-06T20:21:51+00:00\" \/>\n<meta property=\"article:modified_time\" content=\"2022-07-06T20:35:54+00:00\" \/>\n<meta property=\"og:image\" content=\"http:\/\/www.atelierdocaractere.pt\/wp-content\/uploads\/2022\/07\/glex-day-3-final.jpg\" \/>\n\t<meta property=\"og:image:width\" content=\"2000\" \/>\n\t<meta property=\"og:image:height\" content=\"1330\" \/>\n\t<meta property=\"og:image:type\" content=\"image\/jpeg\" \/>\n<meta name=\"author\" content=\"editor@atelierdocaractere\" \/>\n<meta name=\"twitter:card\" content=\"summary_large_image\" \/>\n<meta name=\"twitter:label1\" content=\"Escrito por\" \/>\n\t<meta name=\"twitter:data1\" content=\"editor@atelierdocaractere\" \/>\n\t<meta name=\"twitter:label2\" content=\"Tempo estimado de leitura\" \/>\n\t<meta name=\"twitter:data2\" content=\"5 minutos\" \/>\n<script type=\"application\/ld+json\" class=\"yoast-schema-graph\">{\"@context\":\"https:\/\/schema.org\",\"@graph\":[{\"@type\":\"WebPage\",\"@id\":\"https:\/\/www.atelierdocaractere.pt\/brevemente\/terceiro-dia-da-glex-summit-marcado-por-anuncio-surpresa-e-pela-nova-geracao-de-exploradores\/\",\"url\":\"https:\/\/www.atelierdocaractere.pt\/brevemente\/terceiro-dia-da-glex-summit-marcado-por-anuncio-surpresa-e-pela-nova-geracao-de-exploradores\/\",\"name\":\"Terceiro dia da GLEX Summit marcado por an\u00fancio surpresa e pela nova gera\u00e7\u00e3o de exploradores - Atelier do Caractere\",\"isPartOf\":{\"@id\":\"https:\/\/www.atelierdocaractere.pt\/brevemente\/#website\"},\"datePublished\":\"2022-07-06T20:21:51+00:00\",\"dateModified\":\"2022-07-06T20:35:54+00:00\",\"author\":{\"@id\":\"https:\/\/www.atelierdocaractere.pt\/brevemente\/#\/schema\/person\/9cbfe9364f1f340a0e67c62563053c6e\"},\"description\":\"Depois do espa\u00e7o, dos oceanos e da Terra, o terceiro dia da GLEX Summit, o \u00faltimo com apresenta\u00e7\u00f5es presenciais no Teatro Micaelense, foi o mais variado ao n\u00edvel de tem\u00e1ticas, com um painel composto pela nova gera\u00e7\u00e3o de exploradores que o The Explorers Club entende que o mundo deveria conhecer. Amanh\u00e3, quarta-feira, o quarto e \u00faltimo da GLEX Summit ser\u00e1 online, com transmiss\u00e3o a partir das 15,30 horas (hora local) no website oficial do evento.\",\"breadcrumb\":{\"@id\":\"https:\/\/www.atelierdocaractere.pt\/brevemente\/terceiro-dia-da-glex-summit-marcado-por-anuncio-surpresa-e-pela-nova-geracao-de-exploradores\/#breadcrumb\"},\"inLanguage\":\"pt-PT\",\"potentialAction\":[{\"@type\":\"ReadAction\",\"target\":[\"https:\/\/www.atelierdocaractere.pt\/brevemente\/terceiro-dia-da-glex-summit-marcado-por-anuncio-surpresa-e-pela-nova-geracao-de-exploradores\/\"]}]},{\"@type\":\"BreadcrumbList\",\"@id\":\"https:\/\/www.atelierdocaractere.pt\/brevemente\/terceiro-dia-da-glex-summit-marcado-por-anuncio-surpresa-e-pela-nova-geracao-de-exploradores\/#breadcrumb\",\"itemListElement\":[{\"@type\":\"ListItem\",\"position\":1,\"name\":\"In\u00edcio\",\"item\":\"https:\/\/www.atelierdocaractere.pt\/brevemente\/\"},{\"@type\":\"ListItem\",\"position\":2,\"name\":\"Terceiro dia da GLEX Summit marcado por an\u00fancio surpresa e pela nova gera\u00e7\u00e3o de exploradores\"}]},{\"@type\":\"WebSite\",\"@id\":\"https:\/\/www.atelierdocaractere.pt\/brevemente\/#website\",\"url\":\"https:\/\/www.atelierdocaractere.pt\/brevemente\/\",\"name\":\"Atelier do Caractere\",\"description\":\"\",\"potentialAction\":[{\"@type\":\"SearchAction\",\"target\":{\"@type\":\"EntryPoint\",\"urlTemplate\":\"https:\/\/www.atelierdocaractere.pt\/brevemente\/?s={search_term_string}\"},\"query-input\":\"required name=search_term_string\"}],\"inLanguage\":\"pt-PT\"},{\"@type\":\"Person\",\"@id\":\"https:\/\/www.atelierdocaractere.pt\/brevemente\/#\/schema\/person\/9cbfe9364f1f340a0e67c62563053c6e\",\"name\":\"editor@atelierdocaractere\",\"image\":{\"@type\":\"ImageObject\",\"inLanguage\":\"pt-PT\",\"@id\":\"https:\/\/www.atelierdocaractere.pt\/brevemente\/#\/schema\/person\/image\/\",\"url\":\"https:\/\/secure.gravatar.com\/avatar\/0fbdb8811d6ce6feb06d4d626953d952?s=96&d=mm&r=g\",\"contentUrl\":\"https:\/\/secure.gravatar.com\/avatar\/0fbdb8811d6ce6feb06d4d626953d952?s=96&d=mm&r=g\",\"caption\":\"editor@atelierdocaractere\"},\"url\":\"https:\/\/www.atelierdocaractere.pt\/brevemente\/author\/editoratelierdocaractere\/\"}]}<\/script>\n<!-- \/ Yoast SEO plugin. -->","yoast_head_json":{"title":"Terceiro dia da GLEX Summit marcado por an\u00fancio surpresa e pela nova gera\u00e7\u00e3o de exploradores - Atelier do Caractere","description":"Depois do espa\u00e7o, dos oceanos e da Terra, o terceiro dia da GLEX Summit, o \u00faltimo com apresenta\u00e7\u00f5es presenciais no Teatro Micaelense, foi o mais variado ao n\u00edvel de tem\u00e1ticas, com um painel composto pela nova gera\u00e7\u00e3o de exploradores que o The Explorers Club entende que o mundo deveria conhecer. Amanh\u00e3, quarta-feira, o quarto e \u00faltimo da GLEX Summit ser\u00e1 online, com transmiss\u00e3o a partir das 15,30 horas (hora local) no website oficial do evento.","robots":{"index":"index","follow":"follow","max-snippet":"max-snippet:-1","max-image-preview":"max-image-preview:large","max-video-preview":"max-video-preview:-1"},"canonical":"https:\/\/www.atelierdocaractere.pt\/brevemente\/terceiro-dia-da-glex-summit-marcado-por-anuncio-surpresa-e-pela-nova-geracao-de-exploradores\/","og_locale":"pt_PT","og_type":"article","og_title":"Terceiro dia da GLEX Summit marcado por an\u00fancio surpresa e pela nova gera\u00e7\u00e3o de exploradores - Atelier do Caractere","og_description":"Depois do espa\u00e7o, dos oceanos e da Terra, o terceiro dia da GLEX Summit, o \u00faltimo com apresenta\u00e7\u00f5es presenciais no Teatro Micaelense, foi o mais variado ao n\u00edvel de tem\u00e1ticas, com um painel composto pela nova gera\u00e7\u00e3o de exploradores que o The Explorers Club entende que o mundo deveria conhecer. Amanh\u00e3, quarta-feira, o quarto e \u00faltimo da GLEX Summit ser\u00e1 online, com transmiss\u00e3o a partir das 15,30 horas (hora local) no website oficial do evento.","og_url":"https:\/\/www.atelierdocaractere.pt\/brevemente\/terceiro-dia-da-glex-summit-marcado-por-anuncio-surpresa-e-pela-nova-geracao-de-exploradores\/","og_site_name":"Atelier do Caractere","article_publisher":"https:\/\/www.facebook.com\/AtelierdoCaractere","article_published_time":"2022-07-06T20:21:51+00:00","article_modified_time":"2022-07-06T20:35:54+00:00","og_image":[{"width":2000,"height":1330,"url":"http:\/\/www.atelierdocaractere.pt\/wp-content\/uploads\/2022\/07\/glex-day-3-final.jpg","type":"image\/jpeg"}],"author":"editor@atelierdocaractere","twitter_card":"summary_large_image","twitter_misc":{"Escrito por":"editor@atelierdocaractere","Tempo estimado de leitura":"5 minutos"},"schema":{"@context":"https:\/\/schema.org","@graph":[{"@type":"WebPage","@id":"https:\/\/www.atelierdocaractere.pt\/brevemente\/terceiro-dia-da-glex-summit-marcado-por-anuncio-surpresa-e-pela-nova-geracao-de-exploradores\/","url":"https:\/\/www.atelierdocaractere.pt\/brevemente\/terceiro-dia-da-glex-summit-marcado-por-anuncio-surpresa-e-pela-nova-geracao-de-exploradores\/","name":"Terceiro dia da GLEX Summit marcado por an\u00fancio surpresa e pela nova gera\u00e7\u00e3o de exploradores - Atelier do Caractere","isPartOf":{"@id":"https:\/\/www.atelierdocaractere.pt\/brevemente\/#website"},"datePublished":"2022-07-06T20:21:51+00:00","dateModified":"2022-07-06T20:35:54+00:00","author":{"@id":"https:\/\/www.atelierdocaractere.pt\/brevemente\/#\/schema\/person\/9cbfe9364f1f340a0e67c62563053c6e"},"description":"Depois do espa\u00e7o, dos oceanos e da Terra, o terceiro dia da GLEX Summit, o \u00faltimo com apresenta\u00e7\u00f5es presenciais no Teatro Micaelense, foi o mais variado ao n\u00edvel de tem\u00e1ticas, com um painel composto pela nova gera\u00e7\u00e3o de exploradores que o The Explorers Club entende que o mundo deveria conhecer. Amanh\u00e3, quarta-feira, o quarto e \u00faltimo da GLEX Summit ser\u00e1 online, com transmiss\u00e3o a partir das 15,30 horas (hora local) no website oficial do evento.","breadcrumb":{"@id":"https:\/\/www.atelierdocaractere.pt\/brevemente\/terceiro-dia-da-glex-summit-marcado-por-anuncio-surpresa-e-pela-nova-geracao-de-exploradores\/#breadcrumb"},"inLanguage":"pt-PT","potentialAction":[{"@type":"ReadAction","target":["https:\/\/www.atelierdocaractere.pt\/brevemente\/terceiro-dia-da-glex-summit-marcado-por-anuncio-surpresa-e-pela-nova-geracao-de-exploradores\/"]}]},{"@type":"BreadcrumbList","@id":"https:\/\/www.atelierdocaractere.pt\/brevemente\/terceiro-dia-da-glex-summit-marcado-por-anuncio-surpresa-e-pela-nova-geracao-de-exploradores\/#breadcrumb","itemListElement":[{"@type":"ListItem","position":1,"name":"In\u00edcio","item":"https:\/\/www.atelierdocaractere.pt\/brevemente\/"},{"@type":"ListItem","position":2,"name":"Terceiro dia da GLEX Summit marcado por an\u00fancio surpresa e pela nova gera\u00e7\u00e3o de exploradores"}]},{"@type":"WebSite","@id":"https:\/\/www.atelierdocaractere.pt\/brevemente\/#website","url":"https:\/\/www.atelierdocaractere.pt\/brevemente\/","name":"Atelier do Caractere","description":"","potentialAction":[{"@type":"SearchAction","target":{"@type":"EntryPoint","urlTemplate":"https:\/\/www.atelierdocaractere.pt\/brevemente\/?s={search_term_string}"},"query-input":"required name=search_term_string"}],"inLanguage":"pt-PT"},{"@type":"Person","@id":"https:\/\/www.atelierdocaractere.pt\/brevemente\/#\/schema\/person\/9cbfe9364f1f340a0e67c62563053c6e","name":"editor@atelierdocaractere","image":{"@type":"ImageObject","inLanguage":"pt-PT","@id":"https:\/\/www.atelierdocaractere.pt\/brevemente\/#\/schema\/person\/image\/","url":"https:\/\/secure.gravatar.com\/avatar\/0fbdb8811d6ce6feb06d4d626953d952?s=96&d=mm&r=g","contentUrl":"https:\/\/secure.gravatar.com\/avatar\/0fbdb8811d6ce6feb06d4d626953d952?s=96&d=mm&r=g","caption":"editor@atelierdocaractere"},"url":"https:\/\/www.atelierdocaractere.pt\/brevemente\/author\/editoratelierdocaractere\/"}]}},"_links":{"self":[{"href":"https:\/\/www.atelierdocaractere.pt\/brevemente\/wp-json\/wp\/v2\/posts\/11165"}],"collection":[{"href":"https:\/\/www.atelierdocaractere.pt\/brevemente\/wp-json\/wp\/v2\/posts"}],"about":[{"href":"https:\/\/www.atelierdocaractere.pt\/brevemente\/wp-json\/wp\/v2\/types\/post"}],"author":[{"embeddable":true,"href":"https:\/\/www.atelierdocaractere.pt\/brevemente\/wp-json\/wp\/v2\/users\/2"}],"replies":[{"embeddable":true,"href":"https:\/\/www.atelierdocaractere.pt\/brevemente\/wp-json\/wp\/v2\/comments?post=11165"}],"version-history":[{"count":2,"href":"https:\/\/www.atelierdocaractere.pt\/brevemente\/wp-json\/wp\/v2\/posts\/11165\/revisions"}],"predecessor-version":[{"id":11171,"href":"https:\/\/www.atelierdocaractere.pt\/brevemente\/wp-json\/wp\/v2\/posts\/11165\/revisions\/11171"}],"wp:featuredmedia":[{"embeddable":true,"href":"https:\/\/www.atelierdocaractere.pt\/brevemente\/wp-json\/wp\/v2\/media\/11167"}],"wp:attachment":[{"href":"https:\/\/www.atelierdocaractere.pt\/brevemente\/wp-json\/wp\/v2\/media?parent=11165"}],"wp:term":[{"taxonomy":"category","embeddable":true,"href":"https:\/\/www.atelierdocaractere.pt\/brevemente\/wp-json\/wp\/v2\/categories?post=11165"},{"taxonomy":"post_tag","embeddable":true,"href":"https:\/\/www.atelierdocaractere.pt\/brevemente\/wp-json\/wp\/v2\/tags?post=11165"}],"curies":[{"name":"wp","href":"https:\/\/api.w.org\/{rel}","templated":true}]}}