{"id":11215,"date":"2023-01-06T15:53:03","date_gmt":"2023-01-06T15:53:03","guid":{"rendered":"https:\/\/www.atelierdocaractere.pt\/brevemente\/?p=11215"},"modified":"2023-01-06T15:54:14","modified_gmt":"2023-01-06T15:54:14","slug":"estao-abertas-as-encomendas-para-o-novo-renault-kangoo-e-tech-100-electric","status":"publish","type":"post","link":"https:\/\/www.atelierdocaractere.pt\/brevemente\/estao-abertas-as-encomendas-para-o-novo-renault-kangoo-e-tech-100-electric\/","title":{"rendered":"Est\u00e3o abertas as encomendas para o NOVO Renault Kangoo E-Tech 100% ELECTRIC"},"content":{"rendered":"\n<p><strong>Para aqueles que valorizam os fins-de-semana e as f\u00e9rias em fam\u00edlia ou com os amigos, mas tamb\u00e9m um autom\u00f3vel funcional para as desloca\u00e7\u00f5es do quotidiano e\/ou necessidades profissionais, em mar\u00e7o, chega \u00e0 Rede de Concession\u00e1rios Renault a melhor rela\u00e7\u00e3o habitabilidade\/bagageira\/economia do mercado: o novo Kangoo E-Tech 100% Electric. As encomendas j\u00e1 podem ser feitas por um pre\u00e7o a partir dos 39.360\u20ac.<\/strong><\/p>\n\n\n\n<figure class=\"wp-block-image size-large\"><img decoding=\"async\" width=\"1024\" height=\"1024\" src=\"http:\/\/www.atelierdocaractere.pt\/wp-content\/uploads\/2023\/01\/r-dam-1439062-1024x1024.jpg\" alt=\"\" class=\"wp-image-11217\" srcset=\"https:\/\/www.atelierdocaractere.pt\/wp-content\/uploads\/2023\/01\/r-dam-1439062-1024x1024.jpg 1024w, https:\/\/www.atelierdocaractere.pt\/wp-content\/uploads\/2023\/01\/r-dam-1439062-300x300.jpg 300w, https:\/\/www.atelierdocaractere.pt\/wp-content\/uploads\/2023\/01\/r-dam-1439062-150x150.jpg 150w, https:\/\/www.atelierdocaractere.pt\/wp-content\/uploads\/2023\/01\/r-dam-1439062-768x768.jpg 768w, https:\/\/www.atelierdocaractere.pt\/wp-content\/uploads\/2023\/01\/r-dam-1439062-1536x1536.jpg 1536w, https:\/\/www.atelierdocaractere.pt\/wp-content\/uploads\/2023\/01\/r-dam-1439062-100x100.jpg 100w, https:\/\/www.atelierdocaractere.pt\/wp-content\/uploads\/2023\/01\/r-dam-1439062-140x140.jpg 140w, https:\/\/www.atelierdocaractere.pt\/wp-content\/uploads\/2023\/01\/r-dam-1439062-500x500.jpg 500w, https:\/\/www.atelierdocaractere.pt\/wp-content\/uploads\/2023\/01\/r-dam-1439062-350x350.jpg 350w, https:\/\/www.atelierdocaractere.pt\/wp-content\/uploads\/2023\/01\/r-dam-1439062-1000x1000.jpg 1000w, https:\/\/www.atelierdocaractere.pt\/wp-content\/uploads\/2023\/01\/r-dam-1439062-800x800.jpg 800w, https:\/\/www.atelierdocaractere.pt\/wp-content\/uploads\/2023\/01\/r-dam-1439062.jpg 1920w\" sizes=\"(max-width: 1024px) 100vw, 1024px\" \/><\/figure>\n\n\n\n<p>Com uma hist\u00f3ria de sucesso j\u00e1 com um quarto de s\u00e9culo, o Renault Kangoo continua a surpreender pela capacidade de inovar e de se reinventar, inclusivamente quando a sustentabilidade e o lazer ganharam o estatuto de des\u00edgnios para a sociedade. A estreia de uma vers\u00e3o de passageiros 100% el\u00e9trica \u00e9 disso exemplo. Um autom\u00f3vel com uma habitabilidade e um espa\u00e7o para carga invulgares, perfeito para o melhor de dois mundos: fam\u00edlia e profissional.<\/p>\n\n\n\n<p>Exteriormente, o novo Renault Kangoo E-Tech 100% Electric sobressai pela imagem moderna, estando dispon\u00edvel com a assinatura luminosa em LED, as sempre \u00fateis barras de tejadilho longitudinais multifun\u00e7\u00f5es e as jantes, de liga leve, de 17 polegadas.<\/p>\n\n\n\n<figure class=\"wp-block-image size-large\"><img decoding=\"async\" width=\"1024\" height=\"1024\" src=\"http:\/\/www.atelierdocaractere.pt\/wp-content\/uploads\/2023\/01\/r-dam-1440943-1024x1024.jpg\" alt=\"\" class=\"wp-image-11219\" srcset=\"https:\/\/www.atelierdocaractere.pt\/wp-content\/uploads\/2023\/01\/r-dam-1440943-1024x1024.jpg 1024w, https:\/\/www.atelierdocaractere.pt\/wp-content\/uploads\/2023\/01\/r-dam-1440943-300x300.jpg 300w, https:\/\/www.atelierdocaractere.pt\/wp-content\/uploads\/2023\/01\/r-dam-1440943-150x150.jpg 150w, https:\/\/www.atelierdocaractere.pt\/wp-content\/uploads\/2023\/01\/r-dam-1440943-768x768.jpg 768w, https:\/\/www.atelierdocaractere.pt\/wp-content\/uploads\/2023\/01\/r-dam-1440943-1536x1536.jpg 1536w, https:\/\/www.atelierdocaractere.pt\/wp-content\/uploads\/2023\/01\/r-dam-1440943-100x100.jpg 100w, https:\/\/www.atelierdocaractere.pt\/wp-content\/uploads\/2023\/01\/r-dam-1440943-140x140.jpg 140w, https:\/\/www.atelierdocaractere.pt\/wp-content\/uploads\/2023\/01\/r-dam-1440943-500x500.jpg 500w, https:\/\/www.atelierdocaractere.pt\/wp-content\/uploads\/2023\/01\/r-dam-1440943-350x350.jpg 350w, https:\/\/www.atelierdocaractere.pt\/wp-content\/uploads\/2023\/01\/r-dam-1440943-1000x1000.jpg 1000w, https:\/\/www.atelierdocaractere.pt\/wp-content\/uploads\/2023\/01\/r-dam-1440943-800x800.jpg 800w, https:\/\/www.atelierdocaractere.pt\/wp-content\/uploads\/2023\/01\/r-dam-1440943.jpg 1920w\" sizes=\"(max-width: 1024px) 100vw, 1024px\" \/><\/figure>\n\n\n\n<p>Com a abertura da porta lateral traseira deslizante fica bem patente o conceito <em>combi<\/em> familiar do novo Renault Kangoo E-Tech 100% Electric: o espa\u00e7o \u00e9 totalmente modul\u00e1vel, os cinco lugares para passageiros beneficiam de outros tantos bancos individuais, o volume m\u00ednimo da bagageira \u00e9 de 775 litros, mas pode chegar aos 2.500 litros, com o deslizamento da segunda fila de bancos (um exclusivo da vers\u00e3o el\u00e9trica), enquanto os espa\u00e7os de arruma\u00e7\u00e3o totalizam os 49 litros.<\/p>\n\n\n\n<p>Para al\u00e9m disso, o interior personaliz\u00e1vel, destaca-se pela qualidade dos materiais e dos acabamentos, bem como pela lista de equipamentos, estando dispon\u00edveis, por exemplo, o painel de instrumentos digital de 10 polegadas; o sistema Easy Link, com navega\u00e7\u00e3o inclu\u00edda, associado a um ecr\u00e3 de oito polegadas; o carregador do telem\u00f3vel por indu\u00e7\u00e3o; as mesas tipo \u201cavi\u00e3o\u201d nas costas dos bancos dianteiros; o ar condicionado autom\u00e1tico bi-zona ou os bancos dianteiros aquecidos.<\/p>\n\n\n\n<figure class=\"wp-block-image size-large\"><img decoding=\"async\" width=\"1024\" height=\"683\" src=\"http:\/\/www.atelierdocaractere.pt\/wp-content\/uploads\/2023\/01\/r-dam-1449830-1024x683.jpg\" alt=\"\" class=\"wp-image-11216\" srcset=\"https:\/\/www.atelierdocaractere.pt\/wp-content\/uploads\/2023\/01\/r-dam-1449830-1024x683.jpg 1024w, https:\/\/www.atelierdocaractere.pt\/wp-content\/uploads\/2023\/01\/r-dam-1449830-300x200.jpg 300w, https:\/\/www.atelierdocaractere.pt\/wp-content\/uploads\/2023\/01\/r-dam-1449830-768x512.jpg 768w, https:\/\/www.atelierdocaractere.pt\/wp-content\/uploads\/2023\/01\/r-dam-1449830-1536x1024.jpg 1536w, https:\/\/www.atelierdocaractere.pt\/wp-content\/uploads\/2023\/01\/r-dam-1449830-900x600.jpg 900w, https:\/\/www.atelierdocaractere.pt\/wp-content\/uploads\/2023\/01\/r-dam-1449830-675x450.jpg 675w, https:\/\/www.atelierdocaractere.pt\/wp-content\/uploads\/2023\/01\/r-dam-1449830.jpg 1920w\" sizes=\"(max-width: 1024px) 100vw, 1024px\" \/><\/figure>\n\n\n\n<p>O novo Renault Kangoo E-Tech 100% Electric est\u00e1 equipado com um motor de 90 kW (120cv)&nbsp;de pot\u00eancia e 245 Nm de bin\u00e1rio,associado a uma bateria de 45 kWh, que beneficia de uma garantia de 8 anos ou 160.000 km. A autonomia \u00e9 de at\u00e9 285 km em ciclo WLTP, sendo que a travagem beneficia do ARBS (Adaptative Regenerative Brake System), um sistema que maximiza a energia recuperada e que disponibiliza tr\u00eas modos de travagem regenerativa.<\/p>\n\n\n\n<p>Para recarregar a bateria, o novo Kangoo E-Tech El\u00e9trico prop\u00f5e tr\u00eas tipos de carregadores embarcados: um carregador de 11 kW AC trif\u00e1sico, adequado a todos os tipos de cargas dom\u00e9sticas; um carregador r\u00e1pido trif\u00e1sico de 80 kW DC (corrente cont\u00ednua), que permite recuperar 170 km de autonomia (ciclo WLTP) em 30 minutos, para carregamentos r\u00e1pidos nos postos p\u00fablicos; e um carregador de 22 kW AC para carregamentos acelerados em esta\u00e7\u00f5es de carregamento p\u00fablicas.<\/p>\n\n\n\n<figure class=\"wp-block-image size-large\"><img decoding=\"async\" width=\"1024\" height=\"576\" src=\"http:\/\/www.atelierdocaractere.pt\/wp-content\/uploads\/2023\/01\/r-dam-1442170-1024x576.jpg\" alt=\"\" class=\"wp-image-11220\" srcset=\"https:\/\/www.atelierdocaractere.pt\/wp-content\/uploads\/2023\/01\/r-dam-1442170-1024x576.jpg 1024w, https:\/\/www.atelierdocaractere.pt\/wp-content\/uploads\/2023\/01\/r-dam-1442170-300x169.jpg 300w, https:\/\/www.atelierdocaractere.pt\/wp-content\/uploads\/2023\/01\/r-dam-1442170-768x432.jpg 768w, https:\/\/www.atelierdocaractere.pt\/wp-content\/uploads\/2023\/01\/r-dam-1442170-1536x864.jpg 1536w, https:\/\/www.atelierdocaractere.pt\/wp-content\/uploads\/2023\/01\/r-dam-1442170.jpg 1920w\" sizes=\"(max-width: 1024px) 100vw, 1024px\" \/><\/figure>\n\n\n\n<p>No cap\u00edtulo da seguran\u00e7a ativa, o novo Renault Kangoo E-Tech 100% Electric pode disponibilizar 14 sistemas avan\u00e7ados de ajuda \u00e0 condu\u00e7\u00e3o, incluindo condu\u00e7\u00e3o aut\u00f3noma de n\u00edvel 2, para incrementar ainda mais a seguran\u00e7a.<\/p>\n\n\n\n<p>A comercializa\u00e7\u00e3o do novo Renault Kangoo E-Tech El\u00e9trico assenta em tr\u00eas vers\u00f5es: Authentic, que, a partir de 39.360\u20ac, oferece o equipamento essencial necess\u00e1rio para os clientes que procuram uma dupla utiliza\u00e7\u00e3o pessoal\/profissional; Equilibre, que, a partir de 40.220\u20ac, se assume como a solu\u00e7\u00e3o para as institui\u00e7\u00f5es que querem oferecer um servi\u00e7o de transporte de passageiros de qualidade, confort\u00e1vel e econ\u00f3mico; e a Techno, que, a partir de 41.700\u20ac, \u00e9 perfeito para fam\u00edlias ou profissionais independentes que procuram todo o conforto e seguran\u00e7a, com um design diferenciador.<\/p>\n\n\n\n<figure class=\"wp-block-image size-large is-resized\"><img decoding=\"async\" src=\"http:\/\/www.atelierdocaractere.pt\/wp-content\/uploads\/2023\/01\/r-dam-1439521-887x1024.jpg\" alt=\"\" class=\"wp-image-11218\" width=\"840\" height=\"969\" srcset=\"https:\/\/www.atelierdocaractere.pt\/wp-content\/uploads\/2023\/01\/r-dam-1439521-887x1024.jpg 887w, https:\/\/www.atelierdocaractere.pt\/wp-content\/uploads\/2023\/01\/r-dam-1439521-260x300.jpg 260w, https:\/\/www.atelierdocaractere.pt\/wp-content\/uploads\/2023\/01\/r-dam-1439521-768x887.jpg 768w, https:\/\/www.atelierdocaractere.pt\/wp-content\/uploads\/2023\/01\/r-dam-1439521.jpg 1080w\" sizes=\"(max-width: 840px) 100vw, 840px\" \/><\/figure>\n","protected":false},"excerpt":{"rendered":"<p>Para aqueles que valorizam os fins-de-semana e as f\u00e9rias em fam\u00edlia ou com os amigos, mas tamb\u00e9m um autom\u00f3vel funcional&#8230;<\/p>\n","protected":false},"author":7,"featured_media":11221,"comment_status":"closed","ping_status":"open","sticky":false,"template":"","format":"standard","meta":[],"categories":[427],"tags":[465,85],"yoast_head":"<!-- This site is optimized with the Yoast SEO plugin v20.12 - https:\/\/yoast.com\/wordpress\/plugins\/seo\/ -->\n<title>Est\u00e3o abertas as encomendas para o NOVO Renault Kangoo E-Tech 100% ELECTRIC - Atelier do Caractere<\/title>\n<meta name=\"description\" content=\"Para aqueles que valorizam os fins-de-semana e as f\u00e9rias em fam\u00edlia ou com os amigos, mas tamb\u00e9m um autom\u00f3vel funcional para as desloca\u00e7\u00f5es do quotidiano e\/ou necessidades profissionais, em mar\u00e7o, chega \u00e0 Rede de Concession\u00e1rios Renault a melhor rela\u00e7\u00e3o habitabilidade\/bagageira\/economia do mercado: o novo Kangoo E-Tech 100% Electric. As encomendas j\u00e1 podem ser feitas por um pre\u00e7o a partir dos 39.360\u20ac.\" \/>\n<meta name=\"robots\" content=\"index, follow, max-snippet:-1, max-image-preview:large, max-video-preview:-1\" \/>\n<link rel=\"canonical\" href=\"https:\/\/www.atelierdocaractere.pt\/brevemente\/estao-abertas-as-encomendas-para-o-novo-renault-kangoo-e-tech-100-electric\/\" \/>\n<meta property=\"og:locale\" content=\"pt_PT\" \/>\n<meta property=\"og:type\" content=\"article\" \/>\n<meta property=\"og:title\" content=\"Est\u00e3o abertas as encomendas para o NOVO Renault Kangoo E-Tech 100% ELECTRIC - Atelier do Caractere\" \/>\n<meta property=\"og:description\" content=\"Para aqueles que valorizam os fins-de-semana e as f\u00e9rias em fam\u00edlia ou com os amigos, mas tamb\u00e9m um autom\u00f3vel funcional para as desloca\u00e7\u00f5es do quotidiano e\/ou necessidades profissionais, em mar\u00e7o, chega \u00e0 Rede de Concession\u00e1rios Renault a melhor rela\u00e7\u00e3o habitabilidade\/bagageira\/economia do mercado: o novo Kangoo E-Tech 100% Electric. As encomendas j\u00e1 podem ser feitas por um pre\u00e7o a partir dos 39.360\u20ac.\" \/>\n<meta property=\"og:url\" content=\"https:\/\/www.atelierdocaractere.pt\/brevemente\/estao-abertas-as-encomendas-para-o-novo-renault-kangoo-e-tech-100-electric\/\" \/>\n<meta property=\"og:site_name\" content=\"Atelier do Caractere\" \/>\n<meta property=\"article:publisher\" content=\"https:\/\/www.facebook.com\/AtelierdoCaractere\" \/>\n<meta property=\"article:published_time\" content=\"2023-01-06T15:53:03+00:00\" \/>\n<meta property=\"article:modified_time\" content=\"2023-01-06T15:54:14+00:00\" \/>\n<meta property=\"og:image\" content=\"http:\/\/www.atelierdocaractere.pt\/wp-content\/uploads\/2023\/01\/r-dam-1445941.jpg\" \/>\n\t<meta property=\"og:image:width\" content=\"1980\" \/>\n\t<meta property=\"og:image:height\" content=\"1113\" \/>\n\t<meta property=\"og:image:type\" content=\"image\/jpeg\" \/>\n<meta name=\"author\" content=\"Joana Barbosa\" \/>\n<meta name=\"twitter:card\" content=\"summary_large_image\" \/>\n<meta name=\"twitter:label1\" content=\"Escrito por\" \/>\n\t<meta name=\"twitter:data1\" content=\"Joana Barbosa\" \/>\n\t<meta name=\"twitter:label2\" content=\"Tempo estimado de leitura\" \/>\n\t<meta name=\"twitter:data2\" content=\"5 minutos\" \/>\n<script type=\"application\/ld+json\" class=\"yoast-schema-graph\">{\"@context\":\"https:\/\/schema.org\",\"@graph\":[{\"@type\":\"WebPage\",\"@id\":\"https:\/\/www.atelierdocaractere.pt\/brevemente\/estao-abertas-as-encomendas-para-o-novo-renault-kangoo-e-tech-100-electric\/\",\"url\":\"https:\/\/www.atelierdocaractere.pt\/brevemente\/estao-abertas-as-encomendas-para-o-novo-renault-kangoo-e-tech-100-electric\/\",\"name\":\"Est\u00e3o abertas as encomendas para o NOVO Renault Kangoo E-Tech 100% ELECTRIC - Atelier do Caractere\",\"isPartOf\":{\"@id\":\"https:\/\/www.atelierdocaractere.pt\/brevemente\/#website\"},\"datePublished\":\"2023-01-06T15:53:03+00:00\",\"dateModified\":\"2023-01-06T15:54:14+00:00\",\"author\":{\"@id\":\"https:\/\/www.atelierdocaractere.pt\/brevemente\/#\/schema\/person\/f2f096eb0f27d9894725af22cb97c0db\"},\"description\":\"Para aqueles que valorizam os fins-de-semana e as f\u00e9rias em fam\u00edlia ou com os amigos, mas tamb\u00e9m um autom\u00f3vel funcional para as desloca\u00e7\u00f5es do quotidiano e\/ou necessidades profissionais, em mar\u00e7o, chega \u00e0 Rede de Concession\u00e1rios Renault a melhor rela\u00e7\u00e3o habitabilidade\/bagageira\/economia do mercado: o novo Kangoo E-Tech 100% Electric. As encomendas j\u00e1 podem ser feitas por um pre\u00e7o a partir dos 39.360\u20ac.\",\"breadcrumb\":{\"@id\":\"https:\/\/www.atelierdocaractere.pt\/brevemente\/estao-abertas-as-encomendas-para-o-novo-renault-kangoo-e-tech-100-electric\/#breadcrumb\"},\"inLanguage\":\"pt-PT\",\"potentialAction\":[{\"@type\":\"ReadAction\",\"target\":[\"https:\/\/www.atelierdocaractere.pt\/brevemente\/estao-abertas-as-encomendas-para-o-novo-renault-kangoo-e-tech-100-electric\/\"]}]},{\"@type\":\"BreadcrumbList\",\"@id\":\"https:\/\/www.atelierdocaractere.pt\/brevemente\/estao-abertas-as-encomendas-para-o-novo-renault-kangoo-e-tech-100-electric\/#breadcrumb\",\"itemListElement\":[{\"@type\":\"ListItem\",\"position\":1,\"name\":\"In\u00edcio\",\"item\":\"https:\/\/www.atelierdocaractere.pt\/brevemente\/\"},{\"@type\":\"ListItem\",\"position\":2,\"name\":\"Est\u00e3o abertas as encomendas para o NOVO Renault Kangoo E-Tech 100% ELECTRIC\"}]},{\"@type\":\"WebSite\",\"@id\":\"https:\/\/www.atelierdocaractere.pt\/brevemente\/#website\",\"url\":\"https:\/\/www.atelierdocaractere.pt\/brevemente\/\",\"name\":\"Atelier do Caractere\",\"description\":\"\",\"potentialAction\":[{\"@type\":\"SearchAction\",\"target\":{\"@type\":\"EntryPoint\",\"urlTemplate\":\"https:\/\/www.atelierdocaractere.pt\/brevemente\/?s={search_term_string}\"},\"query-input\":\"required name=search_term_string\"}],\"inLanguage\":\"pt-PT\"},{\"@type\":\"Person\",\"@id\":\"https:\/\/www.atelierdocaractere.pt\/brevemente\/#\/schema\/person\/f2f096eb0f27d9894725af22cb97c0db\",\"name\":\"Joana Barbosa\",\"image\":{\"@type\":\"ImageObject\",\"inLanguage\":\"pt-PT\",\"@id\":\"https:\/\/www.atelierdocaractere.pt\/brevemente\/#\/schema\/person\/image\/\",\"url\":\"https:\/\/secure.gravatar.com\/avatar\/33e8214b45e9d68a3a83008731075979?s=96&d=mm&r=g\",\"contentUrl\":\"https:\/\/secure.gravatar.com\/avatar\/33e8214b45e9d68a3a83008731075979?s=96&d=mm&r=g\",\"caption\":\"Joana Barbosa\"},\"url\":\"https:\/\/www.atelierdocaractere.pt\/brevemente\/author\/joanabarbosa\/\"}]}<\/script>\n<!-- \/ Yoast SEO plugin. -->","yoast_head_json":{"title":"Est\u00e3o abertas as encomendas para o NOVO Renault Kangoo E-Tech 100% ELECTRIC - Atelier do Caractere","description":"Para aqueles que valorizam os fins-de-semana e as f\u00e9rias em fam\u00edlia ou com os amigos, mas tamb\u00e9m um autom\u00f3vel funcional para as desloca\u00e7\u00f5es do quotidiano e\/ou necessidades profissionais, em mar\u00e7o, chega \u00e0 Rede de Concession\u00e1rios Renault a melhor rela\u00e7\u00e3o habitabilidade\/bagageira\/economia do mercado: o novo Kangoo E-Tech 100% Electric. As encomendas j\u00e1 podem ser feitas por um pre\u00e7o a partir dos 39.360\u20ac.","robots":{"index":"index","follow":"follow","max-snippet":"max-snippet:-1","max-image-preview":"max-image-preview:large","max-video-preview":"max-video-preview:-1"},"canonical":"https:\/\/www.atelierdocaractere.pt\/brevemente\/estao-abertas-as-encomendas-para-o-novo-renault-kangoo-e-tech-100-electric\/","og_locale":"pt_PT","og_type":"article","og_title":"Est\u00e3o abertas as encomendas para o NOVO Renault Kangoo E-Tech 100% ELECTRIC - Atelier do Caractere","og_description":"Para aqueles que valorizam os fins-de-semana e as f\u00e9rias em fam\u00edlia ou com os amigos, mas tamb\u00e9m um autom\u00f3vel funcional para as desloca\u00e7\u00f5es do quotidiano e\/ou necessidades profissionais, em mar\u00e7o, chega \u00e0 Rede de Concession\u00e1rios Renault a melhor rela\u00e7\u00e3o habitabilidade\/bagageira\/economia do mercado: o novo Kangoo E-Tech 100% Electric. As encomendas j\u00e1 podem ser feitas por um pre\u00e7o a partir dos 39.360\u20ac.","og_url":"https:\/\/www.atelierdocaractere.pt\/brevemente\/estao-abertas-as-encomendas-para-o-novo-renault-kangoo-e-tech-100-electric\/","og_site_name":"Atelier do Caractere","article_publisher":"https:\/\/www.facebook.com\/AtelierdoCaractere","article_published_time":"2023-01-06T15:53:03+00:00","article_modified_time":"2023-01-06T15:54:14+00:00","og_image":[{"width":1980,"height":1113,"url":"http:\/\/www.atelierdocaractere.pt\/wp-content\/uploads\/2023\/01\/r-dam-1445941.jpg","type":"image\/jpeg"}],"author":"Joana Barbosa","twitter_card":"summary_large_image","twitter_misc":{"Escrito por":"Joana Barbosa","Tempo estimado de leitura":"5 minutos"},"schema":{"@context":"https:\/\/schema.org","@graph":[{"@type":"WebPage","@id":"https:\/\/www.atelierdocaractere.pt\/brevemente\/estao-abertas-as-encomendas-para-o-novo-renault-kangoo-e-tech-100-electric\/","url":"https:\/\/www.atelierdocaractere.pt\/brevemente\/estao-abertas-as-encomendas-para-o-novo-renault-kangoo-e-tech-100-electric\/","name":"Est\u00e3o abertas as encomendas para o NOVO Renault Kangoo E-Tech 100% ELECTRIC - Atelier do Caractere","isPartOf":{"@id":"https:\/\/www.atelierdocaractere.pt\/brevemente\/#website"},"datePublished":"2023-01-06T15:53:03+00:00","dateModified":"2023-01-06T15:54:14+00:00","author":{"@id":"https:\/\/www.atelierdocaractere.pt\/brevemente\/#\/schema\/person\/f2f096eb0f27d9894725af22cb97c0db"},"description":"Para aqueles que valorizam os fins-de-semana e as f\u00e9rias em fam\u00edlia ou com os amigos, mas tamb\u00e9m um autom\u00f3vel funcional para as desloca\u00e7\u00f5es do quotidiano e\/ou necessidades profissionais, em mar\u00e7o, chega \u00e0 Rede de Concession\u00e1rios Renault a melhor rela\u00e7\u00e3o habitabilidade\/bagageira\/economia do mercado: o novo Kangoo E-Tech 100% Electric. As encomendas j\u00e1 podem ser feitas por um pre\u00e7o a partir dos 39.360\u20ac.","breadcrumb":{"@id":"https:\/\/www.atelierdocaractere.pt\/brevemente\/estao-abertas-as-encomendas-para-o-novo-renault-kangoo-e-tech-100-electric\/#breadcrumb"},"inLanguage":"pt-PT","potentialAction":[{"@type":"ReadAction","target":["https:\/\/www.atelierdocaractere.pt\/brevemente\/estao-abertas-as-encomendas-para-o-novo-renault-kangoo-e-tech-100-electric\/"]}]},{"@type":"BreadcrumbList","@id":"https:\/\/www.atelierdocaractere.pt\/brevemente\/estao-abertas-as-encomendas-para-o-novo-renault-kangoo-e-tech-100-electric\/#breadcrumb","itemListElement":[{"@type":"ListItem","position":1,"name":"In\u00edcio","item":"https:\/\/www.atelierdocaractere.pt\/brevemente\/"},{"@type":"ListItem","position":2,"name":"Est\u00e3o abertas as encomendas para o NOVO Renault Kangoo E-Tech 100% ELECTRIC"}]},{"@type":"WebSite","@id":"https:\/\/www.atelierdocaractere.pt\/brevemente\/#website","url":"https:\/\/www.atelierdocaractere.pt\/brevemente\/","name":"Atelier do Caractere","description":"","potentialAction":[{"@type":"SearchAction","target":{"@type":"EntryPoint","urlTemplate":"https:\/\/www.atelierdocaractere.pt\/brevemente\/?s={search_term_string}"},"query-input":"required name=search_term_string"}],"inLanguage":"pt-PT"},{"@type":"Person","@id":"https:\/\/www.atelierdocaractere.pt\/brevemente\/#\/schema\/person\/f2f096eb0f27d9894725af22cb97c0db","name":"Joana Barbosa","image":{"@type":"ImageObject","inLanguage":"pt-PT","@id":"https:\/\/www.atelierdocaractere.pt\/brevemente\/#\/schema\/person\/image\/","url":"https:\/\/secure.gravatar.com\/avatar\/33e8214b45e9d68a3a83008731075979?s=96&d=mm&r=g","contentUrl":"https:\/\/secure.gravatar.com\/avatar\/33e8214b45e9d68a3a83008731075979?s=96&d=mm&r=g","caption":"Joana Barbosa"},"url":"https:\/\/www.atelierdocaractere.pt\/brevemente\/author\/joanabarbosa\/"}]}},"_links":{"self":[{"href":"https:\/\/www.atelierdocaractere.pt\/brevemente\/wp-json\/wp\/v2\/posts\/11215"}],"collection":[{"href":"https:\/\/www.atelierdocaractere.pt\/brevemente\/wp-json\/wp\/v2\/posts"}],"about":[{"href":"https:\/\/www.atelierdocaractere.pt\/brevemente\/wp-json\/wp\/v2\/types\/post"}],"author":[{"embeddable":true,"href":"https:\/\/www.atelierdocaractere.pt\/brevemente\/wp-json\/wp\/v2\/users\/7"}],"replies":[{"embeddable":true,"href":"https:\/\/www.atelierdocaractere.pt\/brevemente\/wp-json\/wp\/v2\/comments?post=11215"}],"version-history":[{"count":1,"href":"https:\/\/www.atelierdocaractere.pt\/brevemente\/wp-json\/wp\/v2\/posts\/11215\/revisions"}],"predecessor-version":[{"id":11222,"href":"https:\/\/www.atelierdocaractere.pt\/brevemente\/wp-json\/wp\/v2\/posts\/11215\/revisions\/11222"}],"wp:featuredmedia":[{"embeddable":true,"href":"https:\/\/www.atelierdocaractere.pt\/brevemente\/wp-json\/wp\/v2\/media\/11221"}],"wp:attachment":[{"href":"https:\/\/www.atelierdocaractere.pt\/brevemente\/wp-json\/wp\/v2\/media?parent=11215"}],"wp:term":[{"taxonomy":"category","embeddable":true,"href":"https:\/\/www.atelierdocaractere.pt\/brevemente\/wp-json\/wp\/v2\/categories?post=11215"},{"taxonomy":"post_tag","embeddable":true,"href":"https:\/\/www.atelierdocaractere.pt\/brevemente\/wp-json\/wp\/v2\/tags?post=11215"}],"curies":[{"name":"wp","href":"https:\/\/api.w.org\/{rel}","templated":true}]}}