{"id":11245,"date":"2023-03-16T16:19:00","date_gmt":"2023-03-16T16:19:00","guid":{"rendered":"https:\/\/www.atelierdocaractere.pt\/brevemente\/?p=11245"},"modified":"2023-03-22T16:44:56","modified_gmt":"2023-03-22T16:44:56","slug":"glex-summit-2023-a-maior-cimeira-de-exploradores-do-mundo-volta-a-realizar-se-em-portugal-e-estreia-se-na-ilha-terceira","status":"publish","type":"post","link":"https:\/\/www.atelierdocaractere.pt\/brevemente\/glex-summit-2023-a-maior-cimeira-de-exploradores-do-mundo-volta-a-realizar-se-em-portugal-e-estreia-se-na-ilha-terceira\/","title":{"rendered":"Glex Summit 2023: A maior cimeira de exploradores do mundo volta a realizar-se em Portugal e estreia-se na ilha Terceira"},"content":{"rendered":"\n<p><strong>De 14 a 16 de junho, a <\/strong><a href=\"https:\/\/www.glexsummit.com\/\"><strong><u>Global Exploration Summit<\/u><\/strong><strong> <\/strong><\/a><strong>(GLEX Summit) est\u00e1 de volta a Portugal. A quarta edi\u00e7\u00e3o da cimeira que re\u00fane a maior comunidade de exploradores e cientistas de todo o mundo regressa aos A\u00e7ores, pelo segundo ano consecutivo, mas com a estreia da ilha Terceira como o palco da iniciativa.<\/strong><\/p>\n\n\n\n<p>Organizada pela <a href=\"https:\/\/www.expanding.pt\/\"><strong><u>Expanding World<\/u><\/strong><\/a>, com a chancela e curadoria da prestigiada agremia\u00e7\u00e3o de l\u00edderes da explora\u00e7\u00e3o do planeta, o <a href=\"https:\/\/www.explorers.org\/\"><strong><u>The Explorers Club <\/u><\/strong><u>of New<\/u><\/a> <a href=\"https:\/\/www.explorers.org\/\">York<\/a>, a <strong>GLEX Summit<\/strong> volta a realizar-se em Portugal e com uma importante novidade.<\/p>\n\n\n\n<p>A ilha Terceira vai ser o palco da maior cimeira de exploradores do mundo. A quarta edi\u00e7\u00e3o realiza-se entre os dias 14 e 16 de junho e <a href=\"https:\/\/richardgarriott.com\/\">Richard Garriott<\/a>, presidente do <strong>The Explorers Club<\/strong>, justifica a localiza\u00e7\u00e3o: \u201cN\u00e3o h\u00e1 melhor local para descobrir o que se seguir\u00e1 na explora\u00e7\u00e3o, do que uma ilha que j\u00e1 foi um espa\u00e7o vazio no mapa, at\u00e9 exploradores corajosos a encontrarem. Esse esfor\u00e7o de preencher espa\u00e7os vazios em mapas est\u00e1 presente na hist\u00f3ria dos A\u00e7ores e na empreitada dos navegadores portugueses. Da travessia do Atl\u00e2ntico, \u00e0 travessia das estrelas, estamos no limiar de uma nova \u00e9poca dourada da explora\u00e7\u00e3o\u201d.<\/p>\n\n\n\n<figure class=\"wp-block-image size-large\"><img decoding=\"async\" width=\"1024\" height=\"682\" src=\"http:\/\/www.atelierdocaractere.pt\/wp-content\/uploads\/2023\/03\/richard-garriott-esq-e-manuel-vaz-dir-1024x682.jpg\" alt=\"\" class=\"wp-image-11246\" srcset=\"https:\/\/www.atelierdocaractere.pt\/wp-content\/uploads\/2023\/03\/richard-garriott-esq-e-manuel-vaz-dir-1024x682.jpg 1024w, https:\/\/www.atelierdocaractere.pt\/wp-content\/uploads\/2023\/03\/richard-garriott-esq-e-manuel-vaz-dir-300x200.jpg 300w, https:\/\/www.atelierdocaractere.pt\/wp-content\/uploads\/2023\/03\/richard-garriott-esq-e-manuel-vaz-dir-768x512.jpg 768w, https:\/\/www.atelierdocaractere.pt\/wp-content\/uploads\/2023\/03\/richard-garriott-esq-e-manuel-vaz-dir-1536x1023.jpg 1536w, https:\/\/www.atelierdocaractere.pt\/wp-content\/uploads\/2023\/03\/richard-garriott-esq-e-manuel-vaz-dir-2048x1364.jpg 2048w, https:\/\/www.atelierdocaractere.pt\/wp-content\/uploads\/2023\/03\/richard-garriott-esq-e-manuel-vaz-dir-900x600.jpg 900w, https:\/\/www.atelierdocaractere.pt\/wp-content\/uploads\/2023\/03\/richard-garriott-esq-e-manuel-vaz-dir-675x450.jpg 675w, https:\/\/www.atelierdocaractere.pt\/wp-content\/uploads\/2023\/03\/richard-garriott-esq-e-manuel-vaz-dir.jpg 1920w\" sizes=\"(max-width: 1024px) 100vw, 1024px\" \/><\/figure>\n\n\n\n<p>O Centro Cultural e de Congressos de Angra do Hero\u00edsmo ser\u00e1 o palco onde a elite mundial de exploradores e cientistas partilhar\u00e1 com o p\u00fablico as descobertas mais recentes, as tecnologias mais inovadoras e as novas e futuras miss\u00f5es que prometem revolucionar o futuro do Espa\u00e7o, dos Oceanos e do Planeta.<\/p>\n\n\n\n<p>A edi\u00e7\u00e3o deste ano soma outra novidade. O Space, Ocean and Earth Insights (SOE\u201923) integra a programa\u00e7\u00e3o da <strong>GLEX Summit<\/strong>, revelando novas perspetivas e importantes conclus\u00f5es dos mais recentes projetos cient\u00edficos neste dom\u00ednio, que impulsionar\u00e3o a discuss\u00e3o do futuro da explora\u00e7\u00e3o. Este \u00e9 o resultado de uma parceria entre os organizadores da <strong>GLEX Summit<\/strong> (The Explorers Club e Expanding World), o INESC TEC &#8211; Instituto de Engenharia de Sistemas e Computadores, Tecnologia e Ci\u00eancia, e o Programa UT Austin Portugal, uma bem-sucedida parceria entre a Funda\u00e7\u00e3o para a Ci\u00eancia e a Tecnologia (FCT) e a Universidade do Texas, em Austin, no \u00e2mbito da ci\u00eancia e tecnologia, que j\u00e1 vigora h\u00e1 15 anos. O programa coordenado pelo INESC TEC tem promovido a colabora\u00e7\u00e3o entre universidades, institutos de investiga\u00e7\u00e3o, empresas portuguesas e a Universidade do Texas e promove a difus\u00e3o do conhecimento em \u00e1reas emergentes da Ci\u00eancia e Tecnologia, atrav\u00e9s do apoio \u00e0 investiga\u00e7\u00e3o, forma\u00e7\u00e3o avan\u00e7ada, transfer\u00eancia de tecnologia e inova\u00e7\u00e3o.<\/p>\n\n\n\n<figure class=\"wp-block-image size-large\"><img decoding=\"async\" width=\"1024\" height=\"681\" src=\"http:\/\/www.atelierdocaractere.pt\/wp-content\/uploads\/2023\/03\/glex-summit1-1024x681.jpg\" alt=\"\" class=\"wp-image-11247\" srcset=\"https:\/\/www.atelierdocaractere.pt\/wp-content\/uploads\/2023\/03\/glex-summit1-1024x681.jpg 1024w, https:\/\/www.atelierdocaractere.pt\/wp-content\/uploads\/2023\/03\/glex-summit1-300x200.jpg 300w, https:\/\/www.atelierdocaractere.pt\/wp-content\/uploads\/2023\/03\/glex-summit1-768x511.jpg 768w, https:\/\/www.atelierdocaractere.pt\/wp-content\/uploads\/2023\/03\/glex-summit1-1536x1021.jpg 1536w, https:\/\/www.atelierdocaractere.pt\/wp-content\/uploads\/2023\/03\/glex-summit1-900x600.jpg 900w, https:\/\/www.atelierdocaractere.pt\/wp-content\/uploads\/2023\/03\/glex-summit1-675x450.jpg 675w, https:\/\/www.atelierdocaractere.pt\/wp-content\/uploads\/2023\/03\/glex-summit1.jpg 1600w\" sizes=\"(max-width: 1024px) 100vw, 1024px\" \/><\/figure>\n\n\n\n<p>Sublinhe-se que, atrav\u00e9s da pioneira plataforma TEC4SEA, o INESC TEC \u00e9 uma institui\u00e7\u00e3o portuguesa de refer\u00eancia mundial em tecnologias e solu\u00e7\u00f5es de I&amp;D que d\u00e3o resposta aos desafios do mar, mas tamb\u00e9m na capacita\u00e7\u00e3o da Economia do Mar, atrav\u00e9s de abordagens sustent\u00e1veis para explorar os recursos oce\u00e2nicos vivos e n\u00e3o-vivos.<\/p>\n\n\n\n<p>Por outro lado, pela partilha de objetivos e valores, a <strong>GLEX Summit<\/strong> tamb\u00e9m estabeleceu parcerias e uniu sinergias com duas entidades locais: o TERINOV, o Parque de Ci\u00eancia e Tecnologia da Ilha Terceira e a C\u00e2mara do Com\u00e9rcio de Angra do Hero\u00edsmo.<\/p>\n\n\n\n<p>Manuel Vaz, o mentor da <strong>GLEX Summit<\/strong> e fundador da <strong>Expanding World<\/strong>, afirma: \u201c\u00c9 uma enorme satisfa\u00e7\u00e3o para a Expanding World continuar a assegurar a organiza\u00e7\u00e3o da maior cimeira de exploradores do mundo, em Portugal, atrav\u00e9s desta parceria \u00fanica com o <strong>The Explorers Club<\/strong>. Este ano, o palco ser\u00e1 a Terceira, uma ilha que se destaca pela sua import\u00e2ncia hist\u00f3rica com mais de 500 anos, e uma crescente import\u00e2ncia geoestrat\u00e9gica no centro do Atl\u00e2ntico.\u201d<\/p>\n\n\n\n<p>Por outro lado, Manuel Vaz sublinha o facto da \u201cedi\u00e7\u00e3o de 2023 reafirmar a import\u00e2ncia estrat\u00e9gica deste encontro para Portugal, procurando elevar o posicionamento do pa\u00eds na discuss\u00e3o, quer nos oceanos e conserva\u00e7\u00e3o da natureza, quer na coopera\u00e7\u00e3o do futuro da explora\u00e7\u00e3o espacial e no des\u00edgnio da economia das novas fronteiras\u201d.<\/p>\n\n\n\n<p>Os bilhetes para a <strong>GLEX Summit <\/strong>ficar\u00e3o dispon\u00edveis a partir de 28 de mar\u00e7o, no website oficial do evento, em <a href=\"https:\/\/www.glexsummit.com\/\">https:\/\/www.glexsummit.com\/<\/a>. <\/p>\n\n\n\n<p>A edi\u00e7\u00e3o de 2022 pode ser recordada neste v\u00eddeo: <a href=\"https:\/\/youtu.be\/2oE483Ie750\">https:\/\/youtu.be\/2oE483Ie750<\/a><\/p>\n\n\n\n<figure class=\"wp-block-image size-large\"><img decoding=\"async\" width=\"681\" height=\"1024\" src=\"http:\/\/www.atelierdocaractere.pt\/wp-content\/uploads\/2023\/03\/glex-summit3-681x1024.jpg\" alt=\"\" class=\"wp-image-11249\" srcset=\"https:\/\/www.atelierdocaractere.pt\/wp-content\/uploads\/2023\/03\/glex-summit3-681x1024.jpg 681w, https:\/\/www.atelierdocaractere.pt\/wp-content\/uploads\/2023\/03\/glex-summit3-200x300.jpg 200w, https:\/\/www.atelierdocaractere.pt\/wp-content\/uploads\/2023\/03\/glex-summit3-768x1155.jpg 768w, https:\/\/www.atelierdocaractere.pt\/wp-content\/uploads\/2023\/03\/glex-summit3-1021x1536.jpg 1021w, https:\/\/www.atelierdocaractere.pt\/wp-content\/uploads\/2023\/03\/glex-summit3.jpg 1064w\" sizes=\"(max-width: 681px) 100vw, 681px\" \/><\/figure>\n","protected":false},"excerpt":{"rendered":"<p>De 14 a 16 de junho, a Global Exploration Summit (GLEX Summit) est\u00e1 de volta a Portugal. A quarta edi\u00e7\u00e3o&#8230;<\/p>\n","protected":false},"author":7,"featured_media":11248,"comment_status":"closed","ping_status":"open","sticky":false,"template":"","format":"standard","meta":[],"categories":[451],"tags":[470,472,446,464,471],"yoast_head":"<!-- This site is optimized with the Yoast SEO plugin v20.12 - https:\/\/yoast.com\/wordpress\/plugins\/seo\/ -->\n<title>Glex Summit 2023: A maior cimeira de exploradores do mundo volta a realizar-se em Portugal e estreia-se na ilha Terceira - Atelier do Caractere<\/title>\n<meta name=\"robots\" content=\"index, follow, max-snippet:-1, max-image-preview:large, max-video-preview:-1\" \/>\n<link rel=\"canonical\" href=\"https:\/\/www.atelierdocaractere.pt\/brevemente\/glex-summit-2023-a-maior-cimeira-de-exploradores-do-mundo-volta-a-realizar-se-em-portugal-e-estreia-se-na-ilha-terceira\/\" \/>\n<meta property=\"og:locale\" content=\"pt_PT\" \/>\n<meta property=\"og:type\" content=\"article\" \/>\n<meta property=\"og:title\" content=\"Glex Summit 2023: A maior cimeira de exploradores do mundo volta a realizar-se em Portugal e estreia-se na ilha Terceira - Atelier do Caractere\" \/>\n<meta property=\"og:description\" content=\"De 14 a 16 de junho, a Global Exploration Summit (GLEX Summit) est\u00e1 de volta a Portugal. A quarta edi\u00e7\u00e3o...\" \/>\n<meta property=\"og:url\" content=\"https:\/\/www.atelierdocaractere.pt\/brevemente\/glex-summit-2023-a-maior-cimeira-de-exploradores-do-mundo-volta-a-realizar-se-em-portugal-e-estreia-se-na-ilha-terceira\/\" \/>\n<meta property=\"og:site_name\" content=\"Atelier do Caractere\" \/>\n<meta property=\"article:publisher\" content=\"https:\/\/www.facebook.com\/AtelierdoCaractere\" \/>\n<meta property=\"article:published_time\" content=\"2023-03-16T16:19:00+00:00\" \/>\n<meta property=\"article:modified_time\" content=\"2023-03-22T16:44:56+00:00\" \/>\n<meta property=\"og:image\" content=\"http:\/\/www.atelierdocaractere.pt\/wp-content\/uploads\/2023\/03\/glex-summit2.jpg\" \/>\n\t<meta property=\"og:image:width\" content=\"1600\" \/>\n\t<meta property=\"og:image:height\" content=\"1064\" \/>\n\t<meta property=\"og:image:type\" content=\"image\/jpeg\" \/>\n<meta name=\"author\" content=\"Joana Barbosa\" \/>\n<meta name=\"twitter:card\" content=\"summary_large_image\" \/>\n<meta name=\"twitter:label1\" content=\"Escrito por\" \/>\n\t<meta name=\"twitter:data1\" content=\"Joana Barbosa\" \/>\n\t<meta name=\"twitter:label2\" content=\"Tempo estimado de leitura\" \/>\n\t<meta name=\"twitter:data2\" content=\"5 minutos\" \/>\n<script type=\"application\/ld+json\" class=\"yoast-schema-graph\">{\"@context\":\"https:\/\/schema.org\",\"@graph\":[{\"@type\":\"WebPage\",\"@id\":\"https:\/\/www.atelierdocaractere.pt\/brevemente\/glex-summit-2023-a-maior-cimeira-de-exploradores-do-mundo-volta-a-realizar-se-em-portugal-e-estreia-se-na-ilha-terceira\/\",\"url\":\"https:\/\/www.atelierdocaractere.pt\/brevemente\/glex-summit-2023-a-maior-cimeira-de-exploradores-do-mundo-volta-a-realizar-se-em-portugal-e-estreia-se-na-ilha-terceira\/\",\"name\":\"Glex Summit 2023: A maior cimeira de exploradores do mundo volta a realizar-se em Portugal e estreia-se na ilha Terceira - Atelier do Caractere\",\"isPartOf\":{\"@id\":\"https:\/\/www.atelierdocaractere.pt\/brevemente\/#website\"},\"datePublished\":\"2023-03-16T16:19:00+00:00\",\"dateModified\":\"2023-03-22T16:44:56+00:00\",\"author\":{\"@id\":\"https:\/\/www.atelierdocaractere.pt\/brevemente\/#\/schema\/person\/f2f096eb0f27d9894725af22cb97c0db\"},\"breadcrumb\":{\"@id\":\"https:\/\/www.atelierdocaractere.pt\/brevemente\/glex-summit-2023-a-maior-cimeira-de-exploradores-do-mundo-volta-a-realizar-se-em-portugal-e-estreia-se-na-ilha-terceira\/#breadcrumb\"},\"inLanguage\":\"pt-PT\",\"potentialAction\":[{\"@type\":\"ReadAction\",\"target\":[\"https:\/\/www.atelierdocaractere.pt\/brevemente\/glex-summit-2023-a-maior-cimeira-de-exploradores-do-mundo-volta-a-realizar-se-em-portugal-e-estreia-se-na-ilha-terceira\/\"]}]},{\"@type\":\"BreadcrumbList\",\"@id\":\"https:\/\/www.atelierdocaractere.pt\/brevemente\/glex-summit-2023-a-maior-cimeira-de-exploradores-do-mundo-volta-a-realizar-se-em-portugal-e-estreia-se-na-ilha-terceira\/#breadcrumb\",\"itemListElement\":[{\"@type\":\"ListItem\",\"position\":1,\"name\":\"In\u00edcio\",\"item\":\"https:\/\/www.atelierdocaractere.pt\/brevemente\/\"},{\"@type\":\"ListItem\",\"position\":2,\"name\":\"Glex Summit 2023: A maior cimeira de exploradores do mundo volta a realizar-se em Portugal e estreia-se na ilha Terceira\"}]},{\"@type\":\"WebSite\",\"@id\":\"https:\/\/www.atelierdocaractere.pt\/brevemente\/#website\",\"url\":\"https:\/\/www.atelierdocaractere.pt\/brevemente\/\",\"name\":\"Atelier do Caractere\",\"description\":\"\",\"potentialAction\":[{\"@type\":\"SearchAction\",\"target\":{\"@type\":\"EntryPoint\",\"urlTemplate\":\"https:\/\/www.atelierdocaractere.pt\/brevemente\/?s={search_term_string}\"},\"query-input\":\"required name=search_term_string\"}],\"inLanguage\":\"pt-PT\"},{\"@type\":\"Person\",\"@id\":\"https:\/\/www.atelierdocaractere.pt\/brevemente\/#\/schema\/person\/f2f096eb0f27d9894725af22cb97c0db\",\"name\":\"Joana Barbosa\",\"image\":{\"@type\":\"ImageObject\",\"inLanguage\":\"pt-PT\",\"@id\":\"https:\/\/www.atelierdocaractere.pt\/brevemente\/#\/schema\/person\/image\/\",\"url\":\"https:\/\/secure.gravatar.com\/avatar\/33e8214b45e9d68a3a83008731075979?s=96&d=mm&r=g\",\"contentUrl\":\"https:\/\/secure.gravatar.com\/avatar\/33e8214b45e9d68a3a83008731075979?s=96&d=mm&r=g\",\"caption\":\"Joana Barbosa\"},\"url\":\"https:\/\/www.atelierdocaractere.pt\/brevemente\/author\/joanabarbosa\/\"}]}<\/script>\n<!-- \/ Yoast SEO plugin. -->","yoast_head_json":{"title":"Glex Summit 2023: A maior cimeira de exploradores do mundo volta a realizar-se em Portugal e estreia-se na ilha Terceira - Atelier do Caractere","robots":{"index":"index","follow":"follow","max-snippet":"max-snippet:-1","max-image-preview":"max-image-preview:large","max-video-preview":"max-video-preview:-1"},"canonical":"https:\/\/www.atelierdocaractere.pt\/brevemente\/glex-summit-2023-a-maior-cimeira-de-exploradores-do-mundo-volta-a-realizar-se-em-portugal-e-estreia-se-na-ilha-terceira\/","og_locale":"pt_PT","og_type":"article","og_title":"Glex Summit 2023: A maior cimeira de exploradores do mundo volta a realizar-se em Portugal e estreia-se na ilha Terceira - Atelier do Caractere","og_description":"De 14 a 16 de junho, a Global Exploration Summit (GLEX Summit) est\u00e1 de volta a Portugal. A quarta edi\u00e7\u00e3o...","og_url":"https:\/\/www.atelierdocaractere.pt\/brevemente\/glex-summit-2023-a-maior-cimeira-de-exploradores-do-mundo-volta-a-realizar-se-em-portugal-e-estreia-se-na-ilha-terceira\/","og_site_name":"Atelier do Caractere","article_publisher":"https:\/\/www.facebook.com\/AtelierdoCaractere","article_published_time":"2023-03-16T16:19:00+00:00","article_modified_time":"2023-03-22T16:44:56+00:00","og_image":[{"width":1600,"height":1064,"url":"http:\/\/www.atelierdocaractere.pt\/wp-content\/uploads\/2023\/03\/glex-summit2.jpg","type":"image\/jpeg"}],"author":"Joana Barbosa","twitter_card":"summary_large_image","twitter_misc":{"Escrito por":"Joana Barbosa","Tempo estimado de leitura":"5 minutos"},"schema":{"@context":"https:\/\/schema.org","@graph":[{"@type":"WebPage","@id":"https:\/\/www.atelierdocaractere.pt\/brevemente\/glex-summit-2023-a-maior-cimeira-de-exploradores-do-mundo-volta-a-realizar-se-em-portugal-e-estreia-se-na-ilha-terceira\/","url":"https:\/\/www.atelierdocaractere.pt\/brevemente\/glex-summit-2023-a-maior-cimeira-de-exploradores-do-mundo-volta-a-realizar-se-em-portugal-e-estreia-se-na-ilha-terceira\/","name":"Glex Summit 2023: A maior cimeira de exploradores do mundo volta a realizar-se em Portugal e estreia-se na ilha Terceira - Atelier do Caractere","isPartOf":{"@id":"https:\/\/www.atelierdocaractere.pt\/brevemente\/#website"},"datePublished":"2023-03-16T16:19:00+00:00","dateModified":"2023-03-22T16:44:56+00:00","author":{"@id":"https:\/\/www.atelierdocaractere.pt\/brevemente\/#\/schema\/person\/f2f096eb0f27d9894725af22cb97c0db"},"breadcrumb":{"@id":"https:\/\/www.atelierdocaractere.pt\/brevemente\/glex-summit-2023-a-maior-cimeira-de-exploradores-do-mundo-volta-a-realizar-se-em-portugal-e-estreia-se-na-ilha-terceira\/#breadcrumb"},"inLanguage":"pt-PT","potentialAction":[{"@type":"ReadAction","target":["https:\/\/www.atelierdocaractere.pt\/brevemente\/glex-summit-2023-a-maior-cimeira-de-exploradores-do-mundo-volta-a-realizar-se-em-portugal-e-estreia-se-na-ilha-terceira\/"]}]},{"@type":"BreadcrumbList","@id":"https:\/\/www.atelierdocaractere.pt\/brevemente\/glex-summit-2023-a-maior-cimeira-de-exploradores-do-mundo-volta-a-realizar-se-em-portugal-e-estreia-se-na-ilha-terceira\/#breadcrumb","itemListElement":[{"@type":"ListItem","position":1,"name":"In\u00edcio","item":"https:\/\/www.atelierdocaractere.pt\/brevemente\/"},{"@type":"ListItem","position":2,"name":"Glex Summit 2023: A maior cimeira de exploradores do mundo volta a realizar-se em Portugal e estreia-se na ilha Terceira"}]},{"@type":"WebSite","@id":"https:\/\/www.atelierdocaractere.pt\/brevemente\/#website","url":"https:\/\/www.atelierdocaractere.pt\/brevemente\/","name":"Atelier do Caractere","description":"","potentialAction":[{"@type":"SearchAction","target":{"@type":"EntryPoint","urlTemplate":"https:\/\/www.atelierdocaractere.pt\/brevemente\/?s={search_term_string}"},"query-input":"required name=search_term_string"}],"inLanguage":"pt-PT"},{"@type":"Person","@id":"https:\/\/www.atelierdocaractere.pt\/brevemente\/#\/schema\/person\/f2f096eb0f27d9894725af22cb97c0db","name":"Joana Barbosa","image":{"@type":"ImageObject","inLanguage":"pt-PT","@id":"https:\/\/www.atelierdocaractere.pt\/brevemente\/#\/schema\/person\/image\/","url":"https:\/\/secure.gravatar.com\/avatar\/33e8214b45e9d68a3a83008731075979?s=96&d=mm&r=g","contentUrl":"https:\/\/secure.gravatar.com\/avatar\/33e8214b45e9d68a3a83008731075979?s=96&d=mm&r=g","caption":"Joana Barbosa"},"url":"https:\/\/www.atelierdocaractere.pt\/brevemente\/author\/joanabarbosa\/"}]}},"_links":{"self":[{"href":"https:\/\/www.atelierdocaractere.pt\/brevemente\/wp-json\/wp\/v2\/posts\/11245"}],"collection":[{"href":"https:\/\/www.atelierdocaractere.pt\/brevemente\/wp-json\/wp\/v2\/posts"}],"about":[{"href":"https:\/\/www.atelierdocaractere.pt\/brevemente\/wp-json\/wp\/v2\/types\/post"}],"author":[{"embeddable":true,"href":"https:\/\/www.atelierdocaractere.pt\/brevemente\/wp-json\/wp\/v2\/users\/7"}],"replies":[{"embeddable":true,"href":"https:\/\/www.atelierdocaractere.pt\/brevemente\/wp-json\/wp\/v2\/comments?post=11245"}],"version-history":[{"count":1,"href":"https:\/\/www.atelierdocaractere.pt\/brevemente\/wp-json\/wp\/v2\/posts\/11245\/revisions"}],"predecessor-version":[{"id":11250,"href":"https:\/\/www.atelierdocaractere.pt\/brevemente\/wp-json\/wp\/v2\/posts\/11245\/revisions\/11250"}],"wp:featuredmedia":[{"embeddable":true,"href":"https:\/\/www.atelierdocaractere.pt\/brevemente\/wp-json\/wp\/v2\/media\/11248"}],"wp:attachment":[{"href":"https:\/\/www.atelierdocaractere.pt\/brevemente\/wp-json\/wp\/v2\/media?parent=11245"}],"wp:term":[{"taxonomy":"category","embeddable":true,"href":"https:\/\/www.atelierdocaractere.pt\/brevemente\/wp-json\/wp\/v2\/categories?post=11245"},{"taxonomy":"post_tag","embeddable":true,"href":"https:\/\/www.atelierdocaractere.pt\/brevemente\/wp-json\/wp\/v2\/tags?post=11245"}],"curies":[{"name":"wp","href":"https:\/\/api.w.org\/{rel}","templated":true}]}}