{"id":11259,"date":"2022-07-05T18:31:00","date_gmt":"2022-07-05T18:31:00","guid":{"rendered":"https:\/\/www.atelierdocaractere.pt\/brevemente\/?p=11259"},"modified":"2023-03-22T20:07:10","modified_gmt":"2023-03-22T20:07:10","slug":"segundo-dia-da-glex-summit-foi-dedicado-ao-planeta-terra-e-a-urgencia-em-reverter-uma-nova-extincao-massiva","status":"publish","type":"post","link":"https:\/\/www.atelierdocaractere.pt\/brevemente\/segundo-dia-da-glex-summit-foi-dedicado-ao-planeta-terra-e-a-urgencia-em-reverter-uma-nova-extincao-massiva\/","title":{"rendered":"<strong>Segundo dia da GLEX Summit foi dedicado ao planeta Terra e \u00e0 urg\u00eancia em reverter uma nova extin\u00e7\u00e3o massiva<\/strong>"},"content":{"rendered":"\n<ul><li><strong><em>Depois de uma jornada dedicada \u00e0s novas fronteiras do espa\u00e7o e \u00e0s descobertas e oportunidades que se escondem sob os oceanos, o segundo dia da GLEX Summit foi dedicado \u00e0 Terra e ao futuro do nosso planeta<\/em><\/strong><\/li><\/ul>\n\n\n\n<ul><li><strong><em>A conserva\u00e7\u00e3o da natureza, a prote\u00e7\u00e3o da vida selvagem, os f\u00f3sseis do passado, as prote\u00ednas do futuro, a crise clim\u00e1tica e as novas fronteiras da engenharia gen\u00e9tica foram alguns dos temas trazidos ao palco do Teatro Micaelense ao longo desta ter\u00e7a-feira<\/em><\/strong><\/li><\/ul>\n\n\n\n<ul><li><strong><em>O programa paralelo da maior cimeira de exploradores do mundo incluiu ainda uma visita ao Vulc\u00e3o dos Capelinhos na ilha do Faial, num encontro irrepet\u00edvel que juntou a elite dos cientistas na NASA<\/em><\/strong><\/li><\/ul>\n\n\n\n<figure class=\"wp-block-image size-large\"><img decoding=\"async\" width=\"1024\" height=\"674\" src=\"http:\/\/www.atelierdocaractere.pt\/wp-content\/uploads\/2023\/03\/glex-summit-no-feminino-dia2-1024x674.jpg\" alt=\"\" class=\"wp-image-11269\" srcset=\"https:\/\/www.atelierdocaractere.pt\/wp-content\/uploads\/2023\/03\/glex-summit-no-feminino-dia2-1024x674.jpg 1024w, https:\/\/www.atelierdocaractere.pt\/wp-content\/uploads\/2023\/03\/glex-summit-no-feminino-dia2-300x198.jpg 300w, https:\/\/www.atelierdocaractere.pt\/wp-content\/uploads\/2023\/03\/glex-summit-no-feminino-dia2-768x506.jpg 768w, https:\/\/www.atelierdocaractere.pt\/wp-content\/uploads\/2023\/03\/glex-summit-no-feminino-dia2.jpg 1400w\" sizes=\"(max-width: 1024px) 100vw, 1024px\" \/><\/figure>\n\n\n\n<p>Com os p\u00e9s no passado e os olhos no futuro, o segundo dia da Global Exploration Summit foi repartido entre as ilhas de S\u00e3o Miguel e do Faial, com o Teatro Micaelense a acolher um conjunto de dez apresenta\u00e7\u00f5es dedicadas ao planeta Terra, enquanto o Centro de Interpreta\u00e7\u00e3o do Vulc\u00e3o dos Capelinhos, no Faial, recebia a visita de um grupo restrito de convidados, para um encontro, talvez irrepet\u00edvel, entre a elite dos cientistas da NASA e os respons\u00e1veis do Geoparque A\u00e7ores.<\/p>\n\n\n\n<p>Depois de um primeiro dia em que o foco das apresenta\u00e7\u00f5es se centrou no futuro da explora\u00e7\u00e3o espacial e nos desafios e oportunidades que se escondem sob os oceanos, o segundo dia da Global Exploration Summit foi dedicado ao planeta Terra e aos problemas atuais e futuros da humanidade, como a prote\u00e7\u00e3o das esp\u00e9cies amea\u00e7adas, cujo decl\u00ednio se tem acentuado perigosamente nos \u00faltimos anos, a preserva\u00e7\u00e3o e conserva\u00e7\u00e3o dos ecossistemas ou os efeitos irrevers\u00edveis da crise clim\u00e1tica.<\/p>\n\n\n\n<figure class=\"wp-block-image size-large\"><img decoding=\"async\" width=\"681\" height=\"1024\" src=\"http:\/\/www.atelierdocaractere.pt\/wp-content\/uploads\/2023\/03\/glex-summit-kenneth-lacovara-681x1024.jpg\" alt=\"\" class=\"wp-image-11261\" srcset=\"https:\/\/www.atelierdocaractere.pt\/wp-content\/uploads\/2023\/03\/glex-summit-kenneth-lacovara-681x1024.jpg 681w, https:\/\/www.atelierdocaractere.pt\/wp-content\/uploads\/2023\/03\/glex-summit-kenneth-lacovara-200x300.jpg 200w, https:\/\/www.atelierdocaractere.pt\/wp-content\/uploads\/2023\/03\/glex-summit-kenneth-lacovara-768x1154.jpg 768w, https:\/\/www.atelierdocaractere.pt\/wp-content\/uploads\/2023\/03\/glex-summit-kenneth-lacovara-1022x1536.jpg 1022w, https:\/\/www.atelierdocaractere.pt\/wp-content\/uploads\/2023\/03\/glex-summit-kenneth-lacovara-1363x2048.jpg 1363w, https:\/\/www.atelierdocaractere.pt\/wp-content\/uploads\/2023\/03\/glex-summit-kenneth-lacovara.jpg 1278w\" sizes=\"(max-width: 681px) 100vw, 681px\" \/><\/figure>\n\n\n\n<p>\u201c<strong>Estamos num ponto cr\u00edtico, onde o que se segue depende apenas de n\u00f3s. Enfrentamos uma nova era de extin\u00e7\u00e3o massiva, com a diferen\u00e7a de que agora o asteroide somos n\u00f3s pr\u00f3prios, os humanos\u201d<\/strong>, avisou Kenneth Lacovara, o paleont\u00f3logo que desenterrou alguns dos maiores dinossauros que j\u00e1 andaram \u00e0 superf\u00edcie da Terra. \u201c<strong>Os estudos dizem-nos que, a cada 20 minutos, h\u00e1 uma esp\u00e9cie que se extingue, o que significa que perdemos mais de 25 mil esp\u00e9cies no planeta a cada ano. Sem acesso ao futuro, resta-nos estudar o passado e aprender como poderemos mudar o curso da humanidade\u201d.<\/strong><\/p>\n\n\n\n<p><\/p>\n\n\n\n<figure class=\"wp-block-image size-large\"><img decoding=\"async\" width=\"1024\" height=\"681\" src=\"http:\/\/www.atelierdocaractere.pt\/wp-content\/uploads\/2023\/03\/glex-summit-richard-garriott-1024x681.jpg\" alt=\"\" class=\"wp-image-11262\" srcset=\"https:\/\/www.atelierdocaractere.pt\/wp-content\/uploads\/2023\/03\/glex-summit-richard-garriott-1024x681.jpg 1024w, https:\/\/www.atelierdocaractere.pt\/wp-content\/uploads\/2023\/03\/glex-summit-richard-garriott-300x200.jpg 300w, https:\/\/www.atelierdocaractere.pt\/wp-content\/uploads\/2023\/03\/glex-summit-richard-garriott-768x511.jpg 768w, https:\/\/www.atelierdocaractere.pt\/wp-content\/uploads\/2023\/03\/glex-summit-richard-garriott-1536x1021.jpg 1536w, https:\/\/www.atelierdocaractere.pt\/wp-content\/uploads\/2023\/03\/glex-summit-richard-garriott-900x600.jpg 900w, https:\/\/www.atelierdocaractere.pt\/wp-content\/uploads\/2023\/03\/glex-summit-richard-garriott-675x450.jpg 675w, https:\/\/www.atelierdocaractere.pt\/wp-content\/uploads\/2023\/03\/glex-summit-richard-garriott.jpg 1920w\" sizes=\"(max-width: 1024px) 100vw, 1024px\" \/><\/figure>\n\n\n\n<p><strong>Da extin\u00e7\u00e3o \u00e0\u2026 \u201cdesextin\u00e7\u00e3o\u201d<\/strong><\/p>\n\n\n\n<p>A solu\u00e7\u00e3o para este decl\u00ednio acelerado de esp\u00e9cies pode estar na tecnologia reprodutiva e na ci\u00eancia gen\u00e9tica. Depois do Parque Jur\u00e1ssico ter imaginado um futuro onde era poss\u00edvel trazer os dinossauros de volta \u00e0 vida, os cientistas da Colossal Biosciences est\u00e3o a passar da fic\u00e7\u00e3o \u00e0 realidade, com um projeto revolucion\u00e1rio que pretende ressuscitar uma vers\u00e3o h\u00edbrida do mamute-lanoso, extinto h\u00e1 mais de quatro mil anos, reintegrando-o no seu antigo habitat natural, nas tundras geladas da Sib\u00e9ria.&nbsp;<strong>\u201c\u00c9 a ida \u00e0 Lua do S\u00e9culo XXI\u201d<\/strong>, disse Richard Garriot, presidente do Explorers Club, para classificar este projeto.<\/p>\n\n\n\n<p><strong>\u201cN\u00e3o somos deuses, mas sabemos hoje como o fazer. Temos a tecnologia, temos as equipas e temos tamb\u00e9m os recursos que nos permitem avan\u00e7ar com este projeto, que come\u00e7ou a ser preparado h\u00e1 mais de uma d\u00e9cada\u201d<\/strong>, explica Ben Lamm, investidor e cofundador da empresa, juntamente com o geneticista George&nbsp;Church, considerado o pioneiro em novas abordagens de edi\u00e7\u00e3o de genes.<\/p>\n\n\n\n<figure class=\"wp-block-image size-large\"><img decoding=\"async\" width=\"1024\" height=\"681\" src=\"http:\/\/www.atelierdocaractere.pt\/wp-content\/uploads\/2023\/03\/glex-summit-ben-lamm-and-eriona-hysolli-1024x681.jpg\" alt=\"\" class=\"wp-image-11266\" srcset=\"https:\/\/www.atelierdocaractere.pt\/wp-content\/uploads\/2023\/03\/glex-summit-ben-lamm-and-eriona-hysolli-1024x681.jpg 1024w, https:\/\/www.atelierdocaractere.pt\/wp-content\/uploads\/2023\/03\/glex-summit-ben-lamm-and-eriona-hysolli-300x200.jpg 300w, https:\/\/www.atelierdocaractere.pt\/wp-content\/uploads\/2023\/03\/glex-summit-ben-lamm-and-eriona-hysolli-768x511.jpg 768w, https:\/\/www.atelierdocaractere.pt\/wp-content\/uploads\/2023\/03\/glex-summit-ben-lamm-and-eriona-hysolli-1536x1022.jpg 1536w, https:\/\/www.atelierdocaractere.pt\/wp-content\/uploads\/2023\/03\/glex-summit-ben-lamm-and-eriona-hysolli-2048x1363.jpg 2048w, https:\/\/www.atelierdocaractere.pt\/wp-content\/uploads\/2023\/03\/glex-summit-ben-lamm-and-eriona-hysolli-900x600.jpg 900w, https:\/\/www.atelierdocaractere.pt\/wp-content\/uploads\/2023\/03\/glex-summit-ben-lamm-and-eriona-hysolli-675x450.jpg 675w, https:\/\/www.atelierdocaractere.pt\/wp-content\/uploads\/2023\/03\/glex-summit-ben-lamm-and-eriona-hysolli.jpg 1920w\" sizes=\"(max-width: 1024px) 100vw, 1024px\" \/><\/figure>\n\n\n\n<p>\u201c<strong>Os progressos t\u00eam sido incr\u00edveis, mas ainda h\u00e1 algumas etapas a ultrapassar, porque s\u00e3o processos laboratoriais extremamente complexos<\/strong>\u201d, acrescenta, por sua vez, a cientista Eriona Hyosolli, mantendo, apesar de tudo, um prazo de&nbsp;<strong>\u201cseis anos\u201d<\/strong>&nbsp;para a sua concretiza\u00e7\u00e3o.<\/p>\n\n\n\n<p>Segundo os respons\u00e1veis da Colossal, o projeto pretende n\u00e3o s\u00f3 testar os avan\u00e7os da tecnologia reprodutiva, como tamb\u00e9m ajudar na conserva\u00e7\u00e3o de outras esp\u00e9cies em risco de extin\u00e7\u00e3o. Al\u00e9m disso, os cientistas acreditam que a introdu\u00e7\u00e3o dos h\u00edbridos na tundra \u00e1rtica poder\u00e1 ajudar a restaurar o habitat degradado e, ao mesmo tempo, combater os impactos das altera\u00e7\u00f5es clim\u00e1ticas.<\/p>\n\n\n\n<figure class=\"wp-block-image size-large\"><img decoding=\"async\" width=\"1024\" height=\"681\" src=\"http:\/\/www.atelierdocaractere.pt\/wp-content\/uploads\/2023\/03\/glex-summit-leela-hazzah-1024x681.jpg\" alt=\"\" class=\"wp-image-11260\" srcset=\"https:\/\/www.atelierdocaractere.pt\/wp-content\/uploads\/2023\/03\/glex-summit-leela-hazzah-1024x681.jpg 1024w, https:\/\/www.atelierdocaractere.pt\/wp-content\/uploads\/2023\/03\/glex-summit-leela-hazzah-300x200.jpg 300w, https:\/\/www.atelierdocaractere.pt\/wp-content\/uploads\/2023\/03\/glex-summit-leela-hazzah-768x511.jpg 768w, https:\/\/www.atelierdocaractere.pt\/wp-content\/uploads\/2023\/03\/glex-summit-leela-hazzah-1536x1022.jpg 1536w, https:\/\/www.atelierdocaractere.pt\/wp-content\/uploads\/2023\/03\/glex-summit-leela-hazzah-2048x1363.jpg 2048w, https:\/\/www.atelierdocaractere.pt\/wp-content\/uploads\/2023\/03\/glex-summit-leela-hazzah-900x600.jpg 900w, https:\/\/www.atelierdocaractere.pt\/wp-content\/uploads\/2023\/03\/glex-summit-leela-hazzah-675x450.jpg 675w\" sizes=\"(max-width: 1024px) 100vw, 1024px\" \/><\/figure>\n\n\n\n<p><strong>Do continente africano aos polos<\/strong><strong><\/strong><\/p>\n\n\n\n<p>O programa deste segundo dia da GLEX Summit trouxe tamb\u00e9m aos A\u00e7ores v\u00e1rios exploradores e conservacionistas que est\u00e3o a fazer a diferen\u00e7a no continente africano, inspirando as comunidades locais a protegerem a vida selvagem, encontrando solu\u00e7\u00f5es para a sua coexist\u00eancia. \u00c9 o caso de Leela Hazzah, premiada bi\u00f3loga eg\u00edpcia, que dedicou os \u00faltimos 20 anos da sua vida \u00e0 prote\u00e7\u00e3o de le\u00f5es nas regi\u00f5es do Qu\u00e9nia e da Tanz\u00e2nia. Ou do casal Dereck e Beverly Joubert, cuja miss\u00e3o tem sido celebrar a vida selvagem em document\u00e1rios, livros e revistas cient\u00edficas, alertando para o perigo de extin\u00e7\u00e3o dos grandes felinos.&nbsp;<strong>\u201cSe n\u00e3o fizermos nada para inverter esta tend\u00eancia, seremos cumplicies do maior crime cometido neste planeta\u201d<\/strong>, declarou Dereck Joubert.<\/p>\n\n\n\n<figure class=\"wp-block-image size-large\"><img decoding=\"async\" width=\"1024\" height=\"681\" src=\"http:\/\/www.atelierdocaractere.pt\/wp-content\/uploads\/2023\/03\/glex-summit-beverly-and-dereck-joubert-1024x681.jpg\" alt=\"\" class=\"wp-image-11268\" srcset=\"https:\/\/www.atelierdocaractere.pt\/wp-content\/uploads\/2023\/03\/glex-summit-beverly-and-dereck-joubert-1024x681.jpg 1024w, https:\/\/www.atelierdocaractere.pt\/wp-content\/uploads\/2023\/03\/glex-summit-beverly-and-dereck-joubert-300x200.jpg 300w, https:\/\/www.atelierdocaractere.pt\/wp-content\/uploads\/2023\/03\/glex-summit-beverly-and-dereck-joubert-768x511.jpg 768w, https:\/\/www.atelierdocaractere.pt\/wp-content\/uploads\/2023\/03\/glex-summit-beverly-and-dereck-joubert-900x600.jpg 900w, https:\/\/www.atelierdocaractere.pt\/wp-content\/uploads\/2023\/03\/glex-summit-beverly-and-dereck-joubert-675x450.jpg 675w, https:\/\/www.atelierdocaractere.pt\/wp-content\/uploads\/2023\/03\/glex-summit-beverly-and-dereck-joubert.jpg 1400w\" sizes=\"(max-width: 1024px) 100vw, 1024px\" \/><\/figure>\n\n\n\n<p>Depois de \u00c1frica, os polos, com o explorador noruegu\u00eas Borge Ousland, que h\u00e1 mais de 25 anos faz hist\u00f3ria no \u00c1rtico. Em 1994, fez a primeira viagem a solo ao P\u00f3lo Norte desde o Cabo \u00c1rtico, na R\u00fassia. E, tr\u00eas anos depois, tornou-se na primeira pessoa a atravessar a Ant\u00e1rtida a p\u00e9 e sem qualquer apoio. Aos A\u00e7ores, veio contar a sua mais recente e extrema proeza: atravessar o polo norte a p\u00e9 e na total escurid\u00e3o, numa jornada que se arrastou por quase 90 dias e com temperaturas a rondar os 40 graus negativos.&nbsp;<strong>\u201cFoi mesmo no limite. Embora incr\u00edvel, \u00e9 uma experi\u00eancia que n\u00e3o recomendo a todos\u201d<\/strong>.<\/p>\n\n\n\n<p>O \u00faltimo painel dedicado \u00e0 Terra deu ainda a conhecer o projeto fundado e liderado pelo&nbsp;&nbsp; paleoclimatologista J\u00e9r\u00f4me Chappellaz, \u201cIce Memories\u201d. Patrocinado pela UNESCO, este programa internacional prop\u00f5e-se a recolher amostras de gelo glaciar em todas as grandes montanhas do mundo, para serem guardadas e conservadas com todos os seus registos e testemunhos.<\/p>\n\n\n\n<p><strong>\u201cOs glaciares contam-nos a hist\u00f3ria da evolu\u00e7\u00e3o do clima na Terra. S\u00e3o como c\u00e1psulas da atmosfera de tempos passados. \u00c9 urgente preservar estes registos, porque estamos a ficar sem glaciares e sem tempo\u201d<\/strong>, adverte o antigo diretor do Instituto Polar Franc\u00eas (IPEV). O objetivo \u00e9 criar na Ant\u00e1rtida uma esp\u00e9cie de Arca de No\u00e9 do gelo para futuras gera\u00e7\u00f5es de pesquisadores.<\/p>\n\n\n\n<figure class=\"wp-block-image size-large\"><img decoding=\"async\" width=\"1024\" height=\"681\" src=\"http:\/\/www.atelierdocaractere.pt\/wp-content\/uploads\/2023\/03\/glex-summit-jerome-chapellaz-1024x681.jpg\" alt=\"\" class=\"wp-image-11263\" srcset=\"https:\/\/www.atelierdocaractere.pt\/wp-content\/uploads\/2023\/03\/glex-summit-jerome-chapellaz-1024x681.jpg 1024w, https:\/\/www.atelierdocaractere.pt\/wp-content\/uploads\/2023\/03\/glex-summit-jerome-chapellaz-300x200.jpg 300w, https:\/\/www.atelierdocaractere.pt\/wp-content\/uploads\/2023\/03\/glex-summit-jerome-chapellaz-768x511.jpg 768w, https:\/\/www.atelierdocaractere.pt\/wp-content\/uploads\/2023\/03\/glex-summit-jerome-chapellaz-1536x1021.jpg 1536w, https:\/\/www.atelierdocaractere.pt\/wp-content\/uploads\/2023\/03\/glex-summit-jerome-chapellaz-900x600.jpg 900w, https:\/\/www.atelierdocaractere.pt\/wp-content\/uploads\/2023\/03\/glex-summit-jerome-chapellaz-675x450.jpg 675w, https:\/\/www.atelierdocaractere.pt\/wp-content\/uploads\/2023\/03\/glex-summit-jerome-chapellaz.jpg 1920w\" sizes=\"(max-width: 1024px) 100vw, 1024px\" \/><\/figure>\n\n\n\n<p><strong>Nova gera\u00e7\u00e3o de exploradores em destaque no 3\u00ba dia<\/strong><\/p>\n\n\n\n<p>Amanh\u00e3, quarta-feira, o programa da GLEX Summit ser\u00e1 dedicado ao EX50 e \u00e0 nova gera\u00e7\u00e3o de exploradores. Este programa anual, lan\u00e7ado pelo The Explorers Club, pretende dar a conhecer ao p\u00fablico uma lista de 50 pessoas que est\u00e3o a mudar o mundo e que o mundo deveria conhecer.<\/p>\n\n\n\n<p>Integrados neste painel estar\u00e3o nomes como Sian Proctor, a primeira astronauta negra comercial a pilotar uma nave espacial, o bi\u00f3logo Joshua Powell, a ecologista Natalie Schmitt, o artista visual e autor John Mack, a exploradora polar Sunniva Sorby, a conservacionista Onkuri Majumdar ou a m\u00e9dica e aquanauta Shawna Pandya, primeira a testar um fato espacial comercial em gravidade zero.<\/p>\n\n\n\n<figure class=\"wp-block-image size-large\"><img decoding=\"async\" width=\"1024\" height=\"681\" src=\"http:\/\/www.atelierdocaractere.pt\/wp-content\/uploads\/2023\/03\/glex-summit-glen-gowers-and-oliver-vince-1024x681.jpg\" alt=\"\" class=\"wp-image-11264\" srcset=\"https:\/\/www.atelierdocaractere.pt\/wp-content\/uploads\/2023\/03\/glex-summit-glen-gowers-and-oliver-vince-1024x681.jpg 1024w, https:\/\/www.atelierdocaractere.pt\/wp-content\/uploads\/2023\/03\/glex-summit-glen-gowers-and-oliver-vince-300x200.jpg 300w, https:\/\/www.atelierdocaractere.pt\/wp-content\/uploads\/2023\/03\/glex-summit-glen-gowers-and-oliver-vince-768x511.jpg 768w, https:\/\/www.atelierdocaractere.pt\/wp-content\/uploads\/2023\/03\/glex-summit-glen-gowers-and-oliver-vince-1536x1022.jpg 1536w, https:\/\/www.atelierdocaractere.pt\/wp-content\/uploads\/2023\/03\/glex-summit-glen-gowers-and-oliver-vince-2048x1363.jpg 2048w, https:\/\/www.atelierdocaractere.pt\/wp-content\/uploads\/2023\/03\/glex-summit-glen-gowers-and-oliver-vince-900x600.jpg 900w, https:\/\/www.atelierdocaractere.pt\/wp-content\/uploads\/2023\/03\/glex-summit-glen-gowers-and-oliver-vince-675x450.jpg 675w, https:\/\/www.atelierdocaractere.pt\/wp-content\/uploads\/2023\/03\/glex-summit-glen-gowers-and-oliver-vince.jpg 1920w\" sizes=\"(max-width: 1024px) 100vw, 1024px\" \/><\/figure>\n\n\n\n<p>A sess\u00e3o de encerramento do programa presencial da cimeira est\u00e1 marcada para \u00e0s 13h20 desta quarta-feira, no Teatro Micaelense, com as presen\u00e7as do Ministro da Economia, Ant\u00f3nio Costa Silva, e da Secret\u00e1ria Regional do Turismo, Berta Cabral.<\/p>\n\n\n\n<p>A\u00a0<strong>GLEX Summit<\/strong>\u00a0\u00e9 uma organiza\u00e7\u00e3o conjunta da Expanding World e do The Explorers Club, com os apoios do Governo dos A\u00e7ores e do Turismo de Portugal.<\/p>\n\n\n\n<figure class=\"wp-block-image size-large\"><img decoding=\"async\" width=\"1024\" height=\"681\" src=\"http:\/\/www.atelierdocaractere.pt\/wp-content\/uploads\/2023\/03\/glex-summit-carol-beckwith-and-angela-fisher-1024x681.jpg\" alt=\"\" class=\"wp-image-11267\" srcset=\"https:\/\/www.atelierdocaractere.pt\/wp-content\/uploads\/2023\/03\/glex-summit-carol-beckwith-and-angela-fisher-1024x681.jpg 1024w, https:\/\/www.atelierdocaractere.pt\/wp-content\/uploads\/2023\/03\/glex-summit-carol-beckwith-and-angela-fisher-300x200.jpg 300w, https:\/\/www.atelierdocaractere.pt\/wp-content\/uploads\/2023\/03\/glex-summit-carol-beckwith-and-angela-fisher-768x511.jpg 768w, https:\/\/www.atelierdocaractere.pt\/wp-content\/uploads\/2023\/03\/glex-summit-carol-beckwith-and-angela-fisher-900x600.jpg 900w, https:\/\/www.atelierdocaractere.pt\/wp-content\/uploads\/2023\/03\/glex-summit-carol-beckwith-and-angela-fisher-675x450.jpg 675w, https:\/\/www.atelierdocaractere.pt\/wp-content\/uploads\/2023\/03\/glex-summit-carol-beckwith-and-angela-fisher.jpg 1400w\" sizes=\"(max-width: 1024px) 100vw, 1024px\" \/><\/figure>\n","protected":false},"excerpt":{"rendered":"<p>Depois de uma jornada dedicada \u00e0s novas fronteiras do espa\u00e7o e \u00e0s descobertas e oportunidades que se escondem sob os&#8230;<\/p>\n","protected":false},"author":7,"featured_media":11265,"comment_status":"closed","ping_status":"open","sticky":false,"template":"","format":"standard","meta":[],"categories":[451],"tags":[472,475,446,476,464],"yoast_head":"<!-- This site is optimized with the Yoast SEO plugin v20.12 - https:\/\/yoast.com\/wordpress\/plugins\/seo\/ -->\n<title>Segundo dia da GLEX Summit foi dedicado ao planeta Terra e \u00e0 urg\u00eancia em reverter uma nova extin\u00e7\u00e3o massiva - Atelier do Caractere<\/title>\n<meta name=\"robots\" content=\"index, follow, max-snippet:-1, max-image-preview:large, max-video-preview:-1\" \/>\n<link rel=\"canonical\" href=\"https:\/\/www.atelierdocaractere.pt\/brevemente\/segundo-dia-da-glex-summit-foi-dedicado-ao-planeta-terra-e-a-urgencia-em-reverter-uma-nova-extincao-massiva\/\" \/>\n<meta property=\"og:locale\" content=\"pt_PT\" \/>\n<meta property=\"og:type\" content=\"article\" \/>\n<meta property=\"og:title\" content=\"Segundo dia da GLEX Summit foi dedicado ao planeta Terra e \u00e0 urg\u00eancia em reverter uma nova extin\u00e7\u00e3o massiva - Atelier do Caractere\" \/>\n<meta property=\"og:description\" content=\"Depois de uma jornada dedicada \u00e0s novas fronteiras do espa\u00e7o e \u00e0s descobertas e oportunidades que se escondem sob os...\" \/>\n<meta property=\"og:url\" content=\"https:\/\/www.atelierdocaractere.pt\/brevemente\/segundo-dia-da-glex-summit-foi-dedicado-ao-planeta-terra-e-a-urgencia-em-reverter-uma-nova-extincao-massiva\/\" \/>\n<meta property=\"og:site_name\" content=\"Atelier do Caractere\" \/>\n<meta property=\"article:publisher\" content=\"https:\/\/www.facebook.com\/AtelierdoCaractere\" \/>\n<meta property=\"article:published_time\" content=\"2022-07-05T18:31:00+00:00\" \/>\n<meta property=\"article:modified_time\" content=\"2023-03-22T20:07:10+00:00\" \/>\n<meta property=\"og:image\" content=\"http:\/\/www.atelierdocaractere.pt\/wp-content\/uploads\/2023\/03\/glex-summit-borge-ousland.jpg\" \/>\n\t<meta property=\"og:image:width\" content=\"1400\" \/>\n\t<meta property=\"og:image:height\" content=\"931\" \/>\n\t<meta property=\"og:image:type\" content=\"image\/jpeg\" \/>\n<meta name=\"author\" content=\"Joana Barbosa\" \/>\n<meta name=\"twitter:card\" content=\"summary_large_image\" \/>\n<meta name=\"twitter:label1\" content=\"Escrito por\" \/>\n\t<meta name=\"twitter:data1\" content=\"Joana Barbosa\" \/>\n\t<meta name=\"twitter:label2\" content=\"Tempo estimado de leitura\" \/>\n\t<meta name=\"twitter:data2\" content=\"9 minutos\" \/>\n<script type=\"application\/ld+json\" class=\"yoast-schema-graph\">{\"@context\":\"https:\/\/schema.org\",\"@graph\":[{\"@type\":\"WebPage\",\"@id\":\"https:\/\/www.atelierdocaractere.pt\/brevemente\/segundo-dia-da-glex-summit-foi-dedicado-ao-planeta-terra-e-a-urgencia-em-reverter-uma-nova-extincao-massiva\/\",\"url\":\"https:\/\/www.atelierdocaractere.pt\/brevemente\/segundo-dia-da-glex-summit-foi-dedicado-ao-planeta-terra-e-a-urgencia-em-reverter-uma-nova-extincao-massiva\/\",\"name\":\"Segundo dia da GLEX Summit foi dedicado ao planeta Terra e \u00e0 urg\u00eancia em reverter uma nova extin\u00e7\u00e3o massiva - Atelier do Caractere\",\"isPartOf\":{\"@id\":\"https:\/\/www.atelierdocaractere.pt\/brevemente\/#website\"},\"datePublished\":\"2022-07-05T18:31:00+00:00\",\"dateModified\":\"2023-03-22T20:07:10+00:00\",\"author\":{\"@id\":\"https:\/\/www.atelierdocaractere.pt\/brevemente\/#\/schema\/person\/f2f096eb0f27d9894725af22cb97c0db\"},\"breadcrumb\":{\"@id\":\"https:\/\/www.atelierdocaractere.pt\/brevemente\/segundo-dia-da-glex-summit-foi-dedicado-ao-planeta-terra-e-a-urgencia-em-reverter-uma-nova-extincao-massiva\/#breadcrumb\"},\"inLanguage\":\"pt-PT\",\"potentialAction\":[{\"@type\":\"ReadAction\",\"target\":[\"https:\/\/www.atelierdocaractere.pt\/brevemente\/segundo-dia-da-glex-summit-foi-dedicado-ao-planeta-terra-e-a-urgencia-em-reverter-uma-nova-extincao-massiva\/\"]}]},{\"@type\":\"BreadcrumbList\",\"@id\":\"https:\/\/www.atelierdocaractere.pt\/brevemente\/segundo-dia-da-glex-summit-foi-dedicado-ao-planeta-terra-e-a-urgencia-em-reverter-uma-nova-extincao-massiva\/#breadcrumb\",\"itemListElement\":[{\"@type\":\"ListItem\",\"position\":1,\"name\":\"In\u00edcio\",\"item\":\"https:\/\/www.atelierdocaractere.pt\/brevemente\/\"},{\"@type\":\"ListItem\",\"position\":2,\"name\":\"Segundo dia da GLEX Summit foi dedicado ao planeta Terra e \u00e0 urg\u00eancia em reverter uma nova extin\u00e7\u00e3o massiva\"}]},{\"@type\":\"WebSite\",\"@id\":\"https:\/\/www.atelierdocaractere.pt\/brevemente\/#website\",\"url\":\"https:\/\/www.atelierdocaractere.pt\/brevemente\/\",\"name\":\"Atelier do Caractere\",\"description\":\"\",\"potentialAction\":[{\"@type\":\"SearchAction\",\"target\":{\"@type\":\"EntryPoint\",\"urlTemplate\":\"https:\/\/www.atelierdocaractere.pt\/brevemente\/?s={search_term_string}\"},\"query-input\":\"required name=search_term_string\"}],\"inLanguage\":\"pt-PT\"},{\"@type\":\"Person\",\"@id\":\"https:\/\/www.atelierdocaractere.pt\/brevemente\/#\/schema\/person\/f2f096eb0f27d9894725af22cb97c0db\",\"name\":\"Joana Barbosa\",\"image\":{\"@type\":\"ImageObject\",\"inLanguage\":\"pt-PT\",\"@id\":\"https:\/\/www.atelierdocaractere.pt\/brevemente\/#\/schema\/person\/image\/\",\"url\":\"https:\/\/secure.gravatar.com\/avatar\/33e8214b45e9d68a3a83008731075979?s=96&d=mm&r=g\",\"contentUrl\":\"https:\/\/secure.gravatar.com\/avatar\/33e8214b45e9d68a3a83008731075979?s=96&d=mm&r=g\",\"caption\":\"Joana Barbosa\"},\"url\":\"https:\/\/www.atelierdocaractere.pt\/brevemente\/author\/joanabarbosa\/\"}]}<\/script>\n<!-- \/ Yoast SEO plugin. -->","yoast_head_json":{"title":"Segundo dia da GLEX Summit foi dedicado ao planeta Terra e \u00e0 urg\u00eancia em reverter uma nova extin\u00e7\u00e3o massiva - Atelier do Caractere","robots":{"index":"index","follow":"follow","max-snippet":"max-snippet:-1","max-image-preview":"max-image-preview:large","max-video-preview":"max-video-preview:-1"},"canonical":"https:\/\/www.atelierdocaractere.pt\/brevemente\/segundo-dia-da-glex-summit-foi-dedicado-ao-planeta-terra-e-a-urgencia-em-reverter-uma-nova-extincao-massiva\/","og_locale":"pt_PT","og_type":"article","og_title":"Segundo dia da GLEX Summit foi dedicado ao planeta Terra e \u00e0 urg\u00eancia em reverter uma nova extin\u00e7\u00e3o massiva - Atelier do Caractere","og_description":"Depois de uma jornada dedicada \u00e0s novas fronteiras do espa\u00e7o e \u00e0s descobertas e oportunidades que se escondem sob os...","og_url":"https:\/\/www.atelierdocaractere.pt\/brevemente\/segundo-dia-da-glex-summit-foi-dedicado-ao-planeta-terra-e-a-urgencia-em-reverter-uma-nova-extincao-massiva\/","og_site_name":"Atelier do Caractere","article_publisher":"https:\/\/www.facebook.com\/AtelierdoCaractere","article_published_time":"2022-07-05T18:31:00+00:00","article_modified_time":"2023-03-22T20:07:10+00:00","og_image":[{"width":1400,"height":931,"url":"http:\/\/www.atelierdocaractere.pt\/wp-content\/uploads\/2023\/03\/glex-summit-borge-ousland.jpg","type":"image\/jpeg"}],"author":"Joana Barbosa","twitter_card":"summary_large_image","twitter_misc":{"Escrito por":"Joana Barbosa","Tempo estimado de leitura":"9 minutos"},"schema":{"@context":"https:\/\/schema.org","@graph":[{"@type":"WebPage","@id":"https:\/\/www.atelierdocaractere.pt\/brevemente\/segundo-dia-da-glex-summit-foi-dedicado-ao-planeta-terra-e-a-urgencia-em-reverter-uma-nova-extincao-massiva\/","url":"https:\/\/www.atelierdocaractere.pt\/brevemente\/segundo-dia-da-glex-summit-foi-dedicado-ao-planeta-terra-e-a-urgencia-em-reverter-uma-nova-extincao-massiva\/","name":"Segundo dia da GLEX Summit foi dedicado ao planeta Terra e \u00e0 urg\u00eancia em reverter uma nova extin\u00e7\u00e3o massiva - Atelier do Caractere","isPartOf":{"@id":"https:\/\/www.atelierdocaractere.pt\/brevemente\/#website"},"datePublished":"2022-07-05T18:31:00+00:00","dateModified":"2023-03-22T20:07:10+00:00","author":{"@id":"https:\/\/www.atelierdocaractere.pt\/brevemente\/#\/schema\/person\/f2f096eb0f27d9894725af22cb97c0db"},"breadcrumb":{"@id":"https:\/\/www.atelierdocaractere.pt\/brevemente\/segundo-dia-da-glex-summit-foi-dedicado-ao-planeta-terra-e-a-urgencia-em-reverter-uma-nova-extincao-massiva\/#breadcrumb"},"inLanguage":"pt-PT","potentialAction":[{"@type":"ReadAction","target":["https:\/\/www.atelierdocaractere.pt\/brevemente\/segundo-dia-da-glex-summit-foi-dedicado-ao-planeta-terra-e-a-urgencia-em-reverter-uma-nova-extincao-massiva\/"]}]},{"@type":"BreadcrumbList","@id":"https:\/\/www.atelierdocaractere.pt\/brevemente\/segundo-dia-da-glex-summit-foi-dedicado-ao-planeta-terra-e-a-urgencia-em-reverter-uma-nova-extincao-massiva\/#breadcrumb","itemListElement":[{"@type":"ListItem","position":1,"name":"In\u00edcio","item":"https:\/\/www.atelierdocaractere.pt\/brevemente\/"},{"@type":"ListItem","position":2,"name":"Segundo dia da GLEX Summit foi dedicado ao planeta Terra e \u00e0 urg\u00eancia em reverter uma nova extin\u00e7\u00e3o massiva"}]},{"@type":"WebSite","@id":"https:\/\/www.atelierdocaractere.pt\/brevemente\/#website","url":"https:\/\/www.atelierdocaractere.pt\/brevemente\/","name":"Atelier do Caractere","description":"","potentialAction":[{"@type":"SearchAction","target":{"@type":"EntryPoint","urlTemplate":"https:\/\/www.atelierdocaractere.pt\/brevemente\/?s={search_term_string}"},"query-input":"required name=search_term_string"}],"inLanguage":"pt-PT"},{"@type":"Person","@id":"https:\/\/www.atelierdocaractere.pt\/brevemente\/#\/schema\/person\/f2f096eb0f27d9894725af22cb97c0db","name":"Joana Barbosa","image":{"@type":"ImageObject","inLanguage":"pt-PT","@id":"https:\/\/www.atelierdocaractere.pt\/brevemente\/#\/schema\/person\/image\/","url":"https:\/\/secure.gravatar.com\/avatar\/33e8214b45e9d68a3a83008731075979?s=96&d=mm&r=g","contentUrl":"https:\/\/secure.gravatar.com\/avatar\/33e8214b45e9d68a3a83008731075979?s=96&d=mm&r=g","caption":"Joana Barbosa"},"url":"https:\/\/www.atelierdocaractere.pt\/brevemente\/author\/joanabarbosa\/"}]}},"_links":{"self":[{"href":"https:\/\/www.atelierdocaractere.pt\/brevemente\/wp-json\/wp\/v2\/posts\/11259"}],"collection":[{"href":"https:\/\/www.atelierdocaractere.pt\/brevemente\/wp-json\/wp\/v2\/posts"}],"about":[{"href":"https:\/\/www.atelierdocaractere.pt\/brevemente\/wp-json\/wp\/v2\/types\/post"}],"author":[{"embeddable":true,"href":"https:\/\/www.atelierdocaractere.pt\/brevemente\/wp-json\/wp\/v2\/users\/7"}],"replies":[{"embeddable":true,"href":"https:\/\/www.atelierdocaractere.pt\/brevemente\/wp-json\/wp\/v2\/comments?post=11259"}],"version-history":[{"count":1,"href":"https:\/\/www.atelierdocaractere.pt\/brevemente\/wp-json\/wp\/v2\/posts\/11259\/revisions"}],"predecessor-version":[{"id":11270,"href":"https:\/\/www.atelierdocaractere.pt\/brevemente\/wp-json\/wp\/v2\/posts\/11259\/revisions\/11270"}],"wp:featuredmedia":[{"embeddable":true,"href":"https:\/\/www.atelierdocaractere.pt\/brevemente\/wp-json\/wp\/v2\/media\/11265"}],"wp:attachment":[{"href":"https:\/\/www.atelierdocaractere.pt\/brevemente\/wp-json\/wp\/v2\/media?parent=11259"}],"wp:term":[{"taxonomy":"category","embeddable":true,"href":"https:\/\/www.atelierdocaractere.pt\/brevemente\/wp-json\/wp\/v2\/categories?post=11259"},{"taxonomy":"post_tag","embeddable":true,"href":"https:\/\/www.atelierdocaractere.pt\/brevemente\/wp-json\/wp\/v2\/tags?post=11259"}],"curies":[{"name":"wp","href":"https:\/\/api.w.org\/{rel}","templated":true}]}}