{"id":11274,"date":"2022-06-29T11:22:00","date_gmt":"2022-06-29T11:22:00","guid":{"rendered":"https:\/\/www.atelierdocaractere.pt\/brevemente\/?p=11274"},"modified":"2023-03-23T11:32:18","modified_gmt":"2023-03-23T11:32:18","slug":"glex-ignition-session-antecipa-cimeira-nos-acores-e-abre-debate-sobre-a-economia-espacial","status":"publish","type":"post","link":"https:\/\/www.atelierdocaractere.pt\/brevemente\/glex-ignition-session-antecipa-cimeira-nos-acores-e-abre-debate-sobre-a-economia-espacial\/","title":{"rendered":"GLEX Ignition Session antecipa cimeira nos A\u00e7ores e abre debate sobre a economia espacial"},"content":{"rendered":"\n<p>\u00b7&nbsp;&nbsp;&nbsp;&nbsp;&nbsp;&nbsp;&nbsp;&nbsp;&nbsp;<em>Antes do arranque da cimeira nos A\u00e7ores, a&nbsp;<strong>Global Exploration Summit<\/strong>&nbsp;dedica uma sess\u00e3o ao futuro da explora\u00e7\u00e3o espacial, reservada a especialistas e com transmiss\u00e3o em live streaming a partir de Lisboa, na tarde deste s\u00e1bado, 2 de julho.<\/em><\/p>\n\n\n\n<p>\u00b7&nbsp;&nbsp;&nbsp;&nbsp;&nbsp;&nbsp;&nbsp;&nbsp;&nbsp;<strong><em>Ant\u00f3nio Costa Silva<\/em><\/strong><em>, Ministro da Economia, far\u00e1 a abertura da sess\u00e3o a partir das 16,30 horas, na Gare Mar\u00edtima de Alc\u00e2ntara.<\/em><\/p>\n\n\n\n<p>\u00b7\u00a0\u00a0\u00a0\u00a0\u00a0\u00a0\u00a0\u00a0\u00a0<strong><em>James Garvin<\/em><\/strong><em>, cientista-chefe da NASA, e\u00a0<strong>Michael L\u00f3pez-Alegr\u00eda<\/strong>, astronauta e atual vice-presidente da Axiom Space, s\u00e3o alguns dos oradores convidados da\u00a0<strong>GLEX Ignition Session<\/strong>.<\/em><\/p>\n\n\n\n<p>\u201cWhat\u2019s New in Space\u201d ser\u00e1 o mote inspirador da GLEX Ignition Session, que, este s\u00e1bado, 2 de julho, a partir das 16:30 horas, juntar\u00e1 na Gare Mar\u00edtima de Alc\u00e2ntara, em Lisboa, mais de 200 especialistas ligados \u00e0 explora\u00e7\u00e3o, \u00e0 economia e ao turismo espacial.<\/p>\n\n\n\n<p>A sess\u00e3o, realizada em parceria com a Ag\u00eancia Espacial Portuguesa \u2013 Portugal Space, em colabora\u00e7\u00e3o com a International Space University, acontece integrada no programa de Estudos Espaciais que est\u00e1 a decorrer em Oeiras at\u00e9 26 de agosto, e antecipa o arranque de mais uma edi\u00e7\u00e3o da&nbsp;<strong>Global Exploration Summit<\/strong>, cujo programa integral ter\u00e1 lugar este ano nos A\u00e7ores, no Teatro Micaelense, em Ponta Delgada, de 4 a 7 de julho.<\/p>\n\n\n\n<p>Um dia ap\u00f3s o final da Cimeira dos Oceanos das Na\u00e7\u00f5es Unidas, que Lisboa acolheu ao longo da \u00faltima semana, a&nbsp;<strong>GLEX Ignition Session<\/strong>&nbsp;manter\u00e1 Portugal em lugar de destaque enquanto pa\u00eds ligado ao empreendedorismo e \u00e0 inova\u00e7\u00e3o cient\u00edfica, com respostas e solu\u00e7\u00f5es para o futuro da preserva\u00e7\u00e3o e explora\u00e7\u00e3o do planeta.<\/p>\n\n\n\n<p>Dos oceanos para o espa\u00e7o, a&nbsp;<strong>GLEX Ignition Session<\/strong>&nbsp;juntar\u00e1, este s\u00e1bado, na capital portuguesa, alguns dos principais players da economia espacial, como \u00e9 o caso da Axiom Space, empresa norte-americana que revolucionou as viagens espaciais privadas e que est\u00e1 tamb\u00e9m na vanguarda da constru\u00e7\u00e3o espacial, tendo sido selecionada pela NASA para construir o primeiro m\u00f3dulo residencial na Esta\u00e7\u00e3o Espacial Internacional (ISS).<\/p>\n\n\n\n<figure class=\"wp-block-image size-full\"><img decoding=\"async\" width=\"960\" height=\"640\" src=\"http:\/\/www.atelierdocaractere.pt\/wp-content\/uploads\/2023\/03\/glex-james-garvin.png\" alt=\"\" class=\"wp-image-11276\" srcset=\"https:\/\/www.atelierdocaractere.pt\/wp-content\/uploads\/2023\/03\/glex-james-garvin.png 960w, https:\/\/www.atelierdocaractere.pt\/wp-content\/uploads\/2023\/03\/glex-james-garvin-300x200.png 300w, https:\/\/www.atelierdocaractere.pt\/wp-content\/uploads\/2023\/03\/glex-james-garvin-768x512.png 768w, https:\/\/www.atelierdocaractere.pt\/wp-content\/uploads\/2023\/03\/glex-james-garvin-900x600.png 900w, https:\/\/www.atelierdocaractere.pt\/wp-content\/uploads\/2023\/03\/glex-james-garvin-675x450.png 675w\" sizes=\"(max-width: 960px) 100vw, 960px\" \/><\/figure>\n\n\n\n<p>O painel de convidados desta sess\u00e3o in\u00e9dita incluir\u00e1 nomes como&nbsp;<strong>James Garvin<\/strong>, cientista-chefe da NASA, precursor da explora\u00e7\u00e3o em Marte e l\u00edder da nova miss\u00e3o DAVINCI a V\u00e9nus, o astronauta&nbsp;<strong>Michael L\u00f3pez-Alegr\u00eda<\/strong>, vice-presidente da Axiom Space e comandante da primeira miss\u00e3o privada \u00e0 Esta\u00e7\u00e3o Espacial Internacional,&nbsp;<strong>Richard Garriott<\/strong>, um dos primeiros astronautas privados do mundo,&nbsp;<strong>Jean Yves Le Gall<\/strong>, presidente do CNES (Centre National d\u2019\u00c9tudes Spatiales), a ag\u00eancia espacial francesa, assim como&nbsp;<strong>Ricardo Conde<\/strong>, presidente da Ag\u00eancia Espacial Portuguesa \u2013 Portugal Space.<\/p>\n\n\n\n<p>\u201c<strong>A redu\u00e7\u00e3o dos custos no acesso ao Espa\u00e7o e os avan\u00e7os tecnol\u00f3gicos disruptivos das \u00faltimas d\u00e9cadas abrem portas a uma nova economia espacial, incluindo o fabrico e manuten\u00e7\u00e3o em \u00f3rbita, as esta\u00e7\u00f5es espaciais comerciais e turismo espacial, as novas constela\u00e7\u00f5es de sat\u00e9lites ou plataformas disruptivas de observa\u00e7\u00e3o da Terra, entre tantas outras. S\u00e3o \u00e1reas que atraem a aten\u00e7\u00e3o de muitos investidores, mas que nos colocam o desafio de promover a utiliza\u00e7\u00e3o sustent\u00e1vel e respons\u00e1vel do Espa\u00e7o, para que as gera\u00e7\u00f5es vindouras tamb\u00e9m possam beneficiar e prosperar neste ambiente \u00fanico\u201d<\/strong>, diz Ricardo Conde, presidente da Ag\u00eancia Espacial Portuguesa.<\/p>\n\n\n\n<p>As oportunidades que se colocam \u00e0 economia espacial, as pr\u00f3ximas miss\u00f5es ao espa\u00e7o, as novas esta\u00e7\u00f5es espaciais comerciais, a import\u00e2ncia dos sat\u00e9lites para a sustentabilidade do planeta ou o novo turismo de entretenimento espacial ser\u00e3o alguns dos temas abordados neste encontro, cuja sess\u00e3o de abertura, \u00e0s 16,30 horas, contar\u00e1 com a presen\u00e7a do Ministro da Economia,&nbsp;<strong>Ant\u00f3nio Costa Silva<\/strong>.<\/p>\n\n\n\n<figure class=\"wp-block-image size-large\"><img decoding=\"async\" width=\"1024\" height=\"684\" src=\"http:\/\/www.atelierdocaractere.pt\/wp-content\/uploads\/2023\/03\/glex-richard-garriott-1024x684.jpg\" alt=\"\" class=\"wp-image-11277\" srcset=\"https:\/\/www.atelierdocaractere.pt\/wp-content\/uploads\/2023\/03\/glex-richard-garriott-1024x684.jpg 1024w, https:\/\/www.atelierdocaractere.pt\/wp-content\/uploads\/2023\/03\/glex-richard-garriott-300x200.jpg 300w, https:\/\/www.atelierdocaractere.pt\/wp-content\/uploads\/2023\/03\/glex-richard-garriott-768x513.jpg 768w, https:\/\/www.atelierdocaractere.pt\/wp-content\/uploads\/2023\/03\/glex-richard-garriott-1536x1026.jpg 1536w, https:\/\/www.atelierdocaractere.pt\/wp-content\/uploads\/2023\/03\/glex-richard-garriott-900x600.jpg 900w, https:\/\/www.atelierdocaractere.pt\/wp-content\/uploads\/2023\/03\/glex-richard-garriott-675x450.jpg 675w, https:\/\/www.atelierdocaractere.pt\/wp-content\/uploads\/2023\/03\/glex-richard-garriott.jpg 1920w\" sizes=\"(max-width: 1024px) 100vw, 1024px\" \/><\/figure>\n\n\n\n<p>\u201c<strong>Estamos a viver uma era dourada na explora\u00e7\u00e3o espacial, impulsionada pela redu\u00e7\u00e3o de custos e pelo acesso democratizado de v\u00e1rios agentes comerciais. O custo de acesso reduziu 10 vezes, com a perspetiva de poder baixar at\u00e9 100 vezes mais nos pr\u00f3ximos anos, tornando muito mais f\u00e1cil justificar qualquer pesquisa ou atividade comercial no espa\u00e7o<\/strong>\u201d, afirma, por sua vez, Richard Garriott, presidente do The Explorers Club, a mais antiga e prestigiada agremia\u00e7\u00e3o de l\u00edderes da explora\u00e7\u00e3o do planeta.<\/p>\n\n\n\n<p><strong>Pascale Ehrenfreund<\/strong>, presidente da Internacional Space University,&nbsp;<strong>Francisco Vilhena da Costa<\/strong>, presidente executivo da GeoSat&nbsp;\u2013 Global Earth Observation Satellities,&nbsp;<strong>Matt Ghod<\/strong>, CEO da Zero G Fligths, empresa pioneira na realiza\u00e7\u00e3o de voos parab\u00f3licos comerciais e educacionais,&nbsp;<strong>Raphael Roettgen<\/strong>, investidor e s\u00f3cio-gerente da EM2C Ventures,&nbsp;<strong>Tejpaul Bhatia<\/strong>,&nbsp;Chief Revenue Officer da Axiom Space, e Jos\u00e9 Marques, presidente da Estrutura de Miss\u00e3o do V Centen\u00e1rio da 1\u00aa Circum-Navega\u00e7\u00e3o, completam o painel de oradores da sess\u00e3o.<\/p>\n\n\n\n<p>A&nbsp;<strong>GLEX Ignition Summi<\/strong>t ser\u00e1 transmitida em live streaming para todo o mundo no website (<a href=\"https:\/\/www.glexsummit.com\/\" target=\"_blank\" rel=\"noreferrer noopener\">https:\/\/www.glexsummit.com\/<\/a>) e p\u00e1gina de Facebook da GLEX Summit, a partir das 16,30 horas deste s\u00e1bado, 2 de julho.<\/p>\n","protected":false},"excerpt":{"rendered":"<p>\u00b7&nbsp;&nbsp;&nbsp;&nbsp;&nbsp;&nbsp;&nbsp;&nbsp;&nbsp;Antes do arranque da cimeira nos A\u00e7ores, a&nbsp;Global Exploration Summit&nbsp;dedica uma sess\u00e3o ao futuro da explora\u00e7\u00e3o espacial, reservada a especialistas&#8230;<\/p>\n","protected":false},"author":7,"featured_media":11275,"comment_status":"closed","ping_status":"open","sticky":false,"template":"","format":"standard","meta":[],"categories":[451],"tags":[472,480,446,266],"yoast_head":"<!-- This site is optimized with the Yoast SEO plugin v20.12 - https:\/\/yoast.com\/wordpress\/plugins\/seo\/ -->\n<title>GLEX Ignition Session antecipa cimeira nos A\u00e7ores e abre debate sobre a economia espacial - Atelier do Caractere<\/title>\n<meta name=\"robots\" content=\"index, follow, max-snippet:-1, max-image-preview:large, max-video-preview:-1\" \/>\n<link rel=\"canonical\" href=\"https:\/\/www.atelierdocaractere.pt\/brevemente\/glex-ignition-session-antecipa-cimeira-nos-acores-e-abre-debate-sobre-a-economia-espacial\/\" \/>\n<meta property=\"og:locale\" content=\"pt_PT\" \/>\n<meta property=\"og:type\" content=\"article\" \/>\n<meta property=\"og:title\" content=\"GLEX Ignition Session antecipa cimeira nos A\u00e7ores e abre debate sobre a economia espacial - Atelier do Caractere\" \/>\n<meta property=\"og:description\" content=\"\u00b7&nbsp;&nbsp;&nbsp;&nbsp;&nbsp;&nbsp;&nbsp;&nbsp;&nbsp;Antes do arranque da cimeira nos A\u00e7ores, a&nbsp;Global Exploration Summit&nbsp;dedica uma sess\u00e3o ao futuro da explora\u00e7\u00e3o espacial, reservada a especialistas...\" \/>\n<meta property=\"og:url\" content=\"https:\/\/www.atelierdocaractere.pt\/brevemente\/glex-ignition-session-antecipa-cimeira-nos-acores-e-abre-debate-sobre-a-economia-espacial\/\" \/>\n<meta property=\"og:site_name\" content=\"Atelier do Caractere\" \/>\n<meta property=\"article:publisher\" content=\"https:\/\/www.facebook.com\/AtelierdoCaractere\" \/>\n<meta property=\"article:published_time\" content=\"2022-06-29T11:22:00+00:00\" \/>\n<meta property=\"article:modified_time\" content=\"2023-03-23T11:32:18+00:00\" \/>\n<meta property=\"og:image\" content=\"http:\/\/www.atelierdocaractere.pt\/wp-content\/uploads\/2023\/03\/glex-summit.jpg\" \/>\n\t<meta property=\"og:image:width\" content=\"2475\" \/>\n\t<meta property=\"og:image:height\" content=\"1647\" \/>\n\t<meta property=\"og:image:type\" content=\"image\/jpeg\" \/>\n<meta name=\"author\" content=\"Joana Barbosa\" \/>\n<meta name=\"twitter:card\" content=\"summary_large_image\" \/>\n<meta name=\"twitter:label1\" content=\"Escrito por\" \/>\n\t<meta name=\"twitter:data1\" content=\"Joana Barbosa\" \/>\n\t<meta name=\"twitter:label2\" content=\"Tempo estimado de leitura\" \/>\n\t<meta name=\"twitter:data2\" content=\"5 minutos\" \/>\n<script type=\"application\/ld+json\" class=\"yoast-schema-graph\">{\"@context\":\"https:\/\/schema.org\",\"@graph\":[{\"@type\":\"WebPage\",\"@id\":\"https:\/\/www.atelierdocaractere.pt\/brevemente\/glex-ignition-session-antecipa-cimeira-nos-acores-e-abre-debate-sobre-a-economia-espacial\/\",\"url\":\"https:\/\/www.atelierdocaractere.pt\/brevemente\/glex-ignition-session-antecipa-cimeira-nos-acores-e-abre-debate-sobre-a-economia-espacial\/\",\"name\":\"GLEX Ignition Session antecipa cimeira nos A\u00e7ores e abre debate sobre a economia espacial - Atelier do Caractere\",\"isPartOf\":{\"@id\":\"https:\/\/www.atelierdocaractere.pt\/brevemente\/#website\"},\"datePublished\":\"2022-06-29T11:22:00+00:00\",\"dateModified\":\"2023-03-23T11:32:18+00:00\",\"author\":{\"@id\":\"https:\/\/www.atelierdocaractere.pt\/brevemente\/#\/schema\/person\/f2f096eb0f27d9894725af22cb97c0db\"},\"breadcrumb\":{\"@id\":\"https:\/\/www.atelierdocaractere.pt\/brevemente\/glex-ignition-session-antecipa-cimeira-nos-acores-e-abre-debate-sobre-a-economia-espacial\/#breadcrumb\"},\"inLanguage\":\"pt-PT\",\"potentialAction\":[{\"@type\":\"ReadAction\",\"target\":[\"https:\/\/www.atelierdocaractere.pt\/brevemente\/glex-ignition-session-antecipa-cimeira-nos-acores-e-abre-debate-sobre-a-economia-espacial\/\"]}]},{\"@type\":\"BreadcrumbList\",\"@id\":\"https:\/\/www.atelierdocaractere.pt\/brevemente\/glex-ignition-session-antecipa-cimeira-nos-acores-e-abre-debate-sobre-a-economia-espacial\/#breadcrumb\",\"itemListElement\":[{\"@type\":\"ListItem\",\"position\":1,\"name\":\"In\u00edcio\",\"item\":\"https:\/\/www.atelierdocaractere.pt\/brevemente\/\"},{\"@type\":\"ListItem\",\"position\":2,\"name\":\"GLEX Ignition Session antecipa cimeira nos A\u00e7ores e abre debate sobre a economia espacial\"}]},{\"@type\":\"WebSite\",\"@id\":\"https:\/\/www.atelierdocaractere.pt\/brevemente\/#website\",\"url\":\"https:\/\/www.atelierdocaractere.pt\/brevemente\/\",\"name\":\"Atelier do Caractere\",\"description\":\"\",\"potentialAction\":[{\"@type\":\"SearchAction\",\"target\":{\"@type\":\"EntryPoint\",\"urlTemplate\":\"https:\/\/www.atelierdocaractere.pt\/brevemente\/?s={search_term_string}\"},\"query-input\":\"required name=search_term_string\"}],\"inLanguage\":\"pt-PT\"},{\"@type\":\"Person\",\"@id\":\"https:\/\/www.atelierdocaractere.pt\/brevemente\/#\/schema\/person\/f2f096eb0f27d9894725af22cb97c0db\",\"name\":\"Joana Barbosa\",\"image\":{\"@type\":\"ImageObject\",\"inLanguage\":\"pt-PT\",\"@id\":\"https:\/\/www.atelierdocaractere.pt\/brevemente\/#\/schema\/person\/image\/\",\"url\":\"https:\/\/secure.gravatar.com\/avatar\/33e8214b45e9d68a3a83008731075979?s=96&d=mm&r=g\",\"contentUrl\":\"https:\/\/secure.gravatar.com\/avatar\/33e8214b45e9d68a3a83008731075979?s=96&d=mm&r=g\",\"caption\":\"Joana Barbosa\"},\"url\":\"https:\/\/www.atelierdocaractere.pt\/brevemente\/author\/joanabarbosa\/\"}]}<\/script>\n<!-- \/ Yoast SEO plugin. -->","yoast_head_json":{"title":"GLEX Ignition Session antecipa cimeira nos A\u00e7ores e abre debate sobre a economia espacial - Atelier do Caractere","robots":{"index":"index","follow":"follow","max-snippet":"max-snippet:-1","max-image-preview":"max-image-preview:large","max-video-preview":"max-video-preview:-1"},"canonical":"https:\/\/www.atelierdocaractere.pt\/brevemente\/glex-ignition-session-antecipa-cimeira-nos-acores-e-abre-debate-sobre-a-economia-espacial\/","og_locale":"pt_PT","og_type":"article","og_title":"GLEX Ignition Session antecipa cimeira nos A\u00e7ores e abre debate sobre a economia espacial - Atelier do Caractere","og_description":"\u00b7&nbsp;&nbsp;&nbsp;&nbsp;&nbsp;&nbsp;&nbsp;&nbsp;&nbsp;Antes do arranque da cimeira nos A\u00e7ores, a&nbsp;Global Exploration Summit&nbsp;dedica uma sess\u00e3o ao futuro da explora\u00e7\u00e3o espacial, reservada a especialistas...","og_url":"https:\/\/www.atelierdocaractere.pt\/brevemente\/glex-ignition-session-antecipa-cimeira-nos-acores-e-abre-debate-sobre-a-economia-espacial\/","og_site_name":"Atelier do Caractere","article_publisher":"https:\/\/www.facebook.com\/AtelierdoCaractere","article_published_time":"2022-06-29T11:22:00+00:00","article_modified_time":"2023-03-23T11:32:18+00:00","og_image":[{"width":2475,"height":1647,"url":"http:\/\/www.atelierdocaractere.pt\/wp-content\/uploads\/2023\/03\/glex-summit.jpg","type":"image\/jpeg"}],"author":"Joana Barbosa","twitter_card":"summary_large_image","twitter_misc":{"Escrito por":"Joana Barbosa","Tempo estimado de leitura":"5 minutos"},"schema":{"@context":"https:\/\/schema.org","@graph":[{"@type":"WebPage","@id":"https:\/\/www.atelierdocaractere.pt\/brevemente\/glex-ignition-session-antecipa-cimeira-nos-acores-e-abre-debate-sobre-a-economia-espacial\/","url":"https:\/\/www.atelierdocaractere.pt\/brevemente\/glex-ignition-session-antecipa-cimeira-nos-acores-e-abre-debate-sobre-a-economia-espacial\/","name":"GLEX Ignition Session antecipa cimeira nos A\u00e7ores e abre debate sobre a economia espacial - Atelier do Caractere","isPartOf":{"@id":"https:\/\/www.atelierdocaractere.pt\/brevemente\/#website"},"datePublished":"2022-06-29T11:22:00+00:00","dateModified":"2023-03-23T11:32:18+00:00","author":{"@id":"https:\/\/www.atelierdocaractere.pt\/brevemente\/#\/schema\/person\/f2f096eb0f27d9894725af22cb97c0db"},"breadcrumb":{"@id":"https:\/\/www.atelierdocaractere.pt\/brevemente\/glex-ignition-session-antecipa-cimeira-nos-acores-e-abre-debate-sobre-a-economia-espacial\/#breadcrumb"},"inLanguage":"pt-PT","potentialAction":[{"@type":"ReadAction","target":["https:\/\/www.atelierdocaractere.pt\/brevemente\/glex-ignition-session-antecipa-cimeira-nos-acores-e-abre-debate-sobre-a-economia-espacial\/"]}]},{"@type":"BreadcrumbList","@id":"https:\/\/www.atelierdocaractere.pt\/brevemente\/glex-ignition-session-antecipa-cimeira-nos-acores-e-abre-debate-sobre-a-economia-espacial\/#breadcrumb","itemListElement":[{"@type":"ListItem","position":1,"name":"In\u00edcio","item":"https:\/\/www.atelierdocaractere.pt\/brevemente\/"},{"@type":"ListItem","position":2,"name":"GLEX Ignition Session antecipa cimeira nos A\u00e7ores e abre debate sobre a economia espacial"}]},{"@type":"WebSite","@id":"https:\/\/www.atelierdocaractere.pt\/brevemente\/#website","url":"https:\/\/www.atelierdocaractere.pt\/brevemente\/","name":"Atelier do Caractere","description":"","potentialAction":[{"@type":"SearchAction","target":{"@type":"EntryPoint","urlTemplate":"https:\/\/www.atelierdocaractere.pt\/brevemente\/?s={search_term_string}"},"query-input":"required name=search_term_string"}],"inLanguage":"pt-PT"},{"@type":"Person","@id":"https:\/\/www.atelierdocaractere.pt\/brevemente\/#\/schema\/person\/f2f096eb0f27d9894725af22cb97c0db","name":"Joana Barbosa","image":{"@type":"ImageObject","inLanguage":"pt-PT","@id":"https:\/\/www.atelierdocaractere.pt\/brevemente\/#\/schema\/person\/image\/","url":"https:\/\/secure.gravatar.com\/avatar\/33e8214b45e9d68a3a83008731075979?s=96&d=mm&r=g","contentUrl":"https:\/\/secure.gravatar.com\/avatar\/33e8214b45e9d68a3a83008731075979?s=96&d=mm&r=g","caption":"Joana Barbosa"},"url":"https:\/\/www.atelierdocaractere.pt\/brevemente\/author\/joanabarbosa\/"}]}},"_links":{"self":[{"href":"https:\/\/www.atelierdocaractere.pt\/brevemente\/wp-json\/wp\/v2\/posts\/11274"}],"collection":[{"href":"https:\/\/www.atelierdocaractere.pt\/brevemente\/wp-json\/wp\/v2\/posts"}],"about":[{"href":"https:\/\/www.atelierdocaractere.pt\/brevemente\/wp-json\/wp\/v2\/types\/post"}],"author":[{"embeddable":true,"href":"https:\/\/www.atelierdocaractere.pt\/brevemente\/wp-json\/wp\/v2\/users\/7"}],"replies":[{"embeddable":true,"href":"https:\/\/www.atelierdocaractere.pt\/brevemente\/wp-json\/wp\/v2\/comments?post=11274"}],"version-history":[{"count":1,"href":"https:\/\/www.atelierdocaractere.pt\/brevemente\/wp-json\/wp\/v2\/posts\/11274\/revisions"}],"predecessor-version":[{"id":11278,"href":"https:\/\/www.atelierdocaractere.pt\/brevemente\/wp-json\/wp\/v2\/posts\/11274\/revisions\/11278"}],"wp:featuredmedia":[{"embeddable":true,"href":"https:\/\/www.atelierdocaractere.pt\/brevemente\/wp-json\/wp\/v2\/media\/11275"}],"wp:attachment":[{"href":"https:\/\/www.atelierdocaractere.pt\/brevemente\/wp-json\/wp\/v2\/media?parent=11274"}],"wp:term":[{"taxonomy":"category","embeddable":true,"href":"https:\/\/www.atelierdocaractere.pt\/brevemente\/wp-json\/wp\/v2\/categories?post=11274"},{"taxonomy":"post_tag","embeddable":true,"href":"https:\/\/www.atelierdocaractere.pt\/brevemente\/wp-json\/wp\/v2\/tags?post=11274"}],"curies":[{"name":"wp","href":"https:\/\/api.w.org\/{rel}","templated":true}]}}