{"id":11311,"date":"2023-01-14T16:56:00","date_gmt":"2023-01-14T16:56:00","guid":{"rendered":"https:\/\/www.atelierdocaractere.pt\/brevemente\/?p=11311"},"modified":"2023-03-23T17:49:40","modified_gmt":"2023-03-23T17:49:40","slug":"com-a-adegamae-o-carnaval-de-torres-vedras-vai-ter-ainda-mais-lata","status":"publish","type":"post","link":"https:\/\/www.atelierdocaractere.pt\/brevemente\/com-a-adegamae-o-carnaval-de-torres-vedras-vai-ter-ainda-mais-lata\/","title":{"rendered":"Com a AdegaM\u00e3e, o Carnaval de Torres Vedras vai ter ainda mais lata!"},"content":{"rendered":"\n<p><strong>\u00b7\u00a0\u00a0A AdegaM\u00e3e \u00e9 o Vinho Oficial do Carnaval de Torres Vedras e lan\u00e7a tr\u00eas novos r\u00f3tulos, dispon\u00edveis tamb\u00e9m em formato de lata, para que o vinho possa ser verdadeiramente parte da festa. Produtor sediado no concelho lan\u00e7a ativa\u00e7\u00e3o in\u00e9dita inspirada na Matrafona \u2013 a figura da irrever\u00eancia e de transgress\u00e3o social perpetuada na cultura carnavalesca local<\/strong>.<\/p>\n\n\n\n<p>A mais importante festa da cidade est\u00e1 de volta! O ic\u00f3nico Carnaval de Torres Vedras regressa j\u00e1 este fim-de-semana, depois de dois anos de interrup\u00e7\u00e3o, devido \u00e0 Pandemia. E naquela que \u00e9 a sua edi\u00e7\u00e3o de Centen\u00e1rio, o \u201cCarnaval mais portugu\u00eas de Portugal\u201d ter\u00e1 ainda mais lata, com a AdegaM\u00e3e a apresentar-se como Vinho Oficial e a disponibilizar os seus vinhos numa edi\u00e7\u00e3o especial carnavalesca&#8230; tamb\u00e9m em formato de lata, ideal para o consumo na festa!<\/p>\n\n\n\n<p>Na sequ\u00eancia de uma ativa\u00e7\u00e3o in\u00e9dita que envolve marca, produto, presen\u00e7a no terreno e no digital , o produtor sediado em Torres Vedras apresenta tr\u00eas novos r\u00f3tulos, inspirados na emblem\u00e1tica Matrafona. Priscila (vinho Branco), J\u00e9ssica (Ros\u00e9) e Sheila (Tinto) s\u00e3o as propostas AdegaM\u00e3e que evocam o imagin\u00e1rio de irrever\u00eancia e de transgress\u00e3o social perpetuado na cultura carnavalesca local. A apresenta\u00e7\u00e3o oficial das tr\u00eas matrafonas \u00e9 feita na pr\u00f3xima sexta-feira, a partir das 18h30, no espa\u00e7o AdegaM\u00e3e localizado em pleno centro de Torres Vedras.<\/p>\n\n\n\n<figure class=\"wp-block-image size-large\"><img decoding=\"async\" width=\"1024\" height=\"1024\" src=\"http:\/\/www.atelierdocaractere.pt\/wp-content\/uploads\/2023\/03\/am-carnaval-latas-branco-1024x1024.jpg\" alt=\"\" class=\"wp-image-11313\" srcset=\"https:\/\/www.atelierdocaractere.pt\/wp-content\/uploads\/2023\/03\/am-carnaval-latas-branco-1024x1024.jpg 1024w, https:\/\/www.atelierdocaractere.pt\/wp-content\/uploads\/2023\/03\/am-carnaval-latas-branco-300x300.jpg 300w, https:\/\/www.atelierdocaractere.pt\/wp-content\/uploads\/2023\/03\/am-carnaval-latas-branco-150x150.jpg 150w, https:\/\/www.atelierdocaractere.pt\/wp-content\/uploads\/2023\/03\/am-carnaval-latas-branco-768x768.jpg 768w, https:\/\/www.atelierdocaractere.pt\/wp-content\/uploads\/2023\/03\/am-carnaval-latas-branco-1536x1536.jpg 1536w, https:\/\/www.atelierdocaractere.pt\/wp-content\/uploads\/2023\/03\/am-carnaval-latas-branco-2048x2048.jpg 2048w, https:\/\/www.atelierdocaractere.pt\/wp-content\/uploads\/2023\/03\/am-carnaval-latas-branco-100x100.jpg 100w, https:\/\/www.atelierdocaractere.pt\/wp-content\/uploads\/2023\/03\/am-carnaval-latas-branco-140x140.jpg 140w, https:\/\/www.atelierdocaractere.pt\/wp-content\/uploads\/2023\/03\/am-carnaval-latas-branco-500x500.jpg 500w, https:\/\/www.atelierdocaractere.pt\/wp-content\/uploads\/2023\/03\/am-carnaval-latas-branco-350x350.jpg 350w, https:\/\/www.atelierdocaractere.pt\/wp-content\/uploads\/2023\/03\/am-carnaval-latas-branco-1000x1000.jpg 1000w, https:\/\/www.atelierdocaractere.pt\/wp-content\/uploads\/2023\/03\/am-carnaval-latas-branco-800x800.jpg 800w, https:\/\/www.atelierdocaractere.pt\/wp-content\/uploads\/2023\/03\/am-carnaval-latas-branco-scaled.jpg 1920w\" sizes=\"(max-width: 1024px) 100vw, 1024px\" \/><\/figure>\n\n\n\n<p><strong>\u201cO vinho \u00e9 um dos mais populares e emblem\u00e1ticos produtos da nossa regi\u00e3o. Nascemos em Torres Vedras, vivemos este Carnaval de forma muito genu\u00edna e \u00e9 com o maior entusiasmo que nos associamos \u00e0 maior festa da cidade, que atrai mais de meio-milh\u00e3o de visitantes\u201d<\/strong>, afirma Bernardo Alves, diretor geral da AdegaM\u00e3e.&nbsp;<strong>\u201cEntre diversas ativa\u00e7\u00f5es, teremos os nossos vinhos dispon\u00edveis, tamb\u00e9m, num formato de lata, trazendo assim uma nova conveni\u00eancia ao consumo de vinho neste ambiente. Posteriormente, ao longo do ano, apresentaremos ainda uma edi\u00e7\u00e3o especial de tributo ao centen\u00e1rio\u201d<\/strong>, termina.<\/p>\n\n\n\n<p>O Carnaval de Torres Vedras est\u00e1 fortemente enraizado na cultura local, funde heran\u00e7as rurais e urbanas e evoluiu ao longo do \u00faltimo s\u00e9culo para um evento de dimens\u00e3o \u00fanica, que convoca a melhor s\u00e1tira pol\u00edtica e de costumes. Inspira\u00e7\u00e3o verdadeira de uma regi\u00e3o, da sua hist\u00f3ria e das suas gentes, imp\u00f5e-se pelo seu car\u00e1cter genu\u00edno e \u00e9 um desafio ao mais elaborado imagin\u00e1rio de provoca\u00e7\u00e3o carnavalesca, cativando milhares de pessoas muito para l\u00e1 dos horizontes da cidade.<\/p>\n\n\n\n<figure class=\"wp-block-image size-large\"><img decoding=\"async\" width=\"1024\" height=\"1024\" src=\"http:\/\/www.atelierdocaractere.pt\/wp-content\/uploads\/2023\/03\/am-carnaval-latas-rose-1024x1024.jpg\" alt=\"\" class=\"wp-image-11314\" srcset=\"https:\/\/www.atelierdocaractere.pt\/wp-content\/uploads\/2023\/03\/am-carnaval-latas-rose-1024x1024.jpg 1024w, https:\/\/www.atelierdocaractere.pt\/wp-content\/uploads\/2023\/03\/am-carnaval-latas-rose-300x300.jpg 300w, https:\/\/www.atelierdocaractere.pt\/wp-content\/uploads\/2023\/03\/am-carnaval-latas-rose-150x150.jpg 150w, https:\/\/www.atelierdocaractere.pt\/wp-content\/uploads\/2023\/03\/am-carnaval-latas-rose-768x768.jpg 768w, https:\/\/www.atelierdocaractere.pt\/wp-content\/uploads\/2023\/03\/am-carnaval-latas-rose-1536x1536.jpg 1536w, https:\/\/www.atelierdocaractere.pt\/wp-content\/uploads\/2023\/03\/am-carnaval-latas-rose-2048x2048.jpg 2048w, https:\/\/www.atelierdocaractere.pt\/wp-content\/uploads\/2023\/03\/am-carnaval-latas-rose-100x100.jpg 100w, https:\/\/www.atelierdocaractere.pt\/wp-content\/uploads\/2023\/03\/am-carnaval-latas-rose-140x140.jpg 140w, https:\/\/www.atelierdocaractere.pt\/wp-content\/uploads\/2023\/03\/am-carnaval-latas-rose-500x500.jpg 500w, https:\/\/www.atelierdocaractere.pt\/wp-content\/uploads\/2023\/03\/am-carnaval-latas-rose-350x350.jpg 350w, https:\/\/www.atelierdocaractere.pt\/wp-content\/uploads\/2023\/03\/am-carnaval-latas-rose-1000x1000.jpg 1000w, https:\/\/www.atelierdocaractere.pt\/wp-content\/uploads\/2023\/03\/am-carnaval-latas-rose-800x800.jpg 800w, https:\/\/www.atelierdocaractere.pt\/wp-content\/uploads\/2023\/03\/am-carnaval-latas-rose-scaled.jpg 1920w\" sizes=\"(max-width: 1024px) 100vw, 1024px\" \/><\/figure>\n\n\n\n<p><strong><u>SOBRE A ADEGAM\u00c3E<\/u><\/strong><\/p>\n\n\n\n<p>A AdegaM\u00e3e nasce do investimento do Grupo Riberalves numa nova \u00e1rea de neg\u00f3cio e surge como uma homenagem da fam\u00edlia Alves \u00e0 sua matriarca, Manuela Alves. O conceito de \u201cM\u00e3e\u201d \u00e9 tamb\u00e9m a inspira\u00e7\u00e3o para um espa\u00e7o de nascimento, de cria\u00e7\u00e3o, no qual se pretende potenciar as melhores uvas e fazer nascer os melhores vinhos. Localizada no Concelho de Torres e vocacionada para a produ\u00e7\u00e3o de vinhos com caracter\u00edsticas muito pr\u00f3prias, gra\u00e7as \u00e0 proximidade do mar e influ\u00eancia do Clima Atl\u00e2ntico, a AdegaM\u00e3e \u00e9, igualmente, uma refer\u00eancia para o enoturismo da Regi\u00e3o de Lisboa, destacando-se pela arquitetura exclusiva e por todas as atividades desenvolvidas em torno da vinha e do vinho &#8211; o restaurante Sal na Adega, palco de celebra\u00e7\u00e3o da Gastronomia local e dos produtos de \u00e9poca, \u00e9 a mais recente aposta. <\/p>\n\n\n\n<p>Sendo a AdegaM\u00e3e uma empresa do Grupo Riberalves, a marca Dory (inspirada nos D\u00f3ris, embarca\u00e7\u00f5es antigamente utilizadas pelos portugueses na pesca do bacalhau) representa a principal gama de vinhos comercializados. Depois da primeira vindima, realizada em 2010, a AdegaM\u00e3e tem vindo a colher reconhecimento no mercado nacional, e internacional, para onde canaliza 70% da sua produ\u00e7\u00e3o. Nomeada Empresa do Ano no sector do vinho, em 2015, a AdegaM\u00e3e produz cerca de 2 milh\u00f5es de garrafas de vinho por ano.<\/p>\n","protected":false},"excerpt":{"rendered":"<p>\u00b7\u00a0\u00a0A AdegaM\u00e3e \u00e9 o Vinho Oficial do Carnaval de Torres Vedras e lan\u00e7a tr\u00eas novos r\u00f3tulos, dispon\u00edveis tamb\u00e9m em formato&#8230;<\/p>\n","protected":false},"author":7,"featured_media":11312,"comment_status":"closed","ping_status":"open","sticky":false,"template":"","format":"standard","meta":[],"categories":[41],"tags":[489,490,176],"yoast_head":"<!-- This site is optimized with the Yoast SEO plugin v20.12 - https:\/\/yoast.com\/wordpress\/plugins\/seo\/ -->\n<title>Com a AdegaM\u00e3e, o Carnaval de Torres Vedras vai ter ainda mais lata! - Atelier do Caractere<\/title>\n<meta name=\"robots\" content=\"index, follow, max-snippet:-1, max-image-preview:large, max-video-preview:-1\" \/>\n<link rel=\"canonical\" href=\"https:\/\/www.atelierdocaractere.pt\/brevemente\/com-a-adegamae-o-carnaval-de-torres-vedras-vai-ter-ainda-mais-lata\/\" \/>\n<meta property=\"og:locale\" content=\"pt_PT\" \/>\n<meta property=\"og:type\" content=\"article\" \/>\n<meta property=\"og:title\" content=\"Com a AdegaM\u00e3e, o Carnaval de Torres Vedras vai ter ainda mais lata! - Atelier do Caractere\" \/>\n<meta property=\"og:description\" content=\"\u00b7\u00a0\u00a0A AdegaM\u00e3e \u00e9 o Vinho Oficial do Carnaval de Torres Vedras e lan\u00e7a tr\u00eas novos r\u00f3tulos, dispon\u00edveis tamb\u00e9m em formato...\" \/>\n<meta property=\"og:url\" content=\"https:\/\/www.atelierdocaractere.pt\/brevemente\/com-a-adegamae-o-carnaval-de-torres-vedras-vai-ter-ainda-mais-lata\/\" \/>\n<meta property=\"og:site_name\" content=\"Atelier do Caractere\" \/>\n<meta property=\"article:publisher\" content=\"https:\/\/www.facebook.com\/AtelierdoCaractere\" \/>\n<meta property=\"article:published_time\" content=\"2023-01-14T16:56:00+00:00\" \/>\n<meta property=\"article:modified_time\" content=\"2023-03-23T17:49:40+00:00\" \/>\n<meta property=\"og:image\" content=\"http:\/\/www.atelierdocaractere.pt\/wp-content\/uploads\/2023\/03\/am-carnaval-latas-1-scaled.jpg\" \/>\n\t<meta property=\"og:image:width\" content=\"2560\" \/>\n\t<meta property=\"og:image:height\" content=\"2560\" \/>\n\t<meta property=\"og:image:type\" content=\"image\/jpeg\" \/>\n<meta name=\"author\" content=\"Joana Barbosa\" \/>\n<meta name=\"twitter:card\" content=\"summary_large_image\" \/>\n<meta name=\"twitter:label1\" content=\"Escrito por\" \/>\n\t<meta name=\"twitter:data1\" content=\"Joana Barbosa\" \/>\n\t<meta name=\"twitter:label2\" content=\"Tempo estimado de leitura\" \/>\n\t<meta name=\"twitter:data2\" content=\"4 minutos\" \/>\n<script type=\"application\/ld+json\" class=\"yoast-schema-graph\">{\"@context\":\"https:\/\/schema.org\",\"@graph\":[{\"@type\":\"WebPage\",\"@id\":\"https:\/\/www.atelierdocaractere.pt\/brevemente\/com-a-adegamae-o-carnaval-de-torres-vedras-vai-ter-ainda-mais-lata\/\",\"url\":\"https:\/\/www.atelierdocaractere.pt\/brevemente\/com-a-adegamae-o-carnaval-de-torres-vedras-vai-ter-ainda-mais-lata\/\",\"name\":\"Com a AdegaM\u00e3e, o Carnaval de Torres Vedras vai ter ainda mais lata! - Atelier do Caractere\",\"isPartOf\":{\"@id\":\"https:\/\/www.atelierdocaractere.pt\/brevemente\/#website\"},\"datePublished\":\"2023-01-14T16:56:00+00:00\",\"dateModified\":\"2023-03-23T17:49:40+00:00\",\"author\":{\"@id\":\"https:\/\/www.atelierdocaractere.pt\/brevemente\/#\/schema\/person\/f2f096eb0f27d9894725af22cb97c0db\"},\"breadcrumb\":{\"@id\":\"https:\/\/www.atelierdocaractere.pt\/brevemente\/com-a-adegamae-o-carnaval-de-torres-vedras-vai-ter-ainda-mais-lata\/#breadcrumb\"},\"inLanguage\":\"pt-PT\",\"potentialAction\":[{\"@type\":\"ReadAction\",\"target\":[\"https:\/\/www.atelierdocaractere.pt\/brevemente\/com-a-adegamae-o-carnaval-de-torres-vedras-vai-ter-ainda-mais-lata\/\"]}]},{\"@type\":\"BreadcrumbList\",\"@id\":\"https:\/\/www.atelierdocaractere.pt\/brevemente\/com-a-adegamae-o-carnaval-de-torres-vedras-vai-ter-ainda-mais-lata\/#breadcrumb\",\"itemListElement\":[{\"@type\":\"ListItem\",\"position\":1,\"name\":\"In\u00edcio\",\"item\":\"https:\/\/www.atelierdocaractere.pt\/brevemente\/\"},{\"@type\":\"ListItem\",\"position\":2,\"name\":\"Com a AdegaM\u00e3e, o Carnaval de Torres Vedras vai ter ainda mais lata!\"}]},{\"@type\":\"WebSite\",\"@id\":\"https:\/\/www.atelierdocaractere.pt\/brevemente\/#website\",\"url\":\"https:\/\/www.atelierdocaractere.pt\/brevemente\/\",\"name\":\"Atelier do Caractere\",\"description\":\"\",\"potentialAction\":[{\"@type\":\"SearchAction\",\"target\":{\"@type\":\"EntryPoint\",\"urlTemplate\":\"https:\/\/www.atelierdocaractere.pt\/brevemente\/?s={search_term_string}\"},\"query-input\":\"required name=search_term_string\"}],\"inLanguage\":\"pt-PT\"},{\"@type\":\"Person\",\"@id\":\"https:\/\/www.atelierdocaractere.pt\/brevemente\/#\/schema\/person\/f2f096eb0f27d9894725af22cb97c0db\",\"name\":\"Joana Barbosa\",\"image\":{\"@type\":\"ImageObject\",\"inLanguage\":\"pt-PT\",\"@id\":\"https:\/\/www.atelierdocaractere.pt\/brevemente\/#\/schema\/person\/image\/\",\"url\":\"https:\/\/secure.gravatar.com\/avatar\/33e8214b45e9d68a3a83008731075979?s=96&d=mm&r=g\",\"contentUrl\":\"https:\/\/secure.gravatar.com\/avatar\/33e8214b45e9d68a3a83008731075979?s=96&d=mm&r=g\",\"caption\":\"Joana Barbosa\"},\"url\":\"https:\/\/www.atelierdocaractere.pt\/brevemente\/author\/joanabarbosa\/\"}]}<\/script>\n<!-- \/ Yoast SEO plugin. -->","yoast_head_json":{"title":"Com a AdegaM\u00e3e, o Carnaval de Torres Vedras vai ter ainda mais lata! - Atelier do Caractere","robots":{"index":"index","follow":"follow","max-snippet":"max-snippet:-1","max-image-preview":"max-image-preview:large","max-video-preview":"max-video-preview:-1"},"canonical":"https:\/\/www.atelierdocaractere.pt\/brevemente\/com-a-adegamae-o-carnaval-de-torres-vedras-vai-ter-ainda-mais-lata\/","og_locale":"pt_PT","og_type":"article","og_title":"Com a AdegaM\u00e3e, o Carnaval de Torres Vedras vai ter ainda mais lata! - Atelier do Caractere","og_description":"\u00b7\u00a0\u00a0A AdegaM\u00e3e \u00e9 o Vinho Oficial do Carnaval de Torres Vedras e lan\u00e7a tr\u00eas novos r\u00f3tulos, dispon\u00edveis tamb\u00e9m em formato...","og_url":"https:\/\/www.atelierdocaractere.pt\/brevemente\/com-a-adegamae-o-carnaval-de-torres-vedras-vai-ter-ainda-mais-lata\/","og_site_name":"Atelier do Caractere","article_publisher":"https:\/\/www.facebook.com\/AtelierdoCaractere","article_published_time":"2023-01-14T16:56:00+00:00","article_modified_time":"2023-03-23T17:49:40+00:00","og_image":[{"width":2560,"height":2560,"url":"http:\/\/www.atelierdocaractere.pt\/wp-content\/uploads\/2023\/03\/am-carnaval-latas-1-scaled.jpg","type":"image\/jpeg"}],"author":"Joana Barbosa","twitter_card":"summary_large_image","twitter_misc":{"Escrito por":"Joana Barbosa","Tempo estimado de leitura":"4 minutos"},"schema":{"@context":"https:\/\/schema.org","@graph":[{"@type":"WebPage","@id":"https:\/\/www.atelierdocaractere.pt\/brevemente\/com-a-adegamae-o-carnaval-de-torres-vedras-vai-ter-ainda-mais-lata\/","url":"https:\/\/www.atelierdocaractere.pt\/brevemente\/com-a-adegamae-o-carnaval-de-torres-vedras-vai-ter-ainda-mais-lata\/","name":"Com a AdegaM\u00e3e, o Carnaval de Torres Vedras vai ter ainda mais lata! - Atelier do Caractere","isPartOf":{"@id":"https:\/\/www.atelierdocaractere.pt\/brevemente\/#website"},"datePublished":"2023-01-14T16:56:00+00:00","dateModified":"2023-03-23T17:49:40+00:00","author":{"@id":"https:\/\/www.atelierdocaractere.pt\/brevemente\/#\/schema\/person\/f2f096eb0f27d9894725af22cb97c0db"},"breadcrumb":{"@id":"https:\/\/www.atelierdocaractere.pt\/brevemente\/com-a-adegamae-o-carnaval-de-torres-vedras-vai-ter-ainda-mais-lata\/#breadcrumb"},"inLanguage":"pt-PT","potentialAction":[{"@type":"ReadAction","target":["https:\/\/www.atelierdocaractere.pt\/brevemente\/com-a-adegamae-o-carnaval-de-torres-vedras-vai-ter-ainda-mais-lata\/"]}]},{"@type":"BreadcrumbList","@id":"https:\/\/www.atelierdocaractere.pt\/brevemente\/com-a-adegamae-o-carnaval-de-torres-vedras-vai-ter-ainda-mais-lata\/#breadcrumb","itemListElement":[{"@type":"ListItem","position":1,"name":"In\u00edcio","item":"https:\/\/www.atelierdocaractere.pt\/brevemente\/"},{"@type":"ListItem","position":2,"name":"Com a AdegaM\u00e3e, o Carnaval de Torres Vedras vai ter ainda mais lata!"}]},{"@type":"WebSite","@id":"https:\/\/www.atelierdocaractere.pt\/brevemente\/#website","url":"https:\/\/www.atelierdocaractere.pt\/brevemente\/","name":"Atelier do Caractere","description":"","potentialAction":[{"@type":"SearchAction","target":{"@type":"EntryPoint","urlTemplate":"https:\/\/www.atelierdocaractere.pt\/brevemente\/?s={search_term_string}"},"query-input":"required name=search_term_string"}],"inLanguage":"pt-PT"},{"@type":"Person","@id":"https:\/\/www.atelierdocaractere.pt\/brevemente\/#\/schema\/person\/f2f096eb0f27d9894725af22cb97c0db","name":"Joana Barbosa","image":{"@type":"ImageObject","inLanguage":"pt-PT","@id":"https:\/\/www.atelierdocaractere.pt\/brevemente\/#\/schema\/person\/image\/","url":"https:\/\/secure.gravatar.com\/avatar\/33e8214b45e9d68a3a83008731075979?s=96&d=mm&r=g","contentUrl":"https:\/\/secure.gravatar.com\/avatar\/33e8214b45e9d68a3a83008731075979?s=96&d=mm&r=g","caption":"Joana Barbosa"},"url":"https:\/\/www.atelierdocaractere.pt\/brevemente\/author\/joanabarbosa\/"}]}},"_links":{"self":[{"href":"https:\/\/www.atelierdocaractere.pt\/brevemente\/wp-json\/wp\/v2\/posts\/11311"}],"collection":[{"href":"https:\/\/www.atelierdocaractere.pt\/brevemente\/wp-json\/wp\/v2\/posts"}],"about":[{"href":"https:\/\/www.atelierdocaractere.pt\/brevemente\/wp-json\/wp\/v2\/types\/post"}],"author":[{"embeddable":true,"href":"https:\/\/www.atelierdocaractere.pt\/brevemente\/wp-json\/wp\/v2\/users\/7"}],"replies":[{"embeddable":true,"href":"https:\/\/www.atelierdocaractere.pt\/brevemente\/wp-json\/wp\/v2\/comments?post=11311"}],"version-history":[{"count":1,"href":"https:\/\/www.atelierdocaractere.pt\/brevemente\/wp-json\/wp\/v2\/posts\/11311\/revisions"}],"predecessor-version":[{"id":11315,"href":"https:\/\/www.atelierdocaractere.pt\/brevemente\/wp-json\/wp\/v2\/posts\/11311\/revisions\/11315"}],"wp:featuredmedia":[{"embeddable":true,"href":"https:\/\/www.atelierdocaractere.pt\/brevemente\/wp-json\/wp\/v2\/media\/11312"}],"wp:attachment":[{"href":"https:\/\/www.atelierdocaractere.pt\/brevemente\/wp-json\/wp\/v2\/media?parent=11311"}],"wp:term":[{"taxonomy":"category","embeddable":true,"href":"https:\/\/www.atelierdocaractere.pt\/brevemente\/wp-json\/wp\/v2\/categories?post=11311"},{"taxonomy":"post_tag","embeddable":true,"href":"https:\/\/www.atelierdocaractere.pt\/brevemente\/wp-json\/wp\/v2\/tags?post=11311"}],"curies":[{"name":"wp","href":"https:\/\/api.w.org\/{rel}","templated":true}]}}