{"id":11366,"date":"2021-10-18T08:20:00","date_gmt":"2021-10-18T08:20:00","guid":{"rendered":"https:\/\/www.atelierdocaractere.pt\/brevemente\/?p=11366"},"modified":"2023-03-24T08:48:49","modified_gmt":"2023-03-24T08:48:49","slug":"clube-de-vela-atlantico-sagra-se-vice-campeao-europeu-nas-finais-do-womens-sailing-champions-league-em-cascais","status":"publish","type":"post","link":"https:\/\/www.atelierdocaractere.pt\/brevemente\/clube-de-vela-atlantico-sagra-se-vice-campeao-europeu-nas-finais-do-womens-sailing-champions-league-em-cascais\/","title":{"rendered":"<strong>Clube de Vela Atl\u00e2ntico sagra-se vice-campe\u00e3o europeu nas Finais do Women&#8217;s Sailing Champions League em Cascais&nbsp;<\/strong>"},"content":{"rendered":"\n<ul><li><em>Uma proeza para a vela portuguesa, at\u00e9 pelo facto do\u00a0Sport Alg\u00e9s e Dafundo ter conquistado o derradeiro lugar do p\u00f3dio.<\/em><\/li><\/ul>\n\n\n\n<p>As suecas do Hjuviks B\u00e4tklubb s\u00e3o as grandes&nbsp;vencedoras da final da Sailing Champions League feminina organizada pelo Clube Naval de Cascais, no \u00faltimo fim de semana, enquanto as portuguesas do Clube de Vela Atl\u00e2ntico sagraram&nbsp;vice-campe\u00e3s europeias.<\/p>\n\n\n\n<p>O clube escandinavo conquistou o t\u00edtulo de melhor clube de vela feminino da Europa, batendo as outras 22 equipas presentes, em representa\u00e7\u00e3o de 20 clubes de vela, de 10 pa\u00edses europeus.<\/p>\n\n\n\n<figure class=\"wp-block-image size-large\"><img decoding=\"async\" width=\"1024\" height=\"683\" src=\"http:\/\/www.atelierdocaractere.pt\/wp-content\/uploads\/2023\/03\/womens-sailing-champions-league-em-cascaisb-1024x683.jpg\" alt=\"\" class=\"wp-image-11369\" srcset=\"https:\/\/www.atelierdocaractere.pt\/wp-content\/uploads\/2023\/03\/womens-sailing-champions-league-em-cascaisb-1024x683.jpg 1024w, https:\/\/www.atelierdocaractere.pt\/wp-content\/uploads\/2023\/03\/womens-sailing-champions-league-em-cascaisb-300x200.jpg 300w, https:\/\/www.atelierdocaractere.pt\/wp-content\/uploads\/2023\/03\/womens-sailing-champions-league-em-cascaisb-768x512.jpg 768w, https:\/\/www.atelierdocaractere.pt\/wp-content\/uploads\/2023\/03\/womens-sailing-champions-league-em-cascaisb-1536x1024.jpg 1536w, https:\/\/www.atelierdocaractere.pt\/wp-content\/uploads\/2023\/03\/womens-sailing-champions-league-em-cascaisb-2048x1365.jpg 2048w, https:\/\/www.atelierdocaractere.pt\/wp-content\/uploads\/2023\/03\/womens-sailing-champions-league-em-cascaisb-900x600.jpg 900w, https:\/\/www.atelierdocaractere.pt\/wp-content\/uploads\/2023\/03\/womens-sailing-champions-league-em-cascaisb-675x450.jpg 675w, https:\/\/www.atelierdocaractere.pt\/wp-content\/uploads\/2023\/03\/womens-sailing-champions-league-em-cascaisb-scaled.jpg 1920w\" sizes=\"(max-width: 1024px) 100vw, 1024px\" \/><\/figure>\n\n\n\n<p>Johanna Bergvcist, terceira melhor velejadora feminina de match racing a n\u00edvel mundial, fazendo tripula\u00e7\u00e3o com Elinor Hansen, Joselon Akesson e Isabelle Bergqvist, lideraram desde o primeiro dia, navegando de uma forma muito consistente, obtendo apenas vit\u00f3rias e segundos lugares nas 8 regatas que realizaram. Uma performance excelente numa categoria de barcos, com os quais n\u00e3o estavam muito familiarizados.<\/p>\n\n\n\n<p>As portuguesas do Clube de Vela Atl\u00e2ntico terminaram numa excelente segunda posi\u00e7\u00e3o, tendo perseguido o clube sueco at\u00e9 ao fim, e com o&nbsp;m\u00e9rito de terem sido o clube com o maior n\u00famero de vit\u00f3rias nas regatas disputadas.&nbsp;O Sport Alg\u00e9s e Dafundo fechou os lugares&nbsp;do p\u00f3dio. A vela portuguesa est\u00e1, portanto, de parab\u00e9ns com duas equipas nacionais no p\u00f3dio.<\/p>\n\n\n\n<figure class=\"wp-block-image size-large\"><img decoding=\"async\" width=\"1024\" height=\"683\" src=\"http:\/\/www.atelierdocaractere.pt\/wp-content\/uploads\/2023\/03\/womens-sailing-champions-league-em-cascaisa-1024x683.jpg\" alt=\"\" class=\"wp-image-11370\" srcset=\"https:\/\/www.atelierdocaractere.pt\/wp-content\/uploads\/2023\/03\/womens-sailing-champions-league-em-cascaisa-1024x683.jpg 1024w, https:\/\/www.atelierdocaractere.pt\/wp-content\/uploads\/2023\/03\/womens-sailing-champions-league-em-cascaisa-300x200.jpg 300w, https:\/\/www.atelierdocaractere.pt\/wp-content\/uploads\/2023\/03\/womens-sailing-champions-league-em-cascaisa-768x512.jpg 768w, https:\/\/www.atelierdocaractere.pt\/wp-content\/uploads\/2023\/03\/womens-sailing-champions-league-em-cascaisa-1536x1024.jpg 1536w, https:\/\/www.atelierdocaractere.pt\/wp-content\/uploads\/2023\/03\/womens-sailing-champions-league-em-cascaisa-2048x1365.jpg 2048w, https:\/\/www.atelierdocaractere.pt\/wp-content\/uploads\/2023\/03\/womens-sailing-champions-league-em-cascaisa-900x600.jpg 900w, https:\/\/www.atelierdocaractere.pt\/wp-content\/uploads\/2023\/03\/womens-sailing-champions-league-em-cascaisa-675x450.jpg 675w, https:\/\/www.atelierdocaractere.pt\/wp-content\/uploads\/2023\/03\/womens-sailing-champions-league-em-cascaisa-scaled.jpg 1920w\" sizes=\"(max-width: 1024px) 100vw, 1024px\" \/><\/figure>\n\n\n\n<p>Uma refer\u00eancia para o facto do \u00faltimo dia de provas ter sido marcado pelo nevoeiro intenso e pela aus\u00eancia de&nbsp;vento na Ba\u00eda de Cascais. A Comiss\u00e3o de Regatas viu-se obrigada a reduzir o programa, cancelando v\u00e1rias regatas e, mais concretamente, a final, a quatro. Alguma&nbsp;frustra\u00e7\u00e3o para as equipas que se tinham apurado para a final, onde se inclu\u00edam as duas portuguesas e as dinamarquesas do Arhus&nbsp;Sejlkl\u00e7uu,&nbsp;que assim se viram incapazes de desafiar&nbsp;as l\u00edderes,&nbsp;numa final onde tudo poderia acontecer. Conting\u00eancias do desporto da vela&#8230;<\/p>\n\n\n\n<p>No pr\u00f3ximo ano, a final da Sailing Champions League feminina ser\u00e1 de 7 a 9 de Outubro, em Lausanne, Su\u00ed\u00e7a.<\/p>\n\n\n\n<figure class=\"wp-block-image size-large\"><img decoding=\"async\" width=\"1024\" height=\"683\" src=\"http:\/\/www.atelierdocaractere.pt\/wp-content\/uploads\/2023\/03\/sport-alges-e-dafundo-1024x683.jpg\" alt=\"\" class=\"wp-image-11367\" srcset=\"https:\/\/www.atelierdocaractere.pt\/wp-content\/uploads\/2023\/03\/sport-alges-e-dafundo-1024x683.jpg 1024w, https:\/\/www.atelierdocaractere.pt\/wp-content\/uploads\/2023\/03\/sport-alges-e-dafundo-300x200.jpg 300w, https:\/\/www.atelierdocaractere.pt\/wp-content\/uploads\/2023\/03\/sport-alges-e-dafundo-768x512.jpg 768w, https:\/\/www.atelierdocaractere.pt\/wp-content\/uploads\/2023\/03\/sport-alges-e-dafundo-1536x1024.jpg 1536w, https:\/\/www.atelierdocaractere.pt\/wp-content\/uploads\/2023\/03\/sport-alges-e-dafundo-2048x1365.jpg 2048w, https:\/\/www.atelierdocaractere.pt\/wp-content\/uploads\/2023\/03\/sport-alges-e-dafundo-900x600.jpg 900w, https:\/\/www.atelierdocaractere.pt\/wp-content\/uploads\/2023\/03\/sport-alges-e-dafundo-675x450.jpg 675w, https:\/\/www.atelierdocaractere.pt\/wp-content\/uploads\/2023\/03\/sport-alges-e-dafundo-scaled.jpg 1920w\" sizes=\"(max-width: 1024px) 100vw, 1024px\" \/><\/figure>\n\n\n\n<p>Resultados:<br><a href=\"https:\/\/www.cncascais.com\/index.php?option=com_rib&amp;view=item&amp;id=1260&amp;catid=2&amp;Itemid=157&amp;lang=pt#results\">https:\/\/www.cncascais.com\/index.php?option=com_rib&amp;view=item&amp;id=1260&amp;catid=2&amp;Itemid=157&amp;lang=pt#results<\/a><\/p>\n\n\n\n<p>Fotos:<br><a href=\"https:\/\/meocloud.pt\/link\/1bb02ba1-2f84-45ca-a613-517ebf788437\/WSL21\/\" target=\"_blank\" rel=\"noreferrer noopener\">https:\/\/meocloud.pt\/link\/1bb02ba1-2f84-45ca-a613-517ebf788437\/WSL21\/<\/a><\/p>\n\n\n\n<p>V\u00eddeos:<br><a href=\"https:\/\/we.tl\/t-wHLKsYazFn\" target=\"_blank\" rel=\"noreferrer noopener\">https:\/\/we.tl\/t-wHLKsYazFn<\/a><br><a href=\"https:\/\/we.tl\/t-d3mJgEG10x\" target=\"_blank\" rel=\"noreferrer noopener\">https:\/\/we.tl\/t-d3mJgEG10x<\/a><\/p>\n","protected":false},"excerpt":{"rendered":"<p>Uma proeza para a vela portuguesa, at\u00e9 pelo facto do\u00a0Sport Alg\u00e9s e Dafundo ter conquistado o derradeiro lugar do p\u00f3dio&#8230;.<\/p>\n","protected":false},"author":7,"featured_media":11368,"comment_status":"closed","ping_status":"open","sticky":false,"template":"","format":"standard","meta":[],"categories":[26],"tags":[500,499,498],"yoast_head":"<!-- This site is optimized with the Yoast SEO plugin v20.12 - https:\/\/yoast.com\/wordpress\/plugins\/seo\/ -->\n<title>Clube de Vela Atl\u00e2ntico sagra-se vice-campe\u00e3o europeu nas Finais do Women&#039;s Sailing Champions League em Cascais&nbsp; - Atelier do Caractere<\/title>\n<meta name=\"robots\" content=\"index, follow, max-snippet:-1, max-image-preview:large, max-video-preview:-1\" \/>\n<link rel=\"canonical\" href=\"https:\/\/www.atelierdocaractere.pt\/brevemente\/clube-de-vela-atlantico-sagra-se-vice-campeao-europeu-nas-finais-do-womens-sailing-champions-league-em-cascais\/\" \/>\n<meta property=\"og:locale\" content=\"pt_PT\" \/>\n<meta property=\"og:type\" content=\"article\" \/>\n<meta property=\"og:title\" content=\"Clube de Vela Atl\u00e2ntico sagra-se vice-campe\u00e3o europeu nas Finais do Women&#039;s Sailing Champions League em Cascais&nbsp; - Atelier do Caractere\" \/>\n<meta property=\"og:description\" content=\"Uma proeza para a vela portuguesa, at\u00e9 pelo facto do\u00a0Sport Alg\u00e9s e Dafundo ter conquistado o derradeiro lugar do p\u00f3dio....\" \/>\n<meta property=\"og:url\" content=\"https:\/\/www.atelierdocaractere.pt\/brevemente\/clube-de-vela-atlantico-sagra-se-vice-campeao-europeu-nas-finais-do-womens-sailing-champions-league-em-cascais\/\" \/>\n<meta property=\"og:site_name\" content=\"Atelier do Caractere\" \/>\n<meta property=\"article:publisher\" content=\"https:\/\/www.facebook.com\/AtelierdoCaractere\" \/>\n<meta property=\"article:published_time\" content=\"2021-10-18T08:20:00+00:00\" \/>\n<meta property=\"article:modified_time\" content=\"2023-03-24T08:48:49+00:00\" \/>\n<meta property=\"og:image\" content=\"http:\/\/www.atelierdocaractere.pt\/wp-content\/uploads\/2023\/03\/clube-de-vela-atlantico-scaled.jpg\" \/>\n\t<meta property=\"og:image:width\" content=\"2560\" \/>\n\t<meta property=\"og:image:height\" content=\"1707\" \/>\n\t<meta property=\"og:image:type\" content=\"image\/jpeg\" \/>\n<meta name=\"author\" content=\"Joana Barbosa\" \/>\n<meta name=\"twitter:card\" content=\"summary_large_image\" \/>\n<meta name=\"twitter:label1\" content=\"Escrito por\" \/>\n\t<meta name=\"twitter:data1\" content=\"Joana Barbosa\" \/>\n\t<meta name=\"twitter:label2\" content=\"Tempo estimado de leitura\" \/>\n\t<meta name=\"twitter:data2\" content=\"3 minutos\" \/>\n<script type=\"application\/ld+json\" class=\"yoast-schema-graph\">{\"@context\":\"https:\/\/schema.org\",\"@graph\":[{\"@type\":\"WebPage\",\"@id\":\"https:\/\/www.atelierdocaractere.pt\/brevemente\/clube-de-vela-atlantico-sagra-se-vice-campeao-europeu-nas-finais-do-womens-sailing-champions-league-em-cascais\/\",\"url\":\"https:\/\/www.atelierdocaractere.pt\/brevemente\/clube-de-vela-atlantico-sagra-se-vice-campeao-europeu-nas-finais-do-womens-sailing-champions-league-em-cascais\/\",\"name\":\"Clube de Vela Atl\u00e2ntico sagra-se vice-campe\u00e3o europeu nas Finais do Women's Sailing Champions League em Cascais&nbsp; - Atelier do Caractere\",\"isPartOf\":{\"@id\":\"https:\/\/www.atelierdocaractere.pt\/brevemente\/#website\"},\"datePublished\":\"2021-10-18T08:20:00+00:00\",\"dateModified\":\"2023-03-24T08:48:49+00:00\",\"author\":{\"@id\":\"https:\/\/www.atelierdocaractere.pt\/brevemente\/#\/schema\/person\/f2f096eb0f27d9894725af22cb97c0db\"},\"breadcrumb\":{\"@id\":\"https:\/\/www.atelierdocaractere.pt\/brevemente\/clube-de-vela-atlantico-sagra-se-vice-campeao-europeu-nas-finais-do-womens-sailing-champions-league-em-cascais\/#breadcrumb\"},\"inLanguage\":\"pt-PT\",\"potentialAction\":[{\"@type\":\"ReadAction\",\"target\":[\"https:\/\/www.atelierdocaractere.pt\/brevemente\/clube-de-vela-atlantico-sagra-se-vice-campeao-europeu-nas-finais-do-womens-sailing-champions-league-em-cascais\/\"]}]},{\"@type\":\"BreadcrumbList\",\"@id\":\"https:\/\/www.atelierdocaractere.pt\/brevemente\/clube-de-vela-atlantico-sagra-se-vice-campeao-europeu-nas-finais-do-womens-sailing-champions-league-em-cascais\/#breadcrumb\",\"itemListElement\":[{\"@type\":\"ListItem\",\"position\":1,\"name\":\"In\u00edcio\",\"item\":\"https:\/\/www.atelierdocaractere.pt\/brevemente\/\"},{\"@type\":\"ListItem\",\"position\":2,\"name\":\"Clube de Vela Atl\u00e2ntico sagra-se vice-campe\u00e3o europeu nas Finais do Women&#8217;s Sailing Champions League em Cascais&nbsp;\"}]},{\"@type\":\"WebSite\",\"@id\":\"https:\/\/www.atelierdocaractere.pt\/brevemente\/#website\",\"url\":\"https:\/\/www.atelierdocaractere.pt\/brevemente\/\",\"name\":\"Atelier do Caractere\",\"description\":\"\",\"potentialAction\":[{\"@type\":\"SearchAction\",\"target\":{\"@type\":\"EntryPoint\",\"urlTemplate\":\"https:\/\/www.atelierdocaractere.pt\/brevemente\/?s={search_term_string}\"},\"query-input\":\"required name=search_term_string\"}],\"inLanguage\":\"pt-PT\"},{\"@type\":\"Person\",\"@id\":\"https:\/\/www.atelierdocaractere.pt\/brevemente\/#\/schema\/person\/f2f096eb0f27d9894725af22cb97c0db\",\"name\":\"Joana Barbosa\",\"image\":{\"@type\":\"ImageObject\",\"inLanguage\":\"pt-PT\",\"@id\":\"https:\/\/www.atelierdocaractere.pt\/brevemente\/#\/schema\/person\/image\/\",\"url\":\"https:\/\/secure.gravatar.com\/avatar\/33e8214b45e9d68a3a83008731075979?s=96&d=mm&r=g\",\"contentUrl\":\"https:\/\/secure.gravatar.com\/avatar\/33e8214b45e9d68a3a83008731075979?s=96&d=mm&r=g\",\"caption\":\"Joana Barbosa\"},\"url\":\"https:\/\/www.atelierdocaractere.pt\/brevemente\/author\/joanabarbosa\/\"}]}<\/script>\n<!-- \/ Yoast SEO plugin. -->","yoast_head_json":{"title":"Clube de Vela Atl\u00e2ntico sagra-se vice-campe\u00e3o europeu nas Finais do Women's Sailing Champions League em Cascais&nbsp; - Atelier do Caractere","robots":{"index":"index","follow":"follow","max-snippet":"max-snippet:-1","max-image-preview":"max-image-preview:large","max-video-preview":"max-video-preview:-1"},"canonical":"https:\/\/www.atelierdocaractere.pt\/brevemente\/clube-de-vela-atlantico-sagra-se-vice-campeao-europeu-nas-finais-do-womens-sailing-champions-league-em-cascais\/","og_locale":"pt_PT","og_type":"article","og_title":"Clube de Vela Atl\u00e2ntico sagra-se vice-campe\u00e3o europeu nas Finais do Women's Sailing Champions League em Cascais&nbsp; - Atelier do Caractere","og_description":"Uma proeza para a vela portuguesa, at\u00e9 pelo facto do\u00a0Sport Alg\u00e9s e Dafundo ter conquistado o derradeiro lugar do p\u00f3dio....","og_url":"https:\/\/www.atelierdocaractere.pt\/brevemente\/clube-de-vela-atlantico-sagra-se-vice-campeao-europeu-nas-finais-do-womens-sailing-champions-league-em-cascais\/","og_site_name":"Atelier do Caractere","article_publisher":"https:\/\/www.facebook.com\/AtelierdoCaractere","article_published_time":"2021-10-18T08:20:00+00:00","article_modified_time":"2023-03-24T08:48:49+00:00","og_image":[{"width":2560,"height":1707,"url":"http:\/\/www.atelierdocaractere.pt\/wp-content\/uploads\/2023\/03\/clube-de-vela-atlantico-scaled.jpg","type":"image\/jpeg"}],"author":"Joana Barbosa","twitter_card":"summary_large_image","twitter_misc":{"Escrito por":"Joana Barbosa","Tempo estimado de leitura":"3 minutos"},"schema":{"@context":"https:\/\/schema.org","@graph":[{"@type":"WebPage","@id":"https:\/\/www.atelierdocaractere.pt\/brevemente\/clube-de-vela-atlantico-sagra-se-vice-campeao-europeu-nas-finais-do-womens-sailing-champions-league-em-cascais\/","url":"https:\/\/www.atelierdocaractere.pt\/brevemente\/clube-de-vela-atlantico-sagra-se-vice-campeao-europeu-nas-finais-do-womens-sailing-champions-league-em-cascais\/","name":"Clube de Vela Atl\u00e2ntico sagra-se vice-campe\u00e3o europeu nas Finais do Women's Sailing Champions League em Cascais&nbsp; - Atelier do Caractere","isPartOf":{"@id":"https:\/\/www.atelierdocaractere.pt\/brevemente\/#website"},"datePublished":"2021-10-18T08:20:00+00:00","dateModified":"2023-03-24T08:48:49+00:00","author":{"@id":"https:\/\/www.atelierdocaractere.pt\/brevemente\/#\/schema\/person\/f2f096eb0f27d9894725af22cb97c0db"},"breadcrumb":{"@id":"https:\/\/www.atelierdocaractere.pt\/brevemente\/clube-de-vela-atlantico-sagra-se-vice-campeao-europeu-nas-finais-do-womens-sailing-champions-league-em-cascais\/#breadcrumb"},"inLanguage":"pt-PT","potentialAction":[{"@type":"ReadAction","target":["https:\/\/www.atelierdocaractere.pt\/brevemente\/clube-de-vela-atlantico-sagra-se-vice-campeao-europeu-nas-finais-do-womens-sailing-champions-league-em-cascais\/"]}]},{"@type":"BreadcrumbList","@id":"https:\/\/www.atelierdocaractere.pt\/brevemente\/clube-de-vela-atlantico-sagra-se-vice-campeao-europeu-nas-finais-do-womens-sailing-champions-league-em-cascais\/#breadcrumb","itemListElement":[{"@type":"ListItem","position":1,"name":"In\u00edcio","item":"https:\/\/www.atelierdocaractere.pt\/brevemente\/"},{"@type":"ListItem","position":2,"name":"Clube de Vela Atl\u00e2ntico sagra-se vice-campe\u00e3o europeu nas Finais do Women&#8217;s Sailing Champions League em Cascais&nbsp;"}]},{"@type":"WebSite","@id":"https:\/\/www.atelierdocaractere.pt\/brevemente\/#website","url":"https:\/\/www.atelierdocaractere.pt\/brevemente\/","name":"Atelier do Caractere","description":"","potentialAction":[{"@type":"SearchAction","target":{"@type":"EntryPoint","urlTemplate":"https:\/\/www.atelierdocaractere.pt\/brevemente\/?s={search_term_string}"},"query-input":"required name=search_term_string"}],"inLanguage":"pt-PT"},{"@type":"Person","@id":"https:\/\/www.atelierdocaractere.pt\/brevemente\/#\/schema\/person\/f2f096eb0f27d9894725af22cb97c0db","name":"Joana Barbosa","image":{"@type":"ImageObject","inLanguage":"pt-PT","@id":"https:\/\/www.atelierdocaractere.pt\/brevemente\/#\/schema\/person\/image\/","url":"https:\/\/secure.gravatar.com\/avatar\/33e8214b45e9d68a3a83008731075979?s=96&d=mm&r=g","contentUrl":"https:\/\/secure.gravatar.com\/avatar\/33e8214b45e9d68a3a83008731075979?s=96&d=mm&r=g","caption":"Joana Barbosa"},"url":"https:\/\/www.atelierdocaractere.pt\/brevemente\/author\/joanabarbosa\/"}]}},"_links":{"self":[{"href":"https:\/\/www.atelierdocaractere.pt\/brevemente\/wp-json\/wp\/v2\/posts\/11366"}],"collection":[{"href":"https:\/\/www.atelierdocaractere.pt\/brevemente\/wp-json\/wp\/v2\/posts"}],"about":[{"href":"https:\/\/www.atelierdocaractere.pt\/brevemente\/wp-json\/wp\/v2\/types\/post"}],"author":[{"embeddable":true,"href":"https:\/\/www.atelierdocaractere.pt\/brevemente\/wp-json\/wp\/v2\/users\/7"}],"replies":[{"embeddable":true,"href":"https:\/\/www.atelierdocaractere.pt\/brevemente\/wp-json\/wp\/v2\/comments?post=11366"}],"version-history":[{"count":1,"href":"https:\/\/www.atelierdocaractere.pt\/brevemente\/wp-json\/wp\/v2\/posts\/11366\/revisions"}],"predecessor-version":[{"id":11371,"href":"https:\/\/www.atelierdocaractere.pt\/brevemente\/wp-json\/wp\/v2\/posts\/11366\/revisions\/11371"}],"wp:featuredmedia":[{"embeddable":true,"href":"https:\/\/www.atelierdocaractere.pt\/brevemente\/wp-json\/wp\/v2\/media\/11368"}],"wp:attachment":[{"href":"https:\/\/www.atelierdocaractere.pt\/brevemente\/wp-json\/wp\/v2\/media?parent=11366"}],"wp:term":[{"taxonomy":"category","embeddable":true,"href":"https:\/\/www.atelierdocaractere.pt\/brevemente\/wp-json\/wp\/v2\/categories?post=11366"},{"taxonomy":"post_tag","embeddable":true,"href":"https:\/\/www.atelierdocaractere.pt\/brevemente\/wp-json\/wp\/v2\/tags?post=11366"}],"curies":[{"name":"wp","href":"https:\/\/api.w.org\/{rel}","templated":true}]}}