{"id":11373,"date":"2021-10-24T08:49:00","date_gmt":"2021-10-24T08:49:00","guid":{"rendered":"https:\/\/www.atelierdocaractere.pt\/brevemente\/?p=11373"},"modified":"2023-03-24T08:56:19","modified_gmt":"2023-03-24T08:56:19","slug":"womens-sailing-champions-league-cascais-15-a-17-outubro-2021-a-final-da-sailing-champions-league-feminina-e-na-baia-de-cascais","status":"publish","type":"post","link":"https:\/\/www.atelierdocaractere.pt\/brevemente\/womens-sailing-champions-league-cascais-15-a-17-outubro-2021-a-final-da-sailing-champions-league-feminina-e-na-baia-de-cascais\/","title":{"rendered":"Women&#8217;s Sailing Champions League Cascais 15 a 17 Outubro 2021: A final da Sailing Champions League Feminina \u00e9 na Ba\u00eda de Cascais."},"content":{"rendered":"\n<p>Perto de 100 velejadoras de 23 equipas, em representa\u00e7\u00e3o de 20 clubes de 10 pa\u00edses europeus, d\u00e3o in\u00edcio este fim de semana \u00e0 sua participa\u00e7\u00e3o na Final da Sailing Champions League Feminina, de 15 a 17 de Outubro em Cascais, numa prova promovida pela Sailing Champions League, localmente pela SailCascais, numa organiza\u00e7\u00e3o do Clube Naval de Cascais.<\/p>\n\n\n\n<figure class=\"wp-block-image size-large\"><img decoding=\"async\" width=\"1024\" height=\"682\" src=\"http:\/\/www.atelierdocaractere.pt\/wp-content\/uploads\/2023\/03\/img-07857-1024x682.jpg\" alt=\"\" class=\"wp-image-11374\" srcset=\"https:\/\/www.atelierdocaractere.pt\/wp-content\/uploads\/2023\/03\/img-07857-1024x682.jpg 1024w, https:\/\/www.atelierdocaractere.pt\/wp-content\/uploads\/2023\/03\/img-07857-300x200.jpg 300w, https:\/\/www.atelierdocaractere.pt\/wp-content\/uploads\/2023\/03\/img-07857-768x512.jpg 768w, https:\/\/www.atelierdocaractere.pt\/wp-content\/uploads\/2023\/03\/img-07857-1536x1024.jpg 1536w, https:\/\/www.atelierdocaractere.pt\/wp-content\/uploads\/2023\/03\/img-07857-900x600.jpg 900w, https:\/\/www.atelierdocaractere.pt\/wp-content\/uploads\/2023\/03\/img-07857-675x450.jpg 675w, https:\/\/www.atelierdocaractere.pt\/wp-content\/uploads\/2023\/03\/img-07857.jpg 1920w\" sizes=\"(max-width: 1024px) 100vw, 1024px\" \/><\/figure>\n\n\n\n<p>O evento, que designar\u00e1 o melhor clube de vela feminino da Europa, atraiu as melhores equipas da Alemanha, Su\u00ed\u00e7a, Fran\u00e7a, Finl\u00e2ndia, Dinamarca, Su\u00e9cia, Pa\u00edses Baixos, Polonia, Inglaterra e Portugal. Ira ser um fim de semana intenso de regatas em Cascais. Todas as equipas t\u00eam previsto realizar 18 provas na fase de qualifica\u00e7\u00e3o, que apurar\u00e1 as 4 primeiras classificadas desta fase a participar na final, onde a primeira equipa a vencer duas regatas leva o t\u00edtulo em disputa.<\/p>\n\n\n\n<p>A Sailing League, Liga de Vela em portugu\u00eas, promove a competi\u00e7\u00e3o entre clubes em toda a Europa, despertando velhas, mas saud\u00e1veis rivalidades, trazendo a vela \u00e0 sua ess\u00eancia e onde tudo come\u00e7a, nos clubes, agregando assim a comunidade em volta dos seus atletas e equipas.<\/p>\n\n\n\n<figure class=\"wp-block-image size-large\"><img decoding=\"async\" width=\"1024\" height=\"768\" src=\"http:\/\/www.atelierdocaractere.pt\/wp-content\/uploads\/2023\/03\/img-10678-1024x768.jpg\" alt=\"\" class=\"wp-image-11375\" srcset=\"https:\/\/www.atelierdocaractere.pt\/wp-content\/uploads\/2023\/03\/img-10678-1024x768.jpg 1024w, https:\/\/www.atelierdocaractere.pt\/wp-content\/uploads\/2023\/03\/img-10678-300x225.jpg 300w, https:\/\/www.atelierdocaractere.pt\/wp-content\/uploads\/2023\/03\/img-10678-768x576.jpg 768w, https:\/\/www.atelierdocaractere.pt\/wp-content\/uploads\/2023\/03\/img-10678-1536x1152.jpg 1536w, https:\/\/www.atelierdocaractere.pt\/wp-content\/uploads\/2023\/03\/img-10678-2048x1536.jpg 2048w, https:\/\/www.atelierdocaractere.pt\/wp-content\/uploads\/2023\/03\/img-10678-scaled.jpg 1920w\" sizes=\"(max-width: 1024px) 100vw, 1024px\" \/><\/figure>\n\n\n\n<p>As equipas rodar\u00e3o os barcos, todos eles iguais e providenciados pela organiza\u00e7\u00e3o, sendo as regatas em si curtas e perto de terra num modelo de acuo, sendo f\u00e1cil de acompanhar.<\/p>\n\n\n\n<p>\u201cEstamos muito felizes de estar aqui, \u00e9 a nossa primeira prova fora desde que a pandemia come\u00e7ou e por isso estou muito feliz por voltar \u00e0s competi\u00e7\u00f5es contra uma excelente frota internacional\u201d salientou Margot Riou, a Campe\u00e3 Francesa de barcos de quilha que representar\u00e1 o APCC de Nantes.<\/p>\n\n\n\n<p>J\u00e1 a alem\u00e3 Monika Linder, do Deutsche Touring Yacht Club, uma das atletas que esteve no percurso para Tokyo 2021 pelo seu pa\u00eds, e membro da tripula\u00e7\u00e3o que ganhou a Sailing Champions League em 2016, salientou que \u201c\u00c9 muito bom ver uma frota em bom n\u00famero e t\u00e3o forte como a que est\u00e1 presente aqui em Cascais. V\u00e3o ser uns excelentes dias de competi\u00e7\u00e3o!\u201d.<\/p>\n\n\n\n<figure class=\"wp-block-image size-large\"><img decoding=\"async\" width=\"1024\" height=\"682\" src=\"http:\/\/www.atelierdocaractere.pt\/wp-content\/uploads\/2023\/03\/img-07884-1024x682.jpg\" alt=\"\" class=\"wp-image-11376\" srcset=\"https:\/\/www.atelierdocaractere.pt\/wp-content\/uploads\/2023\/03\/img-07884-1024x682.jpg 1024w, https:\/\/www.atelierdocaractere.pt\/wp-content\/uploads\/2023\/03\/img-07884-300x200.jpg 300w, https:\/\/www.atelierdocaractere.pt\/wp-content\/uploads\/2023\/03\/img-07884-768x512.jpg 768w, https:\/\/www.atelierdocaractere.pt\/wp-content\/uploads\/2023\/03\/img-07884-1536x1024.jpg 1536w, https:\/\/www.atelierdocaractere.pt\/wp-content\/uploads\/2023\/03\/img-07884-900x600.jpg 900w, https:\/\/www.atelierdocaractere.pt\/wp-content\/uploads\/2023\/03\/img-07884-675x450.jpg 675w, https:\/\/www.atelierdocaractere.pt\/wp-content\/uploads\/2023\/03\/img-07884.jpg 1920w\" sizes=\"(max-width: 1024px) 100vw, 1024px\" \/><\/figure>\n\n\n\n<p>De Portugal a equipa do Clube de Vela Atl\u00e2ntico, de Mafalda Pires de Lima e a do Sport Alg\u00e9s e Dafundo de Carolina Jo\u00e3o, vencedoras da Lus\u00edadas Sa\u00fade Women On Water Portugal no ano passado e deste ano respetivamente, lideram a armada portuguesa que ir\u00e1 lutar pelos lugares de topo.<\/p>\n\n\n\n<p>Olhando para a previs\u00e3o meteorol\u00f3gica, Cascais continuar\u00e1 a presentear as participantes com sol e calor e com uma brisa n\u00e3o muito forte.<\/p>\n\n\n\n<p>Est\u00e1 tudo pronto em Cascais para decidir qual o melhor clube de vela feminino da Europa!<\/p>\n","protected":false},"excerpt":{"rendered":"<p>Perto de 100 velejadoras de 23 equipas, em representa\u00e7\u00e3o de 20 clubes de 10 pa\u00edses europeus, d\u00e3o in\u00edcio este fim&#8230;<\/p>\n","protected":false},"author":7,"featured_media":11377,"comment_status":"closed","ping_status":"open","sticky":false,"template":"","format":"standard","meta":[],"categories":[26],"tags":[500,502,501],"yoast_head":"<!-- This site is optimized with the Yoast SEO plugin v20.12 - https:\/\/yoast.com\/wordpress\/plugins\/seo\/ -->\n<title>Women&#039;s Sailing Champions League Cascais 15 a 17 Outubro 2021: A final da Sailing Champions League Feminina \u00e9 na Ba\u00eda de Cascais. - Atelier do Caractere<\/title>\n<meta name=\"robots\" content=\"index, follow, max-snippet:-1, max-image-preview:large, max-video-preview:-1\" \/>\n<link rel=\"canonical\" href=\"https:\/\/www.atelierdocaractere.pt\/brevemente\/womens-sailing-champions-league-cascais-15-a-17-outubro-2021-a-final-da-sailing-champions-league-feminina-e-na-baia-de-cascais\/\" \/>\n<meta property=\"og:locale\" content=\"pt_PT\" \/>\n<meta property=\"og:type\" content=\"article\" \/>\n<meta property=\"og:title\" content=\"Women&#039;s Sailing Champions League Cascais 15 a 17 Outubro 2021: A final da Sailing Champions League Feminina \u00e9 na Ba\u00eda de Cascais. - Atelier do Caractere\" \/>\n<meta property=\"og:description\" content=\"Perto de 100 velejadoras de 23 equipas, em representa\u00e7\u00e3o de 20 clubes de 10 pa\u00edses europeus, d\u00e3o in\u00edcio este fim...\" \/>\n<meta property=\"og:url\" content=\"https:\/\/www.atelierdocaractere.pt\/brevemente\/womens-sailing-champions-league-cascais-15-a-17-outubro-2021-a-final-da-sailing-champions-league-feminina-e-na-baia-de-cascais\/\" \/>\n<meta property=\"og:site_name\" content=\"Atelier do Caractere\" \/>\n<meta property=\"article:publisher\" content=\"https:\/\/www.facebook.com\/AtelierdoCaractere\" \/>\n<meta property=\"article:published_time\" content=\"2021-10-24T08:49:00+00:00\" \/>\n<meta property=\"article:modified_time\" content=\"2023-03-24T08:56:19+00:00\" \/>\n<meta property=\"og:image\" content=\"http:\/\/www.atelierdocaractere.pt\/wp-content\/uploads\/2023\/03\/img-07898-1024x682.jpg\" \/>\n\t<meta property=\"og:image:width\" content=\"1024\" \/>\n\t<meta property=\"og:image:height\" content=\"682\" \/>\n\t<meta property=\"og:image:type\" content=\"image\/jpeg\" \/>\n<meta name=\"author\" content=\"Joana Barbosa\" \/>\n<meta name=\"twitter:card\" content=\"summary_large_image\" \/>\n<meta name=\"twitter:label1\" content=\"Escrito por\" \/>\n\t<meta name=\"twitter:data1\" content=\"Joana Barbosa\" \/>\n\t<meta name=\"twitter:label2\" content=\"Tempo estimado de leitura\" \/>\n\t<meta name=\"twitter:data2\" content=\"3 minutos\" \/>\n<script type=\"application\/ld+json\" class=\"yoast-schema-graph\">{\"@context\":\"https:\/\/schema.org\",\"@graph\":[{\"@type\":\"WebPage\",\"@id\":\"https:\/\/www.atelierdocaractere.pt\/brevemente\/womens-sailing-champions-league-cascais-15-a-17-outubro-2021-a-final-da-sailing-champions-league-feminina-e-na-baia-de-cascais\/\",\"url\":\"https:\/\/www.atelierdocaractere.pt\/brevemente\/womens-sailing-champions-league-cascais-15-a-17-outubro-2021-a-final-da-sailing-champions-league-feminina-e-na-baia-de-cascais\/\",\"name\":\"Women's Sailing Champions League Cascais 15 a 17 Outubro 2021: A final da Sailing Champions League Feminina \u00e9 na Ba\u00eda de Cascais. - Atelier do Caractere\",\"isPartOf\":{\"@id\":\"https:\/\/www.atelierdocaractere.pt\/brevemente\/#website\"},\"datePublished\":\"2021-10-24T08:49:00+00:00\",\"dateModified\":\"2023-03-24T08:56:19+00:00\",\"author\":{\"@id\":\"https:\/\/www.atelierdocaractere.pt\/brevemente\/#\/schema\/person\/f2f096eb0f27d9894725af22cb97c0db\"},\"breadcrumb\":{\"@id\":\"https:\/\/www.atelierdocaractere.pt\/brevemente\/womens-sailing-champions-league-cascais-15-a-17-outubro-2021-a-final-da-sailing-champions-league-feminina-e-na-baia-de-cascais\/#breadcrumb\"},\"inLanguage\":\"pt-PT\",\"potentialAction\":[{\"@type\":\"ReadAction\",\"target\":[\"https:\/\/www.atelierdocaractere.pt\/brevemente\/womens-sailing-champions-league-cascais-15-a-17-outubro-2021-a-final-da-sailing-champions-league-feminina-e-na-baia-de-cascais\/\"]}]},{\"@type\":\"BreadcrumbList\",\"@id\":\"https:\/\/www.atelierdocaractere.pt\/brevemente\/womens-sailing-champions-league-cascais-15-a-17-outubro-2021-a-final-da-sailing-champions-league-feminina-e-na-baia-de-cascais\/#breadcrumb\",\"itemListElement\":[{\"@type\":\"ListItem\",\"position\":1,\"name\":\"In\u00edcio\",\"item\":\"https:\/\/www.atelierdocaractere.pt\/brevemente\/\"},{\"@type\":\"ListItem\",\"position\":2,\"name\":\"Women&#8217;s Sailing Champions League Cascais 15 a 17 Outubro 2021: A final da Sailing Champions League Feminina \u00e9 na Ba\u00eda de Cascais.\"}]},{\"@type\":\"WebSite\",\"@id\":\"https:\/\/www.atelierdocaractere.pt\/brevemente\/#website\",\"url\":\"https:\/\/www.atelierdocaractere.pt\/brevemente\/\",\"name\":\"Atelier do Caractere\",\"description\":\"\",\"potentialAction\":[{\"@type\":\"SearchAction\",\"target\":{\"@type\":\"EntryPoint\",\"urlTemplate\":\"https:\/\/www.atelierdocaractere.pt\/brevemente\/?s={search_term_string}\"},\"query-input\":\"required name=search_term_string\"}],\"inLanguage\":\"pt-PT\"},{\"@type\":\"Person\",\"@id\":\"https:\/\/www.atelierdocaractere.pt\/brevemente\/#\/schema\/person\/f2f096eb0f27d9894725af22cb97c0db\",\"name\":\"Joana Barbosa\",\"image\":{\"@type\":\"ImageObject\",\"inLanguage\":\"pt-PT\",\"@id\":\"https:\/\/www.atelierdocaractere.pt\/brevemente\/#\/schema\/person\/image\/\",\"url\":\"https:\/\/secure.gravatar.com\/avatar\/33e8214b45e9d68a3a83008731075979?s=96&d=mm&r=g\",\"contentUrl\":\"https:\/\/secure.gravatar.com\/avatar\/33e8214b45e9d68a3a83008731075979?s=96&d=mm&r=g\",\"caption\":\"Joana Barbosa\"},\"url\":\"https:\/\/www.atelierdocaractere.pt\/brevemente\/author\/joanabarbosa\/\"}]}<\/script>\n<!-- \/ Yoast SEO plugin. -->","yoast_head_json":{"title":"Women's Sailing Champions League Cascais 15 a 17 Outubro 2021: A final da Sailing Champions League Feminina \u00e9 na Ba\u00eda de Cascais. - Atelier do Caractere","robots":{"index":"index","follow":"follow","max-snippet":"max-snippet:-1","max-image-preview":"max-image-preview:large","max-video-preview":"max-video-preview:-1"},"canonical":"https:\/\/www.atelierdocaractere.pt\/brevemente\/womens-sailing-champions-league-cascais-15-a-17-outubro-2021-a-final-da-sailing-champions-league-feminina-e-na-baia-de-cascais\/","og_locale":"pt_PT","og_type":"article","og_title":"Women's Sailing Champions League Cascais 15 a 17 Outubro 2021: A final da Sailing Champions League Feminina \u00e9 na Ba\u00eda de Cascais. - Atelier do Caractere","og_description":"Perto de 100 velejadoras de 23 equipas, em representa\u00e7\u00e3o de 20 clubes de 10 pa\u00edses europeus, d\u00e3o in\u00edcio este fim...","og_url":"https:\/\/www.atelierdocaractere.pt\/brevemente\/womens-sailing-champions-league-cascais-15-a-17-outubro-2021-a-final-da-sailing-champions-league-feminina-e-na-baia-de-cascais\/","og_site_name":"Atelier do Caractere","article_publisher":"https:\/\/www.facebook.com\/AtelierdoCaractere","article_published_time":"2021-10-24T08:49:00+00:00","article_modified_time":"2023-03-24T08:56:19+00:00","og_image":[{"width":1024,"height":682,"url":"http:\/\/www.atelierdocaractere.pt\/wp-content\/uploads\/2023\/03\/img-07898-1024x682.jpg","type":"image\/jpeg"}],"author":"Joana Barbosa","twitter_card":"summary_large_image","twitter_misc":{"Escrito por":"Joana Barbosa","Tempo estimado de leitura":"3 minutos"},"schema":{"@context":"https:\/\/schema.org","@graph":[{"@type":"WebPage","@id":"https:\/\/www.atelierdocaractere.pt\/brevemente\/womens-sailing-champions-league-cascais-15-a-17-outubro-2021-a-final-da-sailing-champions-league-feminina-e-na-baia-de-cascais\/","url":"https:\/\/www.atelierdocaractere.pt\/brevemente\/womens-sailing-champions-league-cascais-15-a-17-outubro-2021-a-final-da-sailing-champions-league-feminina-e-na-baia-de-cascais\/","name":"Women's Sailing Champions League Cascais 15 a 17 Outubro 2021: A final da Sailing Champions League Feminina \u00e9 na Ba\u00eda de Cascais. - Atelier do Caractere","isPartOf":{"@id":"https:\/\/www.atelierdocaractere.pt\/brevemente\/#website"},"datePublished":"2021-10-24T08:49:00+00:00","dateModified":"2023-03-24T08:56:19+00:00","author":{"@id":"https:\/\/www.atelierdocaractere.pt\/brevemente\/#\/schema\/person\/f2f096eb0f27d9894725af22cb97c0db"},"breadcrumb":{"@id":"https:\/\/www.atelierdocaractere.pt\/brevemente\/womens-sailing-champions-league-cascais-15-a-17-outubro-2021-a-final-da-sailing-champions-league-feminina-e-na-baia-de-cascais\/#breadcrumb"},"inLanguage":"pt-PT","potentialAction":[{"@type":"ReadAction","target":["https:\/\/www.atelierdocaractere.pt\/brevemente\/womens-sailing-champions-league-cascais-15-a-17-outubro-2021-a-final-da-sailing-champions-league-feminina-e-na-baia-de-cascais\/"]}]},{"@type":"BreadcrumbList","@id":"https:\/\/www.atelierdocaractere.pt\/brevemente\/womens-sailing-champions-league-cascais-15-a-17-outubro-2021-a-final-da-sailing-champions-league-feminina-e-na-baia-de-cascais\/#breadcrumb","itemListElement":[{"@type":"ListItem","position":1,"name":"In\u00edcio","item":"https:\/\/www.atelierdocaractere.pt\/brevemente\/"},{"@type":"ListItem","position":2,"name":"Women&#8217;s Sailing Champions League Cascais 15 a 17 Outubro 2021: A final da Sailing Champions League Feminina \u00e9 na Ba\u00eda de Cascais."}]},{"@type":"WebSite","@id":"https:\/\/www.atelierdocaractere.pt\/brevemente\/#website","url":"https:\/\/www.atelierdocaractere.pt\/brevemente\/","name":"Atelier do Caractere","description":"","potentialAction":[{"@type":"SearchAction","target":{"@type":"EntryPoint","urlTemplate":"https:\/\/www.atelierdocaractere.pt\/brevemente\/?s={search_term_string}"},"query-input":"required name=search_term_string"}],"inLanguage":"pt-PT"},{"@type":"Person","@id":"https:\/\/www.atelierdocaractere.pt\/brevemente\/#\/schema\/person\/f2f096eb0f27d9894725af22cb97c0db","name":"Joana Barbosa","image":{"@type":"ImageObject","inLanguage":"pt-PT","@id":"https:\/\/www.atelierdocaractere.pt\/brevemente\/#\/schema\/person\/image\/","url":"https:\/\/secure.gravatar.com\/avatar\/33e8214b45e9d68a3a83008731075979?s=96&d=mm&r=g","contentUrl":"https:\/\/secure.gravatar.com\/avatar\/33e8214b45e9d68a3a83008731075979?s=96&d=mm&r=g","caption":"Joana Barbosa"},"url":"https:\/\/www.atelierdocaractere.pt\/brevemente\/author\/joanabarbosa\/"}]}},"_links":{"self":[{"href":"https:\/\/www.atelierdocaractere.pt\/brevemente\/wp-json\/wp\/v2\/posts\/11373"}],"collection":[{"href":"https:\/\/www.atelierdocaractere.pt\/brevemente\/wp-json\/wp\/v2\/posts"}],"about":[{"href":"https:\/\/www.atelierdocaractere.pt\/brevemente\/wp-json\/wp\/v2\/types\/post"}],"author":[{"embeddable":true,"href":"https:\/\/www.atelierdocaractere.pt\/brevemente\/wp-json\/wp\/v2\/users\/7"}],"replies":[{"embeddable":true,"href":"https:\/\/www.atelierdocaractere.pt\/brevemente\/wp-json\/wp\/v2\/comments?post=11373"}],"version-history":[{"count":1,"href":"https:\/\/www.atelierdocaractere.pt\/brevemente\/wp-json\/wp\/v2\/posts\/11373\/revisions"}],"predecessor-version":[{"id":11378,"href":"https:\/\/www.atelierdocaractere.pt\/brevemente\/wp-json\/wp\/v2\/posts\/11373\/revisions\/11378"}],"wp:featuredmedia":[{"embeddable":true,"href":"https:\/\/www.atelierdocaractere.pt\/brevemente\/wp-json\/wp\/v2\/media\/11377"}],"wp:attachment":[{"href":"https:\/\/www.atelierdocaractere.pt\/brevemente\/wp-json\/wp\/v2\/media?parent=11373"}],"wp:term":[{"taxonomy":"category","embeddable":true,"href":"https:\/\/www.atelierdocaractere.pt\/brevemente\/wp-json\/wp\/v2\/categories?post=11373"},{"taxonomy":"post_tag","embeddable":true,"href":"https:\/\/www.atelierdocaractere.pt\/brevemente\/wp-json\/wp\/v2\/tags?post=11373"}],"curies":[{"name":"wp","href":"https:\/\/api.w.org\/{rel}","templated":true}]}}