{"id":11402,"date":"2021-12-16T09:32:00","date_gmt":"2021-12-16T09:32:00","guid":{"rendered":"https:\/\/www.atelierdocaractere.pt\/brevemente\/?p=11402"},"modified":"2023-03-24T09:37:44","modified_gmt":"2023-03-24T09:37:44","slug":"herdade-grande-garrafeira-vinhos-unicos-em-tributo-aos-75-anos-de-antonio-lanca","status":"publish","type":"post","link":"https:\/\/www.atelierdocaractere.pt\/brevemente\/herdade-grande-garrafeira-vinhos-unicos-em-tributo-aos-75-anos-de-antonio-lanca\/","title":{"rendered":"Herdade Grande Garrafeira. Vinhos \u00fanicos, em tributo aos 75 anos de Ant\u00f3nio Lan\u00e7a"},"content":{"rendered":"\n<p>\u00b7\u00a0\u00a0\u00a0\u00a0\u00a0<strong>A casa centen\u00e1ria da Vidigueira acaba de anunciar novos topos-de-gama, os Herdade Grande Garrafeira, que homenageiam os 75 anos de vida de Ant\u00f3nio Lan\u00e7a. Um pioneiro dos vinhos no baixo Alentejo, que est\u00e1, igualmente, a celebrar 25 anos enquanto produtor. Edi\u00e7\u00f5es exclusivas de 650 garrafas (Branco e Tinto) t\u00eam um pre\u00e7o de 80,00\u20ac e j\u00e1 est\u00e3o dispon\u00edveis no mercado<\/strong>.<\/p>\n\n\n\n<p>Ant\u00f3nio Lan\u00e7a, carism\u00e1tico agr\u00f3nomo alentejano, fundou na Herdade Grande o patrim\u00f3nio vitivin\u00edcola que hoje distingue este produtor da Vidigueira. Foi um dos pioneiros dos vinhos do Baixo Alentejo, primeiro enquanto produtor, depois come\u00e7ando a engarrafar esta marca t\u00e3o emblem\u00e1tica \u2013 Herdade Grande, a designa\u00e7\u00e3o da terra onde o seu av\u00f4 fundou fam\u00edlia, em 1920. Agora, no momento em que assinala 25 anos do seu primeiro r\u00f3tulo, e ainda como celebra\u00e7\u00e3o do seu 75\u00ba anivers\u00e1rio, a Herdade Grande anuncia novos topos-de-gama, os Herdade Grande Garrafeira, que se traduzem em dois vinhos de edi\u00e7\u00e3o \u00fanica, especiais, j\u00e1 dispon\u00edveis no mercado.<\/p>\n\n\n\n<p><strong>\u201cS\u00e3o edi\u00e7\u00f5es exclusivas, de apenas 650 garrafas (Branco e Tinto), vinhos in\u00e9ditos que, at\u00e9 pelo seu processo, evocam os valores de tradi\u00e7\u00e3o e experimentalismo sempre partilhados pelo meu pai, Ant\u00f3nio Lan\u00e7a, respons\u00e1vel pela introdu\u00e7\u00e3o de novas casta na Vidigueira. Esta \u00e9 uma homenagem que muito nos orgulha e inspira\u201d<\/strong>, explica Mariana Lan\u00e7a, diretora geral da Herdade Grande, quarta gera\u00e7\u00e3o da fam\u00edlia Lan\u00e7a.<\/p>\n\n\n\n<p>Diogo Lopes, o en\u00f3logo da casa, enquadra os novos vinhos.&nbsp;<strong>\u201cO Engenheiro Ant\u00f3nio Lan\u00e7a, sempre no seu jeito apaixonado, desafiou-nos para criar algo \u00fanico. Assim, gra\u00e7as \u00e0 nossa experi\u00eancia com as talhas, fundimos a identidade ancestral do pote barro, onde entraram as melhores uvas da nossa vinha velha, juntamente com a melhor barrica da colheita de 2019, um Viosinho de enorme destaque\u201d<\/strong>, afirma, a prop\u00f3sito do Herdade Grande Branco Garrafeira 2019.<\/p>\n\n\n\n<p>Para o Herdade Grande Tinto Garrafeira 2018, a inspira\u00e7\u00e3o foi semelhante.\u00a0<strong>\u201c\u00c9 um lote apurad\u00edssimo do melhor Alicante Bouschet e do melhor Sous\u00e3o, juntando ao que \u00e9 emblem\u00e1tico do Alentejo mais uma variedade que Ant\u00f3nio Lan\u00e7a introduziu de forma pioneira na regi\u00e3o, com os resultados conhecidos. Seguiu-se depois o devido est\u00e1gio em garrafa, a evocar a tradi\u00e7\u00e3o dos Garrafeira. S\u00e3o vinhos que honram a pessoa, a hist\u00f3ria e a sua vis\u00e3o\u201d<\/strong>, termina Diogo Lopes.<\/p>\n\n\n\n<figure class=\"wp-block-image size-large\"><img decoding=\"async\" width=\"1024\" height=\"768\" src=\"http:\/\/www.atelierdocaractere.pt\/wp-content\/uploads\/2023\/03\/hg-garrafeira-bt-1-1024x768.jpg\" alt=\"\" class=\"wp-image-11404\" srcset=\"https:\/\/www.atelierdocaractere.pt\/wp-content\/uploads\/2023\/03\/hg-garrafeira-bt-1-1024x768.jpg 1024w, https:\/\/www.atelierdocaractere.pt\/wp-content\/uploads\/2023\/03\/hg-garrafeira-bt-1-300x225.jpg 300w, https:\/\/www.atelierdocaractere.pt\/wp-content\/uploads\/2023\/03\/hg-garrafeira-bt-1-768x576.jpg 768w, https:\/\/www.atelierdocaractere.pt\/wp-content\/uploads\/2023\/03\/hg-garrafeira-bt-1-1536x1152.jpg 1536w, https:\/\/www.atelierdocaractere.pt\/wp-content\/uploads\/2023\/03\/hg-garrafeira-bt-1-2048x1536.jpg 2048w, https:\/\/www.atelierdocaractere.pt\/wp-content\/uploads\/2023\/03\/hg-garrafeira-bt-1-scaled.jpg 1920w\" sizes=\"(max-width: 1024px) 100vw, 1024px\" \/><\/figure>\n\n\n\n<p><strong>Herdade Grande Branco Garrafeira 2019<\/strong><\/p>\n\n\n\n<p>Amarelo dourado. Aroma rico, de frutas como toranja e goiaba, associado a notas de especiarias, mineralidade e cera de abelha. Boca com pureza da fruta, textura e frescura num equil\u00edbrio impressionante. Final longo e cremoso, mas vibrante e pleno de car\u00e1cter.<\/p>\n\n\n\n<p><strong>Castas:<\/strong>&nbsp;Vinhas Velhas e Viosinho.<\/p>\n\n\n\n<p><strong>PVP recomendado<\/strong>: 80,00\u20ac<\/p>\n\n\n\n<p><\/p>\n\n\n\n<p><strong>Herdade Grande Tinto Garrafeira 2018<\/strong><\/p>\n\n\n\n<p>Cor granada concentrada. Aromas de bagos silvestres, compotas caseiras, leve tosta. Na boca mostra-se redondo e polido, de tanino latente saboroso, denotando juventude. De perfil tradicional, termina longo e elegante. Grande potencial de envelhecimento.<\/p>\n\n\n\n<p><strong>Castas:<\/strong>&nbsp;Alicante Bouschet e Sous\u00e3o<\/p>\n\n\n\n<p><strong>PVP recomendado<\/strong>: 80,00\u20ac<\/p>\n\n\n\n<p><\/p>\n\n\n\n<p><strong>Sobre a Herdade Grande<\/strong><\/p>\n\n\n\n<p>A Herdade Grande \u00e9 uma das mais emblem\u00e1ticas propriedades alentejanas. Sediada no Alentejo, a 5 Km da Vidigueira, e ber\u00e7o centen\u00e1rio da fam\u00edlia Lan\u00e7a, que ali se instalou em 1920, a Herdade Grande tem uma forte tradi\u00e7\u00e3o no sector agr\u00edcola e na viticultura. A aposta na produ\u00e7\u00e3o de vinho foi acentuada de forma estrat\u00e9gica, desde 1980, pelo atual propriet\u00e1rio, Ant\u00f3nio Lan\u00e7a, carism\u00e1tico agr\u00f3nomo que restruturou as vinhas existentes e desenhou o patrim\u00f3nio de castas que hoje evolui no&nbsp;<em>terroir<\/em>&nbsp;Herdade Grande, ao longo de 60 hectares (capacidade de produ\u00e7\u00e3o para 400.000 garrafas).&nbsp; A vis\u00e3o inovadora e experimentalista levou \u00e0 conjuga\u00e7\u00e3o das variedades emblem\u00e1ticas da regi\u00e3o com as grandes castas nacionais e internacionais que, pela adaptabilidade e originalidade, melhor contribuem para a express\u00e3o genu\u00edna dos vinhos alentejanos. Em 1997, a Herdade Grande come\u00e7ou a engarrafar os pr\u00f3prios vinhos, assumindo-se como um dos mais antigos e reputados projetos familiares da regi\u00e3o. Em 2020, ao assinalar o centen\u00e1rio, a Herdade Grande celebra a quarta gera\u00e7\u00e3o da fam\u00edlia Lan\u00e7a na gest\u00e3o da propriedade, gra\u00e7as ao contributo de Mariana Lan\u00e7a, filha de Ant\u00f3nio Lan\u00e7a, tamb\u00e9m ela agr\u00f3noma, com mestrado em Viticultura e Enologia, e uma apaixonada pela herdade que o seu bisav\u00f4 descobriu em 1920.<\/p>\n","protected":false},"excerpt":{"rendered":"<p>\u00b7\u00a0\u00a0\u00a0\u00a0\u00a0A casa centen\u00e1ria da Vidigueira acaba de anunciar novos topos-de-gama, os Herdade Grande Garrafeira, que homenageiam os 75 anos de&#8230;<\/p>\n","protected":false},"author":7,"featured_media":11403,"comment_status":"closed","ping_status":"open","sticky":false,"template":"","format":"standard","meta":[],"categories":[41],"tags":[423,455,131],"yoast_head":"<!-- This site is optimized with the Yoast SEO plugin v20.12 - https:\/\/yoast.com\/wordpress\/plugins\/seo\/ -->\n<title>Herdade Grande Garrafeira. Vinhos \u00fanicos, em tributo aos 75 anos de Ant\u00f3nio Lan\u00e7a - Atelier do Caractere<\/title>\n<meta name=\"robots\" content=\"index, follow, max-snippet:-1, max-image-preview:large, max-video-preview:-1\" \/>\n<link rel=\"canonical\" href=\"https:\/\/www.atelierdocaractere.pt\/brevemente\/herdade-grande-garrafeira-vinhos-unicos-em-tributo-aos-75-anos-de-antonio-lanca\/\" \/>\n<meta property=\"og:locale\" content=\"pt_PT\" \/>\n<meta property=\"og:type\" content=\"article\" \/>\n<meta property=\"og:title\" content=\"Herdade Grande Garrafeira. Vinhos \u00fanicos, em tributo aos 75 anos de Ant\u00f3nio Lan\u00e7a - Atelier do Caractere\" \/>\n<meta property=\"og:description\" content=\"\u00b7\u00a0\u00a0\u00a0\u00a0\u00a0A casa centen\u00e1ria da Vidigueira acaba de anunciar novos topos-de-gama, os Herdade Grande Garrafeira, que homenageiam os 75 anos de...\" \/>\n<meta property=\"og:url\" content=\"https:\/\/www.atelierdocaractere.pt\/brevemente\/herdade-grande-garrafeira-vinhos-unicos-em-tributo-aos-75-anos-de-antonio-lanca\/\" \/>\n<meta property=\"og:site_name\" content=\"Atelier do Caractere\" \/>\n<meta property=\"article:publisher\" content=\"https:\/\/www.facebook.com\/AtelierdoCaractere\" \/>\n<meta property=\"article:published_time\" content=\"2021-12-16T09:32:00+00:00\" \/>\n<meta property=\"article:modified_time\" content=\"2023-03-24T09:37:44+00:00\" \/>\n<meta property=\"og:image\" content=\"http:\/\/www.atelierdocaractere.pt\/wp-content\/uploads\/2023\/03\/alancamlanca-scaled.jpg\" \/>\n\t<meta property=\"og:image:width\" content=\"2560\" \/>\n\t<meta property=\"og:image:height\" content=\"1707\" \/>\n\t<meta property=\"og:image:type\" content=\"image\/jpeg\" \/>\n<meta name=\"author\" content=\"Joana Barbosa\" \/>\n<meta name=\"twitter:card\" content=\"summary_large_image\" \/>\n<meta name=\"twitter:label1\" content=\"Escrito por\" \/>\n\t<meta name=\"twitter:data1\" content=\"Joana Barbosa\" \/>\n\t<meta name=\"twitter:label2\" content=\"Tempo estimado de leitura\" \/>\n\t<meta name=\"twitter:data2\" content=\"4 minutos\" \/>\n<script type=\"application\/ld+json\" class=\"yoast-schema-graph\">{\"@context\":\"https:\/\/schema.org\",\"@graph\":[{\"@type\":\"WebPage\",\"@id\":\"https:\/\/www.atelierdocaractere.pt\/brevemente\/herdade-grande-garrafeira-vinhos-unicos-em-tributo-aos-75-anos-de-antonio-lanca\/\",\"url\":\"https:\/\/www.atelierdocaractere.pt\/brevemente\/herdade-grande-garrafeira-vinhos-unicos-em-tributo-aos-75-anos-de-antonio-lanca\/\",\"name\":\"Herdade Grande Garrafeira. Vinhos \u00fanicos, em tributo aos 75 anos de Ant\u00f3nio Lan\u00e7a - Atelier do Caractere\",\"isPartOf\":{\"@id\":\"https:\/\/www.atelierdocaractere.pt\/brevemente\/#website\"},\"datePublished\":\"2021-12-16T09:32:00+00:00\",\"dateModified\":\"2023-03-24T09:37:44+00:00\",\"author\":{\"@id\":\"https:\/\/www.atelierdocaractere.pt\/brevemente\/#\/schema\/person\/f2f096eb0f27d9894725af22cb97c0db\"},\"breadcrumb\":{\"@id\":\"https:\/\/www.atelierdocaractere.pt\/brevemente\/herdade-grande-garrafeira-vinhos-unicos-em-tributo-aos-75-anos-de-antonio-lanca\/#breadcrumb\"},\"inLanguage\":\"pt-PT\",\"potentialAction\":[{\"@type\":\"ReadAction\",\"target\":[\"https:\/\/www.atelierdocaractere.pt\/brevemente\/herdade-grande-garrafeira-vinhos-unicos-em-tributo-aos-75-anos-de-antonio-lanca\/\"]}]},{\"@type\":\"BreadcrumbList\",\"@id\":\"https:\/\/www.atelierdocaractere.pt\/brevemente\/herdade-grande-garrafeira-vinhos-unicos-em-tributo-aos-75-anos-de-antonio-lanca\/#breadcrumb\",\"itemListElement\":[{\"@type\":\"ListItem\",\"position\":1,\"name\":\"In\u00edcio\",\"item\":\"https:\/\/www.atelierdocaractere.pt\/brevemente\/\"},{\"@type\":\"ListItem\",\"position\":2,\"name\":\"Herdade Grande Garrafeira. Vinhos \u00fanicos, em tributo aos 75 anos de Ant\u00f3nio Lan\u00e7a\"}]},{\"@type\":\"WebSite\",\"@id\":\"https:\/\/www.atelierdocaractere.pt\/brevemente\/#website\",\"url\":\"https:\/\/www.atelierdocaractere.pt\/brevemente\/\",\"name\":\"Atelier do Caractere\",\"description\":\"\",\"potentialAction\":[{\"@type\":\"SearchAction\",\"target\":{\"@type\":\"EntryPoint\",\"urlTemplate\":\"https:\/\/www.atelierdocaractere.pt\/brevemente\/?s={search_term_string}\"},\"query-input\":\"required name=search_term_string\"}],\"inLanguage\":\"pt-PT\"},{\"@type\":\"Person\",\"@id\":\"https:\/\/www.atelierdocaractere.pt\/brevemente\/#\/schema\/person\/f2f096eb0f27d9894725af22cb97c0db\",\"name\":\"Joana Barbosa\",\"image\":{\"@type\":\"ImageObject\",\"inLanguage\":\"pt-PT\",\"@id\":\"https:\/\/www.atelierdocaractere.pt\/brevemente\/#\/schema\/person\/image\/\",\"url\":\"https:\/\/secure.gravatar.com\/avatar\/33e8214b45e9d68a3a83008731075979?s=96&d=mm&r=g\",\"contentUrl\":\"https:\/\/secure.gravatar.com\/avatar\/33e8214b45e9d68a3a83008731075979?s=96&d=mm&r=g\",\"caption\":\"Joana Barbosa\"},\"url\":\"https:\/\/www.atelierdocaractere.pt\/brevemente\/author\/joanabarbosa\/\"}]}<\/script>\n<!-- \/ Yoast SEO plugin. -->","yoast_head_json":{"title":"Herdade Grande Garrafeira. Vinhos \u00fanicos, em tributo aos 75 anos de Ant\u00f3nio Lan\u00e7a - Atelier do Caractere","robots":{"index":"index","follow":"follow","max-snippet":"max-snippet:-1","max-image-preview":"max-image-preview:large","max-video-preview":"max-video-preview:-1"},"canonical":"https:\/\/www.atelierdocaractere.pt\/brevemente\/herdade-grande-garrafeira-vinhos-unicos-em-tributo-aos-75-anos-de-antonio-lanca\/","og_locale":"pt_PT","og_type":"article","og_title":"Herdade Grande Garrafeira. Vinhos \u00fanicos, em tributo aos 75 anos de Ant\u00f3nio Lan\u00e7a - Atelier do Caractere","og_description":"\u00b7\u00a0\u00a0\u00a0\u00a0\u00a0A casa centen\u00e1ria da Vidigueira acaba de anunciar novos topos-de-gama, os Herdade Grande Garrafeira, que homenageiam os 75 anos de...","og_url":"https:\/\/www.atelierdocaractere.pt\/brevemente\/herdade-grande-garrafeira-vinhos-unicos-em-tributo-aos-75-anos-de-antonio-lanca\/","og_site_name":"Atelier do Caractere","article_publisher":"https:\/\/www.facebook.com\/AtelierdoCaractere","article_published_time":"2021-12-16T09:32:00+00:00","article_modified_time":"2023-03-24T09:37:44+00:00","og_image":[{"width":2560,"height":1707,"url":"http:\/\/www.atelierdocaractere.pt\/wp-content\/uploads\/2023\/03\/alancamlanca-scaled.jpg","type":"image\/jpeg"}],"author":"Joana Barbosa","twitter_card":"summary_large_image","twitter_misc":{"Escrito por":"Joana Barbosa","Tempo estimado de leitura":"4 minutos"},"schema":{"@context":"https:\/\/schema.org","@graph":[{"@type":"WebPage","@id":"https:\/\/www.atelierdocaractere.pt\/brevemente\/herdade-grande-garrafeira-vinhos-unicos-em-tributo-aos-75-anos-de-antonio-lanca\/","url":"https:\/\/www.atelierdocaractere.pt\/brevemente\/herdade-grande-garrafeira-vinhos-unicos-em-tributo-aos-75-anos-de-antonio-lanca\/","name":"Herdade Grande Garrafeira. Vinhos \u00fanicos, em tributo aos 75 anos de Ant\u00f3nio Lan\u00e7a - Atelier do Caractere","isPartOf":{"@id":"https:\/\/www.atelierdocaractere.pt\/brevemente\/#website"},"datePublished":"2021-12-16T09:32:00+00:00","dateModified":"2023-03-24T09:37:44+00:00","author":{"@id":"https:\/\/www.atelierdocaractere.pt\/brevemente\/#\/schema\/person\/f2f096eb0f27d9894725af22cb97c0db"},"breadcrumb":{"@id":"https:\/\/www.atelierdocaractere.pt\/brevemente\/herdade-grande-garrafeira-vinhos-unicos-em-tributo-aos-75-anos-de-antonio-lanca\/#breadcrumb"},"inLanguage":"pt-PT","potentialAction":[{"@type":"ReadAction","target":["https:\/\/www.atelierdocaractere.pt\/brevemente\/herdade-grande-garrafeira-vinhos-unicos-em-tributo-aos-75-anos-de-antonio-lanca\/"]}]},{"@type":"BreadcrumbList","@id":"https:\/\/www.atelierdocaractere.pt\/brevemente\/herdade-grande-garrafeira-vinhos-unicos-em-tributo-aos-75-anos-de-antonio-lanca\/#breadcrumb","itemListElement":[{"@type":"ListItem","position":1,"name":"In\u00edcio","item":"https:\/\/www.atelierdocaractere.pt\/brevemente\/"},{"@type":"ListItem","position":2,"name":"Herdade Grande Garrafeira. Vinhos \u00fanicos, em tributo aos 75 anos de Ant\u00f3nio Lan\u00e7a"}]},{"@type":"WebSite","@id":"https:\/\/www.atelierdocaractere.pt\/brevemente\/#website","url":"https:\/\/www.atelierdocaractere.pt\/brevemente\/","name":"Atelier do Caractere","description":"","potentialAction":[{"@type":"SearchAction","target":{"@type":"EntryPoint","urlTemplate":"https:\/\/www.atelierdocaractere.pt\/brevemente\/?s={search_term_string}"},"query-input":"required name=search_term_string"}],"inLanguage":"pt-PT"},{"@type":"Person","@id":"https:\/\/www.atelierdocaractere.pt\/brevemente\/#\/schema\/person\/f2f096eb0f27d9894725af22cb97c0db","name":"Joana Barbosa","image":{"@type":"ImageObject","inLanguage":"pt-PT","@id":"https:\/\/www.atelierdocaractere.pt\/brevemente\/#\/schema\/person\/image\/","url":"https:\/\/secure.gravatar.com\/avatar\/33e8214b45e9d68a3a83008731075979?s=96&d=mm&r=g","contentUrl":"https:\/\/secure.gravatar.com\/avatar\/33e8214b45e9d68a3a83008731075979?s=96&d=mm&r=g","caption":"Joana Barbosa"},"url":"https:\/\/www.atelierdocaractere.pt\/brevemente\/author\/joanabarbosa\/"}]}},"_links":{"self":[{"href":"https:\/\/www.atelierdocaractere.pt\/brevemente\/wp-json\/wp\/v2\/posts\/11402"}],"collection":[{"href":"https:\/\/www.atelierdocaractere.pt\/brevemente\/wp-json\/wp\/v2\/posts"}],"about":[{"href":"https:\/\/www.atelierdocaractere.pt\/brevemente\/wp-json\/wp\/v2\/types\/post"}],"author":[{"embeddable":true,"href":"https:\/\/www.atelierdocaractere.pt\/brevemente\/wp-json\/wp\/v2\/users\/7"}],"replies":[{"embeddable":true,"href":"https:\/\/www.atelierdocaractere.pt\/brevemente\/wp-json\/wp\/v2\/comments?post=11402"}],"version-history":[{"count":1,"href":"https:\/\/www.atelierdocaractere.pt\/brevemente\/wp-json\/wp\/v2\/posts\/11402\/revisions"}],"predecessor-version":[{"id":11405,"href":"https:\/\/www.atelierdocaractere.pt\/brevemente\/wp-json\/wp\/v2\/posts\/11402\/revisions\/11405"}],"wp:featuredmedia":[{"embeddable":true,"href":"https:\/\/www.atelierdocaractere.pt\/brevemente\/wp-json\/wp\/v2\/media\/11403"}],"wp:attachment":[{"href":"https:\/\/www.atelierdocaractere.pt\/brevemente\/wp-json\/wp\/v2\/media?parent=11402"}],"wp:term":[{"taxonomy":"category","embeddable":true,"href":"https:\/\/www.atelierdocaractere.pt\/brevemente\/wp-json\/wp\/v2\/categories?post=11402"},{"taxonomy":"post_tag","embeddable":true,"href":"https:\/\/www.atelierdocaractere.pt\/brevemente\/wp-json\/wp\/v2\/tags?post=11402"}],"curies":[{"name":"wp","href":"https:\/\/api.w.org\/{rel}","templated":true}]}}