{"id":11434,"date":"2022-10-26T17:49:00","date_gmt":"2022-10-26T17:49:00","guid":{"rendered":"https:\/\/www.atelierdocaractere.pt\/brevemente\/?p=11434"},"modified":"2023-03-24T17:55:23","modified_gmt":"2023-03-24T17:55:23","slug":"adegamae-estreia-experiencia-de-sao-martinho-limitada-a-80-lugares","status":"publish","type":"post","link":"https:\/\/www.atelierdocaractere.pt\/brevemente\/adegamae-estreia-experiencia-de-sao-martinho-limitada-a-80-lugares\/","title":{"rendered":"AdegaM\u00e3e estreia experi\u00eancia de S\u00e3o Martinho limitada a 80 lugares"},"content":{"rendered":"\n<p><strong>\u00b7\u00a0\u00a0\u00a0\u00a0\u00a0\u00a0\u00a0&#8230;No s\u00e1bado de S\u00e3o Martinho, vai-se \u00e0 AdegaM\u00e3e, prova-se o vinho&#8230; e de seguida tem-se um almo\u00e7o em plena vinha, com sopa da pedra, tiborna de bacalhau, porco no espeto, bolos tradicionais e, claro, muitas castanhas e mais vinho. Reservas para o email\u00a0<a href=\"mailto:enoturismo@adegamae.pt\" target=\"_blank\" rel=\"noreferrer noopener\">enoturismo@adegamae.pt<\/a>\u00a0ou telefone 939\u00a0989\u00a0094, pelo valor de 55.00\u20ac por pessoa<\/strong><\/p>\n\n\n\n<p>A AdegaM\u00e3e, o emblem\u00e1tico projeto de vinho e enoturismo localizado em Torres Vedras, a 30 minutos de Lisboa, estreia este ano o seu primeiro Programa de S\u00e3o Martinho. No dia 12 de novembro, s\u00e1bado, um evento pop-up surge numa das mais belas adegas do pa\u00eds, integrando a tradicional prova dos novos vinhos e, ao mesmo tempo, toda uma experi\u00eancia sensorial e intimista, que se prolonga com almo\u00e7o na vinha. As reservas j\u00e1 est\u00e3o dispon\u00edveis, atrav\u00e9s do email&nbsp;<a href=\"mailto:enoturismo@adegamae.pt\" target=\"_blank\" rel=\"noreferrer noopener\">enoturismo@adegamae.pt<\/a>&nbsp;ou do telefone 939&nbsp;989&nbsp;094.<\/p>\n\n\n\n<p>O Programa de Magusto AdegaM\u00e3e come\u00e7a ao final da manh\u00e3, cumprindo a tradi\u00e7\u00e3o de visita \u00e0 adega e de prova dos vinhos novos nascidos da \u00faltima vindima. Segue-se um almo\u00e7o de mesa estendida, que inclui tiborna de bacalhau, sopa de pedra, porco no espeto, as tradicionais filhoses de ab\u00f3bora e broas. E ao longo da tarde, claro, desfilam tamb\u00e9m as castanhas assadas, num reconfortante ambiente de outono, enquadrado pelas vinhas de tons avermelhados, pelo fogo de ch\u00e3o e muita m\u00fasica.<\/p>\n\n\n\n<p>Estre programa, sempre acompanhado pelos vinhos de inspira\u00e7\u00e3o atl\u00e2ntica da AdegaM\u00e3e, \u00e9 limitado a 80 inscri\u00e7\u00f5es. A reserva faz-se atrav\u00e9s do pagamento de 55.00\u20ac, mediante os contactos j\u00e1 referidos:\u00a0<a href=\"mailto:enoturismo@adegamae.pt\" target=\"_blank\" rel=\"noreferrer noopener\">enoturismo@adegamae.pt<\/a>\u00a0ou 939\u00a0989\u00a0094.<\/p>\n\n\n\n<figure class=\"wp-block-image size-large\"><img decoding=\"async\" width=\"724\" height=\"1024\" src=\"http:\/\/www.atelierdocaractere.pt\/wp-content\/uploads\/2023\/03\/am-smartinho-cartaz-724x1024.jpeg\" alt=\"\" class=\"wp-image-11436\" srcset=\"https:\/\/www.atelierdocaractere.pt\/wp-content\/uploads\/2023\/03\/am-smartinho-cartaz-724x1024.jpeg 724w, https:\/\/www.atelierdocaractere.pt\/wp-content\/uploads\/2023\/03\/am-smartinho-cartaz-212x300.jpeg 212w, https:\/\/www.atelierdocaractere.pt\/wp-content\/uploads\/2023\/03\/am-smartinho-cartaz-768x1086.jpeg 768w, https:\/\/www.atelierdocaractere.pt\/wp-content\/uploads\/2023\/03\/am-smartinho-cartaz.jpeg 905w\" sizes=\"(max-width: 724px) 100vw, 724px\" \/><\/figure>\n\n\n\n<p><strong>Programa:<\/strong><\/p>\n\n\n\n<p>11h30&nbsp;&nbsp;&nbsp;&nbsp;&nbsp;&nbsp;&nbsp;&nbsp;&nbsp;&nbsp;&nbsp; Check in na Varanda AdegaM\u00e3e<\/p>\n\n\n\n<p>12.00&nbsp;&nbsp;&nbsp;&nbsp;&nbsp;&nbsp;&nbsp;&nbsp;&nbsp;&nbsp;&nbsp;&nbsp; Visita \u00e0 adega e prova dos vinhos novos<\/p>\n\n\n\n<p>13.30&nbsp;&nbsp;&nbsp;&nbsp;&nbsp;&nbsp;&nbsp;&nbsp;&nbsp;&nbsp;&nbsp;&nbsp; Almo\u00e7o na vinha | Magusto<\/p>\n\n\n\n<p>17.30&nbsp;&nbsp;&nbsp;&nbsp;&nbsp;&nbsp;&nbsp;&nbsp;&nbsp;&nbsp;&nbsp;&nbsp; Encerramento<\/p>\n\n\n\n<p>Nota: a AdegaM\u00e3e reserva-se do direito de anunciar o cancelamento do evento, em tempo devido, caso n\u00e3o esteja confirmado o n\u00famero m\u00ednimo de participantes.<\/p>\n\n\n\n<p><\/p>\n\n\n\n<p><strong><u>SOBRE A ADEGAM\u00c3E<\/u><\/strong><strong><\/strong><\/p>\n\n\n\n<p>A AdegaM\u00e3e nasce do investimento do Grupo Riberalves numa nova \u00e1rea de neg\u00f3cio e surge como uma homenagem da fam\u00edlia Alves \u00e0 sua matriarca, Manuela Alves. O conceito de \u201cM\u00e3e\u201d \u00e9 tamb\u00e9m a inspira\u00e7\u00e3o para um espa\u00e7o de nascimento, de cria\u00e7\u00e3o, no qual se pretende potenciar as melhores uvas e fazer nascer os melhores vinhos. Localizada no Concelho de Torres e vocacionada para a produ\u00e7\u00e3o de vinhos com caracter\u00edsticas muito pr\u00f3prias, gra\u00e7as \u00e0 proximidade do mar e influ\u00eancia do Clima Atl\u00e2ntico, a AdegaM\u00e3e \u00e9, igualmente, uma refer\u00eancia para o enoturismo da Regi\u00e3o de Lisboa, destacando-se pela arquitetura exclusiva e por todas as atividades desenvolvidas em torno da vinha e do vinho. Sendo uma empresa do Grupo Riberalves, a marca Dory (inspirada nos D\u00f3ris, embarca\u00e7\u00f5es antigamente utilizadas pelos portugueses na pesca do bacalhau) representa a principal gama de vinhos comercializados. Depois da primeira vindima, realizada em 2010, a AdegaM\u00e3e tem vindo a colher reconhecimento no mercado nacional, e internacional, para onde canaliza 70% da sua produ\u00e7\u00e3o. Nomeada Empresa do Ano no sector do vinho, em 2015, a AdegaM\u00e3e produz cerca de 2 milh\u00f5es de garrafas de vinho por ano.<\/p>\n","protected":false},"excerpt":{"rendered":"<p>\u00b7\u00a0\u00a0\u00a0\u00a0\u00a0\u00a0\u00a0&#8230;No s\u00e1bado de S\u00e3o Martinho, vai-se \u00e0 AdegaM\u00e3e, prova-se o vinho&#8230; e de seguida tem-se um almo\u00e7o em plena vinha,&#8230;<\/p>\n","protected":false},"author":7,"featured_media":11437,"comment_status":"closed","ping_status":"open","sticky":false,"template":"","format":"standard","meta":[],"categories":[41],"tags":[515,517,481,108,516,131],"yoast_head":"<!-- This site is optimized with the Yoast SEO plugin v20.12 - https:\/\/yoast.com\/wordpress\/plugins\/seo\/ -->\n<title>AdegaM\u00e3e estreia experi\u00eancia de S\u00e3o Martinho limitada a 80 lugares - Atelier do Caractere<\/title>\n<meta name=\"robots\" content=\"index, follow, max-snippet:-1, max-image-preview:large, max-video-preview:-1\" \/>\n<link rel=\"canonical\" href=\"https:\/\/www.atelierdocaractere.pt\/brevemente\/adegamae-estreia-experiencia-de-sao-martinho-limitada-a-80-lugares\/\" \/>\n<meta property=\"og:locale\" content=\"pt_PT\" \/>\n<meta property=\"og:type\" content=\"article\" \/>\n<meta property=\"og:title\" content=\"AdegaM\u00e3e estreia experi\u00eancia de S\u00e3o Martinho limitada a 80 lugares - Atelier do Caractere\" \/>\n<meta property=\"og:description\" content=\"\u00b7\u00a0\u00a0\u00a0\u00a0\u00a0\u00a0\u00a0&#8230;No s\u00e1bado de S\u00e3o Martinho, vai-se \u00e0 AdegaM\u00e3e, prova-se o vinho&#8230; e de seguida tem-se um almo\u00e7o em plena vinha,...\" \/>\n<meta property=\"og:url\" content=\"https:\/\/www.atelierdocaractere.pt\/brevemente\/adegamae-estreia-experiencia-de-sao-martinho-limitada-a-80-lugares\/\" \/>\n<meta property=\"og:site_name\" content=\"Atelier do Caractere\" \/>\n<meta property=\"article:publisher\" content=\"https:\/\/www.facebook.com\/AtelierdoCaractere\" \/>\n<meta property=\"article:published_time\" content=\"2022-10-26T17:49:00+00:00\" \/>\n<meta property=\"article:modified_time\" content=\"2023-03-24T17:55:23+00:00\" \/>\n<meta property=\"og:image\" content=\"http:\/\/www.atelierdocaractere.pt\/wp-content\/uploads\/2023\/03\/am-smartinho-cartaz2.jpeg\" \/>\n\t<meta property=\"og:image:width\" content=\"1280\" \/>\n\t<meta property=\"og:image:height\" content=\"721\" \/>\n\t<meta property=\"og:image:type\" content=\"image\/jpeg\" \/>\n<meta name=\"author\" content=\"Joana Barbosa\" \/>\n<meta name=\"twitter:card\" content=\"summary_large_image\" \/>\n<meta name=\"twitter:label1\" content=\"Escrito por\" \/>\n\t<meta name=\"twitter:data1\" content=\"Joana Barbosa\" \/>\n\t<meta name=\"twitter:label2\" content=\"Tempo estimado de leitura\" \/>\n\t<meta name=\"twitter:data2\" content=\"3 minutos\" \/>\n<script type=\"application\/ld+json\" class=\"yoast-schema-graph\">{\"@context\":\"https:\/\/schema.org\",\"@graph\":[{\"@type\":\"WebPage\",\"@id\":\"https:\/\/www.atelierdocaractere.pt\/brevemente\/adegamae-estreia-experiencia-de-sao-martinho-limitada-a-80-lugares\/\",\"url\":\"https:\/\/www.atelierdocaractere.pt\/brevemente\/adegamae-estreia-experiencia-de-sao-martinho-limitada-a-80-lugares\/\",\"name\":\"AdegaM\u00e3e estreia experi\u00eancia de S\u00e3o Martinho limitada a 80 lugares - Atelier do Caractere\",\"isPartOf\":{\"@id\":\"https:\/\/www.atelierdocaractere.pt\/brevemente\/#website\"},\"datePublished\":\"2022-10-26T17:49:00+00:00\",\"dateModified\":\"2023-03-24T17:55:23+00:00\",\"author\":{\"@id\":\"https:\/\/www.atelierdocaractere.pt\/brevemente\/#\/schema\/person\/f2f096eb0f27d9894725af22cb97c0db\"},\"breadcrumb\":{\"@id\":\"https:\/\/www.atelierdocaractere.pt\/brevemente\/adegamae-estreia-experiencia-de-sao-martinho-limitada-a-80-lugares\/#breadcrumb\"},\"inLanguage\":\"pt-PT\",\"potentialAction\":[{\"@type\":\"ReadAction\",\"target\":[\"https:\/\/www.atelierdocaractere.pt\/brevemente\/adegamae-estreia-experiencia-de-sao-martinho-limitada-a-80-lugares\/\"]}]},{\"@type\":\"BreadcrumbList\",\"@id\":\"https:\/\/www.atelierdocaractere.pt\/brevemente\/adegamae-estreia-experiencia-de-sao-martinho-limitada-a-80-lugares\/#breadcrumb\",\"itemListElement\":[{\"@type\":\"ListItem\",\"position\":1,\"name\":\"In\u00edcio\",\"item\":\"https:\/\/www.atelierdocaractere.pt\/brevemente\/\"},{\"@type\":\"ListItem\",\"position\":2,\"name\":\"AdegaM\u00e3e estreia experi\u00eancia de S\u00e3o Martinho limitada a 80 lugares\"}]},{\"@type\":\"WebSite\",\"@id\":\"https:\/\/www.atelierdocaractere.pt\/brevemente\/#website\",\"url\":\"https:\/\/www.atelierdocaractere.pt\/brevemente\/\",\"name\":\"Atelier do Caractere\",\"description\":\"\",\"potentialAction\":[{\"@type\":\"SearchAction\",\"target\":{\"@type\":\"EntryPoint\",\"urlTemplate\":\"https:\/\/www.atelierdocaractere.pt\/brevemente\/?s={search_term_string}\"},\"query-input\":\"required name=search_term_string\"}],\"inLanguage\":\"pt-PT\"},{\"@type\":\"Person\",\"@id\":\"https:\/\/www.atelierdocaractere.pt\/brevemente\/#\/schema\/person\/f2f096eb0f27d9894725af22cb97c0db\",\"name\":\"Joana Barbosa\",\"image\":{\"@type\":\"ImageObject\",\"inLanguage\":\"pt-PT\",\"@id\":\"https:\/\/www.atelierdocaractere.pt\/brevemente\/#\/schema\/person\/image\/\",\"url\":\"https:\/\/secure.gravatar.com\/avatar\/33e8214b45e9d68a3a83008731075979?s=96&d=mm&r=g\",\"contentUrl\":\"https:\/\/secure.gravatar.com\/avatar\/33e8214b45e9d68a3a83008731075979?s=96&d=mm&r=g\",\"caption\":\"Joana Barbosa\"},\"url\":\"https:\/\/www.atelierdocaractere.pt\/brevemente\/author\/joanabarbosa\/\"}]}<\/script>\n<!-- \/ Yoast SEO plugin. -->","yoast_head_json":{"title":"AdegaM\u00e3e estreia experi\u00eancia de S\u00e3o Martinho limitada a 80 lugares - Atelier do Caractere","robots":{"index":"index","follow":"follow","max-snippet":"max-snippet:-1","max-image-preview":"max-image-preview:large","max-video-preview":"max-video-preview:-1"},"canonical":"https:\/\/www.atelierdocaractere.pt\/brevemente\/adegamae-estreia-experiencia-de-sao-martinho-limitada-a-80-lugares\/","og_locale":"pt_PT","og_type":"article","og_title":"AdegaM\u00e3e estreia experi\u00eancia de S\u00e3o Martinho limitada a 80 lugares - Atelier do Caractere","og_description":"\u00b7\u00a0\u00a0\u00a0\u00a0\u00a0\u00a0\u00a0&#8230;No s\u00e1bado de S\u00e3o Martinho, vai-se \u00e0 AdegaM\u00e3e, prova-se o vinho&#8230; e de seguida tem-se um almo\u00e7o em plena vinha,...","og_url":"https:\/\/www.atelierdocaractere.pt\/brevemente\/adegamae-estreia-experiencia-de-sao-martinho-limitada-a-80-lugares\/","og_site_name":"Atelier do Caractere","article_publisher":"https:\/\/www.facebook.com\/AtelierdoCaractere","article_published_time":"2022-10-26T17:49:00+00:00","article_modified_time":"2023-03-24T17:55:23+00:00","og_image":[{"width":1280,"height":721,"url":"http:\/\/www.atelierdocaractere.pt\/wp-content\/uploads\/2023\/03\/am-smartinho-cartaz2.jpeg","type":"image\/jpeg"}],"author":"Joana Barbosa","twitter_card":"summary_large_image","twitter_misc":{"Escrito por":"Joana Barbosa","Tempo estimado de leitura":"3 minutos"},"schema":{"@context":"https:\/\/schema.org","@graph":[{"@type":"WebPage","@id":"https:\/\/www.atelierdocaractere.pt\/brevemente\/adegamae-estreia-experiencia-de-sao-martinho-limitada-a-80-lugares\/","url":"https:\/\/www.atelierdocaractere.pt\/brevemente\/adegamae-estreia-experiencia-de-sao-martinho-limitada-a-80-lugares\/","name":"AdegaM\u00e3e estreia experi\u00eancia de S\u00e3o Martinho limitada a 80 lugares - Atelier do Caractere","isPartOf":{"@id":"https:\/\/www.atelierdocaractere.pt\/brevemente\/#website"},"datePublished":"2022-10-26T17:49:00+00:00","dateModified":"2023-03-24T17:55:23+00:00","author":{"@id":"https:\/\/www.atelierdocaractere.pt\/brevemente\/#\/schema\/person\/f2f096eb0f27d9894725af22cb97c0db"},"breadcrumb":{"@id":"https:\/\/www.atelierdocaractere.pt\/brevemente\/adegamae-estreia-experiencia-de-sao-martinho-limitada-a-80-lugares\/#breadcrumb"},"inLanguage":"pt-PT","potentialAction":[{"@type":"ReadAction","target":["https:\/\/www.atelierdocaractere.pt\/brevemente\/adegamae-estreia-experiencia-de-sao-martinho-limitada-a-80-lugares\/"]}]},{"@type":"BreadcrumbList","@id":"https:\/\/www.atelierdocaractere.pt\/brevemente\/adegamae-estreia-experiencia-de-sao-martinho-limitada-a-80-lugares\/#breadcrumb","itemListElement":[{"@type":"ListItem","position":1,"name":"In\u00edcio","item":"https:\/\/www.atelierdocaractere.pt\/brevemente\/"},{"@type":"ListItem","position":2,"name":"AdegaM\u00e3e estreia experi\u00eancia de S\u00e3o Martinho limitada a 80 lugares"}]},{"@type":"WebSite","@id":"https:\/\/www.atelierdocaractere.pt\/brevemente\/#website","url":"https:\/\/www.atelierdocaractere.pt\/brevemente\/","name":"Atelier do Caractere","description":"","potentialAction":[{"@type":"SearchAction","target":{"@type":"EntryPoint","urlTemplate":"https:\/\/www.atelierdocaractere.pt\/brevemente\/?s={search_term_string}"},"query-input":"required name=search_term_string"}],"inLanguage":"pt-PT"},{"@type":"Person","@id":"https:\/\/www.atelierdocaractere.pt\/brevemente\/#\/schema\/person\/f2f096eb0f27d9894725af22cb97c0db","name":"Joana Barbosa","image":{"@type":"ImageObject","inLanguage":"pt-PT","@id":"https:\/\/www.atelierdocaractere.pt\/brevemente\/#\/schema\/person\/image\/","url":"https:\/\/secure.gravatar.com\/avatar\/33e8214b45e9d68a3a83008731075979?s=96&d=mm&r=g","contentUrl":"https:\/\/secure.gravatar.com\/avatar\/33e8214b45e9d68a3a83008731075979?s=96&d=mm&r=g","caption":"Joana Barbosa"},"url":"https:\/\/www.atelierdocaractere.pt\/brevemente\/author\/joanabarbosa\/"}]}},"_links":{"self":[{"href":"https:\/\/www.atelierdocaractere.pt\/brevemente\/wp-json\/wp\/v2\/posts\/11434"}],"collection":[{"href":"https:\/\/www.atelierdocaractere.pt\/brevemente\/wp-json\/wp\/v2\/posts"}],"about":[{"href":"https:\/\/www.atelierdocaractere.pt\/brevemente\/wp-json\/wp\/v2\/types\/post"}],"author":[{"embeddable":true,"href":"https:\/\/www.atelierdocaractere.pt\/brevemente\/wp-json\/wp\/v2\/users\/7"}],"replies":[{"embeddable":true,"href":"https:\/\/www.atelierdocaractere.pt\/brevemente\/wp-json\/wp\/v2\/comments?post=11434"}],"version-history":[{"count":1,"href":"https:\/\/www.atelierdocaractere.pt\/brevemente\/wp-json\/wp\/v2\/posts\/11434\/revisions"}],"predecessor-version":[{"id":11438,"href":"https:\/\/www.atelierdocaractere.pt\/brevemente\/wp-json\/wp\/v2\/posts\/11434\/revisions\/11438"}],"wp:featuredmedia":[{"embeddable":true,"href":"https:\/\/www.atelierdocaractere.pt\/brevemente\/wp-json\/wp\/v2\/media\/11437"}],"wp:attachment":[{"href":"https:\/\/www.atelierdocaractere.pt\/brevemente\/wp-json\/wp\/v2\/media?parent=11434"}],"wp:term":[{"taxonomy":"category","embeddable":true,"href":"https:\/\/www.atelierdocaractere.pt\/brevemente\/wp-json\/wp\/v2\/categories?post=11434"},{"taxonomy":"post_tag","embeddable":true,"href":"https:\/\/www.atelierdocaractere.pt\/brevemente\/wp-json\/wp\/v2\/tags?post=11434"}],"curies":[{"name":"wp","href":"https:\/\/api.w.org\/{rel}","templated":true}]}}