{"id":11472,"date":"2022-10-21T19:22:00","date_gmt":"2022-10-21T19:22:00","guid":{"rendered":"https:\/\/www.atelierdocaractere.pt\/brevemente\/?p=11472"},"modified":"2023-03-24T19:31:08","modified_gmt":"2023-03-24T19:31:08","slug":"aldeias-bauhaus-para-o-futuro-dao-primeiro-passo-em-dornelas-do-zezere","status":"publish","type":"post","link":"https:\/\/www.atelierdocaractere.pt\/brevemente\/aldeias-bauhaus-para-o-futuro-dao-primeiro-passo-em-dornelas-do-zezere\/","title":{"rendered":"\u201cAldeias Bauhaus para o Futuro\u201d d\u00e3o primeiro passo em Dornelas do Z\u00eazere"},"content":{"rendered":"\n<p>Dornelas do Z\u00eazere, acolheu, ontem, a reuni\u00e3o de lan\u00e7amento do projeto \u201cAldeias Bauhaus para o Futuro\u201d, que vai dar origem a interven\u00e7\u00f5es de inova\u00e7\u00e3o territorial em 6 aldeias de 6 munic\u00edpios de Portugal e Espanha, envolvendo as regi\u00f5es Centro, Alentejo e Extremadura (eurorregi\u00e3o EUROACE). Na interven\u00e7\u00e3o que marcou o arranque dos trabalhos, o Presidente da C\u00e2mara Municipal de Pampilhosa da Serra, Jorge Cust\u00f3dio, manifestou que este projeto \u201cpode vir a fazer a diferen\u00e7a\u201d nos territ\u00f3rios abrangidos, em particular em concelhos como Pampilhosa da Serra, que tem mais de 100 aldeias. \u201cTemos muito f\u00f3runs para discutir o futuro das cidades, mas poucos para discutir o futuro das aldeias\u201d, considerou.<\/p>\n\n\n\n<figure class=\"wp-block-image size-large\"><img decoding=\"async\" width=\"1024\" height=\"683\" src=\"http:\/\/www.atelierdocaractere.pt\/wp-content\/uploads\/2023\/03\/reuniao-de-lancamento-do-projeto-aldeias-bauhaus-para-o-futuro-20-10-2022-1024x683.jpg\" alt=\"\" class=\"wp-image-11474\" srcset=\"https:\/\/www.atelierdocaractere.pt\/wp-content\/uploads\/2023\/03\/reuniao-de-lancamento-do-projeto-aldeias-bauhaus-para-o-futuro-20-10-2022-1024x683.jpg 1024w, https:\/\/www.atelierdocaractere.pt\/wp-content\/uploads\/2023\/03\/reuniao-de-lancamento-do-projeto-aldeias-bauhaus-para-o-futuro-20-10-2022-300x200.jpg 300w, https:\/\/www.atelierdocaractere.pt\/wp-content\/uploads\/2023\/03\/reuniao-de-lancamento-do-projeto-aldeias-bauhaus-para-o-futuro-20-10-2022-768x512.jpg 768w, https:\/\/www.atelierdocaractere.pt\/wp-content\/uploads\/2023\/03\/reuniao-de-lancamento-do-projeto-aldeias-bauhaus-para-o-futuro-20-10-2022-1536x1024.jpg 1536w, https:\/\/www.atelierdocaractere.pt\/wp-content\/uploads\/2023\/03\/reuniao-de-lancamento-do-projeto-aldeias-bauhaus-para-o-futuro-20-10-2022-2048x1365.jpg 2048w, https:\/\/www.atelierdocaractere.pt\/wp-content\/uploads\/2023\/03\/reuniao-de-lancamento-do-projeto-aldeias-bauhaus-para-o-futuro-20-10-2022-900x600.jpg 900w, https:\/\/www.atelierdocaractere.pt\/wp-content\/uploads\/2023\/03\/reuniao-de-lancamento-do-projeto-aldeias-bauhaus-para-o-futuro-20-10-2022-675x450.jpg 675w, https:\/\/www.atelierdocaractere.pt\/wp-content\/uploads\/2023\/03\/reuniao-de-lancamento-do-projeto-aldeias-bauhaus-para-o-futuro-20-10-2022-scaled.jpg 1920w\" sizes=\"(max-width: 1024px) 100vw, 1024px\" \/><\/figure>\n\n\n\n<p>Neste primeiro encontro, que juntou munic\u00edpios e parceiros \u2013 CCDR Centro, CCDR Alentejo e a Junta da Extremadura -, o objetivo passou pela aprecia\u00e7\u00e3o e valida\u00e7\u00e3o da proposta de Programa de Assist\u00eancia T\u00e9cnica sugerida pela Uni\u00e3o Europeia. Num grupo com \u201cinteresses comuns, mas realidades distintas\u201d, Rui Sim\u00e3o, Vereador da C\u00e2mara Municipal de Pampilhosa da Serra\u201d, destacou que em causa est\u00e1 uma abordagem que ser\u00e1 \u201csimultaneamente dinamizadora ao n\u00edvel da interven\u00e7\u00e3o urban\u00edstica, mas tamb\u00e9m dinamizadora ao n\u00edvel social\u201d.<\/p>\n\n\n\n<p>A ideia matriz que esteve na base da candidatura, distinguida em julho deste ano pelo Novo Bauhaus Europeu e que foi liderada por Pampilhosa da Serra, assenta em aproveitar as incontest\u00e1veis potencialidades das aldeias, em geral, e em particular das envolvidas no projeto (Corval, Sortelha, Esperan\u00e7a, Dornelas do Z\u00eazere, Llerena e Moraleja), tornando-as lugares de elei\u00e7\u00e3o para visitar, viver e investir, sem descurar a sua ess\u00eancia. Para o Vice-Presidente da CCDR Centro, Prof. Eduardo Anselmo, \u00e9 fundamental que algumas regi\u00f5es do interior de Portugal e Espanha, \u201cconsigam reverter o processo de decl\u00ednio que dura h\u00e1 mais de 100 anos\u201d, considerando que este projeto deve ser encarado com um \u201cobjetivo experimental\u201d que, caso tenha sucesso, \u201cpoder\u00e1 ser um exemplo para outras aldeias tamb\u00e9m se revitalizarem\u201d. Para esse efeito, Eduardo Anselmo, sugeriu ainda que \u00e9 necess\u00e1rio o apoio governamental, \u201cde v\u00e1rias escalas\u201d, mas tamb\u00e9m de \u201cinvestidores\u201d, que permita trazer empresas e pessoas \u201cem simult\u00e2neo\u201d.<\/p>\n\n\n\n<figure class=\"wp-block-image size-large\"><img decoding=\"async\" width=\"1024\" height=\"683\" src=\"http:\/\/www.atelierdocaractere.pt\/wp-content\/uploads\/2023\/03\/reuniao-de-lancamento-do-projeto-aldeias-bauhaus-para-o-futuro-20-10-2022-2-1024x683.jpg\" alt=\"\" class=\"wp-image-11473\" srcset=\"https:\/\/www.atelierdocaractere.pt\/wp-content\/uploads\/2023\/03\/reuniao-de-lancamento-do-projeto-aldeias-bauhaus-para-o-futuro-20-10-2022-2-1024x683.jpg 1024w, https:\/\/www.atelierdocaractere.pt\/wp-content\/uploads\/2023\/03\/reuniao-de-lancamento-do-projeto-aldeias-bauhaus-para-o-futuro-20-10-2022-2-300x200.jpg 300w, https:\/\/www.atelierdocaractere.pt\/wp-content\/uploads\/2023\/03\/reuniao-de-lancamento-do-projeto-aldeias-bauhaus-para-o-futuro-20-10-2022-2-768x512.jpg 768w, https:\/\/www.atelierdocaractere.pt\/wp-content\/uploads\/2023\/03\/reuniao-de-lancamento-do-projeto-aldeias-bauhaus-para-o-futuro-20-10-2022-2-1536x1024.jpg 1536w, https:\/\/www.atelierdocaractere.pt\/wp-content\/uploads\/2023\/03\/reuniao-de-lancamento-do-projeto-aldeias-bauhaus-para-o-futuro-20-10-2022-2-2048x1365.jpg 2048w, https:\/\/www.atelierdocaractere.pt\/wp-content\/uploads\/2023\/03\/reuniao-de-lancamento-do-projeto-aldeias-bauhaus-para-o-futuro-20-10-2022-2-900x600.jpg 900w, https:\/\/www.atelierdocaractere.pt\/wp-content\/uploads\/2023\/03\/reuniao-de-lancamento-do-projeto-aldeias-bauhaus-para-o-futuro-20-10-2022-2-675x450.jpg 675w, https:\/\/www.atelierdocaractere.pt\/wp-content\/uploads\/2023\/03\/reuniao-de-lancamento-do-projeto-aldeias-bauhaus-para-o-futuro-20-10-2022-2-scaled.jpg 1920w\" sizes=\"(max-width: 1024px) 100vw, 1024px\" \/><\/figure>\n\n\n\n<p>As \u201cAldeias Bauhaus para o Futuro\u201d querem por isso mostrar que \u00e9 poss\u00edvel criar melhores condi\u00e7\u00f5es para quem est\u00e1 e com isso estimular a curiosidade de quem vem. No caso de Dornelas do Z\u00eazere, explicou Rui Sim\u00e3o, a interven\u00e7\u00e3o \u201cvai focar-se na zona ribeirinha, espa\u00e7o do mercado e Jardim das Nogueiras, procurando aplicar os princ\u00edpios da regenera\u00e7\u00e3o urbana sustent\u00e1vel e ligada \u00e0s mem\u00f3rias que aldeia tem com o rio\u201d.&nbsp; Desde o \u201cprimeiro momento\u201d, o projeto vai ainda \u201cenvolver a comunidade educativa, a gest\u00e3o das expetativas da popula\u00e7\u00e3o, os seniores, n\u00e3o se esgotando na interven\u00e7\u00e3o urban\u00edstica pura e dura\u201d, frisou o Vereador.<\/p>\n\n\n\n<p>A pr\u00f3xima fase do projeto passa pela implementa\u00e7\u00e3o do programa de assist\u00eancia t\u00e9cnica, com a visita dos peritos da Uni\u00e3o Europeia a cada uma das aldeias que integra o projeto. No final da primeira sess\u00e3o de trabalho, Rui Sim\u00e3o expressou que foi percet\u00edvel o \u201centusiamo e confian\u00e7a\u201d de uma equipa que ser\u00e1 capaz de se \u201centregar ao desafio\u201d, pelo que cresce a expetativa de perceber o que ser\u00e1 poss\u00edvel fazer \u201ccada um por si e em conjunto\u201d.<\/p>\n","protected":false},"excerpt":{"rendered":"<p>Dornelas do Z\u00eazere, acolheu, ontem, a reuni\u00e3o de lan\u00e7amento do projeto \u201cAldeias Bauhaus para o Futuro\u201d, que vai dar origem&#8230;<\/p>\n","protected":false},"author":7,"featured_media":11475,"comment_status":"closed","ping_status":"open","sticky":false,"template":"","format":"standard","meta":[],"categories":[39],"tags":[522,495],"yoast_head":"<!-- This site is optimized with the Yoast SEO plugin v20.12 - https:\/\/yoast.com\/wordpress\/plugins\/seo\/ -->\n<title>\u201cAldeias Bauhaus para o Futuro\u201d d\u00e3o primeiro passo em Dornelas do Z\u00eazere - Atelier do Caractere<\/title>\n<meta name=\"robots\" content=\"index, follow, max-snippet:-1, max-image-preview:large, max-video-preview:-1\" \/>\n<link rel=\"canonical\" href=\"https:\/\/www.atelierdocaractere.pt\/brevemente\/aldeias-bauhaus-para-o-futuro-dao-primeiro-passo-em-dornelas-do-zezere\/\" \/>\n<meta property=\"og:locale\" content=\"pt_PT\" \/>\n<meta property=\"og:type\" content=\"article\" \/>\n<meta property=\"og:title\" content=\"\u201cAldeias Bauhaus para o Futuro\u201d d\u00e3o primeiro passo em Dornelas do Z\u00eazere - Atelier do Caractere\" \/>\n<meta property=\"og:description\" content=\"Dornelas do Z\u00eazere, acolheu, ontem, a reuni\u00e3o de lan\u00e7amento do projeto \u201cAldeias Bauhaus para o Futuro\u201d, que vai dar origem...\" \/>\n<meta property=\"og:url\" content=\"https:\/\/www.atelierdocaractere.pt\/brevemente\/aldeias-bauhaus-para-o-futuro-dao-primeiro-passo-em-dornelas-do-zezere\/\" \/>\n<meta property=\"og:site_name\" content=\"Atelier do Caractere\" \/>\n<meta property=\"article:publisher\" content=\"https:\/\/www.facebook.com\/AtelierdoCaractere\" \/>\n<meta property=\"article:published_time\" content=\"2022-10-21T19:22:00+00:00\" \/>\n<meta property=\"article:modified_time\" content=\"2023-03-24T19:31:08+00:00\" \/>\n<meta property=\"og:image\" content=\"http:\/\/www.atelierdocaractere.pt\/wp-content\/uploads\/2023\/03\/reuniao-de-lancamento-do-projeto-aldeias-bauhaus-para-o-futuro-20-10-2022-1-scaled.jpg\" \/>\n\t<meta property=\"og:image:width\" content=\"2560\" \/>\n\t<meta property=\"og:image:height\" content=\"1707\" \/>\n\t<meta property=\"og:image:type\" content=\"image\/jpeg\" \/>\n<meta name=\"author\" content=\"Joana Barbosa\" \/>\n<meta name=\"twitter:card\" content=\"summary_large_image\" \/>\n<meta name=\"twitter:label1\" content=\"Escrito por\" \/>\n\t<meta name=\"twitter:data1\" content=\"Joana Barbosa\" \/>\n\t<meta name=\"twitter:label2\" content=\"Tempo estimado de leitura\" \/>\n\t<meta name=\"twitter:data2\" content=\"4 minutos\" \/>\n<script type=\"application\/ld+json\" class=\"yoast-schema-graph\">{\"@context\":\"https:\/\/schema.org\",\"@graph\":[{\"@type\":\"WebPage\",\"@id\":\"https:\/\/www.atelierdocaractere.pt\/brevemente\/aldeias-bauhaus-para-o-futuro-dao-primeiro-passo-em-dornelas-do-zezere\/\",\"url\":\"https:\/\/www.atelierdocaractere.pt\/brevemente\/aldeias-bauhaus-para-o-futuro-dao-primeiro-passo-em-dornelas-do-zezere\/\",\"name\":\"\u201cAldeias Bauhaus para o Futuro\u201d d\u00e3o primeiro passo em Dornelas do Z\u00eazere - Atelier do Caractere\",\"isPartOf\":{\"@id\":\"https:\/\/www.atelierdocaractere.pt\/brevemente\/#website\"},\"datePublished\":\"2022-10-21T19:22:00+00:00\",\"dateModified\":\"2023-03-24T19:31:08+00:00\",\"author\":{\"@id\":\"https:\/\/www.atelierdocaractere.pt\/brevemente\/#\/schema\/person\/f2f096eb0f27d9894725af22cb97c0db\"},\"breadcrumb\":{\"@id\":\"https:\/\/www.atelierdocaractere.pt\/brevemente\/aldeias-bauhaus-para-o-futuro-dao-primeiro-passo-em-dornelas-do-zezere\/#breadcrumb\"},\"inLanguage\":\"pt-PT\",\"potentialAction\":[{\"@type\":\"ReadAction\",\"target\":[\"https:\/\/www.atelierdocaractere.pt\/brevemente\/aldeias-bauhaus-para-o-futuro-dao-primeiro-passo-em-dornelas-do-zezere\/\"]}]},{\"@type\":\"BreadcrumbList\",\"@id\":\"https:\/\/www.atelierdocaractere.pt\/brevemente\/aldeias-bauhaus-para-o-futuro-dao-primeiro-passo-em-dornelas-do-zezere\/#breadcrumb\",\"itemListElement\":[{\"@type\":\"ListItem\",\"position\":1,\"name\":\"In\u00edcio\",\"item\":\"https:\/\/www.atelierdocaractere.pt\/brevemente\/\"},{\"@type\":\"ListItem\",\"position\":2,\"name\":\"\u201cAldeias Bauhaus para o Futuro\u201d d\u00e3o primeiro passo em Dornelas do Z\u00eazere\"}]},{\"@type\":\"WebSite\",\"@id\":\"https:\/\/www.atelierdocaractere.pt\/brevemente\/#website\",\"url\":\"https:\/\/www.atelierdocaractere.pt\/brevemente\/\",\"name\":\"Atelier do Caractere\",\"description\":\"\",\"potentialAction\":[{\"@type\":\"SearchAction\",\"target\":{\"@type\":\"EntryPoint\",\"urlTemplate\":\"https:\/\/www.atelierdocaractere.pt\/brevemente\/?s={search_term_string}\"},\"query-input\":\"required name=search_term_string\"}],\"inLanguage\":\"pt-PT\"},{\"@type\":\"Person\",\"@id\":\"https:\/\/www.atelierdocaractere.pt\/brevemente\/#\/schema\/person\/f2f096eb0f27d9894725af22cb97c0db\",\"name\":\"Joana Barbosa\",\"image\":{\"@type\":\"ImageObject\",\"inLanguage\":\"pt-PT\",\"@id\":\"https:\/\/www.atelierdocaractere.pt\/brevemente\/#\/schema\/person\/image\/\",\"url\":\"https:\/\/secure.gravatar.com\/avatar\/33e8214b45e9d68a3a83008731075979?s=96&d=mm&r=g\",\"contentUrl\":\"https:\/\/secure.gravatar.com\/avatar\/33e8214b45e9d68a3a83008731075979?s=96&d=mm&r=g\",\"caption\":\"Joana Barbosa\"},\"url\":\"https:\/\/www.atelierdocaractere.pt\/brevemente\/author\/joanabarbosa\/\"}]}<\/script>\n<!-- \/ Yoast SEO plugin. -->","yoast_head_json":{"title":"\u201cAldeias Bauhaus para o Futuro\u201d d\u00e3o primeiro passo em Dornelas do Z\u00eazere - Atelier do Caractere","robots":{"index":"index","follow":"follow","max-snippet":"max-snippet:-1","max-image-preview":"max-image-preview:large","max-video-preview":"max-video-preview:-1"},"canonical":"https:\/\/www.atelierdocaractere.pt\/brevemente\/aldeias-bauhaus-para-o-futuro-dao-primeiro-passo-em-dornelas-do-zezere\/","og_locale":"pt_PT","og_type":"article","og_title":"\u201cAldeias Bauhaus para o Futuro\u201d d\u00e3o primeiro passo em Dornelas do Z\u00eazere - Atelier do Caractere","og_description":"Dornelas do Z\u00eazere, acolheu, ontem, a reuni\u00e3o de lan\u00e7amento do projeto \u201cAldeias Bauhaus para o Futuro\u201d, que vai dar origem...","og_url":"https:\/\/www.atelierdocaractere.pt\/brevemente\/aldeias-bauhaus-para-o-futuro-dao-primeiro-passo-em-dornelas-do-zezere\/","og_site_name":"Atelier do Caractere","article_publisher":"https:\/\/www.facebook.com\/AtelierdoCaractere","article_published_time":"2022-10-21T19:22:00+00:00","article_modified_time":"2023-03-24T19:31:08+00:00","og_image":[{"width":2560,"height":1707,"url":"http:\/\/www.atelierdocaractere.pt\/wp-content\/uploads\/2023\/03\/reuniao-de-lancamento-do-projeto-aldeias-bauhaus-para-o-futuro-20-10-2022-1-scaled.jpg","type":"image\/jpeg"}],"author":"Joana Barbosa","twitter_card":"summary_large_image","twitter_misc":{"Escrito por":"Joana Barbosa","Tempo estimado de leitura":"4 minutos"},"schema":{"@context":"https:\/\/schema.org","@graph":[{"@type":"WebPage","@id":"https:\/\/www.atelierdocaractere.pt\/brevemente\/aldeias-bauhaus-para-o-futuro-dao-primeiro-passo-em-dornelas-do-zezere\/","url":"https:\/\/www.atelierdocaractere.pt\/brevemente\/aldeias-bauhaus-para-o-futuro-dao-primeiro-passo-em-dornelas-do-zezere\/","name":"\u201cAldeias Bauhaus para o Futuro\u201d d\u00e3o primeiro passo em Dornelas do Z\u00eazere - Atelier do Caractere","isPartOf":{"@id":"https:\/\/www.atelierdocaractere.pt\/brevemente\/#website"},"datePublished":"2022-10-21T19:22:00+00:00","dateModified":"2023-03-24T19:31:08+00:00","author":{"@id":"https:\/\/www.atelierdocaractere.pt\/brevemente\/#\/schema\/person\/f2f096eb0f27d9894725af22cb97c0db"},"breadcrumb":{"@id":"https:\/\/www.atelierdocaractere.pt\/brevemente\/aldeias-bauhaus-para-o-futuro-dao-primeiro-passo-em-dornelas-do-zezere\/#breadcrumb"},"inLanguage":"pt-PT","potentialAction":[{"@type":"ReadAction","target":["https:\/\/www.atelierdocaractere.pt\/brevemente\/aldeias-bauhaus-para-o-futuro-dao-primeiro-passo-em-dornelas-do-zezere\/"]}]},{"@type":"BreadcrumbList","@id":"https:\/\/www.atelierdocaractere.pt\/brevemente\/aldeias-bauhaus-para-o-futuro-dao-primeiro-passo-em-dornelas-do-zezere\/#breadcrumb","itemListElement":[{"@type":"ListItem","position":1,"name":"In\u00edcio","item":"https:\/\/www.atelierdocaractere.pt\/brevemente\/"},{"@type":"ListItem","position":2,"name":"\u201cAldeias Bauhaus para o Futuro\u201d d\u00e3o primeiro passo em Dornelas do Z\u00eazere"}]},{"@type":"WebSite","@id":"https:\/\/www.atelierdocaractere.pt\/brevemente\/#website","url":"https:\/\/www.atelierdocaractere.pt\/brevemente\/","name":"Atelier do Caractere","description":"","potentialAction":[{"@type":"SearchAction","target":{"@type":"EntryPoint","urlTemplate":"https:\/\/www.atelierdocaractere.pt\/brevemente\/?s={search_term_string}"},"query-input":"required name=search_term_string"}],"inLanguage":"pt-PT"},{"@type":"Person","@id":"https:\/\/www.atelierdocaractere.pt\/brevemente\/#\/schema\/person\/f2f096eb0f27d9894725af22cb97c0db","name":"Joana Barbosa","image":{"@type":"ImageObject","inLanguage":"pt-PT","@id":"https:\/\/www.atelierdocaractere.pt\/brevemente\/#\/schema\/person\/image\/","url":"https:\/\/secure.gravatar.com\/avatar\/33e8214b45e9d68a3a83008731075979?s=96&d=mm&r=g","contentUrl":"https:\/\/secure.gravatar.com\/avatar\/33e8214b45e9d68a3a83008731075979?s=96&d=mm&r=g","caption":"Joana Barbosa"},"url":"https:\/\/www.atelierdocaractere.pt\/brevemente\/author\/joanabarbosa\/"}]}},"_links":{"self":[{"href":"https:\/\/www.atelierdocaractere.pt\/brevemente\/wp-json\/wp\/v2\/posts\/11472"}],"collection":[{"href":"https:\/\/www.atelierdocaractere.pt\/brevemente\/wp-json\/wp\/v2\/posts"}],"about":[{"href":"https:\/\/www.atelierdocaractere.pt\/brevemente\/wp-json\/wp\/v2\/types\/post"}],"author":[{"embeddable":true,"href":"https:\/\/www.atelierdocaractere.pt\/brevemente\/wp-json\/wp\/v2\/users\/7"}],"replies":[{"embeddable":true,"href":"https:\/\/www.atelierdocaractere.pt\/brevemente\/wp-json\/wp\/v2\/comments?post=11472"}],"version-history":[{"count":1,"href":"https:\/\/www.atelierdocaractere.pt\/brevemente\/wp-json\/wp\/v2\/posts\/11472\/revisions"}],"predecessor-version":[{"id":11476,"href":"https:\/\/www.atelierdocaractere.pt\/brevemente\/wp-json\/wp\/v2\/posts\/11472\/revisions\/11476"}],"wp:featuredmedia":[{"embeddable":true,"href":"https:\/\/www.atelierdocaractere.pt\/brevemente\/wp-json\/wp\/v2\/media\/11475"}],"wp:attachment":[{"href":"https:\/\/www.atelierdocaractere.pt\/brevemente\/wp-json\/wp\/v2\/media?parent=11472"}],"wp:term":[{"taxonomy":"category","embeddable":true,"href":"https:\/\/www.atelierdocaractere.pt\/brevemente\/wp-json\/wp\/v2\/categories?post=11472"},{"taxonomy":"post_tag","embeddable":true,"href":"https:\/\/www.atelierdocaractere.pt\/brevemente\/wp-json\/wp\/v2\/tags?post=11472"}],"curies":[{"name":"wp","href":"https:\/\/api.w.org\/{rel}","templated":true}]}}