{"id":11567,"date":"2023-04-14T16:45:38","date_gmt":"2023-04-14T16:45:38","guid":{"rendered":"https:\/\/www.atelierdocaractere.pt\/brevemente\/?p=11567"},"modified":"2023-04-14T16:45:40","modified_gmt":"2023-04-14T16:45:40","slug":"glex-summit-regressa-aos-acores-em-junho-e-anuncia-os-primeiros-exploradores","status":"publish","type":"post","link":"https:\/\/www.atelierdocaractere.pt\/brevemente\/glex-summit-regressa-aos-acores-em-junho-e-anuncia-os-primeiros-exploradores\/","title":{"rendered":"GLEX Summit regressa aos A\u00e7ores em junho e anuncia os primeiros exploradores"},"content":{"rendered":"\n<p><strong>A <a href=\"https:\/\/www.glexsummit.com\/\" target=\"_blank\" rel=\"noreferrer noopener\">Global Exploration Summit (GLEX Summit)<\/a> est\u00e1 de volta a Portugal, entre os dias 14 a 16 de junho. O programa final ser\u00e1 revelado no pr\u00f3ximo dia 22 de abril, na gala anual do <a href=\"https:\/\/www.explorers.org\/\" target=\"_blank\" rel=\"noreferrer noopener\">The Explorers Club of New York<\/a>, mas com a confirma\u00e7\u00e3o dos primeiros nomes, \u00e9 poss\u00edvel antecipar o sucesso daquela que ser\u00e1 a quarta edi\u00e7\u00e3o da maior cimeira de exploradores do mundo. Na ilha Terceira, palco da iniciativa, j\u00e1 est\u00e1 garantido um vislumbre na busca do t\u00famulo de Cle\u00f3patra, um mergulho na paisagem sonora do planeta Marte, a exibi\u00e7\u00e3o das primeiras filmagens do maior invertebrado do mundo e uma \u201cexpedi\u00e7\u00e3o\u201d com algumas das esp\u00e9cies mais raras dos tr\u00f3picos.<\/strong><\/p>\n\n\n\n<p>Organizada pela <a href=\"https:\/\/www.expanding.pt\/\" target=\"_blank\" rel=\"noreferrer noopener\">Expanding World<\/a>, com a chancela e curadoria da prestigiada agremia\u00e7\u00e3o de l\u00edderes da explora\u00e7\u00e3o do planeta, o <a href=\"https:\/\/www.explorers.org\/\" target=\"_blank\" rel=\"noreferrer noopener\">The Explorers Club of New York<\/a>, a GLEX Summit regressa aos A\u00e7ores, com encontro marcado no Centro Cultural e de Congressos de Angra do Hero\u00edsmo. Sob o mote \u201cWhat\u2019s Next? Discoveries from the Edge\u201d, a cimeira volta a reunir a maior comunidade de exploradores do Planeta, dos Oceanos e do Espa\u00e7o, para promover a partilha das descobertas mais recentes e os projetos mais inovadores que est\u00e3o a revolucionar o mundo.<\/p>\n\n\n\n<p>E j\u00e1 est\u00e3o confirmados os quatro primeiros exploradores\u2026<\/p>\n\n\n\n<p><strong>As primeiras confirma\u00e7\u00f5es para a GLEX Summit 2023<\/strong><\/p>\n\n\n\n<p>Na ilha Terceira, Kathleen Martinez-Nazar, arque\u00f3loga e diplomata, ir\u00e1 conduzir-nos na sua busca incessante do t\u00famulo de Cle\u00f3patra, a \u00faltima fara\u00f3 eg\u00edpcia. Kathleen Martinez-Nazar nasceu na Rep\u00fablica Dominicana e exerceu como profiss\u00e3o advocacia criminal, uma \u00e1rea que, provavelmente, fomentou a determina\u00e7\u00e3o necess\u00e1ria para tentar decifrar um dos maiores mist\u00e9rios do mundo arqueol\u00f3gico.<\/p>\n\n\n\n<figure class=\"wp-block-image size-large\"><img decoding=\"async\" width=\"1024\" height=\"1024\" src=\"http:\/\/www.atelierdocaractere.pt\/wp-content\/uploads\/2023\/04\/kathleen-martinez-1024x1024.png\" alt=\"\" class=\"wp-image-11573\" srcset=\"https:\/\/www.atelierdocaractere.pt\/wp-content\/uploads\/2023\/04\/kathleen-martinez-1024x1024.png 1024w, https:\/\/www.atelierdocaractere.pt\/wp-content\/uploads\/2023\/04\/kathleen-martinez-300x300.png 300w, https:\/\/www.atelierdocaractere.pt\/wp-content\/uploads\/2023\/04\/kathleen-martinez-150x150.png 150w, https:\/\/www.atelierdocaractere.pt\/wp-content\/uploads\/2023\/04\/kathleen-martinez-768x768.png 768w, https:\/\/www.atelierdocaractere.pt\/wp-content\/uploads\/2023\/04\/kathleen-martinez-100x100.png 100w, https:\/\/www.atelierdocaractere.pt\/wp-content\/uploads\/2023\/04\/kathleen-martinez-140x140.png 140w, https:\/\/www.atelierdocaractere.pt\/wp-content\/uploads\/2023\/04\/kathleen-martinez-500x500.png 500w, https:\/\/www.atelierdocaractere.pt\/wp-content\/uploads\/2023\/04\/kathleen-martinez-350x350.png 350w, https:\/\/www.atelierdocaractere.pt\/wp-content\/uploads\/2023\/04\/kathleen-martinez-1000x1000.png 1000w, https:\/\/www.atelierdocaractere.pt\/wp-content\/uploads\/2023\/04\/kathleen-martinez-800x800.png 800w, https:\/\/www.atelierdocaractere.pt\/wp-content\/uploads\/2023\/04\/kathleen-martinez.png 1200w\" sizes=\"(max-width: 1024px) 100vw, 1024px\" \/><\/figure>\n\n\n\n<p>Diretamente do espa\u00e7o, a cientista planet\u00e1ria Nina Lanza revelar\u00e1 a import\u00e2ncia de parar\u2026 e escutar. Atrav\u00e9s da apresenta\u00e7\u00e3o da paisagem sonora de Marte, Nina Lanza explicar\u00e1 de que forma o som pode ser um aliado na investiga\u00e7\u00e3o do planeta. A cientista americana \u00e9 tamb\u00e9m coordenadora da equipa da NASA que controla as c\u00e2maras dos rovers Curiosity e Perseverance, do Laborat\u00f3rio de \u00c1lamos.<\/p>\n\n\n\n<figure class=\"wp-block-image size-large\"><img decoding=\"async\" width=\"1024\" height=\"1024\" src=\"http:\/\/www.atelierdocaractere.pt\/wp-content\/uploads\/2023\/04\/nina-lanza-1024x1024.png\" alt=\"\" class=\"wp-image-11571\" srcset=\"https:\/\/www.atelierdocaractere.pt\/wp-content\/uploads\/2023\/04\/nina-lanza-1024x1024.png 1024w, https:\/\/www.atelierdocaractere.pt\/wp-content\/uploads\/2023\/04\/nina-lanza-300x300.png 300w, https:\/\/www.atelierdocaractere.pt\/wp-content\/uploads\/2023\/04\/nina-lanza-150x150.png 150w, https:\/\/www.atelierdocaractere.pt\/wp-content\/uploads\/2023\/04\/nina-lanza-768x768.png 768w, https:\/\/www.atelierdocaractere.pt\/wp-content\/uploads\/2023\/04\/nina-lanza-100x100.png 100w, https:\/\/www.atelierdocaractere.pt\/wp-content\/uploads\/2023\/04\/nina-lanza-140x140.png 140w, https:\/\/www.atelierdocaractere.pt\/wp-content\/uploads\/2023\/04\/nina-lanza-500x500.png 500w, https:\/\/www.atelierdocaractere.pt\/wp-content\/uploads\/2023\/04\/nina-lanza-350x350.png 350w, https:\/\/www.atelierdocaractere.pt\/wp-content\/uploads\/2023\/04\/nina-lanza-1000x1000.png 1000w, https:\/\/www.atelierdocaractere.pt\/wp-content\/uploads\/2023\/04\/nina-lanza-800x800.png 800w, https:\/\/www.atelierdocaractere.pt\/wp-content\/uploads\/2023\/04\/nina-lanza.png 1200w\" sizes=\"(max-width: 1024px) 100vw, 1024px\" \/><\/figure>\n\n\n\n<p>Nas profundezas do oceano iremos ao encontro de Nathan J. Robinson, o bi\u00f3logo marinho que tem como miss\u00e3o reencontrar o maior invertebrado do mundo, a lula gigante. Ap\u00f3s filmar o primeiro v\u00eddeo de uma lula gigante, Nathan J. Robinson viajar\u00e1 at\u00e9 Portugal para partilhar a sua experi\u00eancia na procura do maior invertebrado do mundo nas \u00e1guas geladas da Ant\u00e1rtida.<\/p>\n\n\n\n<figure class=\"wp-block-image size-large\"><img decoding=\"async\" width=\"1024\" height=\"1024\" src=\"http:\/\/www.atelierdocaractere.pt\/wp-content\/uploads\/2023\/04\/nathan-robinson-1024x1024.png\" alt=\"\" class=\"wp-image-11572\" srcset=\"https:\/\/www.atelierdocaractere.pt\/wp-content\/uploads\/2023\/04\/nathan-robinson-1024x1024.png 1024w, https:\/\/www.atelierdocaractere.pt\/wp-content\/uploads\/2023\/04\/nathan-robinson-300x300.png 300w, https:\/\/www.atelierdocaractere.pt\/wp-content\/uploads\/2023\/04\/nathan-robinson-150x150.png 150w, https:\/\/www.atelierdocaractere.pt\/wp-content\/uploads\/2023\/04\/nathan-robinson-768x768.png 768w, https:\/\/www.atelierdocaractere.pt\/wp-content\/uploads\/2023\/04\/nathan-robinson-100x100.png 100w, https:\/\/www.atelierdocaractere.pt\/wp-content\/uploads\/2023\/04\/nathan-robinson-140x140.png 140w, https:\/\/www.atelierdocaractere.pt\/wp-content\/uploads\/2023\/04\/nathan-robinson-500x500.png 500w, https:\/\/www.atelierdocaractere.pt\/wp-content\/uploads\/2023\/04\/nathan-robinson-350x350.png 350w, https:\/\/www.atelierdocaractere.pt\/wp-content\/uploads\/2023\/04\/nathan-robinson-1000x1000.png 1000w, https:\/\/www.atelierdocaractere.pt\/wp-content\/uploads\/2023\/04\/nathan-robinson-800x800.png 800w, https:\/\/www.atelierdocaractere.pt\/wp-content\/uploads\/2023\/04\/nathan-robinson.png 1200w\" sizes=\"(max-width: 1024px) 100vw, 1024px\" \/><\/figure>\n\n\n\n<p>Alejandro Arteaga, bi\u00f3logo e explorador equatoriano-venezuelano, tem dedicado a carreira \u00e0 descoberta e redescoberta de esp\u00e9cies nos tr\u00f3picos. Entre as 29 esp\u00e9cies descobertas para a ci\u00eancia, o conservacionista conta com um curr\u00edculo diverso: preside a Funda\u00e7\u00e3o Khamai, dedicada \u00e0 conserva\u00e7\u00e3o da biodiversidade tropical e \u00e0 promo\u00e7\u00e3o de descoberta de novas esp\u00e9cies, \u00e9 autor de tr\u00eas livros e 23 artigos cient\u00edficos, e dedica-se a explorar e conservar florestas por todo o mundo.<\/p>\n\n\n\n<figure class=\"wp-block-image size-large\"><img decoding=\"async\" width=\"1024\" height=\"1024\" src=\"http:\/\/www.atelierdocaractere.pt\/wp-content\/uploads\/2023\/04\/alejandro-arteaga-1-1024x1024.png\" alt=\"\" class=\"wp-image-11568\" srcset=\"https:\/\/www.atelierdocaractere.pt\/wp-content\/uploads\/2023\/04\/alejandro-arteaga-1-1024x1024.png 1024w, https:\/\/www.atelierdocaractere.pt\/wp-content\/uploads\/2023\/04\/alejandro-arteaga-1-300x300.png 300w, https:\/\/www.atelierdocaractere.pt\/wp-content\/uploads\/2023\/04\/alejandro-arteaga-1-150x150.png 150w, https:\/\/www.atelierdocaractere.pt\/wp-content\/uploads\/2023\/04\/alejandro-arteaga-1-768x768.png 768w, https:\/\/www.atelierdocaractere.pt\/wp-content\/uploads\/2023\/04\/alejandro-arteaga-1-100x100.png 100w, https:\/\/www.atelierdocaractere.pt\/wp-content\/uploads\/2023\/04\/alejandro-arteaga-1-140x140.png 140w, https:\/\/www.atelierdocaractere.pt\/wp-content\/uploads\/2023\/04\/alejandro-arteaga-1-500x500.png 500w, https:\/\/www.atelierdocaractere.pt\/wp-content\/uploads\/2023\/04\/alejandro-arteaga-1-350x350.png 350w, https:\/\/www.atelierdocaractere.pt\/wp-content\/uploads\/2023\/04\/alejandro-arteaga-1-1000x1000.png 1000w, https:\/\/www.atelierdocaractere.pt\/wp-content\/uploads\/2023\/04\/alejandro-arteaga-1-800x800.png 800w, https:\/\/www.atelierdocaractere.pt\/wp-content\/uploads\/2023\/04\/alejandro-arteaga-1.png 1200w\" sizes=\"(max-width: 1024px) 100vw, 1024px\" \/><\/figure>\n\n\n\n<p>Estes nomes s\u00e3o os primeiros a serem divulgados de um vasto painel de oradores que, ao regressarem de expedi\u00e7\u00f5es precursoras, v\u00e3o apresentar as descobertas mais recentes e conduzir a audi\u00eancia numa viagem do mar profundo aos oceanos c\u00f3smicos, revelando novas miss\u00f5es e tecnologias.<\/p>\n\n\n\n<p>O <a href=\"https:\/\/www.inesctec.pt\/pt\/eventos\/soe23-space-ocean-and-earth-insights#about\" target=\"_blank\" rel=\"noreferrer noopener\">\u201cSpace, Ocean and Earth Insights\u201d<\/a> (SOE\u201923) organizado pelo INESC TEC &#8211; Institute for Systems and Computer Engineering e co-organizado pelo Programa UT Austin Portugal, pela plataforma TEC4SEA e pelo Institute for Astronautical Sciences and Space For All Nations, integra a programa\u00e7\u00e3o da GLEX Summit, revelando novas perspetivas e importantes conclus\u00f5es dos mais recentes projetos cient\u00edficos neste dom\u00ednio, que impulsionar\u00e3o a discuss\u00e3o do futuro da explora\u00e7\u00e3o.<\/p>\n\n\n\n<p><strong>Bilhetes j\u00e1 est\u00e3o dispon\u00edveis<\/strong><\/p>\n\n\n\n<p>Os bilhetes para a quarta edi\u00e7\u00e3o da GLEX Summit Portugal j\u00e1 se encontram dispon\u00edveis para a venda no website oficial do evento, em <a href=\"https:\/\/www.glexsummit.com\/tickets\" target=\"_blank\" rel=\"noreferrer noopener\">https:\/\/www.glexsummit.com\/tickets<\/a>.<\/p>\n\n\n\n<p>At\u00e9 30 de abril, podem ser adquiridos a um pre\u00e7o promocional, em regime Early Bird. Este ano, encontram-se dispon\u00edveis v\u00e1rios tipos de bilhetes:<\/p>\n\n\n\n<p>O GLEX Explorer permite o acesso a todas as sess\u00f5es no Centro de Congressos, coffee breaks, inclui um kit de oferta GLEX e um certificado de participa\u00e7\u00e3o.<\/p>\n\n\n\n<p>O GLEX Plus concede acesso a todas as sess\u00f5es do Centro de Congressos, Masterclass, coffee breaks e almo\u00e7os de networking, assim como o acesso a todas as sess\u00f5es durante tr\u00eas meses ap\u00f3s o evento, um kit de oferta GLEX e um certificado de participa\u00e7\u00e3o. Para mais detalhes, consulte a informa\u00e7\u00e3o presente na <a href=\"https:\/\/glexsummit2023.eventbrite.pt\/\" target=\"_blank\" rel=\"noreferrer noopener\">bilheteira<\/a>.<\/p>\n\n\n\n<p>\u00c9 de destacar que estudantes universit\u00e1rios, investigadores e docentes podem usufruir de um desconto de 50%, na compra do passe GLEX ACADEMIC.<\/p>\n\n\n\n<p>A edi\u00e7\u00e3o de 2022 pode ser recordada neste v\u00eddeo: <a href=\"https:\/\/youtu.be\/2oE483Ie750\" target=\"_blank\" rel=\"noreferrer noopener\">https:\/\/youtu.be\/2oE483Ie750<\/a>\u00a0<\/p>\n\n\n\n<figure class=\"wp-block-image size-large\"><img decoding=\"async\" width=\"1024\" height=\"681\" src=\"http:\/\/www.atelierdocaractere.pt\/wp-content\/uploads\/2023\/04\/glex-summit2-1024x681.jpg\" alt=\"\" class=\"wp-image-11569\" srcset=\"https:\/\/www.atelierdocaractere.pt\/wp-content\/uploads\/2023\/04\/glex-summit2-1024x681.jpg 1024w, https:\/\/www.atelierdocaractere.pt\/wp-content\/uploads\/2023\/04\/glex-summit2-300x200.jpg 300w, https:\/\/www.atelierdocaractere.pt\/wp-content\/uploads\/2023\/04\/glex-summit2-768x511.jpg 768w, https:\/\/www.atelierdocaractere.pt\/wp-content\/uploads\/2023\/04\/glex-summit2-1536x1021.jpg 1536w, https:\/\/www.atelierdocaractere.pt\/wp-content\/uploads\/2023\/04\/glex-summit2-900x600.jpg 900w, https:\/\/www.atelierdocaractere.pt\/wp-content\/uploads\/2023\/04\/glex-summit2-675x450.jpg 675w, https:\/\/www.atelierdocaractere.pt\/wp-content\/uploads\/2023\/04\/glex-summit2.jpg 1600w\" sizes=\"(max-width: 1024px) 100vw, 1024px\" \/><\/figure>\n\n\n\n<p><strong>Sobre a GLEX Summit:<\/strong><br>A Global Exploration Summit (GLEX Summit) foi criada no \u00e2mbito da celebra\u00e7\u00e3o do quinto centen\u00e1rio da primeira circum-navega\u00e7\u00e3o do mundo, comandada por Fern\u00e3o de Magalh\u00e3es. Em 2019, na edi\u00e7\u00e3o de estreia, a organiza\u00e7\u00e3o e o painel de oradores assinaram a Declara\u00e7\u00e3o de Lisboa, firmando o compromisso com a explora\u00e7\u00e3o fundamentada na procura de conhecimento cient\u00edfico para o progresso da humanidade e de toda a vida na Terra e no universo.<\/p>\n\n\n\n<p>Em apenas tr\u00eas edi\u00e7\u00f5es, a GLEX Summit tornou-se a maior cimeira de exploradores \u00e0 escala global, ao conseguir reunir um not\u00e1vel leque de oradores nas \u00e1reas da conserva\u00e7\u00e3o da natureza, oceanos, Terra e Espa\u00e7o, de que s\u00e3o exemplo lendas vivas da explora\u00e7\u00e3o e investiga\u00e7\u00e3o como James Garvin, Brian Cox, Beverly e Dereck Joubert, Fabien Cousteau, Sian Proctor, Sylvia Earle, entre muitos outros. As dezenas de palestras conduziram os espectadores a uma viagem por descobertas vanguardistas, tendo sido apresentadas importantes miss\u00f5es cient\u00edficas e tecnologias de ponta que t\u00eam impulsionado a Humanidade para novas fronteiras do conhecimento.<br>Por outro lado, a cimeira tem posicionado Portugal enquanto destino de boas pr\u00e1ticas na conserva\u00e7\u00e3o dos oceanos, na produ\u00e7\u00e3o e partilha cient\u00edfica, assim como destino refer\u00eancia de inclus\u00e3o e diversidade.<br><br><strong>Certifica\u00e7\u00e3o sustent\u00e1vel<\/strong><br>A GLEX \u00e9 um evento eco-respons\u00e1vel, com a certifica\u00e7\u00e3o da gest\u00e3o sustent\u00e1vel de eventos pela norma ISO 20121. Esta certifica\u00e7\u00e3o foi atribu\u00edda \u00e0 Expanding World pelo esfor\u00e7o empreendido em conjunto com o The Explorers Club de implementa\u00e7\u00e3o de um sistema de gest\u00e3o sustent\u00e1vel da cimeira.<br><\/p>\n","protected":false},"excerpt":{"rendered":"<p>A Global Exploration Summit (GLEX Summit) est\u00e1 de volta a Portugal, entre os dias 14 a 16 de junho. O&#8230;<\/p>\n","protected":false},"author":7,"featured_media":11570,"comment_status":"closed","ping_status":"open","sticky":false,"template":"","format":"standard","meta":[],"categories":[451],"tags":[470,143,446,543,544,545],"yoast_head":"<!-- This site is optimized with the Yoast SEO plugin v20.12 - https:\/\/yoast.com\/wordpress\/plugins\/seo\/ -->\n<title>GLEX Summit regressa aos A\u00e7ores em junho e anuncia os primeiros exploradores - Atelier do Caractere<\/title>\n<meta name=\"robots\" content=\"index, follow, max-snippet:-1, max-image-preview:large, max-video-preview:-1\" \/>\n<link rel=\"canonical\" href=\"https:\/\/www.atelierdocaractere.pt\/brevemente\/glex-summit-regressa-aos-acores-em-junho-e-anuncia-os-primeiros-exploradores\/\" \/>\n<meta property=\"og:locale\" content=\"pt_PT\" \/>\n<meta property=\"og:type\" content=\"article\" \/>\n<meta property=\"og:title\" content=\"GLEX Summit regressa aos A\u00e7ores em junho e anuncia os primeiros exploradores - Atelier do Caractere\" \/>\n<meta property=\"og:description\" content=\"A Global Exploration Summit (GLEX Summit) est\u00e1 de volta a Portugal, entre os dias 14 a 16 de junho. O...\" \/>\n<meta property=\"og:url\" content=\"https:\/\/www.atelierdocaractere.pt\/brevemente\/glex-summit-regressa-aos-acores-em-junho-e-anuncia-os-primeiros-exploradores\/\" \/>\n<meta property=\"og:site_name\" content=\"Atelier do Caractere\" \/>\n<meta property=\"article:publisher\" content=\"https:\/\/www.facebook.com\/AtelierdoCaractere\" \/>\n<meta property=\"article:published_time\" content=\"2023-04-14T16:45:38+00:00\" \/>\n<meta property=\"article:modified_time\" content=\"2023-04-14T16:45:40+00:00\" \/>\n<meta property=\"og:image\" content=\"http:\/\/www.atelierdocaractere.pt\/wp-content\/uploads\/2023\/04\/glex-summit1.jpg\" \/>\n\t<meta property=\"og:image:width\" content=\"1600\" \/>\n\t<meta property=\"og:image:height\" content=\"1064\" \/>\n\t<meta property=\"og:image:type\" content=\"image\/jpeg\" \/>\n<meta name=\"author\" content=\"Joana Barbosa\" \/>\n<meta name=\"twitter:card\" content=\"summary_large_image\" \/>\n<meta name=\"twitter:label1\" content=\"Escrito por\" \/>\n\t<meta name=\"twitter:data1\" content=\"Joana Barbosa\" \/>\n\t<meta name=\"twitter:label2\" content=\"Tempo estimado de leitura\" \/>\n\t<meta name=\"twitter:data2\" content=\"7 minutos\" \/>\n<script type=\"application\/ld+json\" class=\"yoast-schema-graph\">{\"@context\":\"https:\/\/schema.org\",\"@graph\":[{\"@type\":\"WebPage\",\"@id\":\"https:\/\/www.atelierdocaractere.pt\/brevemente\/glex-summit-regressa-aos-acores-em-junho-e-anuncia-os-primeiros-exploradores\/\",\"url\":\"https:\/\/www.atelierdocaractere.pt\/brevemente\/glex-summit-regressa-aos-acores-em-junho-e-anuncia-os-primeiros-exploradores\/\",\"name\":\"GLEX Summit regressa aos A\u00e7ores em junho e anuncia os primeiros exploradores - Atelier do Caractere\",\"isPartOf\":{\"@id\":\"https:\/\/www.atelierdocaractere.pt\/brevemente\/#website\"},\"datePublished\":\"2023-04-14T16:45:38+00:00\",\"dateModified\":\"2023-04-14T16:45:40+00:00\",\"author\":{\"@id\":\"https:\/\/www.atelierdocaractere.pt\/brevemente\/#\/schema\/person\/f2f096eb0f27d9894725af22cb97c0db\"},\"breadcrumb\":{\"@id\":\"https:\/\/www.atelierdocaractere.pt\/brevemente\/glex-summit-regressa-aos-acores-em-junho-e-anuncia-os-primeiros-exploradores\/#breadcrumb\"},\"inLanguage\":\"pt-PT\",\"potentialAction\":[{\"@type\":\"ReadAction\",\"target\":[\"https:\/\/www.atelierdocaractere.pt\/brevemente\/glex-summit-regressa-aos-acores-em-junho-e-anuncia-os-primeiros-exploradores\/\"]}]},{\"@type\":\"BreadcrumbList\",\"@id\":\"https:\/\/www.atelierdocaractere.pt\/brevemente\/glex-summit-regressa-aos-acores-em-junho-e-anuncia-os-primeiros-exploradores\/#breadcrumb\",\"itemListElement\":[{\"@type\":\"ListItem\",\"position\":1,\"name\":\"In\u00edcio\",\"item\":\"https:\/\/www.atelierdocaractere.pt\/brevemente\/\"},{\"@type\":\"ListItem\",\"position\":2,\"name\":\"GLEX Summit regressa aos A\u00e7ores em junho e anuncia os primeiros exploradores\"}]},{\"@type\":\"WebSite\",\"@id\":\"https:\/\/www.atelierdocaractere.pt\/brevemente\/#website\",\"url\":\"https:\/\/www.atelierdocaractere.pt\/brevemente\/\",\"name\":\"Atelier do Caractere\",\"description\":\"\",\"potentialAction\":[{\"@type\":\"SearchAction\",\"target\":{\"@type\":\"EntryPoint\",\"urlTemplate\":\"https:\/\/www.atelierdocaractere.pt\/brevemente\/?s={search_term_string}\"},\"query-input\":\"required name=search_term_string\"}],\"inLanguage\":\"pt-PT\"},{\"@type\":\"Person\",\"@id\":\"https:\/\/www.atelierdocaractere.pt\/brevemente\/#\/schema\/person\/f2f096eb0f27d9894725af22cb97c0db\",\"name\":\"Joana Barbosa\",\"image\":{\"@type\":\"ImageObject\",\"inLanguage\":\"pt-PT\",\"@id\":\"https:\/\/www.atelierdocaractere.pt\/brevemente\/#\/schema\/person\/image\/\",\"url\":\"https:\/\/secure.gravatar.com\/avatar\/33e8214b45e9d68a3a83008731075979?s=96&d=mm&r=g\",\"contentUrl\":\"https:\/\/secure.gravatar.com\/avatar\/33e8214b45e9d68a3a83008731075979?s=96&d=mm&r=g\",\"caption\":\"Joana Barbosa\"},\"url\":\"https:\/\/www.atelierdocaractere.pt\/brevemente\/author\/joanabarbosa\/\"}]}<\/script>\n<!-- \/ Yoast SEO plugin. -->","yoast_head_json":{"title":"GLEX Summit regressa aos A\u00e7ores em junho e anuncia os primeiros exploradores - Atelier do Caractere","robots":{"index":"index","follow":"follow","max-snippet":"max-snippet:-1","max-image-preview":"max-image-preview:large","max-video-preview":"max-video-preview:-1"},"canonical":"https:\/\/www.atelierdocaractere.pt\/brevemente\/glex-summit-regressa-aos-acores-em-junho-e-anuncia-os-primeiros-exploradores\/","og_locale":"pt_PT","og_type":"article","og_title":"GLEX Summit regressa aos A\u00e7ores em junho e anuncia os primeiros exploradores - Atelier do Caractere","og_description":"A Global Exploration Summit (GLEX Summit) est\u00e1 de volta a Portugal, entre os dias 14 a 16 de junho. O...","og_url":"https:\/\/www.atelierdocaractere.pt\/brevemente\/glex-summit-regressa-aos-acores-em-junho-e-anuncia-os-primeiros-exploradores\/","og_site_name":"Atelier do Caractere","article_publisher":"https:\/\/www.facebook.com\/AtelierdoCaractere","article_published_time":"2023-04-14T16:45:38+00:00","article_modified_time":"2023-04-14T16:45:40+00:00","og_image":[{"width":1600,"height":1064,"url":"http:\/\/www.atelierdocaractere.pt\/wp-content\/uploads\/2023\/04\/glex-summit1.jpg","type":"image\/jpeg"}],"author":"Joana Barbosa","twitter_card":"summary_large_image","twitter_misc":{"Escrito por":"Joana Barbosa","Tempo estimado de leitura":"7 minutos"},"schema":{"@context":"https:\/\/schema.org","@graph":[{"@type":"WebPage","@id":"https:\/\/www.atelierdocaractere.pt\/brevemente\/glex-summit-regressa-aos-acores-em-junho-e-anuncia-os-primeiros-exploradores\/","url":"https:\/\/www.atelierdocaractere.pt\/brevemente\/glex-summit-regressa-aos-acores-em-junho-e-anuncia-os-primeiros-exploradores\/","name":"GLEX Summit regressa aos A\u00e7ores em junho e anuncia os primeiros exploradores - Atelier do Caractere","isPartOf":{"@id":"https:\/\/www.atelierdocaractere.pt\/brevemente\/#website"},"datePublished":"2023-04-14T16:45:38+00:00","dateModified":"2023-04-14T16:45:40+00:00","author":{"@id":"https:\/\/www.atelierdocaractere.pt\/brevemente\/#\/schema\/person\/f2f096eb0f27d9894725af22cb97c0db"},"breadcrumb":{"@id":"https:\/\/www.atelierdocaractere.pt\/brevemente\/glex-summit-regressa-aos-acores-em-junho-e-anuncia-os-primeiros-exploradores\/#breadcrumb"},"inLanguage":"pt-PT","potentialAction":[{"@type":"ReadAction","target":["https:\/\/www.atelierdocaractere.pt\/brevemente\/glex-summit-regressa-aos-acores-em-junho-e-anuncia-os-primeiros-exploradores\/"]}]},{"@type":"BreadcrumbList","@id":"https:\/\/www.atelierdocaractere.pt\/brevemente\/glex-summit-regressa-aos-acores-em-junho-e-anuncia-os-primeiros-exploradores\/#breadcrumb","itemListElement":[{"@type":"ListItem","position":1,"name":"In\u00edcio","item":"https:\/\/www.atelierdocaractere.pt\/brevemente\/"},{"@type":"ListItem","position":2,"name":"GLEX Summit regressa aos A\u00e7ores em junho e anuncia os primeiros exploradores"}]},{"@type":"WebSite","@id":"https:\/\/www.atelierdocaractere.pt\/brevemente\/#website","url":"https:\/\/www.atelierdocaractere.pt\/brevemente\/","name":"Atelier do Caractere","description":"","potentialAction":[{"@type":"SearchAction","target":{"@type":"EntryPoint","urlTemplate":"https:\/\/www.atelierdocaractere.pt\/brevemente\/?s={search_term_string}"},"query-input":"required name=search_term_string"}],"inLanguage":"pt-PT"},{"@type":"Person","@id":"https:\/\/www.atelierdocaractere.pt\/brevemente\/#\/schema\/person\/f2f096eb0f27d9894725af22cb97c0db","name":"Joana Barbosa","image":{"@type":"ImageObject","inLanguage":"pt-PT","@id":"https:\/\/www.atelierdocaractere.pt\/brevemente\/#\/schema\/person\/image\/","url":"https:\/\/secure.gravatar.com\/avatar\/33e8214b45e9d68a3a83008731075979?s=96&d=mm&r=g","contentUrl":"https:\/\/secure.gravatar.com\/avatar\/33e8214b45e9d68a3a83008731075979?s=96&d=mm&r=g","caption":"Joana Barbosa"},"url":"https:\/\/www.atelierdocaractere.pt\/brevemente\/author\/joanabarbosa\/"}]}},"_links":{"self":[{"href":"https:\/\/www.atelierdocaractere.pt\/brevemente\/wp-json\/wp\/v2\/posts\/11567"}],"collection":[{"href":"https:\/\/www.atelierdocaractere.pt\/brevemente\/wp-json\/wp\/v2\/posts"}],"about":[{"href":"https:\/\/www.atelierdocaractere.pt\/brevemente\/wp-json\/wp\/v2\/types\/post"}],"author":[{"embeddable":true,"href":"https:\/\/www.atelierdocaractere.pt\/brevemente\/wp-json\/wp\/v2\/users\/7"}],"replies":[{"embeddable":true,"href":"https:\/\/www.atelierdocaractere.pt\/brevemente\/wp-json\/wp\/v2\/comments?post=11567"}],"version-history":[{"count":1,"href":"https:\/\/www.atelierdocaractere.pt\/brevemente\/wp-json\/wp\/v2\/posts\/11567\/revisions"}],"predecessor-version":[{"id":11574,"href":"https:\/\/www.atelierdocaractere.pt\/brevemente\/wp-json\/wp\/v2\/posts\/11567\/revisions\/11574"}],"wp:featuredmedia":[{"embeddable":true,"href":"https:\/\/www.atelierdocaractere.pt\/brevemente\/wp-json\/wp\/v2\/media\/11570"}],"wp:attachment":[{"href":"https:\/\/www.atelierdocaractere.pt\/brevemente\/wp-json\/wp\/v2\/media?parent=11567"}],"wp:term":[{"taxonomy":"category","embeddable":true,"href":"https:\/\/www.atelierdocaractere.pt\/brevemente\/wp-json\/wp\/v2\/categories?post=11567"},{"taxonomy":"post_tag","embeddable":true,"href":"https:\/\/www.atelierdocaractere.pt\/brevemente\/wp-json\/wp\/v2\/tags?post=11567"}],"curies":[{"name":"wp","href":"https:\/\/api.w.org\/{rel}","templated":true}]}}