{"id":11576,"date":"2023-04-16T15:15:00","date_gmt":"2023-04-16T15:15:00","guid":{"rendered":"https:\/\/www.atelierdocaractere.pt\/brevemente\/?p=11576"},"modified":"2023-04-19T18:50:39","modified_gmt":"2023-04-19T18:50:39","slug":"baja-tt-dehesa-extremadura-foi-desafio-duro-para-o-teamconsilcar","status":"publish","type":"post","link":"https:\/\/www.atelierdocaractere.pt\/brevemente\/baja-tt-dehesa-extremadura-foi-desafio-duro-para-o-teamconsilcar\/","title":{"rendered":"Baja TT Dehesa Extremadura foi desafio duro para o Team Consilcar"},"content":{"rendered":"\n<p><strong>Depois de um arranque promissor na Baja TT Montes Alentejanos, o Team Consilcar rumou este fim de semana a Espanha e \u00e0 prov\u00edncia raiana de Badajoz, para a Baja TT Dehesa Extremadura, segunda prova do Campeonato de Portugal de TT e pontu\u00e1vel para a Ta\u00e7a da Europa FIA de Bajas. Numa prova onde j\u00e1 brilharam no passado, Edgar Condenso e Ant\u00f3nio Serr\u00e3o foram condicionados pela quebra de um diferencial na Ford Ranger, na etapa de s\u00e1bado. Jovem Duarte Silva e Nuno Silva chegaram a rodar no top 6 da categoria T3 entre os melhores pilotos da Europa, mas problemas el\u00e9tricos no Can-Am obrigaram a dupla portuguesa a um abandono ingl\u00f3rio.<\/strong><\/p>\n\n\n\n<figure class=\"wp-block-image size-large\"><img decoding=\"async\" width=\"1024\" height=\"683\" src=\"http:\/\/www.atelierdocaractere.pt\/wp-content\/uploads\/2023\/04\/team-consilcar-1-1024x683.jpg\" alt=\"\" class=\"wp-image-11577\" srcset=\"https:\/\/www.atelierdocaractere.pt\/wp-content\/uploads\/2023\/04\/team-consilcar-1-1024x683.jpg 1024w, https:\/\/www.atelierdocaractere.pt\/wp-content\/uploads\/2023\/04\/team-consilcar-1-300x200.jpg 300w, https:\/\/www.atelierdocaractere.pt\/wp-content\/uploads\/2023\/04\/team-consilcar-1-768x512.jpg 768w, https:\/\/www.atelierdocaractere.pt\/wp-content\/uploads\/2023\/04\/team-consilcar-1-1536x1024.jpg 1536w, https:\/\/www.atelierdocaractere.pt\/wp-content\/uploads\/2023\/04\/team-consilcar-1-2048x1365.jpg 2048w, https:\/\/www.atelierdocaractere.pt\/wp-content\/uploads\/2023\/04\/team-consilcar-1-900x600.jpg 900w, https:\/\/www.atelierdocaractere.pt\/wp-content\/uploads\/2023\/04\/team-consilcar-1-675x450.jpg 675w, https:\/\/www.atelierdocaractere.pt\/wp-content\/uploads\/2023\/04\/team-consilcar-1-scaled.jpg 1920w\" sizes=\"(max-width: 1024px) 100vw, 1024px\" \/><\/figure>\n\n\n\n<p>A Baja TT Dehesa Extremadura marcou o regresso \u00e0 competi\u00e7\u00e3o de Edgar Condenso e do navegador Ant\u00f3nio Serr\u00e3o, que este ano repetem a aposta na espetacular Ford Ranger do agrupamento T1, ap\u00f3s uma profunda revis\u00e3o pelos t\u00e9cnicos da equipa. A dupla do Team Consilcar, que brilhou na Baja TT Dehesa Extremadura ao ganhar o Pr\u00f3logo \u00e0 geral em 2021 e ao liderar a prova em 2022, acabou por ser atrai\u00e7oada pela quebra do diferencial traseiro logo ao Km 25 da etapa de s\u00e1bado, sendo obrigada a desistir e a regressar \u00e0 prova em modo super rally, no domingo.<\/p>\n\n\n\n<figure class=\"wp-block-image size-large\"><img decoding=\"async\" width=\"1024\" height=\"682\" src=\"http:\/\/www.atelierdocaractere.pt\/wp-content\/uploads\/2023\/04\/team-consilcar-3-1024x682.jpg\" alt=\"\" class=\"wp-image-11579\" srcset=\"https:\/\/www.atelierdocaractere.pt\/wp-content\/uploads\/2023\/04\/team-consilcar-3-1024x682.jpg 1024w, https:\/\/www.atelierdocaractere.pt\/wp-content\/uploads\/2023\/04\/team-consilcar-3-300x200.jpg 300w, https:\/\/www.atelierdocaractere.pt\/wp-content\/uploads\/2023\/04\/team-consilcar-3-768x512.jpg 768w, https:\/\/www.atelierdocaractere.pt\/wp-content\/uploads\/2023\/04\/team-consilcar-3-1536x1023.jpg 1536w, https:\/\/www.atelierdocaractere.pt\/wp-content\/uploads\/2023\/04\/team-consilcar-3-2048x1365.jpg 2048w, https:\/\/www.atelierdocaractere.pt\/wp-content\/uploads\/2023\/04\/team-consilcar-3-900x600.jpg 900w, https:\/\/www.atelierdocaractere.pt\/wp-content\/uploads\/2023\/04\/team-consilcar-3-675x450.jpg 675w, https:\/\/www.atelierdocaractere.pt\/wp-content\/uploads\/2023\/04\/team-consilcar-3-scaled.jpg 1920w\" sizes=\"(max-width: 1024px) 100vw, 1024px\" \/><\/figure>\n\n\n\n<p>Na derradeira etapa, o ex-campe\u00e3o nacional de T2 e vencedor da Ta\u00e7a Ib\u00e9rica quis acumular quil\u00f3metros em competi\u00e7\u00e3o, para perceber o set-up ideal para a Ford Ranger.&nbsp;<strong>\u201cN\u00e3o foi exatamente o fim de semana que quer\u00edamos, pois t\u00ednhamos andado muito bem nesta baja nos \u00faltimos dois anos, apesar do plantel de luxo da prova este ano\u201d<\/strong>, analisou Edgar Condenso.&nbsp;<strong>\u201cA equipa fez um grande esfor\u00e7o para ter o carro pronto para esta prova e, curiosamente, o diferencial que partiu foi uma das poucas pe\u00e7as que n\u00e3o foram trocadas na reconstru\u00e7\u00e3o do carro, pois s\u00f3 nos foi entregue h\u00e1 poucos dias. Ainda assim, no domingo j\u00e1 pudemos acumular quil\u00f3metros com o carro, para perceber o que temos de afinar, principalmente ao n\u00edvel da suspens\u00e3o. No fundo, retir\u00e1mos ila\u00e7\u00f5es importantes para o futuro\u201d<\/strong>, referiu o piloto de Lisboa.<\/p>\n\n\n\n<figure class=\"wp-block-image size-large\"><img decoding=\"async\" width=\"1024\" height=\"683\" src=\"http:\/\/www.atelierdocaractere.pt\/wp-content\/uploads\/2023\/04\/team-consilcar-2-1024x683.jpg\" alt=\"\" class=\"wp-image-11578\" srcset=\"https:\/\/www.atelierdocaractere.pt\/wp-content\/uploads\/2023\/04\/team-consilcar-2-1024x683.jpg 1024w, https:\/\/www.atelierdocaractere.pt\/wp-content\/uploads\/2023\/04\/team-consilcar-2-300x200.jpg 300w, https:\/\/www.atelierdocaractere.pt\/wp-content\/uploads\/2023\/04\/team-consilcar-2-768x513.jpg 768w, https:\/\/www.atelierdocaractere.pt\/wp-content\/uploads\/2023\/04\/team-consilcar-2-1536x1025.jpg 1536w, https:\/\/www.atelierdocaractere.pt\/wp-content\/uploads\/2023\/04\/team-consilcar-2-2048x1367.jpg 2048w, https:\/\/www.atelierdocaractere.pt\/wp-content\/uploads\/2023\/04\/team-consilcar-2-900x600.jpg 900w, https:\/\/www.atelierdocaractere.pt\/wp-content\/uploads\/2023\/04\/team-consilcar-2-675x450.jpg 675w, https:\/\/www.atelierdocaractere.pt\/wp-content\/uploads\/2023\/04\/team-consilcar-2-scaled.jpg 1920w\" sizes=\"(max-width: 1024px) 100vw, 1024px\" \/><\/figure>\n\n\n\n<p><strong>Estreia azarada para Duarte Silva<\/strong><\/p>\n\n\n\n<p>Com apenas 21 anos, Duarte Silva p\u00f4de fazer a sua estreia absoluta numa prova da Ta\u00e7a da Europa FIA de Bajas e o m\u00ednimo que se pode dizer \u00e9 que o jovem piloto do Team Consilcar confirmou o potencial que j\u00e1 tinha demonstrado no in\u00edcio da \u00e9poca. Sem conhecer a prova e integrado num plantel de luxo, onde os SSV da categoria T3 voltaram a discutir os primeiros lugares \u00e0 geral com as potentes m\u00e1quinas T1+ e T1, Duarte Silva esteve em bom plano no segundo setor seletivo, auxiliado pela navega\u00e7\u00e3o do pai, Nuno Silva, que j\u00e1 tinha experi\u00eancia da prova espanhola. Chegaram a rodar no 6\u00ba lugar dos T3 e num surpreendente 16.\u00ba lugar da geral, at\u00e9 um problema no retificador de corrente provocar uma falha geral no sistema el\u00e9trico do Can-Am.&nbsp;<strong>\u201cFic\u00e1mos sem dire\u00e7\u00e3o assistida, sem o painel de instrumentos e sem as ventoinhas de refrigera\u00e7\u00e3o do motor\u201d<\/strong>, conta o jovem piloto lisboeta.&nbsp;<strong>\u201cTivemos de desistir e tentar levar o carro at\u00e9 \u00e0 assist\u00eancia, o que conseguimos ap\u00f3s 100 quil\u00f3metros de muito esfor\u00e7o. No domingo, volt\u00e1mos a ter problemas el\u00e9tricos e o carro come\u00e7ou a aquecer bastante, o que nos obrigou a parar para n\u00e3o partir o motor. Foi uma prova agridoce. Por um lado, mostr\u00e1mos um bom andamento entre os melhores pilotos da Europa, numa prova muito diversificada e que eu n\u00e3o conhecia; por outro lado, os problemas no carro n\u00e3o nos permitiram ir mais longe, tal como tinha acontecido em Beja. As corridas s\u00e3o mesmo assim\u201d<\/strong>, afirmou Duarte Silva.<\/p>\n\n\n\n<p>O Team Consilcar vai agora preparar a terceira prova do Campeonato de Portugal de TT, a Baja TT Norte de Portugal, a disputar de 5 a 7 de maio, na regi\u00e3o de Tr\u00e1s-os-Montes.<\/p>\n\n\n\n<p>Acompanhe todas as novidades nas p\u00e1ginas oficiais do Team Consilcar no&nbsp;<a href=\"https:\/\/www.facebook.com\/teamconsilcarcom\" target=\"_blank\" rel=\"noreferrer noopener\">Facebook<\/a>&nbsp;e&nbsp;<a href=\"https:\/\/www.instagram.com\/team.consilcar\/\" target=\"_blank\" rel=\"noreferrer noopener\">Instagram<\/a>.<\/p>\n","protected":false},"excerpt":{"rendered":"<p>Depois de um arranque promissor na Baja TT Montes Alentejanos, o Team Consilcar rumou este fim de semana a Espanha&#8230;<\/p>\n","protected":false},"author":7,"featured_media":11580,"comment_status":"closed","ping_status":"open","sticky":false,"template":"","format":"standard","meta":[],"categories":[24],"tags":[538,546,313,547,287],"yoast_head":"<!-- This site is optimized with the Yoast SEO plugin v20.12 - https:\/\/yoast.com\/wordpress\/plugins\/seo\/ -->\n<title>Baja TT Dehesa Extremadura foi desafio duro para o Team Consilcar - Atelier do Caractere<\/title>\n<meta name=\"robots\" content=\"index, follow, max-snippet:-1, max-image-preview:large, max-video-preview:-1\" \/>\n<link rel=\"canonical\" href=\"https:\/\/www.atelierdocaractere.pt\/brevemente\/baja-tt-dehesa-extremadura-foi-desafio-duro-para-o-teamconsilcar\/\" \/>\n<meta property=\"og:locale\" content=\"pt_PT\" \/>\n<meta property=\"og:type\" content=\"article\" \/>\n<meta property=\"og:title\" content=\"Baja TT Dehesa Extremadura foi desafio duro para o Team Consilcar - Atelier do Caractere\" \/>\n<meta property=\"og:description\" content=\"Depois de um arranque promissor na Baja TT Montes Alentejanos, o Team Consilcar rumou este fim de semana a Espanha...\" \/>\n<meta property=\"og:url\" content=\"https:\/\/www.atelierdocaractere.pt\/brevemente\/baja-tt-dehesa-extremadura-foi-desafio-duro-para-o-teamconsilcar\/\" \/>\n<meta property=\"og:site_name\" content=\"Atelier do Caractere\" \/>\n<meta property=\"article:publisher\" content=\"https:\/\/www.facebook.com\/AtelierdoCaractere\" \/>\n<meta property=\"article:published_time\" content=\"2023-04-16T15:15:00+00:00\" \/>\n<meta property=\"article:modified_time\" content=\"2023-04-19T18:50:39+00:00\" \/>\n<meta property=\"og:image\" content=\"http:\/\/www.atelierdocaractere.pt\/wp-content\/uploads\/2023\/04\/team-consilcar-4-scaled.jpg\" \/>\n\t<meta property=\"og:image:width\" content=\"2560\" \/>\n\t<meta property=\"og:image:height\" content=\"1686\" \/>\n\t<meta property=\"og:image:type\" content=\"image\/jpeg\" \/>\n<meta name=\"author\" content=\"Joana Barbosa\" \/>\n<meta name=\"twitter:card\" content=\"summary_large_image\" \/>\n<meta name=\"twitter:label1\" content=\"Escrito por\" \/>\n\t<meta name=\"twitter:data1\" content=\"Joana Barbosa\" \/>\n\t<meta name=\"twitter:label2\" content=\"Tempo estimado de leitura\" \/>\n\t<meta name=\"twitter:data2\" content=\"5 minutos\" \/>\n<script type=\"application\/ld+json\" class=\"yoast-schema-graph\">{\"@context\":\"https:\/\/schema.org\",\"@graph\":[{\"@type\":\"WebPage\",\"@id\":\"https:\/\/www.atelierdocaractere.pt\/brevemente\/baja-tt-dehesa-extremadura-foi-desafio-duro-para-o-teamconsilcar\/\",\"url\":\"https:\/\/www.atelierdocaractere.pt\/brevemente\/baja-tt-dehesa-extremadura-foi-desafio-duro-para-o-teamconsilcar\/\",\"name\":\"Baja TT Dehesa Extremadura foi desafio duro para o Team Consilcar - Atelier do Caractere\",\"isPartOf\":{\"@id\":\"https:\/\/www.atelierdocaractere.pt\/brevemente\/#website\"},\"datePublished\":\"2023-04-16T15:15:00+00:00\",\"dateModified\":\"2023-04-19T18:50:39+00:00\",\"author\":{\"@id\":\"https:\/\/www.atelierdocaractere.pt\/brevemente\/#\/schema\/person\/f2f096eb0f27d9894725af22cb97c0db\"},\"breadcrumb\":{\"@id\":\"https:\/\/www.atelierdocaractere.pt\/brevemente\/baja-tt-dehesa-extremadura-foi-desafio-duro-para-o-teamconsilcar\/#breadcrumb\"},\"inLanguage\":\"pt-PT\",\"potentialAction\":[{\"@type\":\"ReadAction\",\"target\":[\"https:\/\/www.atelierdocaractere.pt\/brevemente\/baja-tt-dehesa-extremadura-foi-desafio-duro-para-o-teamconsilcar\/\"]}]},{\"@type\":\"BreadcrumbList\",\"@id\":\"https:\/\/www.atelierdocaractere.pt\/brevemente\/baja-tt-dehesa-extremadura-foi-desafio-duro-para-o-teamconsilcar\/#breadcrumb\",\"itemListElement\":[{\"@type\":\"ListItem\",\"position\":1,\"name\":\"In\u00edcio\",\"item\":\"https:\/\/www.atelierdocaractere.pt\/brevemente\/\"},{\"@type\":\"ListItem\",\"position\":2,\"name\":\"Baja TT Dehesa Extremadura foi desafio duro para o Team Consilcar\"}]},{\"@type\":\"WebSite\",\"@id\":\"https:\/\/www.atelierdocaractere.pt\/brevemente\/#website\",\"url\":\"https:\/\/www.atelierdocaractere.pt\/brevemente\/\",\"name\":\"Atelier do Caractere\",\"description\":\"\",\"potentialAction\":[{\"@type\":\"SearchAction\",\"target\":{\"@type\":\"EntryPoint\",\"urlTemplate\":\"https:\/\/www.atelierdocaractere.pt\/brevemente\/?s={search_term_string}\"},\"query-input\":\"required name=search_term_string\"}],\"inLanguage\":\"pt-PT\"},{\"@type\":\"Person\",\"@id\":\"https:\/\/www.atelierdocaractere.pt\/brevemente\/#\/schema\/person\/f2f096eb0f27d9894725af22cb97c0db\",\"name\":\"Joana Barbosa\",\"image\":{\"@type\":\"ImageObject\",\"inLanguage\":\"pt-PT\",\"@id\":\"https:\/\/www.atelierdocaractere.pt\/brevemente\/#\/schema\/person\/image\/\",\"url\":\"https:\/\/secure.gravatar.com\/avatar\/33e8214b45e9d68a3a83008731075979?s=96&d=mm&r=g\",\"contentUrl\":\"https:\/\/secure.gravatar.com\/avatar\/33e8214b45e9d68a3a83008731075979?s=96&d=mm&r=g\",\"caption\":\"Joana Barbosa\"},\"url\":\"https:\/\/www.atelierdocaractere.pt\/brevemente\/author\/joanabarbosa\/\"}]}<\/script>\n<!-- \/ Yoast SEO plugin. -->","yoast_head_json":{"title":"Baja TT Dehesa Extremadura foi desafio duro para o Team Consilcar - Atelier do Caractere","robots":{"index":"index","follow":"follow","max-snippet":"max-snippet:-1","max-image-preview":"max-image-preview:large","max-video-preview":"max-video-preview:-1"},"canonical":"https:\/\/www.atelierdocaractere.pt\/brevemente\/baja-tt-dehesa-extremadura-foi-desafio-duro-para-o-teamconsilcar\/","og_locale":"pt_PT","og_type":"article","og_title":"Baja TT Dehesa Extremadura foi desafio duro para o Team Consilcar - Atelier do Caractere","og_description":"Depois de um arranque promissor na Baja TT Montes Alentejanos, o Team Consilcar rumou este fim de semana a Espanha...","og_url":"https:\/\/www.atelierdocaractere.pt\/brevemente\/baja-tt-dehesa-extremadura-foi-desafio-duro-para-o-teamconsilcar\/","og_site_name":"Atelier do Caractere","article_publisher":"https:\/\/www.facebook.com\/AtelierdoCaractere","article_published_time":"2023-04-16T15:15:00+00:00","article_modified_time":"2023-04-19T18:50:39+00:00","og_image":[{"width":2560,"height":1686,"url":"http:\/\/www.atelierdocaractere.pt\/wp-content\/uploads\/2023\/04\/team-consilcar-4-scaled.jpg","type":"image\/jpeg"}],"author":"Joana Barbosa","twitter_card":"summary_large_image","twitter_misc":{"Escrito por":"Joana Barbosa","Tempo estimado de leitura":"5 minutos"},"schema":{"@context":"https:\/\/schema.org","@graph":[{"@type":"WebPage","@id":"https:\/\/www.atelierdocaractere.pt\/brevemente\/baja-tt-dehesa-extremadura-foi-desafio-duro-para-o-teamconsilcar\/","url":"https:\/\/www.atelierdocaractere.pt\/brevemente\/baja-tt-dehesa-extremadura-foi-desafio-duro-para-o-teamconsilcar\/","name":"Baja TT Dehesa Extremadura foi desafio duro para o Team Consilcar - Atelier do Caractere","isPartOf":{"@id":"https:\/\/www.atelierdocaractere.pt\/brevemente\/#website"},"datePublished":"2023-04-16T15:15:00+00:00","dateModified":"2023-04-19T18:50:39+00:00","author":{"@id":"https:\/\/www.atelierdocaractere.pt\/brevemente\/#\/schema\/person\/f2f096eb0f27d9894725af22cb97c0db"},"breadcrumb":{"@id":"https:\/\/www.atelierdocaractere.pt\/brevemente\/baja-tt-dehesa-extremadura-foi-desafio-duro-para-o-teamconsilcar\/#breadcrumb"},"inLanguage":"pt-PT","potentialAction":[{"@type":"ReadAction","target":["https:\/\/www.atelierdocaractere.pt\/brevemente\/baja-tt-dehesa-extremadura-foi-desafio-duro-para-o-teamconsilcar\/"]}]},{"@type":"BreadcrumbList","@id":"https:\/\/www.atelierdocaractere.pt\/brevemente\/baja-tt-dehesa-extremadura-foi-desafio-duro-para-o-teamconsilcar\/#breadcrumb","itemListElement":[{"@type":"ListItem","position":1,"name":"In\u00edcio","item":"https:\/\/www.atelierdocaractere.pt\/brevemente\/"},{"@type":"ListItem","position":2,"name":"Baja TT Dehesa Extremadura foi desafio duro para o Team Consilcar"}]},{"@type":"WebSite","@id":"https:\/\/www.atelierdocaractere.pt\/brevemente\/#website","url":"https:\/\/www.atelierdocaractere.pt\/brevemente\/","name":"Atelier do Caractere","description":"","potentialAction":[{"@type":"SearchAction","target":{"@type":"EntryPoint","urlTemplate":"https:\/\/www.atelierdocaractere.pt\/brevemente\/?s={search_term_string}"},"query-input":"required name=search_term_string"}],"inLanguage":"pt-PT"},{"@type":"Person","@id":"https:\/\/www.atelierdocaractere.pt\/brevemente\/#\/schema\/person\/f2f096eb0f27d9894725af22cb97c0db","name":"Joana Barbosa","image":{"@type":"ImageObject","inLanguage":"pt-PT","@id":"https:\/\/www.atelierdocaractere.pt\/brevemente\/#\/schema\/person\/image\/","url":"https:\/\/secure.gravatar.com\/avatar\/33e8214b45e9d68a3a83008731075979?s=96&d=mm&r=g","contentUrl":"https:\/\/secure.gravatar.com\/avatar\/33e8214b45e9d68a3a83008731075979?s=96&d=mm&r=g","caption":"Joana Barbosa"},"url":"https:\/\/www.atelierdocaractere.pt\/brevemente\/author\/joanabarbosa\/"}]}},"_links":{"self":[{"href":"https:\/\/www.atelierdocaractere.pt\/brevemente\/wp-json\/wp\/v2\/posts\/11576"}],"collection":[{"href":"https:\/\/www.atelierdocaractere.pt\/brevemente\/wp-json\/wp\/v2\/posts"}],"about":[{"href":"https:\/\/www.atelierdocaractere.pt\/brevemente\/wp-json\/wp\/v2\/types\/post"}],"author":[{"embeddable":true,"href":"https:\/\/www.atelierdocaractere.pt\/brevemente\/wp-json\/wp\/v2\/users\/7"}],"replies":[{"embeddable":true,"href":"https:\/\/www.atelierdocaractere.pt\/brevemente\/wp-json\/wp\/v2\/comments?post=11576"}],"version-history":[{"count":1,"href":"https:\/\/www.atelierdocaractere.pt\/brevemente\/wp-json\/wp\/v2\/posts\/11576\/revisions"}],"predecessor-version":[{"id":11581,"href":"https:\/\/www.atelierdocaractere.pt\/brevemente\/wp-json\/wp\/v2\/posts\/11576\/revisions\/11581"}],"wp:featuredmedia":[{"embeddable":true,"href":"https:\/\/www.atelierdocaractere.pt\/brevemente\/wp-json\/wp\/v2\/media\/11580"}],"wp:attachment":[{"href":"https:\/\/www.atelierdocaractere.pt\/brevemente\/wp-json\/wp\/v2\/media?parent=11576"}],"wp:term":[{"taxonomy":"category","embeddable":true,"href":"https:\/\/www.atelierdocaractere.pt\/brevemente\/wp-json\/wp\/v2\/categories?post=11576"},{"taxonomy":"post_tag","embeddable":true,"href":"https:\/\/www.atelierdocaractere.pt\/brevemente\/wp-json\/wp\/v2\/tags?post=11576"}],"curies":[{"name":"wp","href":"https:\/\/api.w.org\/{rel}","templated":true}]}}