{"id":11598,"date":"2023-04-20T14:03:00","date_gmt":"2023-04-20T14:03:00","guid":{"rendered":"https:\/\/www.atelierdocaractere.pt\/brevemente\/?p=11598"},"modified":"2023-04-21T15:58:47","modified_gmt":"2023-04-21T15:58:47","slug":"glex-summit-2023-e-apresentada-este-sabado-em-nova-iorque-na-gala-anual-do-the-explorers-club","status":"publish","type":"post","link":"https:\/\/www.atelierdocaractere.pt\/brevemente\/glex-summit-2023-e-apresentada-este-sabado-em-nova-iorque-na-gala-anual-do-the-explorers-club\/","title":{"rendered":"<a><strong>GLEX Summit 2023 \u00e9 apresentada, este s\u00e1bado, em Nova Iorque, na gala anual do The Explorers Club<\/strong><\/a>"},"content":{"rendered":"\n<p><strong>A cimeira que junta, em Portugal, a maior comunidade de exploradores do mundo revelar\u00e1 o programa final e uma lista de 15 oradores na gala anual do The Explorers Club, no dia 22 de abril, perante uma plateia de 1.400 pessoas. Este ano, a&nbsp;<\/strong><a href=\"https:\/\/www.glexsummit.com\/\" target=\"_blank\" rel=\"noreferrer noopener\"><strong>GLEX Summit<\/strong><\/a><strong>&nbsp;escolheu como palco a ilha Terceira, nos A\u00e7ores, que, entre os dias 14 a 16 de junho, recebe alguns dos mais inspiradores exploradores e cientistas do planeta.<\/strong><\/p>\n\n\n\n<p>No pr\u00f3ximo s\u00e1bado, Portugal e os A\u00e7ores, em particular, v\u00e3o estar no epicentro de todas as conversas na gala anual do&nbsp;<a href=\"https:\/\/www.explorers.org\/\" target=\"_blank\" rel=\"noreferrer noopener\">The Explorers Club of New York<\/a>. Como \u00e9 tradi\u00e7\u00e3o,&nbsp;<a href=\"https:\/\/richardgarriott.com\/\" target=\"_blank\" rel=\"noreferrer noopener\">Richard Garriott<\/a>, presidente da prestigiada agremia\u00e7\u00e3o de l\u00edderes da explora\u00e7\u00e3o do planeta, abre as portas da&nbsp;<a href=\"https:\/\/www.theglasshouses.com\/the-glasshouse\" target=\"_blank\" rel=\"noreferrer noopener\">The Glasshouse<\/a>&nbsp;a 1.400 convidados, para revelar o programa da GLEX Summit e os nomes de 15 dos oradores que v\u00e3o participar na cimeira.<\/p>\n\n\n\n<p>Organizada pela&nbsp;<a href=\"https:\/\/www.expanding.pt\/\" target=\"_blank\" rel=\"noreferrer noopener\">Expanding World<\/a>, com a chancela e curadoria do&nbsp;<a href=\"https:\/\/www.explorers.org\/\" target=\"_blank\" rel=\"noreferrer noopener\">The Explorers Club of New York<\/a>, a GLEX Summit realiza-se nos A\u00e7ores pelo segundo ano consecutivo, com encontro marcado no Centro Cultural e de Congressos de Angra do Hero\u00edsmo, entre os dias 14 e 16 de junho. Sob o mote \u201cWhat\u2019s Next? Discoveries from the Edge\u201d, a cimeira volta a reunir a maior comunidade de exploradores do Planeta, dos Oceanos e do Espa\u00e7o, para promover a partilha das descobertas mais recentes e os projetos mais inovadores que est\u00e3o a revolucionar o mundo.<\/p>\n\n\n\n<p>Manuel Vaz, fundador da Expanding Group sublinha: \u201c\u00c9 com enorme satisfa\u00e7\u00e3o que volt\u00e1mos a garantir Portugal como palco do maior encontro de exploradores do planeta, desta vez, na ilha Terceira. Uma cimeira que refor\u00e7a a import\u00e2ncia geoestrat\u00e9gica dos A\u00e7ores, em particular da Terceira, nos \u00faltimos 500 anos. No pr\u00f3ximo s\u00e1bado, em Nova Iorque, vamos apresentar o programa da GLEX Summit e revelar os temas que v\u00e3o ser abordados. Posso antecipar que, no que toca \u00e0 conserva\u00e7\u00e3o da natureza, a Amaz\u00f3nia vai ter um grande destaque. Relativamente \u00e0 explora\u00e7\u00e3o espacial, a Miss\u00e3o Artemis estar\u00e1 em evid\u00eancia, enquanto no campo da explora\u00e7\u00e3o espacial e da inova\u00e7\u00e3o, o Telesc\u00f3pio Espacial James Webb ser\u00e1 o centro das aten\u00e7\u00f5es. Mas claro que os oceanos e a sua conserva\u00e7\u00e3o tamb\u00e9m estar\u00e3o em destaque, assim como a explora\u00e7\u00e3o polar, a biologia, as ci\u00eancias planet\u00e1rias e a arqueologia\u201d.<\/p>\n\n\n\n<p>Integrado na programa\u00e7\u00e3o da GLEX Summit, o&nbsp;<a href=\"https:\/\/www.inesctec.pt\/pt\/eventos\/soe23-space-ocean-and-earth-insights#about\" target=\"_blank\" rel=\"noreferrer noopener\">\u201cSpace, Ocean and Earth Insights\u201d<\/a>&nbsp;(SOE\u201923) organizado pelo INESC TEC &#8211; Institute for Systems and Computer Engineering e co-organizado pelo Programa UT Austin Portugal, pela plataforma TEC4SEA e pelo Institute for Astronautical Sciences e Space For All Nations, promete revelar novas perspetivas e importantes conclus\u00f5es dos mais recentes projetos cient\u00edficos neste dom\u00ednio, que impulsionar\u00e3o a discuss\u00e3o do futuro da explora\u00e7\u00e3o.<\/p>\n\n\n\n<figure class=\"wp-block-image size-large\"><img decoding=\"async\" width=\"1024\" height=\"681\" src=\"http:\/\/www.atelierdocaractere.pt\/wp-content\/uploads\/2023\/04\/glex-summit2-1-1024x681.jpg\" alt=\"\" class=\"wp-image-11600\" srcset=\"https:\/\/www.atelierdocaractere.pt\/wp-content\/uploads\/2023\/04\/glex-summit2-1-1024x681.jpg 1024w, https:\/\/www.atelierdocaractere.pt\/wp-content\/uploads\/2023\/04\/glex-summit2-1-300x200.jpg 300w, https:\/\/www.atelierdocaractere.pt\/wp-content\/uploads\/2023\/04\/glex-summit2-1-768x511.jpg 768w, https:\/\/www.atelierdocaractere.pt\/wp-content\/uploads\/2023\/04\/glex-summit2-1-1536x1021.jpg 1536w, https:\/\/www.atelierdocaractere.pt\/wp-content\/uploads\/2023\/04\/glex-summit2-1-900x600.jpg 900w, https:\/\/www.atelierdocaractere.pt\/wp-content\/uploads\/2023\/04\/glex-summit2-1-675x450.jpg 675w, https:\/\/www.atelierdocaractere.pt\/wp-content\/uploads\/2023\/04\/glex-summit2-1.jpg 1600w\" sizes=\"(max-width: 1024px) 100vw, 1024px\" \/><\/figure>\n\n\n\n<p><strong>Bilhetes j\u00e1 est\u00e3o dispon\u00edveis<\/strong><\/p>\n\n\n\n<p>Os bilhetes para a quarta edi\u00e7\u00e3o da GLEX Summit Portugal j\u00e1 se encontram dispon\u00edveis para a venda no website oficial do evento, em&nbsp;<a href=\"https:\/\/www.glexsummit.com\/tickets\" target=\"_blank\" rel=\"noreferrer noopener\">https:\/\/www.glexsummit.com\/tickets<\/a>.<\/p>\n\n\n\n<p>At\u00e9 30 de abril, podem ser adquiridos a um pre\u00e7o promocional, em regime Early Bird. Este ano, encontram-se dispon\u00edveis v\u00e1rios tipos de bilhetes:<\/p>\n\n\n\n<p>O GLEX Explorer permite o acesso a todas as sess\u00f5es no Centro de Congressos, coffee breaks, inclui um kit de oferta GLEX e um certificado de participa\u00e7\u00e3o.<\/p>\n\n\n\n<p>O GLEX Plus concede acesso a todas as sess\u00f5es do Centro de Congressos, Masterclass, coffee breaks e almo\u00e7os de networking, assim como o acesso a todas as sess\u00f5es durante tr\u00eas meses ap\u00f3s o evento, um kit de oferta GLEX e um certificado de participa\u00e7\u00e3o. Para mais detalhes, consulte a informa\u00e7\u00e3o presente na&nbsp;<a href=\"https:\/\/glexsummit2023.eventbrite.pt\/\" target=\"_blank\" rel=\"noreferrer noopener\">bilheteira<\/a>.<\/p>\n\n\n\n<p>\u00c9 de destacar que estudantes universit\u00e1rios, investigadores e docentes podem usufruir de um desconto de 50%, na compra do passe GLEX Academic.<\/p>\n\n\n\n<p>A edi\u00e7\u00e3o de 2022 pode ser recordada neste v\u00eddeo:&nbsp;<a href=\"https:\/\/youtu.be\/2oE483Ie750\" target=\"_blank\" rel=\"noreferrer noopener\">https:\/\/youtu.be\/2oE483Ie750<\/a>&nbsp;<\/p>\n\n\n\n<div class=\"wp-block-image\"><figure class=\"aligncenter size-large\"><img decoding=\"async\" width=\"681\" height=\"1024\" src=\"http:\/\/www.atelierdocaractere.pt\/wp-content\/uploads\/2023\/04\/glex-summit3-681x1024.jpg\" alt=\"\" class=\"wp-image-11599\" srcset=\"https:\/\/www.atelierdocaractere.pt\/wp-content\/uploads\/2023\/04\/glex-summit3-681x1024.jpg 681w, https:\/\/www.atelierdocaractere.pt\/wp-content\/uploads\/2023\/04\/glex-summit3-200x300.jpg 200w, https:\/\/www.atelierdocaractere.pt\/wp-content\/uploads\/2023\/04\/glex-summit3-768x1155.jpg 768w, https:\/\/www.atelierdocaractere.pt\/wp-content\/uploads\/2023\/04\/glex-summit3-1021x1536.jpg 1021w, https:\/\/www.atelierdocaractere.pt\/wp-content\/uploads\/2023\/04\/glex-summit3.jpg 1064w\" sizes=\"(max-width: 681px) 100vw, 681px\" \/><\/figure><\/div>\n\n\n\n<p><strong>Sobre a GLEX Summit:<\/strong><br>A Global Exploration Summit (GLEX Summit) foi criada no \u00e2mbito da celebra\u00e7\u00e3o do quinto centen\u00e1rio da primeira circum-navega\u00e7\u00e3o do mundo, comandada por Fern\u00e3o de Magalh\u00e3es. Em 2019, na edi\u00e7\u00e3o de estreia, a organiza\u00e7\u00e3o e o painel de oradores assinaram a Declara\u00e7\u00e3o de Lisboa, firmando o compromisso com a explora\u00e7\u00e3o fundamentada na procura de conhecimento cient\u00edfico para o progresso da humanidade e de toda a vida na Terra e no universo.<\/p>\n\n\n\n<p>Em apenas tr\u00eas edi\u00e7\u00f5es, a GLEX Summit tornou-se a maior cimeira de exploradores \u00e0 escala global, ao conseguir reunir um not\u00e1vel leque de oradores nas \u00e1reas da conserva\u00e7\u00e3o da natureza, oceanos, Terra e Espa\u00e7o, de que s\u00e3o exemplo lendas vivas da explora\u00e7\u00e3o e investiga\u00e7\u00e3o como James Garvin, Brian Cox, Beverly e Dereck Joubert, Fabien Cousteau, Sian Proctor, Sylvia Earle, entre muitos outros. As dezenas de palestras conduziram os espectadores a uma viagem por descobertas vanguardistas, tendo sido apresentadas importantes miss\u00f5es cient\u00edficas e tecnologias de ponta que t\u00eam impulsionado a Humanidade para novas fronteiras do conhecimento.<\/p>\n\n\n\n<p>Por outro lado, a cimeira tem posicionado Portugal enquanto destino de boas pr\u00e1ticas na conserva\u00e7\u00e3o dos oceanos, na produ\u00e7\u00e3o e partilha cient\u00edfica, assim como destino refer\u00eancia de inclus\u00e3o e diversidade.<br><br><strong>Certifica\u00e7\u00e3o sustent\u00e1vel<\/strong><br>A GLEX \u00e9 um evento eco-respons\u00e1vel, com a certifica\u00e7\u00e3o da gest\u00e3o sustent\u00e1vel de eventos pela norma ISO 20121. Esta certifica\u00e7\u00e3o foi atribu\u00edda \u00e0 Expanding World pelo esfor\u00e7o empreendido em conjunto com o The Explorers Club de implementa\u00e7\u00e3o de um sistema de gest\u00e3o sustent\u00e1vel da cimeira.<\/p>\n","protected":false},"excerpt":{"rendered":"<p>A cimeira que junta, em Portugal, a maior comunidade de exploradores do mundo revelar\u00e1 o programa final e uma lista&#8230;<\/p>\n","protected":false},"author":7,"featured_media":11601,"comment_status":"closed","ping_status":"open","sticky":false,"template":"","format":"standard","meta":[],"categories":[451],"tags":[446,553,545],"yoast_head":"<!-- This site is optimized with the Yoast SEO plugin v20.12 - https:\/\/yoast.com\/wordpress\/plugins\/seo\/ -->\n<title>GLEX Summit 2023 \u00e9 apresentada, este s\u00e1bado, em Nova Iorque, na gala anual do The Explorers Club - Atelier do Caractere<\/title>\n<meta name=\"robots\" content=\"index, follow, max-snippet:-1, max-image-preview:large, max-video-preview:-1\" \/>\n<link rel=\"canonical\" href=\"https:\/\/www.atelierdocaractere.pt\/brevemente\/glex-summit-2023-e-apresentada-este-sabado-em-nova-iorque-na-gala-anual-do-the-explorers-club\/\" \/>\n<meta property=\"og:locale\" content=\"pt_PT\" \/>\n<meta property=\"og:type\" content=\"article\" \/>\n<meta property=\"og:title\" content=\"GLEX Summit 2023 \u00e9 apresentada, este s\u00e1bado, em Nova Iorque, na gala anual do The Explorers Club - Atelier do Caractere\" \/>\n<meta property=\"og:description\" content=\"A cimeira que junta, em Portugal, a maior comunidade de exploradores do mundo revelar\u00e1 o programa final e uma lista...\" \/>\n<meta property=\"og:url\" content=\"https:\/\/www.atelierdocaractere.pt\/brevemente\/glex-summit-2023-e-apresentada-este-sabado-em-nova-iorque-na-gala-anual-do-the-explorers-club\/\" \/>\n<meta property=\"og:site_name\" content=\"Atelier do Caractere\" \/>\n<meta property=\"article:publisher\" content=\"https:\/\/www.facebook.com\/AtelierdoCaractere\" \/>\n<meta property=\"article:published_time\" content=\"2023-04-20T14:03:00+00:00\" \/>\n<meta property=\"article:modified_time\" content=\"2023-04-21T15:58:47+00:00\" \/>\n<meta property=\"og:image\" content=\"http:\/\/www.atelierdocaractere.pt\/wp-content\/uploads\/2023\/04\/glex-summit1-1.jpg\" \/>\n\t<meta property=\"og:image:width\" content=\"1600\" \/>\n\t<meta property=\"og:image:height\" content=\"1064\" \/>\n\t<meta property=\"og:image:type\" content=\"image\/jpeg\" \/>\n<meta name=\"author\" content=\"Joana Barbosa\" \/>\n<meta name=\"twitter:card\" content=\"summary_large_image\" \/>\n<meta name=\"twitter:label1\" content=\"Escrito por\" \/>\n\t<meta name=\"twitter:data1\" content=\"Joana Barbosa\" \/>\n\t<meta name=\"twitter:label2\" content=\"Tempo estimado de leitura\" \/>\n\t<meta name=\"twitter:data2\" content=\"6 minutos\" \/>\n<script type=\"application\/ld+json\" class=\"yoast-schema-graph\">{\"@context\":\"https:\/\/schema.org\",\"@graph\":[{\"@type\":\"WebPage\",\"@id\":\"https:\/\/www.atelierdocaractere.pt\/brevemente\/glex-summit-2023-e-apresentada-este-sabado-em-nova-iorque-na-gala-anual-do-the-explorers-club\/\",\"url\":\"https:\/\/www.atelierdocaractere.pt\/brevemente\/glex-summit-2023-e-apresentada-este-sabado-em-nova-iorque-na-gala-anual-do-the-explorers-club\/\",\"name\":\"GLEX Summit 2023 \u00e9 apresentada, este s\u00e1bado, em Nova Iorque, na gala anual do The Explorers Club - Atelier do Caractere\",\"isPartOf\":{\"@id\":\"https:\/\/www.atelierdocaractere.pt\/brevemente\/#website\"},\"datePublished\":\"2023-04-20T14:03:00+00:00\",\"dateModified\":\"2023-04-21T15:58:47+00:00\",\"author\":{\"@id\":\"https:\/\/www.atelierdocaractere.pt\/brevemente\/#\/schema\/person\/f2f096eb0f27d9894725af22cb97c0db\"},\"breadcrumb\":{\"@id\":\"https:\/\/www.atelierdocaractere.pt\/brevemente\/glex-summit-2023-e-apresentada-este-sabado-em-nova-iorque-na-gala-anual-do-the-explorers-club\/#breadcrumb\"},\"inLanguage\":\"pt-PT\",\"potentialAction\":[{\"@type\":\"ReadAction\",\"target\":[\"https:\/\/www.atelierdocaractere.pt\/brevemente\/glex-summit-2023-e-apresentada-este-sabado-em-nova-iorque-na-gala-anual-do-the-explorers-club\/\"]}]},{\"@type\":\"BreadcrumbList\",\"@id\":\"https:\/\/www.atelierdocaractere.pt\/brevemente\/glex-summit-2023-e-apresentada-este-sabado-em-nova-iorque-na-gala-anual-do-the-explorers-club\/#breadcrumb\",\"itemListElement\":[{\"@type\":\"ListItem\",\"position\":1,\"name\":\"In\u00edcio\",\"item\":\"https:\/\/www.atelierdocaractere.pt\/brevemente\/\"},{\"@type\":\"ListItem\",\"position\":2,\"name\":\"GLEX Summit 2023 \u00e9 apresentada, este s\u00e1bado, em Nova Iorque, na gala anual do The Explorers Club\"}]},{\"@type\":\"WebSite\",\"@id\":\"https:\/\/www.atelierdocaractere.pt\/brevemente\/#website\",\"url\":\"https:\/\/www.atelierdocaractere.pt\/brevemente\/\",\"name\":\"Atelier do Caractere\",\"description\":\"\",\"potentialAction\":[{\"@type\":\"SearchAction\",\"target\":{\"@type\":\"EntryPoint\",\"urlTemplate\":\"https:\/\/www.atelierdocaractere.pt\/brevemente\/?s={search_term_string}\"},\"query-input\":\"required name=search_term_string\"}],\"inLanguage\":\"pt-PT\"},{\"@type\":\"Person\",\"@id\":\"https:\/\/www.atelierdocaractere.pt\/brevemente\/#\/schema\/person\/f2f096eb0f27d9894725af22cb97c0db\",\"name\":\"Joana Barbosa\",\"image\":{\"@type\":\"ImageObject\",\"inLanguage\":\"pt-PT\",\"@id\":\"https:\/\/www.atelierdocaractere.pt\/brevemente\/#\/schema\/person\/image\/\",\"url\":\"https:\/\/secure.gravatar.com\/avatar\/33e8214b45e9d68a3a83008731075979?s=96&d=mm&r=g\",\"contentUrl\":\"https:\/\/secure.gravatar.com\/avatar\/33e8214b45e9d68a3a83008731075979?s=96&d=mm&r=g\",\"caption\":\"Joana Barbosa\"},\"url\":\"https:\/\/www.atelierdocaractere.pt\/brevemente\/author\/joanabarbosa\/\"}]}<\/script>\n<!-- \/ Yoast SEO plugin. -->","yoast_head_json":{"title":"GLEX Summit 2023 \u00e9 apresentada, este s\u00e1bado, em Nova Iorque, na gala anual do The Explorers Club - Atelier do Caractere","robots":{"index":"index","follow":"follow","max-snippet":"max-snippet:-1","max-image-preview":"max-image-preview:large","max-video-preview":"max-video-preview:-1"},"canonical":"https:\/\/www.atelierdocaractere.pt\/brevemente\/glex-summit-2023-e-apresentada-este-sabado-em-nova-iorque-na-gala-anual-do-the-explorers-club\/","og_locale":"pt_PT","og_type":"article","og_title":"GLEX Summit 2023 \u00e9 apresentada, este s\u00e1bado, em Nova Iorque, na gala anual do The Explorers Club - Atelier do Caractere","og_description":"A cimeira que junta, em Portugal, a maior comunidade de exploradores do mundo revelar\u00e1 o programa final e uma lista...","og_url":"https:\/\/www.atelierdocaractere.pt\/brevemente\/glex-summit-2023-e-apresentada-este-sabado-em-nova-iorque-na-gala-anual-do-the-explorers-club\/","og_site_name":"Atelier do Caractere","article_publisher":"https:\/\/www.facebook.com\/AtelierdoCaractere","article_published_time":"2023-04-20T14:03:00+00:00","article_modified_time":"2023-04-21T15:58:47+00:00","og_image":[{"width":1600,"height":1064,"url":"http:\/\/www.atelierdocaractere.pt\/wp-content\/uploads\/2023\/04\/glex-summit1-1.jpg","type":"image\/jpeg"}],"author":"Joana Barbosa","twitter_card":"summary_large_image","twitter_misc":{"Escrito por":"Joana Barbosa","Tempo estimado de leitura":"6 minutos"},"schema":{"@context":"https:\/\/schema.org","@graph":[{"@type":"WebPage","@id":"https:\/\/www.atelierdocaractere.pt\/brevemente\/glex-summit-2023-e-apresentada-este-sabado-em-nova-iorque-na-gala-anual-do-the-explorers-club\/","url":"https:\/\/www.atelierdocaractere.pt\/brevemente\/glex-summit-2023-e-apresentada-este-sabado-em-nova-iorque-na-gala-anual-do-the-explorers-club\/","name":"GLEX Summit 2023 \u00e9 apresentada, este s\u00e1bado, em Nova Iorque, na gala anual do The Explorers Club - Atelier do Caractere","isPartOf":{"@id":"https:\/\/www.atelierdocaractere.pt\/brevemente\/#website"},"datePublished":"2023-04-20T14:03:00+00:00","dateModified":"2023-04-21T15:58:47+00:00","author":{"@id":"https:\/\/www.atelierdocaractere.pt\/brevemente\/#\/schema\/person\/f2f096eb0f27d9894725af22cb97c0db"},"breadcrumb":{"@id":"https:\/\/www.atelierdocaractere.pt\/brevemente\/glex-summit-2023-e-apresentada-este-sabado-em-nova-iorque-na-gala-anual-do-the-explorers-club\/#breadcrumb"},"inLanguage":"pt-PT","potentialAction":[{"@type":"ReadAction","target":["https:\/\/www.atelierdocaractere.pt\/brevemente\/glex-summit-2023-e-apresentada-este-sabado-em-nova-iorque-na-gala-anual-do-the-explorers-club\/"]}]},{"@type":"BreadcrumbList","@id":"https:\/\/www.atelierdocaractere.pt\/brevemente\/glex-summit-2023-e-apresentada-este-sabado-em-nova-iorque-na-gala-anual-do-the-explorers-club\/#breadcrumb","itemListElement":[{"@type":"ListItem","position":1,"name":"In\u00edcio","item":"https:\/\/www.atelierdocaractere.pt\/brevemente\/"},{"@type":"ListItem","position":2,"name":"GLEX Summit 2023 \u00e9 apresentada, este s\u00e1bado, em Nova Iorque, na gala anual do The Explorers Club"}]},{"@type":"WebSite","@id":"https:\/\/www.atelierdocaractere.pt\/brevemente\/#website","url":"https:\/\/www.atelierdocaractere.pt\/brevemente\/","name":"Atelier do Caractere","description":"","potentialAction":[{"@type":"SearchAction","target":{"@type":"EntryPoint","urlTemplate":"https:\/\/www.atelierdocaractere.pt\/brevemente\/?s={search_term_string}"},"query-input":"required name=search_term_string"}],"inLanguage":"pt-PT"},{"@type":"Person","@id":"https:\/\/www.atelierdocaractere.pt\/brevemente\/#\/schema\/person\/f2f096eb0f27d9894725af22cb97c0db","name":"Joana Barbosa","image":{"@type":"ImageObject","inLanguage":"pt-PT","@id":"https:\/\/www.atelierdocaractere.pt\/brevemente\/#\/schema\/person\/image\/","url":"https:\/\/secure.gravatar.com\/avatar\/33e8214b45e9d68a3a83008731075979?s=96&d=mm&r=g","contentUrl":"https:\/\/secure.gravatar.com\/avatar\/33e8214b45e9d68a3a83008731075979?s=96&d=mm&r=g","caption":"Joana Barbosa"},"url":"https:\/\/www.atelierdocaractere.pt\/brevemente\/author\/joanabarbosa\/"}]}},"_links":{"self":[{"href":"https:\/\/www.atelierdocaractere.pt\/brevemente\/wp-json\/wp\/v2\/posts\/11598"}],"collection":[{"href":"https:\/\/www.atelierdocaractere.pt\/brevemente\/wp-json\/wp\/v2\/posts"}],"about":[{"href":"https:\/\/www.atelierdocaractere.pt\/brevemente\/wp-json\/wp\/v2\/types\/post"}],"author":[{"embeddable":true,"href":"https:\/\/www.atelierdocaractere.pt\/brevemente\/wp-json\/wp\/v2\/users\/7"}],"replies":[{"embeddable":true,"href":"https:\/\/www.atelierdocaractere.pt\/brevemente\/wp-json\/wp\/v2\/comments?post=11598"}],"version-history":[{"count":1,"href":"https:\/\/www.atelierdocaractere.pt\/brevemente\/wp-json\/wp\/v2\/posts\/11598\/revisions"}],"predecessor-version":[{"id":11602,"href":"https:\/\/www.atelierdocaractere.pt\/brevemente\/wp-json\/wp\/v2\/posts\/11598\/revisions\/11602"}],"wp:featuredmedia":[{"embeddable":true,"href":"https:\/\/www.atelierdocaractere.pt\/brevemente\/wp-json\/wp\/v2\/media\/11601"}],"wp:attachment":[{"href":"https:\/\/www.atelierdocaractere.pt\/brevemente\/wp-json\/wp\/v2\/media?parent=11598"}],"wp:term":[{"taxonomy":"category","embeddable":true,"href":"https:\/\/www.atelierdocaractere.pt\/brevemente\/wp-json\/wp\/v2\/categories?post=11598"},{"taxonomy":"post_tag","embeddable":true,"href":"https:\/\/www.atelierdocaractere.pt\/brevemente\/wp-json\/wp\/v2\/tags?post=11598"}],"curies":[{"name":"wp","href":"https:\/\/api.w.org\/{rel}","templated":true}]}}