{"id":11613,"date":"2023-04-26T20:15:52","date_gmt":"2023-04-26T20:15:52","guid":{"rendered":"https:\/\/www.atelierdocaractere.pt\/brevemente\/?p=11613"},"modified":"2023-04-26T20:15:57","modified_gmt":"2023-04-26T20:15:57","slug":"global-exploration-summit-2023-foi-anunciada-em-nova-iorque","status":"publish","type":"post","link":"https:\/\/www.atelierdocaractere.pt\/brevemente\/global-exploration-summit-2023-foi-anunciada-em-nova-iorque\/","title":{"rendered":"Global Exploration Summit 2023 foi anunciada em Nova Iorque"},"content":{"rendered":"\n<p>Em Nova Iorque, foram anunciados os 15 primeiros exploradores que v\u00e3o participar na&nbsp;<a href=\"https:\/\/www.glexsummit.com\/\" target=\"_blank\" rel=\"noreferrer noopener\">Global Exploration Summit (GLEX Summit)<\/a>&nbsp;que vai realizar-se, na ilha Terceira (A\u00e7ores), entre 14 e 16 de junho. O an\u00fancio foi feito pelo&nbsp;<a href=\"https:\/\/www.explorers.org\/\" target=\"_blank\" rel=\"noreferrer noopener\">The Explorers Club<\/a>, coorganizador da maior cimeira de exploradores do mundo.<\/p>\n\n\n\n<p>Alguns dos principais exploradores do planeta v\u00e3o viajar para Portugal com o objetivo de revelar as descobertas feitas nas \u00faltimas expedi\u00e7\u00f5es que realizaram, mas tamb\u00e9m antecipar as futuras miss\u00f5es que prometem mudar o mundo. Uma viagem incr\u00edvel pela terra, oceanos e cosmos, com a assinatura de exploradores de renome mundial, de que s\u00e3o exemplo: Nathalie Cabrol (astrobi\u00f3loga e diretora do Instituto SETI), Christyl Johnson (diretora adjunta de investimentos em tecnologia e investiga\u00e7\u00e3o do NASA Goddard Space Flight Center), Nina Lanza (cientista planet\u00e1ria), Chris Rainer (explorador e fot\u00f3grafo documental da National Geographic), Anna Curtenius Roosevelt (arque\u00f3loga e antrop\u00f3loga ambiental) e Nathan J. Robinson (bi\u00f3logo marinho), entre muitos outros.<\/p>\n\n\n\n<figure class=\"wp-block-image size-large\"><img decoding=\"async\" width=\"1024\" height=\"683\" src=\"http:\/\/www.atelierdocaractere.pt\/wp-content\/uploads\/2023\/04\/glex-summit-ny1-1024x683.jpg\" alt=\"\" class=\"wp-image-11616\" srcset=\"https:\/\/www.atelierdocaractere.pt\/wp-content\/uploads\/2023\/04\/glex-summit-ny1-1024x683.jpg 1024w, https:\/\/www.atelierdocaractere.pt\/wp-content\/uploads\/2023\/04\/glex-summit-ny1-300x200.jpg 300w, https:\/\/www.atelierdocaractere.pt\/wp-content\/uploads\/2023\/04\/glex-summit-ny1-768x512.jpg 768w, https:\/\/www.atelierdocaractere.pt\/wp-content\/uploads\/2023\/04\/glex-summit-ny1-1536x1024.jpg 1536w, https:\/\/www.atelierdocaractere.pt\/wp-content\/uploads\/2023\/04\/glex-summit-ny1-2048x1366.jpg 2048w, https:\/\/www.atelierdocaractere.pt\/wp-content\/uploads\/2023\/04\/glex-summit-ny1-900x600.jpg 900w, https:\/\/www.atelierdocaractere.pt\/wp-content\/uploads\/2023\/04\/glex-summit-ny1-675x450.jpg 675w, https:\/\/www.atelierdocaractere.pt\/wp-content\/uploads\/2023\/04\/glex-summit-ny1-scaled.jpg 1920w\" sizes=\"(max-width: 1024px) 100vw, 1024px\" \/><\/figure>\n\n\n\n<p>A quarta edi\u00e7\u00e3o da GLEX Summit vai conduzir o p\u00fablico por uma viagem pela Amaz\u00f3nia, pela intrigante procura do t\u00famulo de Cle\u00f3patra no Egipto, por algumas das mais ousadas e improv\u00e1veis expedi\u00e7\u00f5es, mas tamb\u00e9m pelo futuro da investiga\u00e7\u00e3o espacial e oce\u00e2nica. A Miss\u00e3o Artemis, o Telesc\u00f3pio Espacial James Webb, a conserva\u00e7\u00e3o do oceano, bem como a explora\u00e7\u00e3o polar, biologia, ci\u00eancias planet\u00e1rias e arqueologia v\u00e3o ser outros dos destaques da cimeira.<\/p>\n\n\n\n<p>A GLEX Summit vai ter como palco o Centro Cultural e de Congressos de Angra do Hero\u00edsmo, cidade que, desde 1983, est\u00e1 classificada como Patrim\u00f3nio Mundial pela UNESCO. A Terceira \u00e9 uma ilha fortificada que come\u00e7ou a ser povoada em 1450, que foi local de paragem de v\u00e1rias rotas comerciais e transatl\u00e2nticas nos s\u00e9culos XVI e XVIII e que est\u00e1 associada a v\u00e1rios marcos hist\u00f3ricos de Portugal.<\/p>\n\n\n\n<figure class=\"wp-block-image size-large\"><img decoding=\"async\" width=\"1024\" height=\"682\" src=\"http:\/\/www.atelierdocaractere.pt\/wp-content\/uploads\/2023\/04\/glex-summit-ny2-1024x682.jpg\" alt=\"\" class=\"wp-image-11615\" srcset=\"https:\/\/www.atelierdocaractere.pt\/wp-content\/uploads\/2023\/04\/glex-summit-ny2-1024x682.jpg 1024w, https:\/\/www.atelierdocaractere.pt\/wp-content\/uploads\/2023\/04\/glex-summit-ny2-300x200.jpg 300w, https:\/\/www.atelierdocaractere.pt\/wp-content\/uploads\/2023\/04\/glex-summit-ny2-768x512.jpg 768w, https:\/\/www.atelierdocaractere.pt\/wp-content\/uploads\/2023\/04\/glex-summit-ny2-1536x1024.jpg 1536w, https:\/\/www.atelierdocaractere.pt\/wp-content\/uploads\/2023\/04\/glex-summit-ny2-2048x1365.jpg 2048w, https:\/\/www.atelierdocaractere.pt\/wp-content\/uploads\/2023\/04\/glex-summit-ny2-900x600.jpg 900w, https:\/\/www.atelierdocaractere.pt\/wp-content\/uploads\/2023\/04\/glex-summit-ny2-675x450.jpg 675w, https:\/\/www.atelierdocaractere.pt\/wp-content\/uploads\/2023\/04\/glex-summit-ny2-scaled.jpg 1920w\" sizes=\"(max-width: 1024px) 100vw, 1024px\" \/><\/figure>\n\n\n\n<p><strong>Bilhetes j\u00e1 est\u00e3o dispon\u00edveis<\/strong><\/p>\n\n\n\n<p>Os bilhetes para a quarta edi\u00e7\u00e3o da GLEX Summit Portugal j\u00e1 podem ser adquiridos no website oficial do evento, em&nbsp;<a href=\"https:\/\/www.glexsummit.com\/tickets\" target=\"_blank\" rel=\"noreferrer noopener\">https:\/\/www.glexsummit.com\/tickets<\/a>.<\/p>\n\n\n\n<p>At\u00e9 ao pr\u00f3ximo domingo (30 de abril), podem ser adquiridos a um pre\u00e7o promocional, em regime Early Bird. Este ano, encontram-se dispon\u00edveis v\u00e1rios tipos de bilhetes:<\/p>\n\n\n\n<p>O GLEX Explorer permite o acesso a todas as sess\u00f5es no Centro de Congressos, coffee breaks, inclui um kit de oferta GLEX e um certificado de participa\u00e7\u00e3o.<\/p>\n\n\n\n<p>O GLEX Plus concede acesso a todas as sess\u00f5es do Centro de Congressos, Masterclass, coffee breaks e almo\u00e7os de networking, assim como o acesso a todas as sess\u00f5es durante tr\u00eas meses ap\u00f3s o evento, um kit de oferta GLEX e um certificado de participa\u00e7\u00e3o. Para mais detalhes, consulte a informa\u00e7\u00e3o presente na&nbsp;<a href=\"https:\/\/glexsummit2023.eventbrite.pt\/\" target=\"_blank\" rel=\"noreferrer noopener\">bilheteira<\/a>.<\/p>\n\n\n\n<p>Sublinhe-se que estudantes universit\u00e1rios, investigadores e docentes podem usufruir de um desconto de 50%, na compra do passe GLEX Academic.<\/p>\n\n\n\n<p>A edi\u00e7\u00e3o de 2022 pode ser recordada neste v\u00eddeo:&nbsp;<a href=\"https:\/\/youtu.be\/2oE483Ie750\" target=\"_blank\" rel=\"noreferrer noopener\">https:\/\/youtu.be\/2oE483Ie750<\/a>&nbsp;<\/p>\n\n\n\n<p><strong><u>Os primeiros 15 palestrantes da GLEX Summit:<\/u><\/strong><\/p>\n\n\n\n<p><strong>Alejandro Arteaga<\/strong><br><strong>Bi\u00f3logo e explorador<\/strong><\/p>\n\n\n\n<p>Bi\u00f3logo equatoriano-venezuelano que atua como presidente e investigador da Funda\u00e7\u00e3o Khamai, procura prevenir a perda da biodiversidade tropical, promover a descoberta de novas esp\u00e9cies e mitigar os efeitos do aquecimento global. Cofundador da Tropical Herping, uma ag\u00eancia de turismo que oferece passeios herpetol\u00f3gicos pelos tr\u00f3picos. Autor de tr\u00eas livros e de 23 artigos cient\u00edficos. Descobriu 29 novas esp\u00e9cies e angariou fundos para salvar 106 hectares de floresta tropical de Choc\u00f3, no Equador.<\/p>\n\n\n\n<p><strong>Nathan J. Robinson<\/strong><br><strong>Bi\u00f3logo marinho<\/strong><\/p>\n\n\n\n<p>Nathan J. Robinson iniciou in\u00fameras campanhas contra o pl\u00e1stico nos oceanos, depois de um v\u00eddeo seu a remover uma palhinha de pl\u00e1stico do nariz de uma tartaruga marinha ter ficado viral. Fez tamb\u00e9m a primeira filmagem de uma lula gigante em \u00e1guas dos Estados Unidos da Am\u00e9rica, a segunda vez que esta esp\u00e9cie foi filmada viva. Trabalha atualmente para a Fundaci\u00f3n Oceanogr\u00e0fic e para o Institut de Ciencies del Mar, em Espanha, e est\u00e1 agora \u00e0 procura do maior invertebrado do mundo &#8211; a lula gigante &#8211; na Ant\u00e1rtida.<\/p>\n\n\n\n<p><strong>Kathleen Martinez-Nazar<\/strong><br><strong>Arque\u00f3loga e diplomata<\/strong><\/p>\n\n\n\n<p>Kathleen Martinez-Nazar \u00e9 uma advogada, arque\u00f3loga e diplomata dominicana, mais conhecida pelo trabalho que desenvolve, desde 2005, na busca do t\u00famulo de Cle\u00f3patra, no templo Taposiris Magna, no Egito. Lidera a miss\u00e3o eg\u00edpcio-dominicana em Alexandria e \u00e9, atualmente, ministra conselheira encarregada dos assuntos culturais na embaixada dominicana no Egito.<\/p>\n\n\n\n<p><strong>Nina Lanza<\/strong><br><strong>Cientista planet\u00e1ria<\/strong><\/p>\n\n\n\n<p>Nina Lanza \u00e9 cientista planet\u00e1ria no Laborat\u00f3rio Nacional de Los Alamos. \u00c9 a l\u00edder do ChemCam, instrumento do NASA Curiosity&nbsp;<em>rover,<\/em>&nbsp;e membro da equipa cient\u00edfica da NASA do rover Perseverance. Est\u00e1 bastante focada em procurar sinais de vida nas rochas de Marte.<\/p>\n\n\n\n<p><strong>Nathalie Cabrol<\/strong><br><strong>Astrobi\u00f3loga e diretora do Instituto SETI<\/strong><\/p>\n\n\n\n<p>Natalie Cabrol \u00e9 uma astrobi\u00f3loga franco-americana que desenvolve estrat\u00e9gias de explora\u00e7\u00e3o para Marte, Tit\u00e3 e as luas geladas do Sistema Solar Exterior e que documenta a adapta\u00e7\u00e3o da vida a ambientes extremos. Estuda, tamb\u00e9m, lagos antigos em Marte e o efeito das r\u00e1pidas altera\u00e7\u00f5es clim\u00e1ticas nos seus ecossistemas, tendo sido a primeira pessoa a estudar, extensivamente, a Cratera Gusev.<\/p>\n\n\n\n<p><strong>Fabien Schultz<\/strong><br><strong>Investigador em Etnofarmacologia<\/strong><\/p>\n\n\n\n<p>Fabien Schultz est\u00e1 a estudar a automedica\u00e7\u00e3o em gorilas de montanha selvagens e chimpanz\u00e9s, em cinco locais na floresta tropical do Uganda. Tamb\u00e9m investiga o uso medicinal de recursos naturais por seres humanos e animais, atrav\u00e9s de m\u00e9todos de investiga\u00e7\u00e3o farmacol\u00f3gica, antropol\u00f3gica e sociocultural, no Burkina Faso, \u00cdndia, Marrocos e Alemanha. O seu trabalho inclui an\u00e1lises farmacol\u00f3gicas de algumas esp\u00e9cies que nunca foram estudadas em laborat\u00f3rio. Os resultados podem revelar novos rem\u00e9dios naturais e pistas para medicamentos eficazes no ser humano, atendendo \u00e0 necessidade mundial de novos antimal\u00e1ricos, antivirais, anti-inflamat\u00f3rios, antiparasit\u00e1rios e antibi\u00f3ticos.<\/p>\n\n\n\n<p><strong>Chris Rainier<\/strong><br><strong>Explorador e fot\u00f3grafo documental da National Geographic<\/strong><\/p>\n\n\n\n<p>Chris Rainier \u00e9 um explorador e fot\u00f3grafo documental da National Geographic \u2013 bastante respeitado pela documenta\u00e7\u00e3o que fez de culturas amea\u00e7adas e l\u00ednguas tradicionais em todo o mundo. Em 2002, recebeu o Lowell Thomas Award do The Explorers Club pelos esfor\u00e7os na preserva\u00e7\u00e3o cultural. Atualmente, dirige a The Cultural Sanctuaries Foundation, cuja miss\u00e3o \u00e9 criar zonas culturais legalmente protegidas em todo o mundo, que protejam tanto o conhecimento tradicional, como a biodiversidade das comunidades.<\/p>\n\n\n\n<p><strong>Andr\u00e9s Ruzo-Callejas<\/strong><br><strong>Cientista geot\u00e9rmico<\/strong><\/p>\n\n\n\n<p>Andr\u00e9s Ruzo-Callejas \u00e9 mais conhecido pelo seu trabalho no rio fervente da Amaz\u00f3nia, no Per\u00fa. \u00c9 o primeiro geocientista a receber a b\u00ean\u00e7\u00e3o xam\u00e2nica para estudar este local sagrado da Amaz\u00f3nia. Grande parte do trabalho de Andr\u00e9s centra-se em colmatar lacunas e encontrar a harmonia entre a ci\u00eancia tradicional ind\u00edgena e a ci\u00eancia ocidental moderna.<\/p>\n\n\n\n<p><strong>Anna Curtenius Roosevelt<\/strong><br><strong>Antrop\u00f3loga e arque\u00f3loga ambiental<\/strong><\/p>\n\n\n\n<p>Anna Curtenius Roosevelt \u00e9 uma antrop\u00f3loga interessada na evolu\u00e7\u00e3o humana, ecologia e direitos humanos. Foi a primeira mulher a aderir ao The Explorers Club. A sua pesquisa mudou a compreens\u00e3o da hist\u00f3ria e da pr\u00e9-hist\u00f3ria das florestas tropicais. Professora na Universidade de Illinois, em Chicago, e autora\/co-autora de dez livros e mais de 100 artigos, j\u00e1 fez parte dos conselhos de administra\u00e7\u00e3o de muitas organiza\u00e7\u00f5es cient\u00edficas e de conserva\u00e7\u00e3o.<\/p>\n\n\n\n<p><strong>John All<\/strong><br><strong>Cientista ambiental e guia de montanha<\/strong><\/p>\n\n\n\n<p>John All \u00e9 um explorador global e geocientista especializado na investiga\u00e7\u00e3o das altera\u00e7\u00f5es clim\u00e1ticas em locais remotos e \u00e9 o autor de \u201c<em>Icefall: Adventures at the Wild Edges of our Dangerous, Changing Planet<\/em>\u201d. A NPR chamou-o &#8220;<em>Badass for Science<\/em>&#8221; e a revista Outside &#8220;<em>Indiana Jones of Climate Science<\/em>&#8220;. O cientista ambiental \u00e9 o Diretor Executivo do American Climber Science Program, que re\u00fane cientistas de v\u00e1rias disciplinas, juntamente com estudantes e montanhistas, para expandir a investiga\u00e7\u00e3o global em locais remotos.<\/p>\n\n\n\n<p><strong>Keneiloe Molopyane<\/strong><br><strong>Arque\u00f3loga e antrop\u00f3loga biol\u00f3gica<\/strong><\/p>\n\n\n\n<p>Keneiloe Molopyane trabalha como investigadora cient\u00edfica no Centre for Exploration of the Deep Human Journey da Universidade de Witwatersrand, na \u00c1frica do Sul. Molopyane lecionou na Universidade de Witwatersrand, divis\u00e3o de Arqueologia, antes de se juntar \u00e0 equipa de &#8220;astronautas subterr\u00e2neos&#8221; que escavam no sistema de cavernas Rising Star, na \u00c1frica do Sul, em busca de restos f\u00f3sseis que ajudem na nossa compreens\u00e3o da evolu\u00e7\u00e3o humana. At\u00e9 \u00e0 data, Molopyane \u00e9 a primeira mulher negra sul-africana a deter o t\u00edtulo de investigadora principal da caverna Gladysvale, um s\u00edtio paleoantropol\u00f3gico na Reserva Natural Greater Cradle, no Ber\u00e7o da Humanidade, \u00c1frica do Sul.<\/p>\n\n\n\n<p><strong>Kimberly Pikok<\/strong><br><strong>Pescadora I\u00f1upiaq e bi\u00f3loga da vida selvagem<\/strong><\/p>\n\n\n\n<p>Kimberly Kivvaq Pikok \u00e9 uma pescadora I\u00f1upiaq de Utqia\u0121vik, Alasca. \u00c9 estudante de p\u00f3s-gradua\u00e7\u00e3o em Estudos Interdisciplinares, na Universidade do Alasca Fairbanks e investiga as mudan\u00e7as sazonais na ca\u00e7a \u00e0 baleia, na Primavera, em Utqia\u0121vik, observando e entrevistando os ca\u00e7adores locais e baleeiros do Alaska Arctic Observatory and Knowledge Hub.<\/p>\n\n\n\n<p><strong>Anika Puri<\/strong><br><strong>Ecologista<\/strong><\/p>\n\n\n\n<p>Ao longo de dois anos, Anika Puri criou ElSa (abreviatura de elefante salvador), um prot\u00f3tipo de baixo custo de um software&nbsp;<em>machine-learning-driven<\/em>&nbsp;que analisa padr\u00f5es de movimento em v\u00eddeos de infravermelhos t\u00e9rmicos de humanos e elefantes. Puri diz que o software \u00e9 quatro vezes mais preciso do que os m\u00e9todos de dete\u00e7\u00e3o de \u00faltima gera\u00e7\u00e3o existentes. Elimina, tamb\u00e9m, a necessidade de c\u00e2maras t\u00e9rmicas dispendiosas de alta resolu\u00e7\u00e3o.<\/p>\n\n\n\n<p><strong>Christyl Johnson<\/strong><br><strong>Diretora adjunta para investimentos em tecnologia e investiga\u00e7\u00e3o no NASA Goddard Space Flight Center<\/strong><\/p>\n\n\n\n<p>Christyl Johnson \u00e9 a diretora adjunta de Goddard para investimentos em tecnologia e investiga\u00e7\u00e3o. Ela gere o portef\u00f3lio de investiga\u00e7\u00e3o e desenvolvimento do centro, \u00e9 respons\u00e1vel pela formula\u00e7\u00e3o da futura miss\u00e3o cient\u00edfica e metas e objetivos tecnol\u00f3gicos do centro, e lidera um programa integrado de investimentos alinhado para atingir essas metas. Christyl Johnson chegou \u00e0 NASA Goddard vinda do Gabinete de Pol\u00edtica Cient\u00edfica e Tecnol\u00f3gica da Casa Branca, onde serviu, sob a dire\u00e7\u00e3o do assessor cient\u00edfico do Presidente, como diretora executiva do Conselho Nacional de Ci\u00eancia e Tecnologia (NSTC).<\/p>\n\n\n\n<p><\/p>\n\n\n\n<p><strong>Jo\u00e3o Carlos Nunes<\/strong><br><strong>Docente na Universidade dos A\u00e7ores<\/strong><\/p>\n\n\n\n<p>Licenciatura em Geologia, Universidade do Porto (1985) e Doutoramento em Vulcanologia, Universidade dos A\u00e7ores (2000); Professor Auxiliar da Universidade dos A\u00e7ores; Diretor Cient\u00edfico do INOVA &#8211; Instituto de Inova\u00e7\u00e3o Tecnol\u00f3gica dos A\u00e7ores; Membro Individual da GGN &#8211; Global Geoparks Network\/International Association on Geoparks; Catalisador do EGN Working Group \u201cVolcanic Areas\u201d; Avaliador da UNESCO\/Global Geoparks Network e Conselheiro Honor\u00e1rio da CVGA &#8211; Chinese Volcanic Geoparks Alliance; Coordenador Cient\u00edfico do Geoparque Global UNESCO nos A\u00e7ores; Investigador do Centro de Investiga\u00e7\u00e3o GeoBioTec da Universidade de Aveiro, e Instituto Dom Luiz, da Universidade de Lisboa; Euroge\u00f3logo (EFG &#8211; Federa\u00e7\u00e3o Europeia de Ge\u00f3logos) e Consultor para v\u00e1rias empresas, institui\u00e7\u00f5es p\u00fablicas e privadas dos A\u00e7ores, nas \u00e1reas de vulcanologia, geoconserva\u00e7\u00e3o, \u00e1guas minerais e termais e recursos geot\u00e9rmicos; autor\/coautor de v\u00e1rios artigos em revistas cient\u00edficas internacionais e nacionais, incluindo como editor e correspondente; orientador de cerca de 20 teses de mestrado e doutoramento em universidades portuguesas; presidente de confer\u00eancias de encontros internacionais e nacionais.<\/p>\n\n\n\n<p><\/p>\n\n\n\n<p><strong>Sobre a GLEX Summit:<\/strong><\/p>\n\n\n\n<p>A Global Exploration Summit (GLEX Summit) foi criada no \u00e2mbito da celebra\u00e7\u00e3o do quinto centen\u00e1rio da primeira circum-navega\u00e7\u00e3o do mundo, comandada por Fern\u00e3o de Magalh\u00e3es. Em 2019, na edi\u00e7\u00e3o de estreia, a organiza\u00e7\u00e3o e o painel de oradores assinaram a Declara\u00e7\u00e3o de Lisboa, firmando o compromisso com a explora\u00e7\u00e3o fundamentada na procura de conhecimento cient\u00edfico para o progresso da humanidade e de toda a vida na Terra e no universo.<\/p>\n\n\n\n<p>Em apenas tr\u00eas edi\u00e7\u00f5es, a GLEX Summit tornou-se a maior cimeira de exploradores \u00e0 escala global, ao conseguir reunir um not\u00e1vel leque de oradores nas \u00e1reas da conserva\u00e7\u00e3o da natureza, oceanos, Terra e Espa\u00e7o, de que s\u00e3o exemplo lendas vivas da explora\u00e7\u00e3o e investiga\u00e7\u00e3o como James Garvin, Brian Cox, Beverly e Dereck Joubert, Fabien Cousteau, Sian Proctor, Sylvia Earle, entre muitos outros. As dezenas de palestras conduziram os espectadores a uma viagem por descobertas vanguardistas, tendo sido apresentadas importantes miss\u00f5es cient\u00edficas e tecnologias de ponta que t\u00eam impulsionado a Humanidade para novas fronteiras do conhecimento.<\/p>\n\n\n\n<p>Por outro lado, a cimeira tem posicionado Portugal enquanto destino de boas pr\u00e1ticas na conserva\u00e7\u00e3o dos oceanos, na produ\u00e7\u00e3o e partilha cient\u00edfica, assim como destino refer\u00eancia de inclus\u00e3o e diversidade.<br><br><strong>Certifica\u00e7\u00e3o sustent\u00e1vel<\/strong><\/p>\n\n\n\n<p>A GLEX \u00e9 um evento eco-respons\u00e1vel, com a certifica\u00e7\u00e3o da gest\u00e3o sustent\u00e1vel de eventos pela norma ISO 20121. Esta certifica\u00e7\u00e3o foi atribu\u00edda \u00e0 Expanding World pelo esfor\u00e7o empreendido em conjunto com o The Explorers Club de implementa\u00e7\u00e3o de um sistema de gest\u00e3o sustent\u00e1vel da cimeira.<\/p>\n","protected":false},"excerpt":{"rendered":"<p>Em Nova Iorque, foram anunciados os 15 primeiros exploradores que v\u00e3o participar na&nbsp;Global Exploration Summit (GLEX Summit)&nbsp;que vai realizar-se, na&#8230;<\/p>\n","protected":false},"author":7,"featured_media":11614,"comment_status":"closed","ping_status":"open","sticky":false,"template":"","format":"standard","meta":[],"categories":[451],"tags":[470,559,446,558,553,545],"yoast_head":"<!-- This site is optimized with the Yoast SEO plugin v20.12 - https:\/\/yoast.com\/wordpress\/plugins\/seo\/ -->\n<title>Global Exploration Summit 2023 foi anunciada em Nova Iorque - Atelier do Caractere<\/title>\n<meta name=\"robots\" content=\"index, follow, max-snippet:-1, max-image-preview:large, max-video-preview:-1\" \/>\n<link rel=\"canonical\" href=\"https:\/\/www.atelierdocaractere.pt\/brevemente\/global-exploration-summit-2023-foi-anunciada-em-nova-iorque\/\" \/>\n<meta property=\"og:locale\" content=\"pt_PT\" \/>\n<meta property=\"og:type\" content=\"article\" \/>\n<meta property=\"og:title\" content=\"Global Exploration Summit 2023 foi anunciada em Nova Iorque - Atelier do Caractere\" \/>\n<meta property=\"og:description\" content=\"Em Nova Iorque, foram anunciados os 15 primeiros exploradores que v\u00e3o participar na&nbsp;Global Exploration Summit (GLEX Summit)&nbsp;que vai realizar-se, na...\" \/>\n<meta property=\"og:url\" content=\"https:\/\/www.atelierdocaractere.pt\/brevemente\/global-exploration-summit-2023-foi-anunciada-em-nova-iorque\/\" \/>\n<meta property=\"og:site_name\" content=\"Atelier do Caractere\" \/>\n<meta property=\"article:publisher\" content=\"https:\/\/www.facebook.com\/AtelierdoCaractere\" \/>\n<meta property=\"article:published_time\" content=\"2023-04-26T20:15:52+00:00\" \/>\n<meta property=\"article:modified_time\" content=\"2023-04-26T20:15:57+00:00\" \/>\n<meta property=\"og:image\" content=\"http:\/\/www.atelierdocaractere.pt\/wp-content\/uploads\/2023\/04\/glex-summit-2023.jpg\" \/>\n\t<meta property=\"og:image:width\" content=\"1500\" \/>\n\t<meta property=\"og:image:height\" content=\"700\" \/>\n\t<meta property=\"og:image:type\" content=\"image\/jpeg\" \/>\n<meta name=\"author\" content=\"Joana Barbosa\" \/>\n<meta name=\"twitter:card\" content=\"summary_large_image\" \/>\n<meta name=\"twitter:label1\" content=\"Escrito por\" \/>\n\t<meta name=\"twitter:data1\" content=\"Joana Barbosa\" \/>\n\t<meta name=\"twitter:label2\" content=\"Tempo estimado de leitura\" \/>\n\t<meta name=\"twitter:data2\" content=\"12 minutos\" \/>\n<script type=\"application\/ld+json\" class=\"yoast-schema-graph\">{\"@context\":\"https:\/\/schema.org\",\"@graph\":[{\"@type\":\"WebPage\",\"@id\":\"https:\/\/www.atelierdocaractere.pt\/brevemente\/global-exploration-summit-2023-foi-anunciada-em-nova-iorque\/\",\"url\":\"https:\/\/www.atelierdocaractere.pt\/brevemente\/global-exploration-summit-2023-foi-anunciada-em-nova-iorque\/\",\"name\":\"Global Exploration Summit 2023 foi anunciada em Nova Iorque - Atelier do Caractere\",\"isPartOf\":{\"@id\":\"https:\/\/www.atelierdocaractere.pt\/brevemente\/#website\"},\"datePublished\":\"2023-04-26T20:15:52+00:00\",\"dateModified\":\"2023-04-26T20:15:57+00:00\",\"author\":{\"@id\":\"https:\/\/www.atelierdocaractere.pt\/brevemente\/#\/schema\/person\/f2f096eb0f27d9894725af22cb97c0db\"},\"breadcrumb\":{\"@id\":\"https:\/\/www.atelierdocaractere.pt\/brevemente\/global-exploration-summit-2023-foi-anunciada-em-nova-iorque\/#breadcrumb\"},\"inLanguage\":\"pt-PT\",\"potentialAction\":[{\"@type\":\"ReadAction\",\"target\":[\"https:\/\/www.atelierdocaractere.pt\/brevemente\/global-exploration-summit-2023-foi-anunciada-em-nova-iorque\/\"]}]},{\"@type\":\"BreadcrumbList\",\"@id\":\"https:\/\/www.atelierdocaractere.pt\/brevemente\/global-exploration-summit-2023-foi-anunciada-em-nova-iorque\/#breadcrumb\",\"itemListElement\":[{\"@type\":\"ListItem\",\"position\":1,\"name\":\"In\u00edcio\",\"item\":\"https:\/\/www.atelierdocaractere.pt\/brevemente\/\"},{\"@type\":\"ListItem\",\"position\":2,\"name\":\"Global Exploration Summit 2023 foi anunciada em Nova Iorque\"}]},{\"@type\":\"WebSite\",\"@id\":\"https:\/\/www.atelierdocaractere.pt\/brevemente\/#website\",\"url\":\"https:\/\/www.atelierdocaractere.pt\/brevemente\/\",\"name\":\"Atelier do Caractere\",\"description\":\"\",\"potentialAction\":[{\"@type\":\"SearchAction\",\"target\":{\"@type\":\"EntryPoint\",\"urlTemplate\":\"https:\/\/www.atelierdocaractere.pt\/brevemente\/?s={search_term_string}\"},\"query-input\":\"required name=search_term_string\"}],\"inLanguage\":\"pt-PT\"},{\"@type\":\"Person\",\"@id\":\"https:\/\/www.atelierdocaractere.pt\/brevemente\/#\/schema\/person\/f2f096eb0f27d9894725af22cb97c0db\",\"name\":\"Joana Barbosa\",\"image\":{\"@type\":\"ImageObject\",\"inLanguage\":\"pt-PT\",\"@id\":\"https:\/\/www.atelierdocaractere.pt\/brevemente\/#\/schema\/person\/image\/\",\"url\":\"https:\/\/secure.gravatar.com\/avatar\/33e8214b45e9d68a3a83008731075979?s=96&d=mm&r=g\",\"contentUrl\":\"https:\/\/secure.gravatar.com\/avatar\/33e8214b45e9d68a3a83008731075979?s=96&d=mm&r=g\",\"caption\":\"Joana Barbosa\"},\"url\":\"https:\/\/www.atelierdocaractere.pt\/brevemente\/author\/joanabarbosa\/\"}]}<\/script>\n<!-- \/ Yoast SEO plugin. -->","yoast_head_json":{"title":"Global Exploration Summit 2023 foi anunciada em Nova Iorque - Atelier do Caractere","robots":{"index":"index","follow":"follow","max-snippet":"max-snippet:-1","max-image-preview":"max-image-preview:large","max-video-preview":"max-video-preview:-1"},"canonical":"https:\/\/www.atelierdocaractere.pt\/brevemente\/global-exploration-summit-2023-foi-anunciada-em-nova-iorque\/","og_locale":"pt_PT","og_type":"article","og_title":"Global Exploration Summit 2023 foi anunciada em Nova Iorque - Atelier do Caractere","og_description":"Em Nova Iorque, foram anunciados os 15 primeiros exploradores que v\u00e3o participar na&nbsp;Global Exploration Summit (GLEX Summit)&nbsp;que vai realizar-se, na...","og_url":"https:\/\/www.atelierdocaractere.pt\/brevemente\/global-exploration-summit-2023-foi-anunciada-em-nova-iorque\/","og_site_name":"Atelier do Caractere","article_publisher":"https:\/\/www.facebook.com\/AtelierdoCaractere","article_published_time":"2023-04-26T20:15:52+00:00","article_modified_time":"2023-04-26T20:15:57+00:00","og_image":[{"width":1500,"height":700,"url":"http:\/\/www.atelierdocaractere.pt\/wp-content\/uploads\/2023\/04\/glex-summit-2023.jpg","type":"image\/jpeg"}],"author":"Joana Barbosa","twitter_card":"summary_large_image","twitter_misc":{"Escrito por":"Joana Barbosa","Tempo estimado de leitura":"12 minutos"},"schema":{"@context":"https:\/\/schema.org","@graph":[{"@type":"WebPage","@id":"https:\/\/www.atelierdocaractere.pt\/brevemente\/global-exploration-summit-2023-foi-anunciada-em-nova-iorque\/","url":"https:\/\/www.atelierdocaractere.pt\/brevemente\/global-exploration-summit-2023-foi-anunciada-em-nova-iorque\/","name":"Global Exploration Summit 2023 foi anunciada em Nova Iorque - Atelier do Caractere","isPartOf":{"@id":"https:\/\/www.atelierdocaractere.pt\/brevemente\/#website"},"datePublished":"2023-04-26T20:15:52+00:00","dateModified":"2023-04-26T20:15:57+00:00","author":{"@id":"https:\/\/www.atelierdocaractere.pt\/brevemente\/#\/schema\/person\/f2f096eb0f27d9894725af22cb97c0db"},"breadcrumb":{"@id":"https:\/\/www.atelierdocaractere.pt\/brevemente\/global-exploration-summit-2023-foi-anunciada-em-nova-iorque\/#breadcrumb"},"inLanguage":"pt-PT","potentialAction":[{"@type":"ReadAction","target":["https:\/\/www.atelierdocaractere.pt\/brevemente\/global-exploration-summit-2023-foi-anunciada-em-nova-iorque\/"]}]},{"@type":"BreadcrumbList","@id":"https:\/\/www.atelierdocaractere.pt\/brevemente\/global-exploration-summit-2023-foi-anunciada-em-nova-iorque\/#breadcrumb","itemListElement":[{"@type":"ListItem","position":1,"name":"In\u00edcio","item":"https:\/\/www.atelierdocaractere.pt\/brevemente\/"},{"@type":"ListItem","position":2,"name":"Global Exploration Summit 2023 foi anunciada em Nova Iorque"}]},{"@type":"WebSite","@id":"https:\/\/www.atelierdocaractere.pt\/brevemente\/#website","url":"https:\/\/www.atelierdocaractere.pt\/brevemente\/","name":"Atelier do Caractere","description":"","potentialAction":[{"@type":"SearchAction","target":{"@type":"EntryPoint","urlTemplate":"https:\/\/www.atelierdocaractere.pt\/brevemente\/?s={search_term_string}"},"query-input":"required name=search_term_string"}],"inLanguage":"pt-PT"},{"@type":"Person","@id":"https:\/\/www.atelierdocaractere.pt\/brevemente\/#\/schema\/person\/f2f096eb0f27d9894725af22cb97c0db","name":"Joana Barbosa","image":{"@type":"ImageObject","inLanguage":"pt-PT","@id":"https:\/\/www.atelierdocaractere.pt\/brevemente\/#\/schema\/person\/image\/","url":"https:\/\/secure.gravatar.com\/avatar\/33e8214b45e9d68a3a83008731075979?s=96&d=mm&r=g","contentUrl":"https:\/\/secure.gravatar.com\/avatar\/33e8214b45e9d68a3a83008731075979?s=96&d=mm&r=g","caption":"Joana Barbosa"},"url":"https:\/\/www.atelierdocaractere.pt\/brevemente\/author\/joanabarbosa\/"}]}},"_links":{"self":[{"href":"https:\/\/www.atelierdocaractere.pt\/brevemente\/wp-json\/wp\/v2\/posts\/11613"}],"collection":[{"href":"https:\/\/www.atelierdocaractere.pt\/brevemente\/wp-json\/wp\/v2\/posts"}],"about":[{"href":"https:\/\/www.atelierdocaractere.pt\/brevemente\/wp-json\/wp\/v2\/types\/post"}],"author":[{"embeddable":true,"href":"https:\/\/www.atelierdocaractere.pt\/brevemente\/wp-json\/wp\/v2\/users\/7"}],"replies":[{"embeddable":true,"href":"https:\/\/www.atelierdocaractere.pt\/brevemente\/wp-json\/wp\/v2\/comments?post=11613"}],"version-history":[{"count":1,"href":"https:\/\/www.atelierdocaractere.pt\/brevemente\/wp-json\/wp\/v2\/posts\/11613\/revisions"}],"predecessor-version":[{"id":11617,"href":"https:\/\/www.atelierdocaractere.pt\/brevemente\/wp-json\/wp\/v2\/posts\/11613\/revisions\/11617"}],"wp:featuredmedia":[{"embeddable":true,"href":"https:\/\/www.atelierdocaractere.pt\/brevemente\/wp-json\/wp\/v2\/media\/11614"}],"wp:attachment":[{"href":"https:\/\/www.atelierdocaractere.pt\/brevemente\/wp-json\/wp\/v2\/media?parent=11613"}],"wp:term":[{"taxonomy":"category","embeddable":true,"href":"https:\/\/www.atelierdocaractere.pt\/brevemente\/wp-json\/wp\/v2\/categories?post=11613"},{"taxonomy":"post_tag","embeddable":true,"href":"https:\/\/www.atelierdocaractere.pt\/brevemente\/wp-json\/wp\/v2\/tags?post=11613"}],"curies":[{"name":"wp","href":"https:\/\/api.w.org\/{rel}","templated":true}]}}