{"id":11633,"date":"2023-06-06T19:48:04","date_gmt":"2023-06-06T19:48:04","guid":{"rendered":"https:\/\/www.atelierdocaractere.pt\/brevemente\/?p=11633"},"modified":"2023-06-06T19:48:07","modified_gmt":"2023-06-06T19:48:07","slug":"portugal-reune-os-maiores-exploradores-do-planeta-e-pioneiros-da-exploracao-espacial","status":"publish","type":"post","link":"https:\/\/www.atelierdocaractere.pt\/brevemente\/portugal-reune-os-maiores-exploradores-do-planeta-e-pioneiros-da-exploracao-espacial\/","title":{"rendered":"Portugal re\u00fane os maiores exploradores do planeta e pioneiros da explora\u00e7\u00e3o espacial"},"content":{"rendered":"\n<p><strong>Desde 2019, que alguns dos mais not\u00e1veis cientistas e exploradores do mundo re\u00fanem-se, em<br>Portugal, para partilhar as suas mais brilhantes descobertas cient\u00edficas e hist\u00f3rias arrojadas na<br>vanguarda da explora\u00e7\u00e3o. A GLEX Summit \u00e9 o ponto de encontro. Uma cimeira \u00fanica que, este<br>ano, tem como palco a ilha a\u00e7oriana da Terceira e que vai contar com a participa\u00e7\u00e3o de mais<br>de quatro dezenas de cientistas e exploradores, de 14 nacionalidades. Entre os dias 14 e 16 de<br>junho, uma viagem extraordin\u00e1ria pelos lugares mais inexplorados do planeta Terra \u2013 oceanos<br>inclu\u00eddos \u2013, mas tamb\u00e9m pela imensid\u00e3o do Espa\u00e7o. A organiza\u00e7\u00e3o \u00e9 da Expanding World, com<br>a chancela e curadoria da mais prestigiada agremia\u00e7\u00e3o de l\u00edderes da explora\u00e7\u00e3o do planeta, o<br>\u201cThe Explorers Club of New York\u201d.<\/strong><\/p>\n\n\n\n<p>Cento e oitenta sete anos depois da visita de Charles Darwin \u00e0 Terceira, a ilha a\u00e7oriana recebe<br>alguns dos mais not\u00e1veis exploradores e cientistas da atualidade, desde bi\u00f3logos marinhos,<br>conservacionistas da natureza e vida selvagem, l\u00edderes de expedi\u00e7\u00f5es, astronautas, aquanautas,<br>astrof\u00edsicos, ge\u00f3logos, cientistas espaciais, ou \u201csimples\u201d pensadores e vision\u00e1rios. A cidade de<br>Angra do Hero\u00edsmo que, em dois per\u00edodos do s\u00e9culo XIX, foi capital do reino de Portugal, acolhe<br>a quarta edi\u00e7\u00e3o da GLEX Summit.<\/p>\n\n\n\n<p>Uma extraordin\u00e1ria plataforma de coopera\u00e7\u00e3o global, que merece os elogios de Ant\u00f3nio Costa e<br>Silva, Ministro da Economia e do Mar: \u201cNa GLEX Summit vive-se uma onda de alegria, de<br>excita\u00e7\u00e3o, de admira\u00e7\u00e3o e de paix\u00e3o\u2026 de muita gente, acho que a GLEX Summit voa acima da<br>geopol\u00edtica. \u00c9 um lugar de unidade, um lugar de coopera\u00e7\u00e3o, um lugar para olhar para o futuro<br>e precisamos desesperadamente deste tipo de plataforma, para enfrentar os mundos dif\u00edceis em<br>que estamos a viver\u201d.<\/p>\n\n\n\n<figure class=\"wp-block-image size-large\"><img decoding=\"async\" width=\"1024\" height=\"681\" src=\"http:\/\/www.atelierdocaractere.pt\/wp-content\/uploads\/2023\/06\/glex-2023-535-1024x681.jpg\" alt=\"\" class=\"wp-image-11635\" srcset=\"https:\/\/www.atelierdocaractere.pt\/wp-content\/uploads\/2023\/06\/glex-2023-535-1024x681.jpg 1024w, https:\/\/www.atelierdocaractere.pt\/wp-content\/uploads\/2023\/06\/glex-2023-535-300x200.jpg 300w, https:\/\/www.atelierdocaractere.pt\/wp-content\/uploads\/2023\/06\/glex-2023-535-768x511.jpg 768w, https:\/\/www.atelierdocaractere.pt\/wp-content\/uploads\/2023\/06\/glex-2023-535-1536x1022.jpg 1536w, https:\/\/www.atelierdocaractere.pt\/wp-content\/uploads\/2023\/06\/glex-2023-535-2048x1362.jpg 2048w, https:\/\/www.atelierdocaractere.pt\/wp-content\/uploads\/2023\/06\/glex-2023-535-900x600.jpg 900w, https:\/\/www.atelierdocaractere.pt\/wp-content\/uploads\/2023\/06\/glex-2023-535-675x450.jpg 675w, https:\/\/www.atelierdocaractere.pt\/wp-content\/uploads\/2023\/06\/glex-2023-535-scaled.jpg 1920w\" sizes=\"(max-width: 1024px) 100vw, 1024px\" \/><\/figure>\n\n\n\n<p>Entre os dias 14 e 16 de junho, o p\u00fablico vai ser convidado a fazer uma viagem extraordin\u00e1ria<br>desde as profundezas dos oceanos, passando pelos mais inexplorados lugares da superf\u00edcie da<br>Terra, at\u00e9 \u00e0 imensid\u00e3o do Espa\u00e7o.<\/p>\n\n\n\n<p>Pela import\u00e2ncia que tem na sobreviv\u00eancia do nosso planeta, a Amaz\u00f3nia vai ser um dos<br>destaques da cimeira, mas n\u00e3o o \u00fanico. A descoberta do t\u00famulo de Cle\u00f3patra, no Egipto, afinal<br>pode n\u00e3o ser uma miss\u00e3o imposs\u00edvel e as pistas que v\u00e3o ser reveladas na GLEX Summit v\u00e3o<br>confirm\u00e1-lo. A descoberta da paisagem sonora do planeta Marte promete revelar-se uma<br>experi\u00eancia imersiva no sentido estrito da express\u00e3o; enquanto a exibi\u00e7\u00e3o das primeiras<br>filmagens do maior invertebrado do mundo, bem como as imagens de algumas das esp\u00e9cies<br>mais raras dos tr\u00f3picos v\u00e3o despertar express\u00f5es de estupefa\u00e7\u00e3o. Por outro lado,<br>surpreendentes v\u00e3o ser os testemunhos de muitas ousadas e improv\u00e1veis expedi\u00e7\u00f5es, bem<br>como os mist\u00e9rios relacionados com o futuro da investiga\u00e7\u00e3o espacial e oce\u00e2nica. A Miss\u00e3o<br>Artemis, o Telesc\u00f3pio Espacial James Webb, a conserva\u00e7\u00e3o do oceano, bem como a explora\u00e7\u00e3o<br>polar, biologia, ci\u00eancias planet\u00e1rias e arqueologia v\u00e3o ser outros dos temas que v\u00e3o estar no<br>epicentro das discuss\u00f5es na ilha Terceira.<\/p>\n\n\n\n<p>No fundo, uma viagem incr\u00edvel pela terra, oceanos e cosmos, com a assinatura de conceituados<br>exploradores como Nathalie Cabrol (astrobi\u00f3loga e diretora do Instituto SETI), Christyl Johnson<br>(diretora adjunta de investimentos em tecnologia e investiga\u00e7\u00e3o do NASA Goddard Space Flight<br>Center), Nina Lanza (cientista planet\u00e1ria), Chris Rainer (explorador e fot\u00f3grafo documental da<br>National Geographic), Anna Curtenius Roosevelt (arque\u00f3loga e antrop\u00f3loga ambiental) e Nathan<br>J. Robinson (bi\u00f3logo marinho), entre muitos outros.<\/p>\n\n\n\n<figure class=\"wp-block-image size-large\"><img decoding=\"async\" width=\"1024\" height=\"681\" src=\"http:\/\/www.atelierdocaractere.pt\/wp-content\/uploads\/2023\/06\/glex-2023-497-1024x681.jpg\" alt=\"\" class=\"wp-image-11639\" srcset=\"https:\/\/www.atelierdocaractere.pt\/wp-content\/uploads\/2023\/06\/glex-2023-497-1024x681.jpg 1024w, https:\/\/www.atelierdocaractere.pt\/wp-content\/uploads\/2023\/06\/glex-2023-497-300x200.jpg 300w, https:\/\/www.atelierdocaractere.pt\/wp-content\/uploads\/2023\/06\/glex-2023-497-768x511.jpg 768w, https:\/\/www.atelierdocaractere.pt\/wp-content\/uploads\/2023\/06\/glex-2023-497-1536x1022.jpg 1536w, https:\/\/www.atelierdocaractere.pt\/wp-content\/uploads\/2023\/06\/glex-2023-497-2048x1362.jpg 2048w, https:\/\/www.atelierdocaractere.pt\/wp-content\/uploads\/2023\/06\/glex-2023-497-900x600.jpg 900w, https:\/\/www.atelierdocaractere.pt\/wp-content\/uploads\/2023\/06\/glex-2023-497-675x450.jpg 675w, https:\/\/www.atelierdocaractere.pt\/wp-content\/uploads\/2023\/06\/glex-2023-497-scaled.jpg 1920w\" sizes=\"(max-width: 1024px) 100vw, 1024px\" \/><\/figure>\n\n\n\n<p>Tamb\u00e9m integrado na programa\u00e7\u00e3o da GLEX Summit, o \u201cSpace, Ocean and Earth<br>Insights\u201d (SOE\u201923) organizado pelo INESC TEC &#8211; Institute for Systems and Computer Engineering<br>e co-organizado pelo Programa UT Austin Portugal, pela plataforma TEC4SEA e pelo Institute for<br>Astronautical Sciences e Space For All Nations, vai revelar novas perspetivas e importantes<br>conclus\u00f5es dos mais recentes projetos cient\u00edficos neste dom\u00ednio, que impulsionar\u00e3o a discuss\u00e3o<br>do futuro da explora\u00e7\u00e3o.<\/p>\n\n\n\n<p>A GLEX Summit vai ter como palco o Centro Cultural e de Congressos de Angra do Hero\u00edsmo,<br>cidade que, desde 1983, est\u00e1 classificada como Patrim\u00f3nio Mundial pela UNESCO. A Terceira \u00e9<br>uma ilha fortificada que come\u00e7ou a ser povoada em 1450, que foi local de paragem de v\u00e1rias<br>rotas comerciais e transatl\u00e2nticas nos s\u00e9culos XVI e XVIII e que est\u00e1 associada a v\u00e1rios marcos<br>hist\u00f3ricos de Portugal.<\/p>\n\n\n\n<p>Organizada pela Expanding World, com a chancela e curadoria do The Explorers Club of New<br>York, a GLEX Summit realiza-se nos A\u00e7ores pelo segundo ano consecutivo, com encontro<br>marcado no Centro Cultural e de Congressos de Angra do Hero\u00edsmo, entre os dias 14 e 16 de<br>junho. Sob o mote \u201cWhat\u2019s Next? Discoveries from the Edge\u201d, a cimeira volta a reunir a maior<br>comunidade de exploradores do Planeta, dos Oceanos e do Espa\u00e7o, para promover a partilha<br>das descobertas mais recentes e os projetos mais inovadores que est\u00e3o a revolucionar o mundo.<\/p>\n\n\n\n<figure class=\"wp-block-image size-large\"><img decoding=\"async\" width=\"1024\" height=\"681\" src=\"http:\/\/www.atelierdocaractere.pt\/wp-content\/uploads\/2023\/06\/glex-2023-449-1024x681.jpg\" alt=\"\" class=\"wp-image-11638\" srcset=\"https:\/\/www.atelierdocaractere.pt\/wp-content\/uploads\/2023\/06\/glex-2023-449-1024x681.jpg 1024w, https:\/\/www.atelierdocaractere.pt\/wp-content\/uploads\/2023\/06\/glex-2023-449-300x200.jpg 300w, https:\/\/www.atelierdocaractere.pt\/wp-content\/uploads\/2023\/06\/glex-2023-449-768x511.jpg 768w, https:\/\/www.atelierdocaractere.pt\/wp-content\/uploads\/2023\/06\/glex-2023-449-1536x1022.jpg 1536w, https:\/\/www.atelierdocaractere.pt\/wp-content\/uploads\/2023\/06\/glex-2023-449-2048x1362.jpg 2048w, https:\/\/www.atelierdocaractere.pt\/wp-content\/uploads\/2023\/06\/glex-2023-449-900x600.jpg 900w, https:\/\/www.atelierdocaractere.pt\/wp-content\/uploads\/2023\/06\/glex-2023-449-675x450.jpg 675w\" sizes=\"(max-width: 1024px) 100vw, 1024px\" \/><\/figure>\n\n\n\n<p>Richard Garriott, presidente do centen\u00e1rio e lend\u00e1rio The Explorers Club, justifica a op\u00e7\u00e3o pela<br>ilha da Terceira como o palco da GLEX Summit: \u201cN\u00e3o h\u00e1 melhor local para descobrir o que se<br>seguir\u00e1 na explora\u00e7\u00e3o, do que uma ilha que j\u00e1 foi um espa\u00e7o vazio no mapa, at\u00e9 exploradores<br>corajosos a encontrarem. Esse esfor\u00e7o de preencher espa\u00e7os vazios em mapas est\u00e1 presente na<br>hist\u00f3ria dos A\u00e7ores e na empreitada dos navegadores portugueses. Da travessia do Atl\u00e2ntico, \u00e0<br>travessia das estrelas, estamos no limiar de uma nova \u00e9poca dourada da explora\u00e7\u00e3o\u201d.<\/p>\n\n\n\n<p>Manuel Vaz, fundador da Expanding World e mentor da GLEX SUMMIT, sublinha: \u201c\u00c9 com enorme<br>satisfa\u00e7\u00e3o que volt\u00e1mos a garantir Portugal como palco do maior encontro de exploradores do<br>planeta, desta vez, na ilha Terceira. Uma cimeira que refor\u00e7a a import\u00e2ncia geoestrat\u00e9gica dos<br>A\u00e7ores, em particular da Terceira, nos \u00faltimos 500 anos\u201d.<\/p>\n\n\n\n<figure class=\"wp-block-image size-large\"><img decoding=\"async\" width=\"1024\" height=\"681\" src=\"http:\/\/www.atelierdocaractere.pt\/wp-content\/uploads\/2023\/06\/glex-2023-285-1024x681.jpg\" alt=\"\" class=\"wp-image-11636\" srcset=\"https:\/\/www.atelierdocaractere.pt\/wp-content\/uploads\/2023\/06\/glex-2023-285-1024x681.jpg 1024w, https:\/\/www.atelierdocaractere.pt\/wp-content\/uploads\/2023\/06\/glex-2023-285-300x200.jpg 300w, https:\/\/www.atelierdocaractere.pt\/wp-content\/uploads\/2023\/06\/glex-2023-285-768x511.jpg 768w, https:\/\/www.atelierdocaractere.pt\/wp-content\/uploads\/2023\/06\/glex-2023-285-1536x1022.jpg 1536w, https:\/\/www.atelierdocaractere.pt\/wp-content\/uploads\/2023\/06\/glex-2023-285-2048x1362.jpg 2048w, https:\/\/www.atelierdocaractere.pt\/wp-content\/uploads\/2023\/06\/glex-2023-285-900x600.jpg 900w, https:\/\/www.atelierdocaractere.pt\/wp-content\/uploads\/2023\/06\/glex-2023-285-675x450.jpg 675w, https:\/\/www.atelierdocaractere.pt\/wp-content\/uploads\/2023\/06\/glex-2023-285-scaled.jpg 1920w\" sizes=\"(max-width: 1024px) 100vw, 1024px\" \/><\/figure>\n\n\n\n<p><strong>Bilhetes est\u00e3o dispon\u00edveis<br><\/strong>Os bilhetes para a quarta edi\u00e7\u00e3o da GLEX Summit Portugal podem ser adquiridos no website<br>oficial do evento, em https:\/\/www.glexsummit.com\/tickets.<\/p>\n\n\n\n<p>O GLEX Explorer permite o acesso a todas as sess\u00f5es no Centro de Congressos, coffee breaks,<br>inclui um kit de oferta GLEX e um certificado de participa\u00e7\u00e3o.<\/p>\n\n\n\n<p>O GLEX Plus concede acesso a todas as sess\u00f5es do Centro de Congressos, Masterclass, coffee<br>breaks e almo\u00e7os de networking, assim como o acesso a todas as sess\u00f5es durante tr\u00eas meses<br>ap\u00f3s o evento, um kit de oferta GLEX e um certificado de participa\u00e7\u00e3o. Para mais detalhes,<br>consulte a informa\u00e7\u00e3o presente na bilheteira.<\/p>\n\n\n\n<p>Sublinhe-se que estudantes universit\u00e1rios, investigadores e docentes podem usufruir de um<br>desconto de 50%, na compra do passe GLEX Academic.<\/p>\n\n\n\n<p>A edi\u00e7\u00e3o de 2022 pode ser recordada neste v\u00eddeo: https:\/\/youtu.be\/2oE483Ie750<\/p>\n\n\n\n<p><\/p>\n\n\n\n<p><strong>Sobre a GLEX Summit:<br><\/strong>A Global Exploration Summit (GLEX Summit) foi criada no \u00e2mbito da celebra\u00e7\u00e3o do quinto centen\u00e1rio da<br>primeira circum-navega\u00e7\u00e3o do mundo, comandada por Fern\u00e3o de Magalh\u00e3es. Em 2019, na edi\u00e7\u00e3o de<br>estreia, a organiza\u00e7\u00e3o e o painel de oradores assinaram a Declara\u00e7\u00e3o de Lisboa, firmando o compromisso<br>com a explora\u00e7\u00e3o fundamentada na procura de conhecimento cient\u00edfico para o progresso da humanidade<br>e de toda a vida na Terra e no universo.<\/p>\n\n\n\n<p>Em apenas tr\u00eas edi\u00e7\u00f5es, a GLEX Summit tornou-se a maior cimeira de exploradores \u00e0 escala global, ao<br>conseguir reunir um not\u00e1vel leque de oradores nas \u00e1reas da conserva\u00e7\u00e3o da natureza, oceanos, Terra e<br>Espa\u00e7o, de que s\u00e3o exemplo lendas vivas da explora\u00e7\u00e3o e investiga\u00e7\u00e3o como James Garvin, Brian Cox,<br>Beverly e Dereck Joubert, Fabien Cousteau, Sian Proctor, Sylvia Earle, entre muitos outros. As dezenas de<br>palestras conduziram os espectadores a uma viagem por descobertas vanguardistas, tendo sido<br>apresentadas importantes miss\u00f5es cient\u00edficas e tecnologias de ponta que t\u00eam impulsionado a<br>Humanidade para novas fronteiras do conhecimento.<br>Por outro lado, a cimeira tem posicionado Portugal enquanto destino de boas pr\u00e1ticas na conserva\u00e7\u00e3o dos oceanos, na produ\u00e7\u00e3o e partilha cient\u00edfica, assim como destino refer\u00eancia de inclus\u00e3o e diversidade.<\/p>\n\n\n\n<p><\/p>\n\n\n\n<p><strong>Certifica\u00e7\u00e3o sustent\u00e1vel<br><\/strong>A GLEX \u00e9 um evento eco-respons\u00e1vel, com a certifica\u00e7\u00e3o da gest\u00e3o sustent\u00e1vel de eventos pela norma ISO 20121. Esta certifica\u00e7\u00e3o foi atribu\u00edda \u00e0 Expanding World pelo esfor\u00e7o empreendido em conjunto com o The Explorers Club de implementa\u00e7\u00e3o de um sistema de gest\u00e3o sustent\u00e1vel da cimeira.<\/p>\n\n\n\n<p><\/p>\n\n\n\n<p><strong>Discovery+\/HBO<br><\/strong>Algumas das palestras da GLEX chegam ao Discovery+, a plataforma de streaming da Warner Bros.<br>Discovery, numa s\u00e9rie produzida para a multinacional americana que conta j\u00e1 com duas temporadas. Os<br>epis\u00f3dios da terceira temporada, lan\u00e7ada brevemente, abrangem algumas das miss\u00f5es cient\u00edficas e<br>descobertas apresentadas no palco da GLEX, como os vulc\u00f5es ativos no universo, a primeira Esta\u00e7\u00e3o<br>Espacial Comercial e os desafios e avan\u00e7os da medicina espacial. Ap\u00f3s a fus\u00e3o da Discovery com a<br>WarnerMedia, a plataforma de streaming tem cerca de 95 milh\u00f5es de subscritores.<\/p>\n","protected":false},"excerpt":{"rendered":"<p>Desde 2019, que alguns dos mais not\u00e1veis cientistas e exploradores do mundo re\u00fanem-se, emPortugal, para partilhar as suas mais brilhantes&#8230;<\/p>\n","protected":false},"author":7,"featured_media":11637,"comment_status":"closed","ping_status":"open","sticky":false,"template":"","format":"standard","meta":[],"categories":[451],"tags":[470,446,558],"yoast_head":"<!-- This site is optimized with the Yoast SEO plugin v20.12 - https:\/\/yoast.com\/wordpress\/plugins\/seo\/ -->\n<title>Portugal re\u00fane os maiores exploradores do planeta e pioneiros da explora\u00e7\u00e3o espacial - Atelier do Caractere<\/title>\n<meta name=\"robots\" content=\"index, follow, max-snippet:-1, max-image-preview:large, max-video-preview:-1\" \/>\n<link rel=\"canonical\" href=\"https:\/\/www.atelierdocaractere.pt\/brevemente\/portugal-reune-os-maiores-exploradores-do-planeta-e-pioneiros-da-exploracao-espacial\/\" \/>\n<meta property=\"og:locale\" content=\"pt_PT\" \/>\n<meta property=\"og:type\" content=\"article\" \/>\n<meta property=\"og:title\" content=\"Portugal re\u00fane os maiores exploradores do planeta e pioneiros da explora\u00e7\u00e3o espacial - Atelier do Caractere\" \/>\n<meta property=\"og:description\" content=\"Desde 2019, que alguns dos mais not\u00e1veis cientistas e exploradores do mundo re\u00fanem-se, emPortugal, para partilhar as suas mais brilhantes...\" \/>\n<meta property=\"og:url\" content=\"https:\/\/www.atelierdocaractere.pt\/brevemente\/portugal-reune-os-maiores-exploradores-do-planeta-e-pioneiros-da-exploracao-espacial\/\" \/>\n<meta property=\"og:site_name\" content=\"Atelier do Caractere\" \/>\n<meta property=\"article:publisher\" content=\"https:\/\/www.facebook.com\/AtelierdoCaractere\" \/>\n<meta property=\"article:published_time\" content=\"2023-06-06T19:48:04+00:00\" \/>\n<meta property=\"article:modified_time\" content=\"2023-06-06T19:48:07+00:00\" \/>\n<meta property=\"og:image\" content=\"http:\/\/www.atelierdocaractere.pt\/wp-content\/uploads\/2023\/06\/glex-2023-420-scaled.jpg\" \/>\n\t<meta property=\"og:image:width\" content=\"2560\" \/>\n\t<meta property=\"og:image:height\" content=\"1703\" \/>\n\t<meta property=\"og:image:type\" content=\"image\/jpeg\" \/>\n<meta name=\"author\" content=\"Joana Barbosa\" \/>\n<meta name=\"twitter:card\" content=\"summary_large_image\" \/>\n<meta name=\"twitter:label1\" content=\"Escrito por\" \/>\n\t<meta name=\"twitter:data1\" content=\"Joana Barbosa\" \/>\n\t<meta name=\"twitter:label2\" content=\"Tempo estimado de leitura\" \/>\n\t<meta name=\"twitter:data2\" content=\"9 minutos\" \/>\n<script type=\"application\/ld+json\" class=\"yoast-schema-graph\">{\"@context\":\"https:\/\/schema.org\",\"@graph\":[{\"@type\":\"WebPage\",\"@id\":\"https:\/\/www.atelierdocaractere.pt\/brevemente\/portugal-reune-os-maiores-exploradores-do-planeta-e-pioneiros-da-exploracao-espacial\/\",\"url\":\"https:\/\/www.atelierdocaractere.pt\/brevemente\/portugal-reune-os-maiores-exploradores-do-planeta-e-pioneiros-da-exploracao-espacial\/\",\"name\":\"Portugal re\u00fane os maiores exploradores do planeta e pioneiros da explora\u00e7\u00e3o espacial - Atelier do Caractere\",\"isPartOf\":{\"@id\":\"https:\/\/www.atelierdocaractere.pt\/brevemente\/#website\"},\"datePublished\":\"2023-06-06T19:48:04+00:00\",\"dateModified\":\"2023-06-06T19:48:07+00:00\",\"author\":{\"@id\":\"https:\/\/www.atelierdocaractere.pt\/brevemente\/#\/schema\/person\/f2f096eb0f27d9894725af22cb97c0db\"},\"breadcrumb\":{\"@id\":\"https:\/\/www.atelierdocaractere.pt\/brevemente\/portugal-reune-os-maiores-exploradores-do-planeta-e-pioneiros-da-exploracao-espacial\/#breadcrumb\"},\"inLanguage\":\"pt-PT\",\"potentialAction\":[{\"@type\":\"ReadAction\",\"target\":[\"https:\/\/www.atelierdocaractere.pt\/brevemente\/portugal-reune-os-maiores-exploradores-do-planeta-e-pioneiros-da-exploracao-espacial\/\"]}]},{\"@type\":\"BreadcrumbList\",\"@id\":\"https:\/\/www.atelierdocaractere.pt\/brevemente\/portugal-reune-os-maiores-exploradores-do-planeta-e-pioneiros-da-exploracao-espacial\/#breadcrumb\",\"itemListElement\":[{\"@type\":\"ListItem\",\"position\":1,\"name\":\"In\u00edcio\",\"item\":\"https:\/\/www.atelierdocaractere.pt\/brevemente\/\"},{\"@type\":\"ListItem\",\"position\":2,\"name\":\"Portugal re\u00fane os maiores exploradores do planeta e pioneiros da explora\u00e7\u00e3o espacial\"}]},{\"@type\":\"WebSite\",\"@id\":\"https:\/\/www.atelierdocaractere.pt\/brevemente\/#website\",\"url\":\"https:\/\/www.atelierdocaractere.pt\/brevemente\/\",\"name\":\"Atelier do Caractere\",\"description\":\"\",\"potentialAction\":[{\"@type\":\"SearchAction\",\"target\":{\"@type\":\"EntryPoint\",\"urlTemplate\":\"https:\/\/www.atelierdocaractere.pt\/brevemente\/?s={search_term_string}\"},\"query-input\":\"required name=search_term_string\"}],\"inLanguage\":\"pt-PT\"},{\"@type\":\"Person\",\"@id\":\"https:\/\/www.atelierdocaractere.pt\/brevemente\/#\/schema\/person\/f2f096eb0f27d9894725af22cb97c0db\",\"name\":\"Joana Barbosa\",\"image\":{\"@type\":\"ImageObject\",\"inLanguage\":\"pt-PT\",\"@id\":\"https:\/\/www.atelierdocaractere.pt\/brevemente\/#\/schema\/person\/image\/\",\"url\":\"https:\/\/secure.gravatar.com\/avatar\/33e8214b45e9d68a3a83008731075979?s=96&d=mm&r=g\",\"contentUrl\":\"https:\/\/secure.gravatar.com\/avatar\/33e8214b45e9d68a3a83008731075979?s=96&d=mm&r=g\",\"caption\":\"Joana Barbosa\"},\"url\":\"https:\/\/www.atelierdocaractere.pt\/brevemente\/author\/joanabarbosa\/\"}]}<\/script>\n<!-- \/ Yoast SEO plugin. -->","yoast_head_json":{"title":"Portugal re\u00fane os maiores exploradores do planeta e pioneiros da explora\u00e7\u00e3o espacial - Atelier do Caractere","robots":{"index":"index","follow":"follow","max-snippet":"max-snippet:-1","max-image-preview":"max-image-preview:large","max-video-preview":"max-video-preview:-1"},"canonical":"https:\/\/www.atelierdocaractere.pt\/brevemente\/portugal-reune-os-maiores-exploradores-do-planeta-e-pioneiros-da-exploracao-espacial\/","og_locale":"pt_PT","og_type":"article","og_title":"Portugal re\u00fane os maiores exploradores do planeta e pioneiros da explora\u00e7\u00e3o espacial - Atelier do Caractere","og_description":"Desde 2019, que alguns dos mais not\u00e1veis cientistas e exploradores do mundo re\u00fanem-se, emPortugal, para partilhar as suas mais brilhantes...","og_url":"https:\/\/www.atelierdocaractere.pt\/brevemente\/portugal-reune-os-maiores-exploradores-do-planeta-e-pioneiros-da-exploracao-espacial\/","og_site_name":"Atelier do Caractere","article_publisher":"https:\/\/www.facebook.com\/AtelierdoCaractere","article_published_time":"2023-06-06T19:48:04+00:00","article_modified_time":"2023-06-06T19:48:07+00:00","og_image":[{"width":2560,"height":1703,"url":"http:\/\/www.atelierdocaractere.pt\/wp-content\/uploads\/2023\/06\/glex-2023-420-scaled.jpg","type":"image\/jpeg"}],"author":"Joana Barbosa","twitter_card":"summary_large_image","twitter_misc":{"Escrito por":"Joana Barbosa","Tempo estimado de leitura":"9 minutos"},"schema":{"@context":"https:\/\/schema.org","@graph":[{"@type":"WebPage","@id":"https:\/\/www.atelierdocaractere.pt\/brevemente\/portugal-reune-os-maiores-exploradores-do-planeta-e-pioneiros-da-exploracao-espacial\/","url":"https:\/\/www.atelierdocaractere.pt\/brevemente\/portugal-reune-os-maiores-exploradores-do-planeta-e-pioneiros-da-exploracao-espacial\/","name":"Portugal re\u00fane os maiores exploradores do planeta e pioneiros da explora\u00e7\u00e3o espacial - Atelier do Caractere","isPartOf":{"@id":"https:\/\/www.atelierdocaractere.pt\/brevemente\/#website"},"datePublished":"2023-06-06T19:48:04+00:00","dateModified":"2023-06-06T19:48:07+00:00","author":{"@id":"https:\/\/www.atelierdocaractere.pt\/brevemente\/#\/schema\/person\/f2f096eb0f27d9894725af22cb97c0db"},"breadcrumb":{"@id":"https:\/\/www.atelierdocaractere.pt\/brevemente\/portugal-reune-os-maiores-exploradores-do-planeta-e-pioneiros-da-exploracao-espacial\/#breadcrumb"},"inLanguage":"pt-PT","potentialAction":[{"@type":"ReadAction","target":["https:\/\/www.atelierdocaractere.pt\/brevemente\/portugal-reune-os-maiores-exploradores-do-planeta-e-pioneiros-da-exploracao-espacial\/"]}]},{"@type":"BreadcrumbList","@id":"https:\/\/www.atelierdocaractere.pt\/brevemente\/portugal-reune-os-maiores-exploradores-do-planeta-e-pioneiros-da-exploracao-espacial\/#breadcrumb","itemListElement":[{"@type":"ListItem","position":1,"name":"In\u00edcio","item":"https:\/\/www.atelierdocaractere.pt\/brevemente\/"},{"@type":"ListItem","position":2,"name":"Portugal re\u00fane os maiores exploradores do planeta e pioneiros da explora\u00e7\u00e3o espacial"}]},{"@type":"WebSite","@id":"https:\/\/www.atelierdocaractere.pt\/brevemente\/#website","url":"https:\/\/www.atelierdocaractere.pt\/brevemente\/","name":"Atelier do Caractere","description":"","potentialAction":[{"@type":"SearchAction","target":{"@type":"EntryPoint","urlTemplate":"https:\/\/www.atelierdocaractere.pt\/brevemente\/?s={search_term_string}"},"query-input":"required name=search_term_string"}],"inLanguage":"pt-PT"},{"@type":"Person","@id":"https:\/\/www.atelierdocaractere.pt\/brevemente\/#\/schema\/person\/f2f096eb0f27d9894725af22cb97c0db","name":"Joana Barbosa","image":{"@type":"ImageObject","inLanguage":"pt-PT","@id":"https:\/\/www.atelierdocaractere.pt\/brevemente\/#\/schema\/person\/image\/","url":"https:\/\/secure.gravatar.com\/avatar\/33e8214b45e9d68a3a83008731075979?s=96&d=mm&r=g","contentUrl":"https:\/\/secure.gravatar.com\/avatar\/33e8214b45e9d68a3a83008731075979?s=96&d=mm&r=g","caption":"Joana Barbosa"},"url":"https:\/\/www.atelierdocaractere.pt\/brevemente\/author\/joanabarbosa\/"}]}},"_links":{"self":[{"href":"https:\/\/www.atelierdocaractere.pt\/brevemente\/wp-json\/wp\/v2\/posts\/11633"}],"collection":[{"href":"https:\/\/www.atelierdocaractere.pt\/brevemente\/wp-json\/wp\/v2\/posts"}],"about":[{"href":"https:\/\/www.atelierdocaractere.pt\/brevemente\/wp-json\/wp\/v2\/types\/post"}],"author":[{"embeddable":true,"href":"https:\/\/www.atelierdocaractere.pt\/brevemente\/wp-json\/wp\/v2\/users\/7"}],"replies":[{"embeddable":true,"href":"https:\/\/www.atelierdocaractere.pt\/brevemente\/wp-json\/wp\/v2\/comments?post=11633"}],"version-history":[{"count":2,"href":"https:\/\/www.atelierdocaractere.pt\/brevemente\/wp-json\/wp\/v2\/posts\/11633\/revisions"}],"predecessor-version":[{"id":11642,"href":"https:\/\/www.atelierdocaractere.pt\/brevemente\/wp-json\/wp\/v2\/posts\/11633\/revisions\/11642"}],"wp:featuredmedia":[{"embeddable":true,"href":"https:\/\/www.atelierdocaractere.pt\/brevemente\/wp-json\/wp\/v2\/media\/11637"}],"wp:attachment":[{"href":"https:\/\/www.atelierdocaractere.pt\/brevemente\/wp-json\/wp\/v2\/media?parent=11633"}],"wp:term":[{"taxonomy":"category","embeddable":true,"href":"https:\/\/www.atelierdocaractere.pt\/brevemente\/wp-json\/wp\/v2\/categories?post=11633"},{"taxonomy":"post_tag","embeddable":true,"href":"https:\/\/www.atelierdocaractere.pt\/brevemente\/wp-json\/wp\/v2\/tags?post=11633"}],"curies":[{"name":"wp","href":"https:\/\/api.w.org\/{rel}","templated":true}]}}