{"id":11653,"date":"2023-06-13T15:57:00","date_gmt":"2023-06-13T15:57:00","guid":{"rendered":"https:\/\/www.atelierdocaractere.pt\/brevemente\/?p=11653"},"modified":"2023-06-20T17:02:52","modified_gmt":"2023-06-20T17:02:52","slug":"exposicao-discoveries-from-the-edge-algumas-das-lendas-do-the-explorers-club-no-centro-cultural-e-de-congressos-de-angra-do-heroismo%ef%bf%bc","status":"publish","type":"post","link":"https:\/\/www.atelierdocaractere.pt\/brevemente\/exposicao-discoveries-from-the-edge-algumas-das-lendas-do-the-explorers-club-no-centro-cultural-e-de-congressos-de-angra-do-heroismo%ef%bf%bc\/","title":{"rendered":"Exposi\u00e7\u00e3o \u201cDiscoveries from the Edge\u201d &#8211; Algumas das lendas do The Explorers Club, no Centro Cultural e de Congressos de Angra do Hero\u00edsmo\ufffc"},"content":{"rendered":"\n<p>A exposi\u00e7\u00e3o \u201cDiscoveries from the Edge\u201d foi inaugurada no \u00e2mbito da Global Exploration Summit (GLEX Summit), a cimeira que re\u00fane, na Ilha Terceira, a elite dos exploradores e os pioneiros da explora\u00e7\u00e3o espacial, entre 14 e 16 de junho.&nbsp;<\/p>\n\n\n\n<p>Uma exposi\u00e7\u00e3o que est\u00e1 patente no Centro Cultural e de Congressos de Angra do Hero\u00edsmo, at\u00e9 30 de agosto, e que \u00e9 composta por um conjunto de 20 fotografias que celebram algumas das mais importantes conquistas dos exploradores do The Explorers Club de Nova Iorque. <\/p>\n\n\n\n<p>Uma agremia\u00e7\u00e3o centen\u00e1ria de l\u00edderes de explora\u00e7\u00e3o do planeta fundada, em 1904, por um grupo de exploradores alentados por Henry Collins Walsh, jornalista e historiador norte-americano, membro-fundador da organiza\u00e7\u00e3o, sediada em Nova Iorque. <\/p>\n\n\n\n<p>A miss\u00e3o do clube \u00e9 promover a explora\u00e7\u00e3o cient\u00edfica e o trabalho de campo, atrav\u00e9s do apoio a expedi\u00e7\u00f5es de todos os ramos da ci\u00eancia e unindo os seus membros em v\u00e1rios eventos culturais, como a GLEX Summit. Dos seus feitos pioneiros destacam-se a chegada ao Polo Norte em 1909 e ao Polo Sul em 1911, o alcance do cume do Monte&nbsp;Evereste em 1953 e do ponto mais profundo da Terra (a Fossa das Marianas) em 1960, e a chegada \u00e0 lua em 1969.<\/p>\n\n\n\n<p>Nesta sala de exposi\u00e7\u00f5es est\u00e1 exposto um conjunto de fotografias que pretende inspirar os visitantes a contemplar a evolu\u00e7\u00e3o do conhecimento da humanidade, celebrando a tenacidade destes exploradores que se desafiaram a ultrapassar os limites do que era conhecido.<\/p>\n\n\n\n<p><strong>Sobre a GLEX Summit:<\/strong> <br>A Global Exploration Summit (GLEX Summit) foi criada no \u00e2mbito da celebra\u00e7\u00e3o do quinto centen\u00e1rio da primeira circum-navega\u00e7\u00e3o do mundo, comandada por Fern\u00e3o de Magalh\u00e3es. Em 2019, na edi\u00e7\u00e3o de estreia, a organiza\u00e7\u00e3o e o painel de oradores assinaram a Declara\u00e7\u00e3o de Lisboa, firmando o compromisso com a explora\u00e7\u00e3o fundamentada na procura de conhecimento cient\u00edfico para o progresso da humanidade e de toda a vida na Terra e no universo.<\/p>\n\n\n\n<p>Em apenas tr\u00eas edi\u00e7\u00f5es, a GLEX Summit tornou-se a maior cimeira de exploradores \u00e0 escala global, ao conseguir reunir um not\u00e1vel leque de oradores nas \u00e1reas da conserva\u00e7\u00e3o da natureza, oceanos, Terra e Espa\u00e7o, de que s\u00e3o exemplo lendas vivas da explora\u00e7\u00e3o e investiga\u00e7\u00e3o como James Garvin, Brian Cox, Beverly e Dereck Joubert, Fabien Cousteau, Sian Proctor, Sylvia Earle, entre muitos outros. <\/p>\n\n\n\n<p>As dezenas de palestras conduziram os espectadores a uma viagem por descobertas vanguardistas, tendo sido apresentadas importantes miss\u00f5es cient\u00edficas e tecnologias de ponta que t\u00eam impulsionado a Humanidade para novas fronteiras do conhecimento. Por outro lado, a cimeira tem posicionado Portugal enquanto destino de boas pr\u00e1ticas na conserva\u00e7\u00e3o dos oceanos, na produ\u00e7\u00e3o e partilha cient\u00edfica, assim como destino refer\u00eancia de inclus\u00e3o e diversidade.<\/p>\n\n\n\n<p><strong>Certifica\u00e7\u00e3o sustent\u00e1vel<\/strong><br>A GLEX \u00e9 um evento eco-respons\u00e1vel, com a certifica\u00e7\u00e3o da gest\u00e3o sustent\u00e1vel de eventos pela norma ISO 20121. Esta certifica\u00e7\u00e3o foi atribu\u00edda \u00e0 Expanding World pelo esfor\u00e7o empreendido em conjunto com o The Explorers Club de implementa\u00e7\u00e3o de um sistema de gest\u00e3o sustent\u00e1vel da cimeira.<\/p>\n\n\n\n<p><strong>Discovery+\/HBO<\/strong><br>Algumas das palestras da GLEX chegam ao Discovery+, a plataforma de streaming da Warner Bros. Discovery, numa s\u00e9rie produzida para a multinacional americana que conta j\u00e1 com duas temporadas. Os epis\u00f3dios da terceira temporada, lan\u00e7ada brevemente, abrangem algumas das miss\u00f5es cient\u00edficas e descobertas apresentadas no palco da GLEX, como os vulc\u00f5es ativos no universo, a primeira Esta\u00e7\u00e3o Espacial Comercial e os desafios e avan\u00e7os da medicina espacial. Ap\u00f3s a fus\u00e3o da Discovery com a WarnerMedia, a plataforma de streaming tem cerca de 95 milh\u00f5es de subscritores.<\/p>\n","protected":false},"excerpt":{"rendered":"<p>A exposi\u00e7\u00e3o \u201cDiscoveries from the Edge\u201d foi inaugurada no \u00e2mbito da Global Exploration Summit (GLEX Summit), a cimeira que re\u00fane,&#8230;<\/p>\n","protected":false},"author":7,"featured_media":11654,"comment_status":"closed","ping_status":"open","sticky":false,"template":"","format":"standard","meta":[],"categories":[451],"tags":[470,569,446],"yoast_head":"<!-- This site is optimized with the Yoast SEO plugin v20.12 - https:\/\/yoast.com\/wordpress\/plugins\/seo\/ -->\n<title>Exposi\u00e7\u00e3o \u201cDiscoveries from the Edge\u201d - Algumas das lendas do The Explorers Club, no Centro Cultural e de Congressos de Angra do Hero\u00edsmo\ufffc - Atelier do Caractere<\/title>\n<meta name=\"robots\" content=\"index, follow, max-snippet:-1, max-image-preview:large, max-video-preview:-1\" \/>\n<link rel=\"canonical\" href=\"https:\/\/www.atelierdocaractere.pt\/brevemente\/exposicao-discoveries-from-the-edge-algumas-das-lendas-do-the-explorers-club-no-centro-cultural-e-de-congressos-de-angra-do-heroismo\ufffc\/\" \/>\n<meta property=\"og:locale\" content=\"pt_PT\" \/>\n<meta property=\"og:type\" content=\"article\" \/>\n<meta property=\"og:title\" content=\"Exposi\u00e7\u00e3o \u201cDiscoveries from the Edge\u201d - Algumas das lendas do The Explorers Club, no Centro Cultural e de Congressos de Angra do Hero\u00edsmo\ufffc - Atelier do Caractere\" \/>\n<meta property=\"og:description\" content=\"A exposi\u00e7\u00e3o \u201cDiscoveries from the Edge\u201d foi inaugurada no \u00e2mbito da Global Exploration Summit (GLEX Summit), a cimeira que re\u00fane,...\" \/>\n<meta property=\"og:url\" content=\"https:\/\/www.atelierdocaractere.pt\/brevemente\/exposicao-discoveries-from-the-edge-algumas-das-lendas-do-the-explorers-club-no-centro-cultural-e-de-congressos-de-angra-do-heroismo\ufffc\/\" \/>\n<meta property=\"og:site_name\" content=\"Atelier do Caractere\" \/>\n<meta property=\"article:publisher\" content=\"https:\/\/www.facebook.com\/AtelierdoCaractere\" \/>\n<meta property=\"article:published_time\" content=\"2023-06-13T15:57:00+00:00\" \/>\n<meta property=\"article:modified_time\" content=\"2023-06-20T17:02:52+00:00\" \/>\n<meta property=\"og:image\" content=\"http:\/\/www.atelierdocaractere.pt\/wp-content\/uploads\/2023\/06\/banner-glex-summit.jpg\" \/>\n\t<meta property=\"og:image:width\" content=\"1500\" \/>\n\t<meta property=\"og:image:height\" content=\"700\" \/>\n\t<meta property=\"og:image:type\" content=\"image\/jpeg\" \/>\n<meta name=\"author\" content=\"Joana Barbosa\" \/>\n<meta name=\"twitter:card\" content=\"summary_large_image\" \/>\n<meta name=\"twitter:label1\" content=\"Escrito por\" \/>\n\t<meta name=\"twitter:data1\" content=\"Joana Barbosa\" \/>\n\t<meta name=\"twitter:label2\" content=\"Tempo estimado de leitura\" \/>\n\t<meta name=\"twitter:data2\" content=\"4 minutos\" \/>\n<script type=\"application\/ld+json\" class=\"yoast-schema-graph\">{\"@context\":\"https:\/\/schema.org\",\"@graph\":[{\"@type\":\"WebPage\",\"@id\":\"https:\/\/www.atelierdocaractere.pt\/brevemente\/exposicao-discoveries-from-the-edge-algumas-das-lendas-do-the-explorers-club-no-centro-cultural-e-de-congressos-de-angra-do-heroismo%ef%bf%bc\/\",\"url\":\"https:\/\/www.atelierdocaractere.pt\/brevemente\/exposicao-discoveries-from-the-edge-algumas-das-lendas-do-the-explorers-club-no-centro-cultural-e-de-congressos-de-angra-do-heroismo%ef%bf%bc\/\",\"name\":\"Exposi\u00e7\u00e3o \u201cDiscoveries from the Edge\u201d - Algumas das lendas do The Explorers Club, no Centro Cultural e de Congressos de Angra do Hero\u00edsmo\ufffc - Atelier do Caractere\",\"isPartOf\":{\"@id\":\"https:\/\/www.atelierdocaractere.pt\/brevemente\/#website\"},\"datePublished\":\"2023-06-13T15:57:00+00:00\",\"dateModified\":\"2023-06-20T17:02:52+00:00\",\"author\":{\"@id\":\"https:\/\/www.atelierdocaractere.pt\/brevemente\/#\/schema\/person\/f2f096eb0f27d9894725af22cb97c0db\"},\"breadcrumb\":{\"@id\":\"https:\/\/www.atelierdocaractere.pt\/brevemente\/exposicao-discoveries-from-the-edge-algumas-das-lendas-do-the-explorers-club-no-centro-cultural-e-de-congressos-de-angra-do-heroismo%ef%bf%bc\/#breadcrumb\"},\"inLanguage\":\"pt-PT\",\"potentialAction\":[{\"@type\":\"ReadAction\",\"target\":[\"https:\/\/www.atelierdocaractere.pt\/brevemente\/exposicao-discoveries-from-the-edge-algumas-das-lendas-do-the-explorers-club-no-centro-cultural-e-de-congressos-de-angra-do-heroismo%ef%bf%bc\/\"]}]},{\"@type\":\"BreadcrumbList\",\"@id\":\"https:\/\/www.atelierdocaractere.pt\/brevemente\/exposicao-discoveries-from-the-edge-algumas-das-lendas-do-the-explorers-club-no-centro-cultural-e-de-congressos-de-angra-do-heroismo%ef%bf%bc\/#breadcrumb\",\"itemListElement\":[{\"@type\":\"ListItem\",\"position\":1,\"name\":\"In\u00edcio\",\"item\":\"https:\/\/www.atelierdocaractere.pt\/brevemente\/\"},{\"@type\":\"ListItem\",\"position\":2,\"name\":\"Exposi\u00e7\u00e3o \u201cDiscoveries from the Edge\u201d &#8211; Algumas das lendas do The Explorers Club, no Centro Cultural e de Congressos de Angra do Hero\u00edsmo\ufffc\"}]},{\"@type\":\"WebSite\",\"@id\":\"https:\/\/www.atelierdocaractere.pt\/brevemente\/#website\",\"url\":\"https:\/\/www.atelierdocaractere.pt\/brevemente\/\",\"name\":\"Atelier do Caractere\",\"description\":\"\",\"potentialAction\":[{\"@type\":\"SearchAction\",\"target\":{\"@type\":\"EntryPoint\",\"urlTemplate\":\"https:\/\/www.atelierdocaractere.pt\/brevemente\/?s={search_term_string}\"},\"query-input\":\"required name=search_term_string\"}],\"inLanguage\":\"pt-PT\"},{\"@type\":\"Person\",\"@id\":\"https:\/\/www.atelierdocaractere.pt\/brevemente\/#\/schema\/person\/f2f096eb0f27d9894725af22cb97c0db\",\"name\":\"Joana Barbosa\",\"image\":{\"@type\":\"ImageObject\",\"inLanguage\":\"pt-PT\",\"@id\":\"https:\/\/www.atelierdocaractere.pt\/brevemente\/#\/schema\/person\/image\/\",\"url\":\"https:\/\/secure.gravatar.com\/avatar\/33e8214b45e9d68a3a83008731075979?s=96&d=mm&r=g\",\"contentUrl\":\"https:\/\/secure.gravatar.com\/avatar\/33e8214b45e9d68a3a83008731075979?s=96&d=mm&r=g\",\"caption\":\"Joana Barbosa\"},\"url\":\"https:\/\/www.atelierdocaractere.pt\/brevemente\/author\/joanabarbosa\/\"}]}<\/script>\n<!-- \/ Yoast SEO plugin. -->","yoast_head_json":{"title":"Exposi\u00e7\u00e3o \u201cDiscoveries from the Edge\u201d - Algumas das lendas do The Explorers Club, no Centro Cultural e de Congressos de Angra do Hero\u00edsmo\ufffc - Atelier do Caractere","robots":{"index":"index","follow":"follow","max-snippet":"max-snippet:-1","max-image-preview":"max-image-preview:large","max-video-preview":"max-video-preview:-1"},"canonical":"https:\/\/www.atelierdocaractere.pt\/brevemente\/exposicao-discoveries-from-the-edge-algumas-das-lendas-do-the-explorers-club-no-centro-cultural-e-de-congressos-de-angra-do-heroismo\ufffc\/","og_locale":"pt_PT","og_type":"article","og_title":"Exposi\u00e7\u00e3o \u201cDiscoveries from the Edge\u201d - Algumas das lendas do The Explorers Club, no Centro Cultural e de Congressos de Angra do Hero\u00edsmo\ufffc - Atelier do Caractere","og_description":"A exposi\u00e7\u00e3o \u201cDiscoveries from the Edge\u201d foi inaugurada no \u00e2mbito da Global Exploration Summit (GLEX Summit), a cimeira que re\u00fane,...","og_url":"https:\/\/www.atelierdocaractere.pt\/brevemente\/exposicao-discoveries-from-the-edge-algumas-das-lendas-do-the-explorers-club-no-centro-cultural-e-de-congressos-de-angra-do-heroismo\ufffc\/","og_site_name":"Atelier do Caractere","article_publisher":"https:\/\/www.facebook.com\/AtelierdoCaractere","article_published_time":"2023-06-13T15:57:00+00:00","article_modified_time":"2023-06-20T17:02:52+00:00","og_image":[{"width":1500,"height":700,"url":"http:\/\/www.atelierdocaractere.pt\/wp-content\/uploads\/2023\/06\/banner-glex-summit.jpg","type":"image\/jpeg"}],"author":"Joana Barbosa","twitter_card":"summary_large_image","twitter_misc":{"Escrito por":"Joana Barbosa","Tempo estimado de leitura":"4 minutos"},"schema":{"@context":"https:\/\/schema.org","@graph":[{"@type":"WebPage","@id":"https:\/\/www.atelierdocaractere.pt\/brevemente\/exposicao-discoveries-from-the-edge-algumas-das-lendas-do-the-explorers-club-no-centro-cultural-e-de-congressos-de-angra-do-heroismo%ef%bf%bc\/","url":"https:\/\/www.atelierdocaractere.pt\/brevemente\/exposicao-discoveries-from-the-edge-algumas-das-lendas-do-the-explorers-club-no-centro-cultural-e-de-congressos-de-angra-do-heroismo%ef%bf%bc\/","name":"Exposi\u00e7\u00e3o \u201cDiscoveries from the Edge\u201d - Algumas das lendas do The Explorers Club, no Centro Cultural e de Congressos de Angra do Hero\u00edsmo\ufffc - Atelier do Caractere","isPartOf":{"@id":"https:\/\/www.atelierdocaractere.pt\/brevemente\/#website"},"datePublished":"2023-06-13T15:57:00+00:00","dateModified":"2023-06-20T17:02:52+00:00","author":{"@id":"https:\/\/www.atelierdocaractere.pt\/brevemente\/#\/schema\/person\/f2f096eb0f27d9894725af22cb97c0db"},"breadcrumb":{"@id":"https:\/\/www.atelierdocaractere.pt\/brevemente\/exposicao-discoveries-from-the-edge-algumas-das-lendas-do-the-explorers-club-no-centro-cultural-e-de-congressos-de-angra-do-heroismo%ef%bf%bc\/#breadcrumb"},"inLanguage":"pt-PT","potentialAction":[{"@type":"ReadAction","target":["https:\/\/www.atelierdocaractere.pt\/brevemente\/exposicao-discoveries-from-the-edge-algumas-das-lendas-do-the-explorers-club-no-centro-cultural-e-de-congressos-de-angra-do-heroismo%ef%bf%bc\/"]}]},{"@type":"BreadcrumbList","@id":"https:\/\/www.atelierdocaractere.pt\/brevemente\/exposicao-discoveries-from-the-edge-algumas-das-lendas-do-the-explorers-club-no-centro-cultural-e-de-congressos-de-angra-do-heroismo%ef%bf%bc\/#breadcrumb","itemListElement":[{"@type":"ListItem","position":1,"name":"In\u00edcio","item":"https:\/\/www.atelierdocaractere.pt\/brevemente\/"},{"@type":"ListItem","position":2,"name":"Exposi\u00e7\u00e3o \u201cDiscoveries from the Edge\u201d &#8211; Algumas das lendas do The Explorers Club, no Centro Cultural e de Congressos de Angra do Hero\u00edsmo\ufffc"}]},{"@type":"WebSite","@id":"https:\/\/www.atelierdocaractere.pt\/brevemente\/#website","url":"https:\/\/www.atelierdocaractere.pt\/brevemente\/","name":"Atelier do Caractere","description":"","potentialAction":[{"@type":"SearchAction","target":{"@type":"EntryPoint","urlTemplate":"https:\/\/www.atelierdocaractere.pt\/brevemente\/?s={search_term_string}"},"query-input":"required name=search_term_string"}],"inLanguage":"pt-PT"},{"@type":"Person","@id":"https:\/\/www.atelierdocaractere.pt\/brevemente\/#\/schema\/person\/f2f096eb0f27d9894725af22cb97c0db","name":"Joana Barbosa","image":{"@type":"ImageObject","inLanguage":"pt-PT","@id":"https:\/\/www.atelierdocaractere.pt\/brevemente\/#\/schema\/person\/image\/","url":"https:\/\/secure.gravatar.com\/avatar\/33e8214b45e9d68a3a83008731075979?s=96&d=mm&r=g","contentUrl":"https:\/\/secure.gravatar.com\/avatar\/33e8214b45e9d68a3a83008731075979?s=96&d=mm&r=g","caption":"Joana Barbosa"},"url":"https:\/\/www.atelierdocaractere.pt\/brevemente\/author\/joanabarbosa\/"}]}},"_links":{"self":[{"href":"https:\/\/www.atelierdocaractere.pt\/brevemente\/wp-json\/wp\/v2\/posts\/11653"}],"collection":[{"href":"https:\/\/www.atelierdocaractere.pt\/brevemente\/wp-json\/wp\/v2\/posts"}],"about":[{"href":"https:\/\/www.atelierdocaractere.pt\/brevemente\/wp-json\/wp\/v2\/types\/post"}],"author":[{"embeddable":true,"href":"https:\/\/www.atelierdocaractere.pt\/brevemente\/wp-json\/wp\/v2\/users\/7"}],"replies":[{"embeddable":true,"href":"https:\/\/www.atelierdocaractere.pt\/brevemente\/wp-json\/wp\/v2\/comments?post=11653"}],"version-history":[{"count":2,"href":"https:\/\/www.atelierdocaractere.pt\/brevemente\/wp-json\/wp\/v2\/posts\/11653\/revisions"}],"predecessor-version":[{"id":11670,"href":"https:\/\/www.atelierdocaractere.pt\/brevemente\/wp-json\/wp\/v2\/posts\/11653\/revisions\/11670"}],"wp:featuredmedia":[{"embeddable":true,"href":"https:\/\/www.atelierdocaractere.pt\/brevemente\/wp-json\/wp\/v2\/media\/11654"}],"wp:attachment":[{"href":"https:\/\/www.atelierdocaractere.pt\/brevemente\/wp-json\/wp\/v2\/media?parent=11653"}],"wp:term":[{"taxonomy":"category","embeddable":true,"href":"https:\/\/www.atelierdocaractere.pt\/brevemente\/wp-json\/wp\/v2\/categories?post=11653"},{"taxonomy":"post_tag","embeddable":true,"href":"https:\/\/www.atelierdocaractere.pt\/brevemente\/wp-json\/wp\/v2\/tags?post=11653"}],"curies":[{"name":"wp","href":"https:\/\/api.w.org\/{rel}","templated":true}]}}