{"id":11660,"date":"2023-06-14T16:39:00","date_gmt":"2023-06-14T16:39:00","guid":{"rendered":"https:\/\/www.atelierdocaractere.pt\/brevemente\/?p=11660"},"modified":"2023-06-20T16:47:38","modified_gmt":"2023-06-20T16:47:38","slug":"extraordinaria-viagem-pela-terra-e-pelo-espaco-no-primeiro-dia-da-glex-summit-e-angra-do-heroismo-pode-passar-a-sede-permanente-da-cimeira","status":"publish","type":"post","link":"https:\/\/www.atelierdocaractere.pt\/brevemente\/extraordinaria-viagem-pela-terra-e-pelo-espaco-no-primeiro-dia-da-glex-summit-e-angra-do-heroismo-pode-passar-a-sede-permanente-da-cimeira\/","title":{"rendered":"Extraordin\u00e1ria viagem pela terra e pelo espa\u00e7o no primeiro dia da GLEX Summit e\u00a0Angra do Hero\u00edsmo pode passar a sede permanente da cimeira\u00a0"},"content":{"rendered":"\n<p><strong>Lota\u00e7\u00e3o esgotada no dia de abertura da edi\u00e7\u00e3o deste ano da GLEX Summit,\u00a0marcado pelas surpreendentes e incr\u00edveis\u00a0est\u00f3rias partilhadas por mais de uma dezena de cientistas e exploradores. Uma viagem \u00e9pica pelo planeta Terra e pelo Espa\u00e7o. Mas o desafio lan\u00e7ado pelo presidente da C\u00e2mara Municipal de Angra do Hero\u00edsmo, \u00c1lamo Meneses, aos promotores e organizadores da cimeira constituiu outro dos momentos altos do programa: o convite para que, a ilha Terceira, acolha a sede da GLEX Summit, o maior e mais importante encontro anual de exploradores do planeta. At\u00e9 \u00e0 pr\u00f3xima sexta-feira (16 de junho), quase tr\u00eas dezenas de not\u00e1veis nomes ligados \u00e0 ci\u00eancia e \u00e0 natureza v\u00e3o ainda subir ao palco do Centro de Congressos da cidade Patrim\u00f3nio Mundial da UNESCO.<\/strong><\/p>\n\n\n\n<p>Na sess\u00e3o de abertura da edi\u00e7\u00e3o 2023 da GLEX Summit, <strong>Richard Garriott<\/strong>, presidente do <strong>The Explorers C<\/strong>lub, fez um imenso elogio aos A\u00e7ores:\u00a0<em>&#8220;Fui o primeiro explorador a atingir os dois p\u00f3los, a mergulhar na Fossa das Marianas e a subir ao espa\u00e7o, mas posso assegurar que n\u00e3o h\u00e1 lugar mais bonito neste planeta do que aqui mesmo nos A\u00e7ores&#8221;<\/em>. Talvez motivado por isso, \u00c1lamo Meneses,\u00a0presidente do munic\u00edpio de Angra do Hero\u00edsmo lan\u00e7ou o desafio: &#8220;fica o convite aos organizadores e promotores da GLEX Summit para que a ilha Terceira passe a ser a sede permanente da cimeira&#8221;.<\/p>\n\n\n\n<p>A manh\u00e3 prosseguiu com a sess\u00e3o &#8220;Encontros&#8221;. Mais de duas horas de partilha de surpreendentes e improv\u00e1veis est\u00f3rias,\u00a0mas tamb\u00e9m inusitados encontros e li\u00e7\u00f5es aprendidas, desde Marte, \u00e0 Africa\u00a0mais profunda e genu\u00edna, at\u00e9 \u00e0s profundezas dos oceanos. <strong>Nathalie\u00a0Cabrol<\/strong>,\u00a0diretora do\u00a0<strong>Carl Sagan Center for the Study of Life in the Universe<\/strong>, assumiu o desafio de falar de um dos temas mais inquietantes da hist\u00f3ria da civiliza\u00e7\u00e3o: a vida para al\u00e9m da terra.\u00a0<em>&#8220;Estamos a abordar algumas das quest\u00f5es mais profundas da humanidade. Estamos a tentar compreender a vida l\u00e1 fora. Ser\u00e1 que Marte foi habitado no passado, ser\u00e1 que pode ser habitado no futuro? Agora, estamos a estudar e a compreender o terreno, para de seguida tentarmos perceber a eventual presen\u00e7a de vida. Estamos a estabelecer v\u00e1rias conex\u00f5es, porque nunca se sabe de onde vir\u00e1 a resposta.\u00a0N\u00f3s n\u00e3o estamos separados. Est\u00e1 tudo conectado, sejam oceanos, terra ou a vida no espa\u00e7o. Ali\u00e1s, a vida talvez seja um momento, no tempo, no universo, que se est\u00e1 a mover no espa\u00e7o e no tempo&#8221;.<\/em><\/p>\n\n\n\n<p>Com\u00a0<strong>Chris Rainier<\/strong>, a GLEX Summit fez uma extraordin\u00e1ria viagem pelos modos de ser e de viver dos povos ind\u00edgenas. O explorador e fot\u00f3grafo da<strong>\u00a0National Geographic\u00a0<\/strong>confessou:\u00a0<em>&#8220;Um dia decidi que precisava de ir para a floresta e fazer as perguntas certas. Adoro mapas que dizem que &#8216;n\u00e3o h\u00e1 dados dispon\u00edveis&#8217;. \u00c9 para l\u00e1 que gosto de ir&#8221;<\/em>. Expedi\u00e7\u00f5es que o ajudaram a tomar consci\u00eancia que, na verdade,\u00a0<em>&#8220;existem\u00a0m\u00faltiplas realidades e formas de sabedoria. S\u00f3 na Nova Guin\u00e9 existem cerca de 1.000 dialetos. Todos pertencemos a este fr\u00e1gil planeta a girar no Universo e todos precisamos de salvar este fr\u00e1gil planeta em que vivemos&#8221;. Mas o tamb\u00e9m diretor e CEO da\u00a0<strong>The Cultural Sanctuaries Foundation<\/strong>\u00a0fez quest\u00e3o de sublinhar que &#8220;esta \u00e9 uma altura extraordin\u00e1ria para estar vivo. Estamos vivos num momento espantoso da evolu\u00e7\u00e3o humana&#8221;<\/em>.<\/p>\n\n\n\n<p>Dois portugueses tamb\u00e9m participaram na manh\u00e3 de abertura da GLEX Summit.\u00a0<strong>Emanuel Gon\u00e7alves<\/strong>, cientista-chefe da Funda\u00e7\u00e3o Oceano\u00a0Azul e docente do\u00a0<strong>ISPA &#8211; Instituto Universit\u00e1rio de Lisboa<\/strong>, foi bastante contundente: &#8220;N\u00e3o podemos prometer mais ignor\u00e2ncia. Podemos mudar porque sabemos. H\u00e1 uma desconex\u00e3o fundamental entre n\u00f3s e o oceano porque n\u00e3o vivemos l\u00e1. Precisamos de proteger a natureza e precisamos de o fazer com conhecimento. N\u00f3s temos as ferramentas para o fazer. Um oceano saud\u00e1vel \u00e9 a chave para o desenvolvimento humano&#8221;. <\/p>\n\n\n\n<p>J\u00e1\u00a0<strong>Nuno S\u00e1<\/strong>, um premiado cameraman subaqu\u00e1tico, especializado em grandes esp\u00e9cies marinhas e que j\u00e1 colaborou em v\u00e1rias produ\u00e7\u00f5es da vida selvagem, teceu um rasgado elogio ao arquip\u00e9lago:\u00a0<em>&#8220;Os A\u00e7ores s\u00e3o como que escolhidos a dedo pela natureza ou por Deus&#8221;.<\/em><\/p>\n\n\n\n<p>O polaco<strong>\u00a0Piotr Chmielinski<\/strong>, explorador e presidente da HP Environmental, numa refer\u00eancia \u00e0 Ucr\u00e2nea, afirmou:\u00a0<em>&#8220;temos de salvar o planeta, mas precisamos de salvar a democracia e a liberdade&#8221;<\/em>. Mas deixou ainda um aviso \u00e0 prem\u00eancia de\u00a0<em>&#8220;tirar as gera\u00e7\u00f5es mais novas do computador e das tecnologias, puxando-as para a vida no exterior, com as atividades ao ar livre a terem de ser uma parte importante da sua vida&#8221;<\/em>.<\/p>\n\n\n\n<p><strong>Andrew Revkin<\/strong>, jornalista americano especializado em ci\u00eancia e meio ambiente, com trabalho de investiga\u00e7\u00e3o desenvolvido em temas como a destrui\u00e7\u00e3o da floresta amaz\u00f4nica, o tsunami asi\u00e1tico de 2004 e o impacto das altera\u00e7\u00f5es clim\u00e1ticas nos polos, destacou &#8220;a import\u00e2ncia do jornalismo e do \u00b4storytelling\u00b4 na preserva\u00e7\u00e3o do planeta&#8221;.<\/p>\n\n\n\n<p>A sess\u00e3o &#8220;Fogo e Gelo&#8221; encerrou o dia inaugural da GLEX Summit, revelando\u00a0as rela\u00e7\u00f5es din\u00e2micas que os exploradores estabelecem com os extremos do mundo natural e as formas como n\u00f3s, humanos, aproveitamos os opostos para descobrir territ\u00f3rios inexplorados &#8211; desde os mist\u00e9rios da floresta tropical escura, \u00e0s paisagens sonoras marcianas, \u00e0 lenda do rio fervente na Amaz\u00f3nia e muito mais.<\/p>\n\n\n\n<p>O peruano,\u00a0<strong>Andr\u00e9s Ruzo-Callejas<\/strong>, conhecido pelo trabalho desenvolvido no rio fervente da Amaz\u00f3nia, no Peru, onde se tornou o primeiro geocientista a receber a b\u00ean\u00e7\u00e3o xam\u00e2nica para estudar este local sagrado da Amaz\u00f3nia, confessou que,\u00a0<em>&#8220;enquanto acad\u00e9mico, sinto que, por vezes, muito do conhecimento fica retido&#8221;<\/em>. Quanto ao rio fervente da Amaz\u00f3nia,\u00a0a\u00a0lenda esteve esquecida,\u00a0<em>&#8220;at\u00e9\u00a0ao dia em que, num jantar de fam\u00edlia, a minha\u00a0tia\u00a0disse que o rio existia mesmo e que ela j\u00e1 l\u00e1 tinha estado.\u00a0\u00a0\u00c9 um local geologicamente muito interessante e eu n\u00e3o sou a primeira pessoa a perguntar porque \u00e9 que este rio est\u00e1 a ferver&#8221;<\/em>.<\/p>\n\n\n\n<p>O brasileiro<strong>\u00a0Leo Lanna<\/strong>\u00a0transportou a GLEX Summit\u00a0numa fant\u00e1stica viagem noturna pela floresta, no escuro, detalhando a imensa biodiversidade.\u00a0\u00a0<em>&#8220;\u00c0 medida que as expedi\u00e7\u00f5es avan\u00e7am, pergunto \u00e0s trevas: que mist\u00e9rios e belezas nos vais apresentar esta noite? Come\u00e7amos sempre com uma premissa: que outros segredos nos est\u00e3o a escapar?&#8221;\u00a0<\/em>O trabalho desenvolvido na investiga\u00e7\u00e3o dos louva-a-deus \u00e9 um dos mais reconhecidos, com o explorador e bi\u00f3logo a destacar\u00a0<em>&#8220;a\u00a0fant\u00e1stica\u00a0habilidade que t\u00eam em\u00a0digerir insetos venenosos&#8221;<\/em>. Mas, por outro lado, faz quest\u00e3o de esclarecer:\u00a0<em>&#8220;n\u00e3o \u00e9 bem verdade que as f\u00eameas comem a cabe\u00e7a dos machos depois de acasalarem. Isso acontece em locais mais frios, mas em locais mais quentes, onde n\u00e3o h\u00e1 escassez de alimento, isso n\u00e3o acontece<\/em>.\u00a0<em>Mas mais importante, \u00e9 que ainda h\u00e1 tantas esp\u00e9cies para descobrir&#8230;&#8221;.<\/em><\/p>\n\n\n\n<p><em>&#8220;Obcecado pela investiga\u00e7\u00e3o do planeta V\u00e9nus&#8221;<\/em>, <strong>Paul Byrne<\/strong>, professor do Earth and Planetary Sciencese, defende que\u00a0<em>&#8220;os bal\u00f5es podem ser uma forma de explorar V\u00e9nus, por serem de longa dura\u00e7\u00e3o e por poderem ser carregados pelos ventos de altas altitudes. E uma vez que est\u00e3o na atmosfera, podemos procurar o batimento card\u00edaco do planeta. Ali\u00e1s, estou convicto de que os bal\u00f5es podem ter, para V\u00e9nus, a import\u00e2ncia que o rover tem para Marte&#8221;<\/em>. A finalizar, o irland\u00eas desafiou a plateia a estar atenta,\u00a0<em>&#8220;porque os nossos bal\u00f5es v\u00e3o voar pelos c\u00e9us de V\u00e9nus\u00a0e,quando o fizerem, terei todo o gosto em regressar \u00e0 GLEX Summit para vos contar&#8221;<\/em>.<\/p>\n\n\n\n<p><strong>Bhavita Bhatia<\/strong>\u00a0\u00e9 uma contadora de hist\u00f3rias, conservacionista de cavalos e aventureira, com mais de uma d\u00e9cada de experi\u00eancia em torno das comunidades pastoris da regi\u00e3o trans-Himalaia na \u00cdndia, But\u00e3o e Nepal. Na GLEX Summit defendeu que\u00a0<em>&#8220;a explora\u00e7\u00e3o, hoje, precisa de ser mais inclusiva e intuitiva&#8221;<\/em>. Para al\u00e9m disso,\u00a0<em>&#8220;\u00e9 necess\u00e1rio investir fundos e recursos na prote\u00e7\u00e3o das esp\u00e9cies&#8221;,\u00a0<\/em>dando o exemplo dos cavalos dos Himalaias:\u00a0<em>&#8220;N\u00e3o existem estradas nestas regi\u00f5es, por isso como viajamos? Com cavalos. Os cavalos trazem comida, servem de ambul\u00e2ncia, fertilizam as terras. Os cavalos s\u00e3o mais do que um animal comum. Trazem sorte e fortuna \u00e0s fam\u00edlias. S\u00e3o vistos como um s\u00edmbolo da sorte&#8221;<\/em>.\u00a0\u00a0<\/p>\n\n\n\n<p><strong>Anna Roosevelt,\u00a0<\/strong>lend\u00e1ria antrop\u00f3loga,\u00a0partilhou a sua longa investiga\u00e7\u00e3o sobre\u00a0a primeira dieta\u00a0paleol\u00edtica e o seu impacto na evolu\u00e7\u00e3o da esp\u00e9cie humana.<\/p>\n\n\n\n<p><strong>Nina\u00a0Lanza,\u00a0<\/strong>chefe de equipa para a explora\u00e7\u00e3o espacial e planet\u00e1ria no\u00a0Laborat\u00f3rio Nacional de Los Alamos, mas tamb\u00e9m investigadora principal do instrumento ChemCam a bordo do Mars Science Laboratory Curiosity rover e membro da equipa cient\u00edfica do instrumento SuperCam a bordo do Mars 2020 Perseverance rover, destacou: &#8220;a atmosfera de Marte \u00e9 muito diferente da da Terra e isso muda a forma como o som se propaga.\u00a0Porque \u00e9 que usamos microfones\u00a0nos\u00a0rovers?\u00a0Para refinar os modelos de como o som se propaga em Marte; aprender acerca dos processos atmosf\u00e9ricos marcianos;\u00a0e ouvir os sons dos\u00a0rovers. Por isso, percebe-se\u00a0a\u00a0import\u00e2ncia\u00a0de incluir microfones nas\u00a0miss\u00f5es\u00a0planet\u00e1rias e o primeiro \u2018live\u2019 de Marte confirmou-o. Fizemos hist\u00f3ria&#8230;\u00a0Mas a verdade \u00e9 que nem fomos as\u00a0primeiras pessoas a tentar ouvir Marte.\u00a0Guglielmo\u00a0Marconi\u00a0tentou\u00a0faz\u00ea-lo, atrav\u00e9s de ondas r\u00e1dio&#8221;.\u00a0<\/p>\n\n\n\n<p>O programa do segundo dia da GLEX Summit tem in\u00edcio \u00e0s 09h45, novamente no Centro dos Congressos de Angra do Hero\u00edsmo, com o t\u00e9rmino da derradeira sess\u00e3o previsto para as 18h30.\u00a0<\/p>\n\n\n\n<p><strong>Sobre a GLEX Summit:<\/strong><br>A Global Exploration Summit (GLEX Summit) foi criada no \u00e2mbito da celebra\u00e7\u00e3o do quinto centen\u00e1rio da primeira circum-navega\u00e7\u00e3o do mundo, comandada por Fern\u00e3o de Magalh\u00e3es. Em 2019, na edi\u00e7\u00e3o de estreia, a organiza\u00e7\u00e3o e o painel de oradores assinaram a Declara\u00e7\u00e3o de Lisboa, firmando o compromisso com a explora\u00e7\u00e3o fundamentada na procura de conhecimento cient\u00edfico para o progresso da humanidade e de toda a vida na Terra e no universo.<\/p>\n\n\n\n<p>Em apenas tr\u00eas edi\u00e7\u00f5es, a GLEX Summit tornou-se a maior cimeira de exploradores \u00e0 escala global, ao conseguir reunir um not\u00e1vel leque de oradores nas \u00e1reas da conserva\u00e7\u00e3o da natureza, oceanos, Terra e Espa\u00e7o, de que s\u00e3o exemplo lendas vivas da explora\u00e7\u00e3o e investiga\u00e7\u00e3o como James Garvin, Brian Cox, Beverly e Dereck Joubert, Fabien Cousteau, Sian Proctor, Sylvia Earle, entre muitos outros. As dezenas de palestras conduziram os espectadores a uma viagem por descobertas vanguardistas, tendo sido apresentadas importantes miss\u00f5es cient\u00edficas e tecnologias de ponta que t\u00eam impulsionado a Humanidade para novas fronteiras do conhecimento.<\/p>\n\n\n\n<p>Por outro lado, a cimeira tem posicionado Portugal enquanto destino de boas pr\u00e1ticas na conserva\u00e7\u00e3o dos oceanos, na produ\u00e7\u00e3o e partilha cient\u00edfica, assim como destino refer\u00eancia de inclus\u00e3o e diversidade.<\/p>\n\n\n\n<p><strong>Certifica\u00e7\u00e3o sustent\u00e1vel<\/strong><br>A GLEX \u00e9 um evento eco-respons\u00e1vel, com a certifica\u00e7\u00e3o da gest\u00e3o sustent\u00e1vel de eventos pela norma ISO 20121. Esta certifica\u00e7\u00e3o foi atribu\u00edda \u00e0 Expanding World pelo esfor\u00e7o empreendido em conjunto com o The Explorers Club de implementa\u00e7\u00e3o de um sistema de gest\u00e3o sustent\u00e1vel da cimeira.<\/p>\n\n\n\n<p><strong>Discovery+\/HBO<\/strong><br>Algumas das palestras da GLEX chegam ao Discovery+, a plataforma de streaming da Warner Bros. Discovery, numa s\u00e9rie produzida para a multinacional americana que conta j\u00e1 com duas temporadas. Os epis\u00f3dios da terceira temporada, lan\u00e7ada brevemente, abrangem algumas das miss\u00f5es cient\u00edficas e descobertas apresentadas no palco da GLEX, como os vulc\u00f5es ativos no universo, a primeira Esta\u00e7\u00e3o Espacial Comercial e os desafios e avan\u00e7os da medicina espacial. Ap\u00f3s a fus\u00e3o da Discovery com a WarnerMedia, a plataforma de streaming tem cerca de 95 milh\u00f5es de subscritores.<\/p>\n","protected":false},"excerpt":{"rendered":"<p>Lota\u00e7\u00e3o esgotada no dia de abertura da edi\u00e7\u00e3o deste ano da GLEX Summit,\u00a0marcado pelas surpreendentes e incr\u00edveis\u00a0est\u00f3rias partilhadas por mais&#8230;<\/p>\n","protected":false},"author":7,"featured_media":11661,"comment_status":"closed","ping_status":"open","sticky":false,"template":"","format":"standard","meta":[],"categories":[451],"tags":[470,569,446],"yoast_head":"<!-- This site is optimized with the Yoast SEO plugin v20.12 - https:\/\/yoast.com\/wordpress\/plugins\/seo\/ -->\n<title>Extraordin\u00e1ria viagem pela terra e pelo espa\u00e7o no primeiro dia da GLEX Summit e\u00a0Angra do Hero\u00edsmo pode passar a sede permanente da cimeira\u00a0 - Atelier do Caractere<\/title>\n<meta name=\"robots\" content=\"index, follow, max-snippet:-1, max-image-preview:large, max-video-preview:-1\" \/>\n<link rel=\"canonical\" href=\"https:\/\/www.atelierdocaractere.pt\/brevemente\/extraordinaria-viagem-pela-terra-e-pelo-espaco-no-primeiro-dia-da-glex-summit-e-angra-do-heroismo-pode-passar-a-sede-permanente-da-cimeira\/\" \/>\n<meta property=\"og:locale\" content=\"pt_PT\" \/>\n<meta property=\"og:type\" content=\"article\" \/>\n<meta property=\"og:title\" content=\"Extraordin\u00e1ria viagem pela terra e pelo espa\u00e7o no primeiro dia da GLEX Summit e\u00a0Angra do Hero\u00edsmo pode passar a sede permanente da cimeira\u00a0 - Atelier do Caractere\" \/>\n<meta property=\"og:description\" content=\"Lota\u00e7\u00e3o esgotada no dia de abertura da edi\u00e7\u00e3o deste ano da GLEX Summit,\u00a0marcado pelas surpreendentes e incr\u00edveis\u00a0est\u00f3rias partilhadas por mais...\" \/>\n<meta property=\"og:url\" content=\"https:\/\/www.atelierdocaractere.pt\/brevemente\/extraordinaria-viagem-pela-terra-e-pelo-espaco-no-primeiro-dia-da-glex-summit-e-angra-do-heroismo-pode-passar-a-sede-permanente-da-cimeira\/\" \/>\n<meta property=\"og:site_name\" content=\"Atelier do Caractere\" \/>\n<meta property=\"article:publisher\" content=\"https:\/\/www.facebook.com\/AtelierdoCaractere\" \/>\n<meta property=\"article:published_time\" content=\"2023-06-14T16:39:00+00:00\" \/>\n<meta property=\"article:modified_time\" content=\"2023-06-20T16:47:38+00:00\" \/>\n<meta property=\"og:image\" content=\"http:\/\/www.atelierdocaractere.pt\/wp-content\/uploads\/2023\/06\/glex-2023-470-scaled.jpg\" \/>\n\t<meta property=\"og:image:width\" content=\"2560\" \/>\n\t<meta property=\"og:image:height\" content=\"1703\" \/>\n\t<meta property=\"og:image:type\" content=\"image\/jpeg\" \/>\n<meta name=\"author\" content=\"Joana Barbosa\" \/>\n<meta name=\"twitter:card\" content=\"summary_large_image\" \/>\n<meta name=\"twitter:label1\" content=\"Escrito por\" \/>\n\t<meta name=\"twitter:data1\" content=\"Joana Barbosa\" \/>\n\t<meta name=\"twitter:label2\" content=\"Tempo estimado de leitura\" \/>\n\t<meta name=\"twitter:data2\" content=\"11 minutos\" \/>\n<script type=\"application\/ld+json\" class=\"yoast-schema-graph\">{\"@context\":\"https:\/\/schema.org\",\"@graph\":[{\"@type\":\"WebPage\",\"@id\":\"https:\/\/www.atelierdocaractere.pt\/brevemente\/extraordinaria-viagem-pela-terra-e-pelo-espaco-no-primeiro-dia-da-glex-summit-e-angra-do-heroismo-pode-passar-a-sede-permanente-da-cimeira\/\",\"url\":\"https:\/\/www.atelierdocaractere.pt\/brevemente\/extraordinaria-viagem-pela-terra-e-pelo-espaco-no-primeiro-dia-da-glex-summit-e-angra-do-heroismo-pode-passar-a-sede-permanente-da-cimeira\/\",\"name\":\"Extraordin\u00e1ria viagem pela terra e pelo espa\u00e7o no primeiro dia da GLEX Summit e\u00a0Angra do Hero\u00edsmo pode passar a sede permanente da cimeira\u00a0 - Atelier do Caractere\",\"isPartOf\":{\"@id\":\"https:\/\/www.atelierdocaractere.pt\/brevemente\/#website\"},\"datePublished\":\"2023-06-14T16:39:00+00:00\",\"dateModified\":\"2023-06-20T16:47:38+00:00\",\"author\":{\"@id\":\"https:\/\/www.atelierdocaractere.pt\/brevemente\/#\/schema\/person\/f2f096eb0f27d9894725af22cb97c0db\"},\"breadcrumb\":{\"@id\":\"https:\/\/www.atelierdocaractere.pt\/brevemente\/extraordinaria-viagem-pela-terra-e-pelo-espaco-no-primeiro-dia-da-glex-summit-e-angra-do-heroismo-pode-passar-a-sede-permanente-da-cimeira\/#breadcrumb\"},\"inLanguage\":\"pt-PT\",\"potentialAction\":[{\"@type\":\"ReadAction\",\"target\":[\"https:\/\/www.atelierdocaractere.pt\/brevemente\/extraordinaria-viagem-pela-terra-e-pelo-espaco-no-primeiro-dia-da-glex-summit-e-angra-do-heroismo-pode-passar-a-sede-permanente-da-cimeira\/\"]}]},{\"@type\":\"BreadcrumbList\",\"@id\":\"https:\/\/www.atelierdocaractere.pt\/brevemente\/extraordinaria-viagem-pela-terra-e-pelo-espaco-no-primeiro-dia-da-glex-summit-e-angra-do-heroismo-pode-passar-a-sede-permanente-da-cimeira\/#breadcrumb\",\"itemListElement\":[{\"@type\":\"ListItem\",\"position\":1,\"name\":\"In\u00edcio\",\"item\":\"https:\/\/www.atelierdocaractere.pt\/brevemente\/\"},{\"@type\":\"ListItem\",\"position\":2,\"name\":\"Extraordin\u00e1ria viagem pela terra e pelo espa\u00e7o no primeiro dia da GLEX Summit e\u00a0Angra do Hero\u00edsmo pode passar a sede permanente da cimeira\u00a0\"}]},{\"@type\":\"WebSite\",\"@id\":\"https:\/\/www.atelierdocaractere.pt\/brevemente\/#website\",\"url\":\"https:\/\/www.atelierdocaractere.pt\/brevemente\/\",\"name\":\"Atelier do Caractere\",\"description\":\"\",\"potentialAction\":[{\"@type\":\"SearchAction\",\"target\":{\"@type\":\"EntryPoint\",\"urlTemplate\":\"https:\/\/www.atelierdocaractere.pt\/brevemente\/?s={search_term_string}\"},\"query-input\":\"required name=search_term_string\"}],\"inLanguage\":\"pt-PT\"},{\"@type\":\"Person\",\"@id\":\"https:\/\/www.atelierdocaractere.pt\/brevemente\/#\/schema\/person\/f2f096eb0f27d9894725af22cb97c0db\",\"name\":\"Joana Barbosa\",\"image\":{\"@type\":\"ImageObject\",\"inLanguage\":\"pt-PT\",\"@id\":\"https:\/\/www.atelierdocaractere.pt\/brevemente\/#\/schema\/person\/image\/\",\"url\":\"https:\/\/secure.gravatar.com\/avatar\/33e8214b45e9d68a3a83008731075979?s=96&d=mm&r=g\",\"contentUrl\":\"https:\/\/secure.gravatar.com\/avatar\/33e8214b45e9d68a3a83008731075979?s=96&d=mm&r=g\",\"caption\":\"Joana Barbosa\"},\"url\":\"https:\/\/www.atelierdocaractere.pt\/brevemente\/author\/joanabarbosa\/\"}]}<\/script>\n<!-- \/ Yoast SEO plugin. -->","yoast_head_json":{"title":"Extraordin\u00e1ria viagem pela terra e pelo espa\u00e7o no primeiro dia da GLEX Summit e\u00a0Angra do Hero\u00edsmo pode passar a sede permanente da cimeira\u00a0 - Atelier do Caractere","robots":{"index":"index","follow":"follow","max-snippet":"max-snippet:-1","max-image-preview":"max-image-preview:large","max-video-preview":"max-video-preview:-1"},"canonical":"https:\/\/www.atelierdocaractere.pt\/brevemente\/extraordinaria-viagem-pela-terra-e-pelo-espaco-no-primeiro-dia-da-glex-summit-e-angra-do-heroismo-pode-passar-a-sede-permanente-da-cimeira\/","og_locale":"pt_PT","og_type":"article","og_title":"Extraordin\u00e1ria viagem pela terra e pelo espa\u00e7o no primeiro dia da GLEX Summit e\u00a0Angra do Hero\u00edsmo pode passar a sede permanente da cimeira\u00a0 - Atelier do Caractere","og_description":"Lota\u00e7\u00e3o esgotada no dia de abertura da edi\u00e7\u00e3o deste ano da GLEX Summit,\u00a0marcado pelas surpreendentes e incr\u00edveis\u00a0est\u00f3rias partilhadas por mais...","og_url":"https:\/\/www.atelierdocaractere.pt\/brevemente\/extraordinaria-viagem-pela-terra-e-pelo-espaco-no-primeiro-dia-da-glex-summit-e-angra-do-heroismo-pode-passar-a-sede-permanente-da-cimeira\/","og_site_name":"Atelier do Caractere","article_publisher":"https:\/\/www.facebook.com\/AtelierdoCaractere","article_published_time":"2023-06-14T16:39:00+00:00","article_modified_time":"2023-06-20T16:47:38+00:00","og_image":[{"width":2560,"height":1703,"url":"http:\/\/www.atelierdocaractere.pt\/wp-content\/uploads\/2023\/06\/glex-2023-470-scaled.jpg","type":"image\/jpeg"}],"author":"Joana Barbosa","twitter_card":"summary_large_image","twitter_misc":{"Escrito por":"Joana Barbosa","Tempo estimado de leitura":"11 minutos"},"schema":{"@context":"https:\/\/schema.org","@graph":[{"@type":"WebPage","@id":"https:\/\/www.atelierdocaractere.pt\/brevemente\/extraordinaria-viagem-pela-terra-e-pelo-espaco-no-primeiro-dia-da-glex-summit-e-angra-do-heroismo-pode-passar-a-sede-permanente-da-cimeira\/","url":"https:\/\/www.atelierdocaractere.pt\/brevemente\/extraordinaria-viagem-pela-terra-e-pelo-espaco-no-primeiro-dia-da-glex-summit-e-angra-do-heroismo-pode-passar-a-sede-permanente-da-cimeira\/","name":"Extraordin\u00e1ria viagem pela terra e pelo espa\u00e7o no primeiro dia da GLEX Summit e\u00a0Angra do Hero\u00edsmo pode passar a sede permanente da cimeira\u00a0 - Atelier do Caractere","isPartOf":{"@id":"https:\/\/www.atelierdocaractere.pt\/brevemente\/#website"},"datePublished":"2023-06-14T16:39:00+00:00","dateModified":"2023-06-20T16:47:38+00:00","author":{"@id":"https:\/\/www.atelierdocaractere.pt\/brevemente\/#\/schema\/person\/f2f096eb0f27d9894725af22cb97c0db"},"breadcrumb":{"@id":"https:\/\/www.atelierdocaractere.pt\/brevemente\/extraordinaria-viagem-pela-terra-e-pelo-espaco-no-primeiro-dia-da-glex-summit-e-angra-do-heroismo-pode-passar-a-sede-permanente-da-cimeira\/#breadcrumb"},"inLanguage":"pt-PT","potentialAction":[{"@type":"ReadAction","target":["https:\/\/www.atelierdocaractere.pt\/brevemente\/extraordinaria-viagem-pela-terra-e-pelo-espaco-no-primeiro-dia-da-glex-summit-e-angra-do-heroismo-pode-passar-a-sede-permanente-da-cimeira\/"]}]},{"@type":"BreadcrumbList","@id":"https:\/\/www.atelierdocaractere.pt\/brevemente\/extraordinaria-viagem-pela-terra-e-pelo-espaco-no-primeiro-dia-da-glex-summit-e-angra-do-heroismo-pode-passar-a-sede-permanente-da-cimeira\/#breadcrumb","itemListElement":[{"@type":"ListItem","position":1,"name":"In\u00edcio","item":"https:\/\/www.atelierdocaractere.pt\/brevemente\/"},{"@type":"ListItem","position":2,"name":"Extraordin\u00e1ria viagem pela terra e pelo espa\u00e7o no primeiro dia da GLEX Summit e\u00a0Angra do Hero\u00edsmo pode passar a sede permanente da cimeira\u00a0"}]},{"@type":"WebSite","@id":"https:\/\/www.atelierdocaractere.pt\/brevemente\/#website","url":"https:\/\/www.atelierdocaractere.pt\/brevemente\/","name":"Atelier do Caractere","description":"","potentialAction":[{"@type":"SearchAction","target":{"@type":"EntryPoint","urlTemplate":"https:\/\/www.atelierdocaractere.pt\/brevemente\/?s={search_term_string}"},"query-input":"required name=search_term_string"}],"inLanguage":"pt-PT"},{"@type":"Person","@id":"https:\/\/www.atelierdocaractere.pt\/brevemente\/#\/schema\/person\/f2f096eb0f27d9894725af22cb97c0db","name":"Joana Barbosa","image":{"@type":"ImageObject","inLanguage":"pt-PT","@id":"https:\/\/www.atelierdocaractere.pt\/brevemente\/#\/schema\/person\/image\/","url":"https:\/\/secure.gravatar.com\/avatar\/33e8214b45e9d68a3a83008731075979?s=96&d=mm&r=g","contentUrl":"https:\/\/secure.gravatar.com\/avatar\/33e8214b45e9d68a3a83008731075979?s=96&d=mm&r=g","caption":"Joana Barbosa"},"url":"https:\/\/www.atelierdocaractere.pt\/brevemente\/author\/joanabarbosa\/"}]}},"_links":{"self":[{"href":"https:\/\/www.atelierdocaractere.pt\/brevemente\/wp-json\/wp\/v2\/posts\/11660"}],"collection":[{"href":"https:\/\/www.atelierdocaractere.pt\/brevemente\/wp-json\/wp\/v2\/posts"}],"about":[{"href":"https:\/\/www.atelierdocaractere.pt\/brevemente\/wp-json\/wp\/v2\/types\/post"}],"author":[{"embeddable":true,"href":"https:\/\/www.atelierdocaractere.pt\/brevemente\/wp-json\/wp\/v2\/users\/7"}],"replies":[{"embeddable":true,"href":"https:\/\/www.atelierdocaractere.pt\/brevemente\/wp-json\/wp\/v2\/comments?post=11660"}],"version-history":[{"count":1,"href":"https:\/\/www.atelierdocaractere.pt\/brevemente\/wp-json\/wp\/v2\/posts\/11660\/revisions"}],"predecessor-version":[{"id":11662,"href":"https:\/\/www.atelierdocaractere.pt\/brevemente\/wp-json\/wp\/v2\/posts\/11660\/revisions\/11662"}],"wp:featuredmedia":[{"embeddable":true,"href":"https:\/\/www.atelierdocaractere.pt\/brevemente\/wp-json\/wp\/v2\/media\/11661"}],"wp:attachment":[{"href":"https:\/\/www.atelierdocaractere.pt\/brevemente\/wp-json\/wp\/v2\/media?parent=11660"}],"wp:term":[{"taxonomy":"category","embeddable":true,"href":"https:\/\/www.atelierdocaractere.pt\/brevemente\/wp-json\/wp\/v2\/categories?post=11660"},{"taxonomy":"post_tag","embeddable":true,"href":"https:\/\/www.atelierdocaractere.pt\/brevemente\/wp-json\/wp\/v2\/tags?post=11660"}],"curies":[{"name":"wp","href":"https:\/\/api.w.org\/{rel}","templated":true}]}}