{"id":11663,"date":"2023-06-15T16:48:00","date_gmt":"2023-06-15T16:48:00","guid":{"rendered":"https:\/\/www.atelierdocaractere.pt\/brevemente\/?p=11663"},"modified":"2023-06-20T16:57:21","modified_gmt":"2023-06-20T16:57:21","slug":"glex-summit-anuncia-a-1a-missao-espacial-analoga-a-marte-na-ilha-da-terceira","status":"publish","type":"post","link":"https:\/\/www.atelierdocaractere.pt\/brevemente\/glex-summit-anuncia-a-1a-missao-espacial-analoga-a-marte-na-ilha-da-terceira\/","title":{"rendered":"GLEX Summit anuncia a 1\u00aa miss\u00e3o espacial an\u00e1loga a Marte\u00a0na Ilha da Terceira"},"content":{"rendered":"\n<p><strong>Mais um dia de lota\u00e7\u00e3o esgotada e um an\u00fancio surpreendente na&nbsp;<a href=\"https:\/\/www.glexsummit.com\/\" target=\"_blank\" rel=\"noreferrer noopener\">GLEX Summit<\/a>: no inverno deste ano, a ilha da Terceira vai ser palco da primeira miss\u00e3o espacial an\u00e1loga a Marte \u2013 tamb\u00e9m a primeira realizada em Portugal! Hoje, quinta-feira, mais de duas dezenas de reputados exploradores e cientistas passaram pelo palco do Centro de Congressos Angra do Hero\u00edsmo. O programa do terceiro e \u00faltimo dia da GLEX Summit tem in\u00edcio \u00e0s 09h45, novamente no Centro dos Congressos de Angra do Hero\u00edsmo, com o t\u00e9rmino da derradeira sess\u00e3o previsto para as 12h30.<\/strong><\/p>\n\n\n\n<p>A primeira miss\u00e3o espacial an\u00e1loga a Marte realizada em Portugal vai ser liderada pela Associa\u00e7\u00e3o de Montanheiros, em parceria com entidades, como o INESC TEC, a Universidade dos A\u00e7ores, Universidade de Aveiro, para al\u00e9m de empresas diversas.&nbsp;<em>\u201cIsto confirma o potencial que os A\u00e7ores t\u00eam para colocar n\u00e3o, apenas a regi\u00e3o, mas Portugal, no mapa mundial das miss\u00f5es espaciais an\u00e1logas. Portanto, vai ser uma oportunidade incr\u00edvel, ainda para mais anunciada frente a uma plateia como a da GLEX Summit\u201d,&nbsp;<\/em>afirmou Jo\u00e3o Carlos Nunes, diretor cient\u00edfico do Instituto de Inova\u00e7\u00e3o Tecnol\u00f3gica dos A\u00e7ores.<\/p>\n\n\n\n<p>A sess\u00e3o \u201cCorre\u00e7\u00f5es de Percurso\u201d abriu o segundo dia da quarta edi\u00e7\u00e3o da GLEX Summit. Uma extraordin\u00e1ria viagem por algumas das expedi\u00e7\u00f5es mais intr\u00e9pidas do s\u00e9culo XXI, que nos levaram a novas altitudes e profundidades, desde a superf\u00edcie de planetas, a locais paleoantropol\u00f3gicos intocados, entre muitos outros. Uma manh\u00e3 em que tamb\u00e9m ficou bem vincada a capacidade de exploradores de reconhecerem e adaptarem-se \u00e0s circunst\u00e2ncias para prosperar e sobreviver.<\/p>\n\n\n\n<p>O bi\u00f3logo marinho,&nbsp;<strong>Nathan Robinson<\/strong>, foi o primeiro a subir ao palco do Centro de Congressos de Angra do Hero\u00edsmo. O rosto de v\u00e1rias campanhas contra o pl\u00e1stico dos oceanos, tamb\u00e9m produziu v\u00eddeos virais como aquele em que retirou uma palhinha do nariz de uma tartaruga. Nos A\u00e7ores, o ingl\u00eas sublinhou a import\u00e2ncia de todos combatermos esse flagelo, mas tamb\u00e9m emocionou a plateia com as imagens que captou de uma lula gigante nas \u00e1guas americanas.&nbsp;<em>&#8220;N\u00e3o foi o tamanho do animal que foi inovador, mas sim o facto de o termos apanhado com a c\u00e2mara. Foi a primeira vez que foi filmado nas \u00e1guas dos EUA&#8221;.<\/em><\/p>\n\n\n\n<p><strong>Francesco Sauro<\/strong>, ge\u00f3logo, espele\u00f3logo e explorador da National Geographic, sublinhou: \u201c<em>As grutas s\u00e3o locais onde estamos a aprender a ser grandes com a natureza. Para compreender, realmente, o que existe l\u00e1 em baixo, \u00e9 preciso ir l\u00e1 abaixo. N\u00e3o \u00e9 algo que se possa encontrar no Google Earth.&nbsp; As grutas podem ser algo bastante incr\u00edvel e o que ainda falta explorar \u00e9, provavelmente, enorme&#8221;.<\/em><\/p>\n\n\n\n<p>Na primavera de 2014,&nbsp;<strong>John All<\/strong>&nbsp;caminhava, num remoto pico dos Himalaias, no Nepal, chamado Himlung, quando rompeu uma fina camada de neve e caiu numa fenda com uma profundidade equivalente \u00e0 altura de sete andares. Teria continuado a cair, quase de certeza para a morte, se n\u00e3o fosse uma pequena plataforma de gelo que cobria a fissura, sobre a qual aterrou milagrosamente. Atordoado e ferido \u2013 15 ossos partidos, um ombro deslocado e uma hemorragia interna \u2013 John All recolheu-se na cripta gelada e come\u00e7ou a documentar a prova\u00e7\u00e3o com recurso a uma c\u00e2mera. Pensou nos seus colegas de expedi\u00e7\u00e3o, nos seus alunos, na sua m\u00e3e\u2026 Eles iriam querer saber o que lhe tinha acontecido caso sobrevivesse, o que parecia improv\u00e1vel. Apesar das dores dilacerantes, durante as horas que se seguiram, John All foi escalando as paredes, movendo-se cent\u00edmetros de cada vez\u2026 at\u00e9 chegar \u00e0 superf\u00edcie. Depois demorou mais de duas horas a rastejar at\u00e9 \u00e0 tenda onde tinha um telefone celular para pedir socorro. Uma incr\u00edvel hist\u00f3ria de sobreviv\u00eancia que emocionou a plateia da GLEX Summit.&nbsp;<em>&#8220;Eu desenterrei-me da minha pr\u00f3pria sepultura, levantei-me e sa\u00ed. Alguns morrem, mas n\u00f3s temos de continuar nesta miss\u00e3o pela ci\u00eancia&#8221;<\/em>, confessou.<\/p>\n\n\n\n<p>Projetado pela NASA, em colabora\u00e7\u00e3o com a Ag\u00eancia Espacial Europeia (ESA) e a Ag\u00eancia Espacial Canadiana (CSA), James Webb \u00e9 o melhor telesc\u00f3pio espacial de sempre e, desde o Natal de 2021, que est\u00e1 no Espa\u00e7o, estando agora localizado a mais de 1 milh\u00e3o de quil\u00f3metros da \u00f3rbita da Terra. Cientista do projeto desde 1997,&nbsp;<strong>Matt Greenhouse<\/strong>&nbsp;afirmou, na GLEX Summit:&nbsp;<em>Deve haver dezenas de bili\u00f5es de mundos habit\u00e1veis na nossa gal\u00e1xia. As luzes das estrelas transmitem tudo o que sabemos sobre o Universo e deixo um conselho a todos os jovens que querem trabalhar nesta \u00e1rea: v\u00e3o para a faculdade e fiquem por l\u00e1&#8221;<\/em>.<\/p>\n\n\n\n<p>A tarde do segundo dia da GLEX Summit foi reservada a uma sess\u00e3o especial: SOE \u2013 Space, Ocean and Earth Insights (SOE\u201923).&nbsp; Organizado pelo INESC TEC &#8211; Institute for Systems and Computer Engineering e co-organizado pelo Programa UT Austin Portugal, pela plataforma TEC4SEA e pelo Institute for Astronautical Sciences and Space For All Nations, revelou novas perspetivas e importantes conclus\u00f5es dos mais recentes projetos cient\u00edficos neste dom\u00ednio, que v\u00e3o impulsionar a discuss\u00e3o do futuro da explora\u00e7\u00e3o.<\/p>\n\n\n\n<p>Uma sess\u00e3o que foi aberta por aberta por&nbsp;<strong>\u00c1lamo Meneses<\/strong>&nbsp;(presidente da C\u00e2mara Municipal de Angra do Hero\u00edsmo) e por&nbsp;<strong>Ana Pires<\/strong>&nbsp;(coordenadora cient\u00edfica do SOE e astronauta-an\u00e1loga) e que contou com a participa\u00e7\u00e3o de&nbsp;<strong>Yvette Gonzalez<\/strong>&nbsp;e&nbsp;<strong>Ricardo Conde<\/strong>&nbsp;(copresidentes do SOE), mas tamb\u00e9m de:&nbsp;<strong>Jo\u00e3o Carlos Nunes<\/strong>, que explicou as raz\u00f5es para os &nbsp;A\u00e7ores terem emergido onde emergiram;&nbsp;<strong>Christyl Johnson<\/strong>, que mostrou os progressos tecnol\u00f3gicos para levar o Homem a Marte;&nbsp;<strong>Alfredo Martins<\/strong>, que partilhou imagens de rob\u00f4s em ambientes submarinos extremos;&nbsp;<strong>Amy Kukulya<\/strong>, que mostrou a explora\u00e7\u00e3o atrav\u00e9s dos olhos de um robot;&nbsp;<strong>Carlos Espejel<\/strong>, que explanou o tema da economia cislunar;&nbsp;<strong>Lu\u00eds Sentis<\/strong>, que fez uma apresenta\u00e7\u00e3o sob o mote \u201cUm futuro para a rob\u00f3tica centrada no ser humano\u201d;&nbsp;<strong>Moriba Jah<\/strong>, que defendeu o ambientalismo espacial; e&nbsp;<strong>Aidyl Gonzalez-Serrichio,&nbsp;<\/strong>que explicou o impacto das altera\u00e7\u00f5es clim\u00e1tica na sa\u00fade dos solos. Eduardo Silva, Telmo Carvalho, Elsa Henriques e Rui Oliveira foram outros dos participantes.<\/p>\n\n\n\n<p><strong>Richard Garriott<\/strong>, presidente do The Explorers Club, sublinhou:&nbsp;<em>\u201cTem sido fenomenal a GLEX Summit no belo territ\u00f3rio dos A\u00e7ores. Ontem, fiquei entusiasmado pela esperan\u00e7a passada nas mensagens, mas hoje fal\u00e1mos mais de solu\u00e7\u00f5es \u2018com os p\u00e9s na terra\u2019<\/em>.&nbsp;<em>N\u00f3s estamos a fazer o que \u00e9 certo, ao trazer estes cientistas, exploradores, universit\u00e1rios, investigadores, etc., para ajudarem a passar a mensagem de como devemos proteger o nosso planeta, que \u00e9 o \u00fanico que temos para&nbsp;viver&nbsp;agora\u201d<\/em>.<\/p>\n\n\n\n<p><a>O programa do terceiro e \u00faltimo dia da GLEX Summit tem in\u00edcio \u00e0s 09h45, novamente no Centro dos Congressos de Angra do Hero\u00edsmo, com o t\u00e9rmino da derradeira sess\u00e3o previsto para as 12h30.&nbsp;<\/a><\/p>\n\n\n\n<p>A GLEX Summit \u00e9 organizada pela\u00a0<a href=\"https:\/\/www.expanding.pt\/\" target=\"_blank\" rel=\"noreferrer noopener\">Expanding World<\/a>, com a chancela e curadoria da prestigiada agremia\u00e7\u00e3o de l\u00edderes da explora\u00e7\u00e3o do planeta, o\u00a0<a href=\"https:\/\/www.explorers.org\/\" target=\"_blank\" rel=\"noreferrer noopener\">The Explorers Club of New York<\/a>.<\/p>\n\n\n\n<p><strong>Sobre a GLEX Summit:<\/strong><br>A Global Exploration Summit (GLEX Summit) foi criada no \u00e2mbito da celebra\u00e7\u00e3o do quinto centen\u00e1rio da primeira circum-navega\u00e7\u00e3o do mundo, comandada por Fern\u00e3o de Magalh\u00e3es. Em 2019, na edi\u00e7\u00e3o de estreia, a organiza\u00e7\u00e3o e o painel de oradores assinaram a Declara\u00e7\u00e3o de Lisboa, firmando o compromisso com a explora\u00e7\u00e3o fundamentada na procura de conhecimento cient\u00edfico para o progresso da humanidade e de toda a vida na Terra e no universo.<\/p>\n\n\n\n<p>Em apenas tr\u00eas edi\u00e7\u00f5es, a GLEX Summit tornou-se a maior cimeira de exploradores \u00e0 escala global, ao conseguir reunir um not\u00e1vel leque de oradores nas \u00e1reas da conserva\u00e7\u00e3o da natureza, oceanos, Terra e Espa\u00e7o, de que s\u00e3o exemplo lendas vivas da explora\u00e7\u00e3o e investiga\u00e7\u00e3o como James Garvin, Brian Cox, Beverly e Dereck Joubert, Fabien Cousteau, Sian Proctor, Sylvia Earle, entre muitos outros. As dezenas de palestras conduziram os espectadores a uma viagem por descobertas vanguardistas, tendo sido apresentadas importantes miss\u00f5es cient\u00edficas e tecnologias de ponta que t\u00eam impulsionado a Humanidade para novas fronteiras do conhecimento.<\/p>\n\n\n\n<p>Por outro lado, a cimeira tem posicionado Portugal enquanto destino de boas pr\u00e1ticas na conserva\u00e7\u00e3o dos oceanos, na produ\u00e7\u00e3o e partilha cient\u00edfica, assim como destino refer\u00eancia de inclus\u00e3o e diversidade.<\/p>\n\n\n\n<p><br><strong>Certifica\u00e7\u00e3o sustent\u00e1vel<\/strong><br>A GLEX \u00e9 um evento eco-respons\u00e1vel, com a certifica\u00e7\u00e3o da gest\u00e3o sustent\u00e1vel de eventos pela norma ISO 20121. Esta certifica\u00e7\u00e3o foi atribu\u00edda \u00e0 Expanding World pelo esfor\u00e7o empreendido em conjunto com o The Explorers Club de implementa\u00e7\u00e3o de um sistema de gest\u00e3o sustent\u00e1vel da cimeira.<\/p>\n\n\n\n<p><strong>Discovery+\/HBO<\/strong><br>Algumas das palestras da GLEX chegam ao Discovery+, a plataforma de&nbsp;<em>streaming<\/em>&nbsp;da Warner Bros. Discovery, numa s\u00e9rie produzida para a multinacional americana que conta j\u00e1 com duas temporadas.&nbsp;Os epis\u00f3dios da terceira temporada, lan\u00e7ada brevemente, abrangem algumas das miss\u00f5es cient\u00edficas e descobertas apresentadas no palco da GLEX, como os vulc\u00f5es ativos no universo, a primeira Esta\u00e7\u00e3o Espacial Comercial e os desafios e avan\u00e7os da medicina espacial.&nbsp;Ap\u00f3s a fus\u00e3o da Discovery com a WarnerMedia, a plataforma de&nbsp;<em>streaming<\/em>&nbsp;tem cerca de 95 milh\u00f5es de subscritores.<\/p>\n","protected":false},"excerpt":{"rendered":"<p>Mais um dia de lota\u00e7\u00e3o esgotada e um an\u00fancio surpreendente na&nbsp;GLEX Summit: no inverno deste ano, a ilha da Terceira&#8230;<\/p>\n","protected":false},"author":7,"featured_media":11666,"comment_status":"closed","ping_status":"open","sticky":false,"template":"","format":"standard","meta":[],"categories":[451],"tags":[470,446,570],"yoast_head":"<!-- This site is optimized with the Yoast SEO plugin v20.12 - https:\/\/yoast.com\/wordpress\/plugins\/seo\/ -->\n<title>GLEX Summit anuncia a 1\u00aa miss\u00e3o espacial an\u00e1loga a Marte\u00a0na Ilha da Terceira - Atelier do Caractere<\/title>\n<meta name=\"robots\" content=\"index, follow, max-snippet:-1, max-image-preview:large, max-video-preview:-1\" \/>\n<link rel=\"canonical\" href=\"https:\/\/www.atelierdocaractere.pt\/brevemente\/glex-summit-anuncia-a-1a-missao-espacial-analoga-a-marte-na-ilha-da-terceira\/\" \/>\n<meta property=\"og:locale\" content=\"pt_PT\" \/>\n<meta property=\"og:type\" content=\"article\" \/>\n<meta property=\"og:title\" content=\"GLEX Summit anuncia a 1\u00aa miss\u00e3o espacial an\u00e1loga a Marte\u00a0na Ilha da Terceira - Atelier do Caractere\" \/>\n<meta property=\"og:description\" content=\"Mais um dia de lota\u00e7\u00e3o esgotada e um an\u00fancio surpreendente na&nbsp;GLEX Summit: no inverno deste ano, a ilha da Terceira...\" \/>\n<meta property=\"og:url\" content=\"https:\/\/www.atelierdocaractere.pt\/brevemente\/glex-summit-anuncia-a-1a-missao-espacial-analoga-a-marte-na-ilha-da-terceira\/\" \/>\n<meta property=\"og:site_name\" content=\"Atelier do Caractere\" \/>\n<meta property=\"article:publisher\" content=\"https:\/\/www.facebook.com\/AtelierdoCaractere\" \/>\n<meta property=\"article:published_time\" content=\"2023-06-15T16:48:00+00:00\" \/>\n<meta property=\"article:modified_time\" content=\"2023-06-20T16:57:21+00:00\" \/>\n<meta property=\"og:image\" content=\"http:\/\/www.atelierdocaractere.pt\/wp-content\/uploads\/2023\/06\/glex-2023-4027-scaled.jpg\" \/>\n\t<meta property=\"og:image:width\" content=\"2560\" \/>\n\t<meta property=\"og:image:height\" content=\"1703\" \/>\n\t<meta property=\"og:image:type\" content=\"image\/jpeg\" \/>\n<meta name=\"author\" content=\"Joana Barbosa\" \/>\n<meta name=\"twitter:card\" content=\"summary_large_image\" \/>\n<meta name=\"twitter:label1\" content=\"Escrito por\" \/>\n\t<meta name=\"twitter:data1\" content=\"Joana Barbosa\" \/>\n\t<meta name=\"twitter:label2\" content=\"Tempo estimado de leitura\" \/>\n\t<meta name=\"twitter:data2\" content=\"8 minutos\" \/>\n<script type=\"application\/ld+json\" class=\"yoast-schema-graph\">{\"@context\":\"https:\/\/schema.org\",\"@graph\":[{\"@type\":\"WebPage\",\"@id\":\"https:\/\/www.atelierdocaractere.pt\/brevemente\/glex-summit-anuncia-a-1a-missao-espacial-analoga-a-marte-na-ilha-da-terceira\/\",\"url\":\"https:\/\/www.atelierdocaractere.pt\/brevemente\/glex-summit-anuncia-a-1a-missao-espacial-analoga-a-marte-na-ilha-da-terceira\/\",\"name\":\"GLEX Summit anuncia a 1\u00aa miss\u00e3o espacial an\u00e1loga a Marte\u00a0na Ilha da Terceira - Atelier do Caractere\",\"isPartOf\":{\"@id\":\"https:\/\/www.atelierdocaractere.pt\/brevemente\/#website\"},\"datePublished\":\"2023-06-15T16:48:00+00:00\",\"dateModified\":\"2023-06-20T16:57:21+00:00\",\"author\":{\"@id\":\"https:\/\/www.atelierdocaractere.pt\/brevemente\/#\/schema\/person\/f2f096eb0f27d9894725af22cb97c0db\"},\"breadcrumb\":{\"@id\":\"https:\/\/www.atelierdocaractere.pt\/brevemente\/glex-summit-anuncia-a-1a-missao-espacial-analoga-a-marte-na-ilha-da-terceira\/#breadcrumb\"},\"inLanguage\":\"pt-PT\",\"potentialAction\":[{\"@type\":\"ReadAction\",\"target\":[\"https:\/\/www.atelierdocaractere.pt\/brevemente\/glex-summit-anuncia-a-1a-missao-espacial-analoga-a-marte-na-ilha-da-terceira\/\"]}]},{\"@type\":\"BreadcrumbList\",\"@id\":\"https:\/\/www.atelierdocaractere.pt\/brevemente\/glex-summit-anuncia-a-1a-missao-espacial-analoga-a-marte-na-ilha-da-terceira\/#breadcrumb\",\"itemListElement\":[{\"@type\":\"ListItem\",\"position\":1,\"name\":\"In\u00edcio\",\"item\":\"https:\/\/www.atelierdocaractere.pt\/brevemente\/\"},{\"@type\":\"ListItem\",\"position\":2,\"name\":\"GLEX Summit anuncia a 1\u00aa miss\u00e3o espacial an\u00e1loga a Marte\u00a0na Ilha da Terceira\"}]},{\"@type\":\"WebSite\",\"@id\":\"https:\/\/www.atelierdocaractere.pt\/brevemente\/#website\",\"url\":\"https:\/\/www.atelierdocaractere.pt\/brevemente\/\",\"name\":\"Atelier do Caractere\",\"description\":\"\",\"potentialAction\":[{\"@type\":\"SearchAction\",\"target\":{\"@type\":\"EntryPoint\",\"urlTemplate\":\"https:\/\/www.atelierdocaractere.pt\/brevemente\/?s={search_term_string}\"},\"query-input\":\"required name=search_term_string\"}],\"inLanguage\":\"pt-PT\"},{\"@type\":\"Person\",\"@id\":\"https:\/\/www.atelierdocaractere.pt\/brevemente\/#\/schema\/person\/f2f096eb0f27d9894725af22cb97c0db\",\"name\":\"Joana Barbosa\",\"image\":{\"@type\":\"ImageObject\",\"inLanguage\":\"pt-PT\",\"@id\":\"https:\/\/www.atelierdocaractere.pt\/brevemente\/#\/schema\/person\/image\/\",\"url\":\"https:\/\/secure.gravatar.com\/avatar\/33e8214b45e9d68a3a83008731075979?s=96&d=mm&r=g\",\"contentUrl\":\"https:\/\/secure.gravatar.com\/avatar\/33e8214b45e9d68a3a83008731075979?s=96&d=mm&r=g\",\"caption\":\"Joana Barbosa\"},\"url\":\"https:\/\/www.atelierdocaractere.pt\/brevemente\/author\/joanabarbosa\/\"}]}<\/script>\n<!-- \/ Yoast SEO plugin. -->","yoast_head_json":{"title":"GLEX Summit anuncia a 1\u00aa miss\u00e3o espacial an\u00e1loga a Marte\u00a0na Ilha da Terceira - Atelier do Caractere","robots":{"index":"index","follow":"follow","max-snippet":"max-snippet:-1","max-image-preview":"max-image-preview:large","max-video-preview":"max-video-preview:-1"},"canonical":"https:\/\/www.atelierdocaractere.pt\/brevemente\/glex-summit-anuncia-a-1a-missao-espacial-analoga-a-marte-na-ilha-da-terceira\/","og_locale":"pt_PT","og_type":"article","og_title":"GLEX Summit anuncia a 1\u00aa miss\u00e3o espacial an\u00e1loga a Marte\u00a0na Ilha da Terceira - Atelier do Caractere","og_description":"Mais um dia de lota\u00e7\u00e3o esgotada e um an\u00fancio surpreendente na&nbsp;GLEX Summit: no inverno deste ano, a ilha da Terceira...","og_url":"https:\/\/www.atelierdocaractere.pt\/brevemente\/glex-summit-anuncia-a-1a-missao-espacial-analoga-a-marte-na-ilha-da-terceira\/","og_site_name":"Atelier do Caractere","article_publisher":"https:\/\/www.facebook.com\/AtelierdoCaractere","article_published_time":"2023-06-15T16:48:00+00:00","article_modified_time":"2023-06-20T16:57:21+00:00","og_image":[{"width":2560,"height":1703,"url":"http:\/\/www.atelierdocaractere.pt\/wp-content\/uploads\/2023\/06\/glex-2023-4027-scaled.jpg","type":"image\/jpeg"}],"author":"Joana Barbosa","twitter_card":"summary_large_image","twitter_misc":{"Escrito por":"Joana Barbosa","Tempo estimado de leitura":"8 minutos"},"schema":{"@context":"https:\/\/schema.org","@graph":[{"@type":"WebPage","@id":"https:\/\/www.atelierdocaractere.pt\/brevemente\/glex-summit-anuncia-a-1a-missao-espacial-analoga-a-marte-na-ilha-da-terceira\/","url":"https:\/\/www.atelierdocaractere.pt\/brevemente\/glex-summit-anuncia-a-1a-missao-espacial-analoga-a-marte-na-ilha-da-terceira\/","name":"GLEX Summit anuncia a 1\u00aa miss\u00e3o espacial an\u00e1loga a Marte\u00a0na Ilha da Terceira - Atelier do Caractere","isPartOf":{"@id":"https:\/\/www.atelierdocaractere.pt\/brevemente\/#website"},"datePublished":"2023-06-15T16:48:00+00:00","dateModified":"2023-06-20T16:57:21+00:00","author":{"@id":"https:\/\/www.atelierdocaractere.pt\/brevemente\/#\/schema\/person\/f2f096eb0f27d9894725af22cb97c0db"},"breadcrumb":{"@id":"https:\/\/www.atelierdocaractere.pt\/brevemente\/glex-summit-anuncia-a-1a-missao-espacial-analoga-a-marte-na-ilha-da-terceira\/#breadcrumb"},"inLanguage":"pt-PT","potentialAction":[{"@type":"ReadAction","target":["https:\/\/www.atelierdocaractere.pt\/brevemente\/glex-summit-anuncia-a-1a-missao-espacial-analoga-a-marte-na-ilha-da-terceira\/"]}]},{"@type":"BreadcrumbList","@id":"https:\/\/www.atelierdocaractere.pt\/brevemente\/glex-summit-anuncia-a-1a-missao-espacial-analoga-a-marte-na-ilha-da-terceira\/#breadcrumb","itemListElement":[{"@type":"ListItem","position":1,"name":"In\u00edcio","item":"https:\/\/www.atelierdocaractere.pt\/brevemente\/"},{"@type":"ListItem","position":2,"name":"GLEX Summit anuncia a 1\u00aa miss\u00e3o espacial an\u00e1loga a Marte\u00a0na Ilha da Terceira"}]},{"@type":"WebSite","@id":"https:\/\/www.atelierdocaractere.pt\/brevemente\/#website","url":"https:\/\/www.atelierdocaractere.pt\/brevemente\/","name":"Atelier do Caractere","description":"","potentialAction":[{"@type":"SearchAction","target":{"@type":"EntryPoint","urlTemplate":"https:\/\/www.atelierdocaractere.pt\/brevemente\/?s={search_term_string}"},"query-input":"required name=search_term_string"}],"inLanguage":"pt-PT"},{"@type":"Person","@id":"https:\/\/www.atelierdocaractere.pt\/brevemente\/#\/schema\/person\/f2f096eb0f27d9894725af22cb97c0db","name":"Joana Barbosa","image":{"@type":"ImageObject","inLanguage":"pt-PT","@id":"https:\/\/www.atelierdocaractere.pt\/brevemente\/#\/schema\/person\/image\/","url":"https:\/\/secure.gravatar.com\/avatar\/33e8214b45e9d68a3a83008731075979?s=96&d=mm&r=g","contentUrl":"https:\/\/secure.gravatar.com\/avatar\/33e8214b45e9d68a3a83008731075979?s=96&d=mm&r=g","caption":"Joana Barbosa"},"url":"https:\/\/www.atelierdocaractere.pt\/brevemente\/author\/joanabarbosa\/"}]}},"_links":{"self":[{"href":"https:\/\/www.atelierdocaractere.pt\/brevemente\/wp-json\/wp\/v2\/posts\/11663"}],"collection":[{"href":"https:\/\/www.atelierdocaractere.pt\/brevemente\/wp-json\/wp\/v2\/posts"}],"about":[{"href":"https:\/\/www.atelierdocaractere.pt\/brevemente\/wp-json\/wp\/v2\/types\/post"}],"author":[{"embeddable":true,"href":"https:\/\/www.atelierdocaractere.pt\/brevemente\/wp-json\/wp\/v2\/users\/7"}],"replies":[{"embeddable":true,"href":"https:\/\/www.atelierdocaractere.pt\/brevemente\/wp-json\/wp\/v2\/comments?post=11663"}],"version-history":[{"count":1,"href":"https:\/\/www.atelierdocaractere.pt\/brevemente\/wp-json\/wp\/v2\/posts\/11663\/revisions"}],"predecessor-version":[{"id":11665,"href":"https:\/\/www.atelierdocaractere.pt\/brevemente\/wp-json\/wp\/v2\/posts\/11663\/revisions\/11665"}],"wp:featuredmedia":[{"embeddable":true,"href":"https:\/\/www.atelierdocaractere.pt\/brevemente\/wp-json\/wp\/v2\/media\/11666"}],"wp:attachment":[{"href":"https:\/\/www.atelierdocaractere.pt\/brevemente\/wp-json\/wp\/v2\/media?parent=11663"}],"wp:term":[{"taxonomy":"category","embeddable":true,"href":"https:\/\/www.atelierdocaractere.pt\/brevemente\/wp-json\/wp\/v2\/categories?post=11663"},{"taxonomy":"post_tag","embeddable":true,"href":"https:\/\/www.atelierdocaractere.pt\/brevemente\/wp-json\/wp\/v2\/tags?post=11663"}],"curies":[{"name":"wp","href":"https:\/\/api.w.org\/{rel}","templated":true}]}}