{"id":11667,"date":"2023-06-16T16:58:00","date_gmt":"2023-06-16T16:58:00","guid":{"rendered":"https:\/\/www.atelierdocaractere.pt\/brevemente\/?p=11667"},"modified":"2023-06-20T17:02:21","modified_gmt":"2023-06-20T17:02:21","slug":"glex-summit-tres-dias-em-que-algumas-das-mentes-mais-brilhantes-do-planeta-partilharam-conhecimento","status":"publish","type":"post","link":"https:\/\/www.atelierdocaractere.pt\/brevemente\/glex-summit-tres-dias-em-que-algumas-das-mentes-mais-brilhantes-do-planeta-partilharam-conhecimento\/","title":{"rendered":"GLEX Summit: Tr\u00eas dias em que algumas das mentes mais brilhantes do planeta partilharam conhecimento"},"content":{"rendered":"\n<p><strong>Que imenso privil\u00e9gio para o p\u00fablico e para o pa\u00eds e que enorme sucesso foi a&nbsp;<a href=\"https:\/\/www.glexsummit.com\/\" target=\"_blank\" rel=\"noreferrer noopener\">GLEX Summit<\/a>. Durante tr\u00eas dias, mais de quatro dezenas de exploradores e cientistas, de 14 nacionalidades, estiveram em Portugal, na ilha a\u00e7oriana da Terceira, a revelar as suas mais improv\u00e1veis descobertas e as suas not\u00e1veis descobertas cient\u00edficas. Tr\u00eas dias intensos de partilha de conhecimento, de emo\u00e7\u00f5es e com an\u00fancios surpreendentes: a realiza\u00e7\u00e3o da primeira miss\u00e3o espacial an\u00e1loga a Marte na Terceira (a primeira de sempre em Portugal!), a abertura do World Center of Exploration na Base A\u00e9rea das Lages e o convite lan\u00e7ado \u00e0 organiza\u00e7\u00e3o para que Angra de Hero\u00edsmo acolha a sede permanente da GLEX Summit. Esta foi a quarta edi\u00e7\u00e3o da cimeira que j\u00e1 \u00e9 internacionalmente reconhecida como a \u201cDavos da explora\u00e7\u00e3o\u201d.<\/strong><\/p>\n\n\n\n<p>Com tr\u00eas dias de lota\u00e7\u00e3o esgotada, a quarta edi\u00e7\u00e3o da GLEX Summit foi um enorme sucesso e as palavras de&nbsp;<strong>Richard Garriott<\/strong>, presidente do&nbsp;<a href=\"https:\/\/www.explorers.org\/\" target=\"_blank\" rel=\"noreferrer noopener\">The Explorers Club of New York<\/a>&nbsp;(a prestigiada agremia\u00e7\u00e3o de l\u00edderes da explora\u00e7\u00e3o do planeta) confirmam-no:&nbsp;<em>\u201cEsta foi a quarta edi\u00e7\u00e3o da GLEX Summit e talvez a melhor de sempre. Sim, \u00e9 f\u00e1cil dizer, mas temos vindo sempre a evoluir, n\u00e3o apenas a selecionar os melhores exploradores do planeta para os trazer a Portugal, mas tamb\u00e9m a integrar a economia, os exploradores e os estudantes locais na cimeira. Foi uma edi\u00e7\u00e3o muito poderosa, no magn\u00edfico cen\u00e1rio dos A\u00e7ores e, em particular, da Terceira. N\u00f3s estamos a fazer o que \u00e9 certo, pois \u00e9 important\u00edssimo passar a mensagem de como devemos proteger o nosso planeta, que \u00e9 o \u00fanico que temos para&nbsp;viver&nbsp;agora\u201d<\/em>.<\/p>\n\n\n\n<p>Para&nbsp;<strong>Manuel Vaz<\/strong>, fundador da&nbsp;<a href=\"https:\/\/www.expanding.pt\/\" target=\"_blank\" rel=\"noreferrer noopener\">Expanding World<\/a>, a empresa respons\u00e1vel pela organiza\u00e7\u00e3o da GLEX Summit, o balan\u00e7o&nbsp;<em>\u201cdificilmente podia ser mais positivo. Pelo n\u00famero e qualidade dos cientistas, exploradores e startups presentes, pelos surpreendentes an\u00fancios que fizemos, pela presen\u00e7a de altos representantes da NASA, Axion Space e SpaceX, bem como pelo envolvimento, em diferentes dimens\u00f5es, de in\u00fameras entidades nacionais e regionais. Sim, estamos bastante orgulhosos e, enquanto portugu\u00eas, vou continuar a lutar para que o nosso pa\u00eds continue a ser palco do maior encontro anual de exploradores e cientistas realizado no planeta\u201d.<\/em><\/p>\n\n\n\n<p>O derradeiro dia da GLEX foi reservado \u00e0 sess\u00e3o&nbsp;<strong>\u201cEC50 da Rolex: Possibilidades\u201d<\/strong>. Mais de duas horas centradas na aceita\u00e7\u00e3o da incerteza, na assun\u00e7\u00e3o de riscos e na descoberta de potenciais oportunidades que podem ter sido esquecidas anteriormente, com a ajuda de membros do The Explorers CLUB 50.<\/p>\n\n\n\n<p>O bi\u00f3logo,&nbsp;<strong>Alejandro Arteaga<\/strong>, respons\u00e1vel pela descoberta de 29 novas esp\u00e9cies e que tem feito um trabalho not\u00e1vel para evitar a perda de biodiversidade tropical e atenuar os efeitos do aquecimento global foi o primeiro a subir ao palco no terceiro dia da GLEX Summit: \u201cMuitas vezes \u00e9 doloroso gastar tanto tempo, dinheiro e esfor\u00e7o para n\u00e3o encontrar absolutamente nada. Mas \u00e9 essa a nossa miss\u00e3o. Muitas vezes nem temos a certeza se uma determinada esp\u00e9cie \u00e9 mesmo nova e a confirma\u00e7\u00e3o, tanto pode ser instant\u00e2nea, como pode demorar anos\u201d.<\/p>\n\n\n\n<p><strong>Aziz Abu Sarah<\/strong>&nbsp;tem dedicado a sua vida a juntar israelitas e palestinianos, com o objetivo de constru\u00edrem uma compreens\u00e3o m\u00fatua e estabelecerem rela\u00e7\u00f5es duradouras.&nbsp;<em>&#8220;N\u00e3o cresci como algu\u00e9m que acredita na paz. Isso era rid\u00edculo para mim, quando era mi\u00fado. Quero que se imaginem com 10 anos de idade e verem o vosso irm\u00e3o a ser morto&#8230; Estamos divididos por muros de ignor\u00e2ncia e de medo e, na minha fam\u00edlia, foi preciso o meu pai viajar, para percebermos que n\u00e3o estamos condenados a viver em conflito&#8221;<\/em>.<\/p>\n\n\n\n<p><strong>Kimberly Kivvaq Pikok<\/strong>&nbsp;\u00e9 uma pescadora I\u00f1upiaq, de Utqia\u0121vik, no Alasca, mas tamb\u00e9m uma estudante de p\u00f3s-gradua\u00e7\u00e3o em estudos interdisciplinares, pesquisando e observando toda a atividade relacionada com os ca\u00e7adores e baleeiros da regi\u00e3o.&nbsp;<em>&#8220;O m\u00e9rito n\u00e3o \u00e9 meu, mas sim das pessoas que me inspiraram. Mas admito que \u00e9 triste ver as crian\u00e7as que tem boas notas a ser aceites para programas de educa\u00e7\u00e3o, enquanto as crian\u00e7as que est\u00e3o a aprender a ca\u00e7ar, a sobreviver, a interpretar a natureza, s\u00e3o rejeitadas e n\u00e3o podem continuar os seus estudos\u201d<\/em>. Mas Kimberly n\u00e3o disfar\u00e7ou a emo\u00e7\u00e3o quando, em plano palco da Glex Summit, afirmou:&nbsp;<em>\u201cTodos voc\u00eas me inspiram. Est\u00e3o aqui, est\u00e3o a aprender e isso \u00e9 realmente inspirador&#8221;.<\/em><\/p>\n\n\n\n<p>Para al\u00e9m de velejadora e mergulhadora,&nbsp;<strong>Emmanuelle P\u00e9ri\u00e9-Bardout<\/strong>&nbsp;tem desenvolvido v\u00e1rios programas ao n\u00edvel da educa\u00e7\u00e3o e conserva\u00e7\u00e3o, enquanto&nbsp;<strong>Ghislain Bardout<\/strong>&nbsp;\u00e9 uma refer\u00eancia em mergulho cient\u00edfico de profundidade, nomeadamente nos polos, tendo promovido v\u00e1rias expedi\u00e7\u00f5es centradas na descoberta cient\u00edfica e na sensibiliza\u00e7\u00e3o.&nbsp;<em>&#8220;Quanto mais se mergulha, mais se sente que se est\u00e1 noutro planeta\u2026 Os oceanos s\u00e3o grandes e h\u00e1 muito a fazer para os proteger\u2026 O seu maior problema \u00e9 que a maior parte da humanidade n\u00e3o consegue ver o que est\u00e1 l\u00e1 em baixo\u2026 Toda a gente sabe a import\u00e2ncia das florestas para o planeta e o quanto est\u00e3o amea\u00e7adas. O &nbsp;mesmo problema est\u00e1 a ocorrer nos oceanos, mas as pessoas n\u00e3o o v\u00eam. Da\u00ed a explora\u00e7\u00e3o cient\u00edfica dos oceanos ser importante, por dar-nos esperan\u00e7a&#8221;<\/em>. Estas foram apenas algumas das frases mais expressivas do casal franc\u00eas.<\/p>\n\n\n\n<p>Desde 2009 que&nbsp;<strong>Michael Altenhofen<\/strong>&nbsp;integra a equipa da SpaceX e enquanto respons\u00e1vel comercial, tamb\u00e9m tem tirado proveito da sua experi\u00eancia \u00fanica em engenharia para definir as novas capacidades dos ve\u00edculos para as miss\u00f5es atuais e futuras de voos espaciais tripulados.&nbsp;<em>\u201cO objetivo da SpaceX \u00e9 tornar a vida \u2018multiplanet\u00e1ria\u2019. Apesar de apenas 12 pessoas terem pisado a lua, queremos tornar a explora\u00e7\u00e3o poss\u00edvel\u201d<\/em>.&nbsp;<\/p>\n\n\n\n<p><strong>M\u00e1rio Ferreira<\/strong>&nbsp;foi o primeiro portugu\u00eas a viajar no Espa\u00e7o. Uma experi\u00eancia realizada a bordo da Blue Origin NS-22, em 2022, que o empres\u00e1rio considerou \u201cmemor\u00e1vel e inesquec\u00edvel. O meu sonho era fazer a circum-navega\u00e7\u00e3o do globo num barco, n\u00e3o ir para o espa\u00e7o. Realizei-o aos 18 anos e, depois disso, comecei a pensar no que iria fazer a seguir. Agora, confesso, que o meu maior sonho ainda est\u00e1 por realizar: fazer uma viagem orbital&#8221;<\/p>\n\n\n\n<p>A GLEX Summit foi uma organiza\u00e7\u00e3o da\u00a0<a href=\"https:\/\/www.expanding.pt\/\" target=\"_blank\" rel=\"noreferrer noopener\">Expanding World<\/a>, com a chancela e curadoria da\u00a0<a>prestigiada agremia\u00e7\u00e3o de l\u00edderes da explora\u00e7\u00e3o do planeta<\/a>, o\u00a0<a href=\"https:\/\/www.explorers.org\/\" target=\"_blank\" rel=\"noreferrer noopener\">The Explorers Club of New York<\/a>.<\/p>\n\n\n\n<p><strong>Sobre a GLEX Summit:<\/strong><br>A Global Exploration Summit (GLEX Summit) foi criada no \u00e2mbito da celebra\u00e7\u00e3o do quinto centen\u00e1rio da primeira circum-navega\u00e7\u00e3o do mundo, comandada por Fern\u00e3o de Magalh\u00e3es. Em 2019, na edi\u00e7\u00e3o de estreia, a organiza\u00e7\u00e3o e o painel de oradores assinaram a Declara\u00e7\u00e3o de Lisboa, firmando o compromisso com a explora\u00e7\u00e3o fundamentada na procura de conhecimento cient\u00edfico para o progresso da humanidade e de toda a vida na Terra e no universo.<\/p>\n\n\n\n<p>Em apenas tr\u00eas edi\u00e7\u00f5es, a GLEX Summit tornou-se a maior cimeira de exploradores \u00e0 escala global, ao conseguir reunir um not\u00e1vel leque de oradores nas \u00e1reas da conserva\u00e7\u00e3o da natureza, oceanos, Terra e Espa\u00e7o, de que s\u00e3o exemplo lendas vivas da explora\u00e7\u00e3o e investiga\u00e7\u00e3o como James Garvin, Brian Cox, Beverly e Dereck Joubert, Fabien Cousteau, Sian Proctor, Sylvia Earle, entre muitos outros. As dezenas de palestras conduziram os espectadores a uma viagem por descobertas vanguardistas, tendo sido apresentadas importantes miss\u00f5es cient\u00edficas e tecnologias de ponta que t\u00eam impulsionado a Humanidade para novas fronteiras do conhecimento.<\/p>\n\n\n\n<p>Por outro lado, a cimeira tem posicionado Portugal enquanto destino de boas pr\u00e1ticas na conserva\u00e7\u00e3o dos oceanos, na produ\u00e7\u00e3o e partilha cient\u00edfica, assim como destino refer\u00eancia de inclus\u00e3o e diversidade.<\/p>\n\n\n\n<p><br><strong>Certifica\u00e7\u00e3o sustent\u00e1vel<\/strong><br>A GLEX \u00e9 um evento eco-respons\u00e1vel, com a certifica\u00e7\u00e3o da gest\u00e3o sustent\u00e1vel de eventos pela norma ISO 20121. Esta certifica\u00e7\u00e3o foi atribu\u00edda \u00e0 Expanding World pelo esfor\u00e7o empreendido em conjunto com o The Explorers Club de implementa\u00e7\u00e3o de um sistema de gest\u00e3o sustent\u00e1vel da cimeira.<\/p>\n\n\n\n<p><strong>Discovery+\/HBO<\/strong><br>Algumas das palestras da GLEX chegam ao Discovery+, a plataforma de&nbsp;<em>streaming<\/em>&nbsp;da Warner Bros. Discovery, numa s\u00e9rie produzida para a multinacional americana que conta j\u00e1 com duas temporadas.&nbsp;Os epis\u00f3dios da terceira temporada, lan\u00e7ada brevemente, abrangem algumas das miss\u00f5es cient\u00edficas e descobertas apresentadas no palco da GLEX, como os vulc\u00f5es ativos no universo, a primeira Esta\u00e7\u00e3o Espacial Comercial e os desafios e avan\u00e7os da medicina espacial.&nbsp;Ap\u00f3s a fus\u00e3o da Discovery com a WarnerMedia, a plataforma de&nbsp;<em>streaming<\/em>&nbsp;tem cerca de 95 milh\u00f5es de subscritores.<\/p>\n","protected":false},"excerpt":{"rendered":"<p>Que imenso privil\u00e9gio para o p\u00fablico e para o pa\u00eds e que enorme sucesso foi a&nbsp;GLEX Summit. Durante tr\u00eas dias,&#8230;<\/p>\n","protected":false},"author":7,"featured_media":11668,"comment_status":"closed","ping_status":"open","sticky":false,"template":"","format":"standard","meta":[],"categories":[451],"tags":[470,569,446],"yoast_head":"<!-- This site is optimized with the Yoast SEO plugin v20.12 - https:\/\/yoast.com\/wordpress\/plugins\/seo\/ -->\n<title>GLEX Summit: Tr\u00eas dias em que algumas das mentes mais brilhantes do planeta partilharam conhecimento - Atelier do Caractere<\/title>\n<meta name=\"robots\" content=\"index, follow, max-snippet:-1, max-image-preview:large, max-video-preview:-1\" \/>\n<link rel=\"canonical\" href=\"https:\/\/www.atelierdocaractere.pt\/brevemente\/glex-summit-tres-dias-em-que-algumas-das-mentes-mais-brilhantes-do-planeta-partilharam-conhecimento\/\" \/>\n<meta property=\"og:locale\" content=\"pt_PT\" \/>\n<meta property=\"og:type\" content=\"article\" \/>\n<meta property=\"og:title\" content=\"GLEX Summit: Tr\u00eas dias em que algumas das mentes mais brilhantes do planeta partilharam conhecimento - Atelier do Caractere\" \/>\n<meta property=\"og:description\" content=\"Que imenso privil\u00e9gio para o p\u00fablico e para o pa\u00eds e que enorme sucesso foi a&nbsp;GLEX Summit. Durante tr\u00eas dias,...\" \/>\n<meta property=\"og:url\" content=\"https:\/\/www.atelierdocaractere.pt\/brevemente\/glex-summit-tres-dias-em-que-algumas-das-mentes-mais-brilhantes-do-planeta-partilharam-conhecimento\/\" \/>\n<meta property=\"og:site_name\" content=\"Atelier do Caractere\" \/>\n<meta property=\"article:publisher\" content=\"https:\/\/www.facebook.com\/AtelierdoCaractere\" \/>\n<meta property=\"article:published_time\" content=\"2023-06-16T16:58:00+00:00\" \/>\n<meta property=\"article:modified_time\" content=\"2023-06-20T17:02:21+00:00\" \/>\n<meta property=\"og:image\" content=\"http:\/\/www.atelierdocaractere.pt\/wp-content\/uploads\/2023\/06\/glex-2023-7404-scaled.jpg\" \/>\n\t<meta property=\"og:image:width\" content=\"2560\" \/>\n\t<meta property=\"og:image:height\" content=\"1693\" \/>\n\t<meta property=\"og:image:type\" content=\"image\/jpeg\" \/>\n<meta name=\"author\" content=\"Joana Barbosa\" \/>\n<meta name=\"twitter:card\" content=\"summary_large_image\" \/>\n<meta name=\"twitter:label1\" content=\"Escrito por\" \/>\n\t<meta name=\"twitter:data1\" content=\"Joana Barbosa\" \/>\n\t<meta name=\"twitter:label2\" content=\"Tempo estimado de leitura\" \/>\n\t<meta name=\"twitter:data2\" content=\"8 minutos\" \/>\n<script type=\"application\/ld+json\" class=\"yoast-schema-graph\">{\"@context\":\"https:\/\/schema.org\",\"@graph\":[{\"@type\":\"WebPage\",\"@id\":\"https:\/\/www.atelierdocaractere.pt\/brevemente\/glex-summit-tres-dias-em-que-algumas-das-mentes-mais-brilhantes-do-planeta-partilharam-conhecimento\/\",\"url\":\"https:\/\/www.atelierdocaractere.pt\/brevemente\/glex-summit-tres-dias-em-que-algumas-das-mentes-mais-brilhantes-do-planeta-partilharam-conhecimento\/\",\"name\":\"GLEX Summit: Tr\u00eas dias em que algumas das mentes mais brilhantes do planeta partilharam conhecimento - Atelier do Caractere\",\"isPartOf\":{\"@id\":\"https:\/\/www.atelierdocaractere.pt\/brevemente\/#website\"},\"datePublished\":\"2023-06-16T16:58:00+00:00\",\"dateModified\":\"2023-06-20T17:02:21+00:00\",\"author\":{\"@id\":\"https:\/\/www.atelierdocaractere.pt\/brevemente\/#\/schema\/person\/f2f096eb0f27d9894725af22cb97c0db\"},\"breadcrumb\":{\"@id\":\"https:\/\/www.atelierdocaractere.pt\/brevemente\/glex-summit-tres-dias-em-que-algumas-das-mentes-mais-brilhantes-do-planeta-partilharam-conhecimento\/#breadcrumb\"},\"inLanguage\":\"pt-PT\",\"potentialAction\":[{\"@type\":\"ReadAction\",\"target\":[\"https:\/\/www.atelierdocaractere.pt\/brevemente\/glex-summit-tres-dias-em-que-algumas-das-mentes-mais-brilhantes-do-planeta-partilharam-conhecimento\/\"]}]},{\"@type\":\"BreadcrumbList\",\"@id\":\"https:\/\/www.atelierdocaractere.pt\/brevemente\/glex-summit-tres-dias-em-que-algumas-das-mentes-mais-brilhantes-do-planeta-partilharam-conhecimento\/#breadcrumb\",\"itemListElement\":[{\"@type\":\"ListItem\",\"position\":1,\"name\":\"In\u00edcio\",\"item\":\"https:\/\/www.atelierdocaractere.pt\/brevemente\/\"},{\"@type\":\"ListItem\",\"position\":2,\"name\":\"GLEX Summit: Tr\u00eas dias em que algumas das mentes mais brilhantes do planeta partilharam conhecimento\"}]},{\"@type\":\"WebSite\",\"@id\":\"https:\/\/www.atelierdocaractere.pt\/brevemente\/#website\",\"url\":\"https:\/\/www.atelierdocaractere.pt\/brevemente\/\",\"name\":\"Atelier do Caractere\",\"description\":\"\",\"potentialAction\":[{\"@type\":\"SearchAction\",\"target\":{\"@type\":\"EntryPoint\",\"urlTemplate\":\"https:\/\/www.atelierdocaractere.pt\/brevemente\/?s={search_term_string}\"},\"query-input\":\"required name=search_term_string\"}],\"inLanguage\":\"pt-PT\"},{\"@type\":\"Person\",\"@id\":\"https:\/\/www.atelierdocaractere.pt\/brevemente\/#\/schema\/person\/f2f096eb0f27d9894725af22cb97c0db\",\"name\":\"Joana Barbosa\",\"image\":{\"@type\":\"ImageObject\",\"inLanguage\":\"pt-PT\",\"@id\":\"https:\/\/www.atelierdocaractere.pt\/brevemente\/#\/schema\/person\/image\/\",\"url\":\"https:\/\/secure.gravatar.com\/avatar\/33e8214b45e9d68a3a83008731075979?s=96&d=mm&r=g\",\"contentUrl\":\"https:\/\/secure.gravatar.com\/avatar\/33e8214b45e9d68a3a83008731075979?s=96&d=mm&r=g\",\"caption\":\"Joana Barbosa\"},\"url\":\"https:\/\/www.atelierdocaractere.pt\/brevemente\/author\/joanabarbosa\/\"}]}<\/script>\n<!-- \/ Yoast SEO plugin. -->","yoast_head_json":{"title":"GLEX Summit: Tr\u00eas dias em que algumas das mentes mais brilhantes do planeta partilharam conhecimento - Atelier do Caractere","robots":{"index":"index","follow":"follow","max-snippet":"max-snippet:-1","max-image-preview":"max-image-preview:large","max-video-preview":"max-video-preview:-1"},"canonical":"https:\/\/www.atelierdocaractere.pt\/brevemente\/glex-summit-tres-dias-em-que-algumas-das-mentes-mais-brilhantes-do-planeta-partilharam-conhecimento\/","og_locale":"pt_PT","og_type":"article","og_title":"GLEX Summit: Tr\u00eas dias em que algumas das mentes mais brilhantes do planeta partilharam conhecimento - Atelier do Caractere","og_description":"Que imenso privil\u00e9gio para o p\u00fablico e para o pa\u00eds e que enorme sucesso foi a&nbsp;GLEX Summit. Durante tr\u00eas dias,...","og_url":"https:\/\/www.atelierdocaractere.pt\/brevemente\/glex-summit-tres-dias-em-que-algumas-das-mentes-mais-brilhantes-do-planeta-partilharam-conhecimento\/","og_site_name":"Atelier do Caractere","article_publisher":"https:\/\/www.facebook.com\/AtelierdoCaractere","article_published_time":"2023-06-16T16:58:00+00:00","article_modified_time":"2023-06-20T17:02:21+00:00","og_image":[{"width":2560,"height":1693,"url":"http:\/\/www.atelierdocaractere.pt\/wp-content\/uploads\/2023\/06\/glex-2023-7404-scaled.jpg","type":"image\/jpeg"}],"author":"Joana Barbosa","twitter_card":"summary_large_image","twitter_misc":{"Escrito por":"Joana Barbosa","Tempo estimado de leitura":"8 minutos"},"schema":{"@context":"https:\/\/schema.org","@graph":[{"@type":"WebPage","@id":"https:\/\/www.atelierdocaractere.pt\/brevemente\/glex-summit-tres-dias-em-que-algumas-das-mentes-mais-brilhantes-do-planeta-partilharam-conhecimento\/","url":"https:\/\/www.atelierdocaractere.pt\/brevemente\/glex-summit-tres-dias-em-que-algumas-das-mentes-mais-brilhantes-do-planeta-partilharam-conhecimento\/","name":"GLEX Summit: Tr\u00eas dias em que algumas das mentes mais brilhantes do planeta partilharam conhecimento - Atelier do Caractere","isPartOf":{"@id":"https:\/\/www.atelierdocaractere.pt\/brevemente\/#website"},"datePublished":"2023-06-16T16:58:00+00:00","dateModified":"2023-06-20T17:02:21+00:00","author":{"@id":"https:\/\/www.atelierdocaractere.pt\/brevemente\/#\/schema\/person\/f2f096eb0f27d9894725af22cb97c0db"},"breadcrumb":{"@id":"https:\/\/www.atelierdocaractere.pt\/brevemente\/glex-summit-tres-dias-em-que-algumas-das-mentes-mais-brilhantes-do-planeta-partilharam-conhecimento\/#breadcrumb"},"inLanguage":"pt-PT","potentialAction":[{"@type":"ReadAction","target":["https:\/\/www.atelierdocaractere.pt\/brevemente\/glex-summit-tres-dias-em-que-algumas-das-mentes-mais-brilhantes-do-planeta-partilharam-conhecimento\/"]}]},{"@type":"BreadcrumbList","@id":"https:\/\/www.atelierdocaractere.pt\/brevemente\/glex-summit-tres-dias-em-que-algumas-das-mentes-mais-brilhantes-do-planeta-partilharam-conhecimento\/#breadcrumb","itemListElement":[{"@type":"ListItem","position":1,"name":"In\u00edcio","item":"https:\/\/www.atelierdocaractere.pt\/brevemente\/"},{"@type":"ListItem","position":2,"name":"GLEX Summit: Tr\u00eas dias em que algumas das mentes mais brilhantes do planeta partilharam conhecimento"}]},{"@type":"WebSite","@id":"https:\/\/www.atelierdocaractere.pt\/brevemente\/#website","url":"https:\/\/www.atelierdocaractere.pt\/brevemente\/","name":"Atelier do Caractere","description":"","potentialAction":[{"@type":"SearchAction","target":{"@type":"EntryPoint","urlTemplate":"https:\/\/www.atelierdocaractere.pt\/brevemente\/?s={search_term_string}"},"query-input":"required name=search_term_string"}],"inLanguage":"pt-PT"},{"@type":"Person","@id":"https:\/\/www.atelierdocaractere.pt\/brevemente\/#\/schema\/person\/f2f096eb0f27d9894725af22cb97c0db","name":"Joana Barbosa","image":{"@type":"ImageObject","inLanguage":"pt-PT","@id":"https:\/\/www.atelierdocaractere.pt\/brevemente\/#\/schema\/person\/image\/","url":"https:\/\/secure.gravatar.com\/avatar\/33e8214b45e9d68a3a83008731075979?s=96&d=mm&r=g","contentUrl":"https:\/\/secure.gravatar.com\/avatar\/33e8214b45e9d68a3a83008731075979?s=96&d=mm&r=g","caption":"Joana Barbosa"},"url":"https:\/\/www.atelierdocaractere.pt\/brevemente\/author\/joanabarbosa\/"}]}},"_links":{"self":[{"href":"https:\/\/www.atelierdocaractere.pt\/brevemente\/wp-json\/wp\/v2\/posts\/11667"}],"collection":[{"href":"https:\/\/www.atelierdocaractere.pt\/brevemente\/wp-json\/wp\/v2\/posts"}],"about":[{"href":"https:\/\/www.atelierdocaractere.pt\/brevemente\/wp-json\/wp\/v2\/types\/post"}],"author":[{"embeddable":true,"href":"https:\/\/www.atelierdocaractere.pt\/brevemente\/wp-json\/wp\/v2\/users\/7"}],"replies":[{"embeddable":true,"href":"https:\/\/www.atelierdocaractere.pt\/brevemente\/wp-json\/wp\/v2\/comments?post=11667"}],"version-history":[{"count":1,"href":"https:\/\/www.atelierdocaractere.pt\/brevemente\/wp-json\/wp\/v2\/posts\/11667\/revisions"}],"predecessor-version":[{"id":11669,"href":"https:\/\/www.atelierdocaractere.pt\/brevemente\/wp-json\/wp\/v2\/posts\/11667\/revisions\/11669"}],"wp:featuredmedia":[{"embeddable":true,"href":"https:\/\/www.atelierdocaractere.pt\/brevemente\/wp-json\/wp\/v2\/media\/11668"}],"wp:attachment":[{"href":"https:\/\/www.atelierdocaractere.pt\/brevemente\/wp-json\/wp\/v2\/media?parent=11667"}],"wp:term":[{"taxonomy":"category","embeddable":true,"href":"https:\/\/www.atelierdocaractere.pt\/brevemente\/wp-json\/wp\/v2\/categories?post=11667"},{"taxonomy":"post_tag","embeddable":true,"href":"https:\/\/www.atelierdocaractere.pt\/brevemente\/wp-json\/wp\/v2\/tags?post=11667"}],"curies":[{"name":"wp","href":"https:\/\/api.w.org\/{rel}","templated":true}]}}