{"id":11691,"date":"2023-07-10T16:13:00","date_gmt":"2023-07-10T16:13:00","guid":{"rendered":"https:\/\/www.atelierdocaractere.pt\/brevemente\/?p=11691"},"modified":"2023-07-12T16:27:44","modified_gmt":"2023-07-12T16:27:44","slug":"guilherme-oliveira-regressou-ao-wec-com-top-8-em-monza","status":"publish","type":"post","link":"https:\/\/www.atelierdocaractere.pt\/brevemente\/guilherme-oliveira-regressou-ao-wec-com-top-8-em-monza\/","title":{"rendered":"Guilherme Oliveira regressou ao WEC com top 8 em Monza"},"content":{"rendered":"\n<p><strong>Guilherme Oliveira mostrou a sua rapidez no Campeonato do Mundo FIA de Endurance, o WEC, conseguindo o 8.\u00ba lugar da categoria ao volante do Porsche 911 RSR da Project 1 \u2013 AO, nas 6 Horas de Monza, disputadas ontem. Acompanhado pelo italiano Matteo Cairoli e pelo dominicano Efrin Castro, o piloto portugu\u00eas, de apenas 18 anos, foi um dos mais r\u00e1pidos em pista nos seus turnos de condu\u00e7\u00e3o, apesar de ser um dos pilotos mais jovens do Mundial.<\/strong><\/p>\n\n\n\n<figure class=\"wp-block-image size-large\"><img decoding=\"async\" width=\"1024\" height=\"526\" src=\"http:\/\/www.atelierdocaractere.pt\/wp-content\/uploads\/2023\/07\/guilherme-oliveira-monza-1024x526.jpeg\" alt=\"\" class=\"wp-image-11693\" srcset=\"https:\/\/www.atelierdocaractere.pt\/wp-content\/uploads\/2023\/07\/guilherme-oliveira-monza-1024x526.jpeg 1024w, https:\/\/www.atelierdocaractere.pt\/wp-content\/uploads\/2023\/07\/guilherme-oliveira-monza-300x154.jpeg 300w, https:\/\/www.atelierdocaractere.pt\/wp-content\/uploads\/2023\/07\/guilherme-oliveira-monza-768x395.jpeg 768w, https:\/\/www.atelierdocaractere.pt\/wp-content\/uploads\/2023\/07\/guilherme-oliveira-monza-1536x789.jpeg 1536w, https:\/\/www.atelierdocaractere.pt\/wp-content\/uploads\/2023\/07\/guilherme-oliveira-monza.jpeg 1600w\" sizes=\"(max-width: 1024px) 100vw, 1024px\" \/><\/figure>\n\n\n\n<p>Depois de ter feito Hist\u00f3ria em abril, no Aut\u00f3dromo Internacional do Algarve, onde se tornou o s\u00e9timo mais jovem piloto de sempre a competir no FIA WEC \u2013 e o mais jovem piloto portugu\u00eas de sempre \u2013, Guilherme Oliveira regressou ao Campeonato do Mundo de Endurance e ao Porsche 911 RSR da categoria LMGTE Am, no passado fim de semana, em Monza.<\/p>\n\n\n\n<p>Desta vez, o dominicano Efrin Castro juntou-se ao jovem piloto de Vila Nova de Gaia e ao italiano Matteo Cairoli, e foi o piloto estreante \u2013 com o estatuto \u2018Bronze\u2019 \u2013 a realizar a sess\u00e3o de qualifica\u00e7\u00e3o da equipa, conseguindo o 10.\u00ba da categoria LMGTE Am, devido \u00e0 reduzida experi\u00eancia com este tipo de carro. Na corrida, Efrin Castro optou por um ritmo conservador na fase inicial, e isso obrigou Guilherme Oliveira a dar tudo no seu segundo turno de condu\u00e7\u00e3o, recuperando at\u00e9 ao 7.\u00ba lugar. Contudo, Matteo Cairoli acabou por ser penalizado com dois&nbsp;<em>drive-throughs<\/em>&nbsp;e isso \u2018atirou\u2019 a Project 1 \u2013 AO para o 8.\u00ba lugar final dos LMGTE Am, um resultado que n\u00e3o espelha o andamento da equipa durante grande parte da corrida.<\/p>\n\n\n\n<div class=\"wp-block-image\"><figure class=\"aligncenter size-large\"><img decoding=\"async\" width=\"997\" height=\"1024\" src=\"http:\/\/www.atelierdocaractere.pt\/wp-content\/uploads\/2023\/07\/guilherme-oliveira-997x1024.jpeg\" alt=\"\" class=\"wp-image-11692\" srcset=\"https:\/\/www.atelierdocaractere.pt\/wp-content\/uploads\/2023\/07\/guilherme-oliveira-997x1024.jpeg 997w, https:\/\/www.atelierdocaractere.pt\/wp-content\/uploads\/2023\/07\/guilherme-oliveira-292x300.jpeg 292w, https:\/\/www.atelierdocaractere.pt\/wp-content\/uploads\/2023\/07\/guilherme-oliveira-768x789.jpeg 768w, https:\/\/www.atelierdocaractere.pt\/wp-content\/uploads\/2023\/07\/guilherme-oliveira-1495x1536.jpeg 1495w, https:\/\/www.atelierdocaractere.pt\/wp-content\/uploads\/2023\/07\/guilherme-oliveira.jpeg 1536w\" sizes=\"(max-width: 997px) 100vw, 997px\" \/><\/figure><\/div>\n\n\n\n<p><strong>\u201cFoi um privil\u00e9gio regressar ao WEC e \u00e0 Project 1 \u2013 AO, sobretudo porque o Porsche \u00e9 um carro fant\u00e1stico de pilotar, muito potente e sem ajudas \u00e0 condu\u00e7\u00e3o\u201d<\/strong>, analisou Guilherme Oliveira.&nbsp;<strong>\u201cTamb\u00e9m por isso, e devido ao n\u00edvel elevad\u00edssimo do WEC, adotei um ritmo mais seguro no primeiro turno de condu\u00e7\u00e3o e depois ataquei forte no segundo turno, para garantir que entregava o carro ao Matteo (Cairoli) o mais acima poss\u00edvel na classifica\u00e7\u00e3o. Ele tamb\u00e9m tentou recuperar lugares, mas fomos penalizados nesse stint, primeiro pela entrada do Safety Car, numa altura em que n\u00e3o pudemos regressar \u00e0 volta do l\u00edder, e depois por dois&nbsp;<em>drive-throughs<\/em>. O resultado final n\u00e3o foi o que quer\u00edamos, mas o balan\u00e7o global do fim de semana \u00e9 muito positivo, porque nos meus dois stints andei nos tempos de pilotos profissionais, sem erros e isso deixou a equipa bastante contente. Agora vamos aguardar por novas oportunidades\u201d<\/strong>, referiu o vice-campe\u00e3o da Europa de LMP3.<\/p>\n","protected":false},"excerpt":{"rendered":"<p>Guilherme Oliveira mostrou a sua rapidez no Campeonato do Mundo FIA de Endurance, o WEC, conseguindo o 8.\u00ba lugar da&#8230;<\/p>\n","protected":false},"author":7,"featured_media":11694,"comment_status":"closed","ping_status":"open","sticky":false,"template":"","format":"standard","meta":[],"categories":[24],"tags":[575,447,541],"yoast_head":"<!-- This site is optimized with the Yoast SEO plugin v20.12 - https:\/\/yoast.com\/wordpress\/plugins\/seo\/ -->\n<title>Guilherme Oliveira regressou ao WEC com top 8 em Monza - Atelier do Caractere<\/title>\n<meta name=\"robots\" content=\"index, follow, max-snippet:-1, max-image-preview:large, max-video-preview:-1\" \/>\n<link rel=\"canonical\" href=\"https:\/\/www.atelierdocaractere.pt\/brevemente\/guilherme-oliveira-regressou-ao-wec-com-top-8-em-monza\/\" \/>\n<meta property=\"og:locale\" content=\"pt_PT\" \/>\n<meta property=\"og:type\" content=\"article\" \/>\n<meta property=\"og:title\" content=\"Guilherme Oliveira regressou ao WEC com top 8 em Monza - Atelier do Caractere\" \/>\n<meta property=\"og:description\" content=\"Guilherme Oliveira mostrou a sua rapidez no Campeonato do Mundo FIA de Endurance, o WEC, conseguindo o 8.\u00ba lugar da...\" \/>\n<meta property=\"og:url\" content=\"https:\/\/www.atelierdocaractere.pt\/brevemente\/guilherme-oliveira-regressou-ao-wec-com-top-8-em-monza\/\" \/>\n<meta property=\"og:site_name\" content=\"Atelier do Caractere\" \/>\n<meta property=\"article:publisher\" content=\"https:\/\/www.facebook.com\/AtelierdoCaractere\" \/>\n<meta property=\"article:published_time\" content=\"2023-07-10T16:13:00+00:00\" \/>\n<meta property=\"article:modified_time\" content=\"2023-07-12T16:27:44+00:00\" \/>\n<meta property=\"og:image\" content=\"http:\/\/www.atelierdocaractere.pt\/wp-content\/uploads\/2023\/07\/guilherme-oliveira-monza.jpg\" \/>\n\t<meta property=\"og:image:width\" content=\"1439\" \/>\n\t<meta property=\"og:image:height\" content=\"927\" \/>\n\t<meta property=\"og:image:type\" content=\"image\/jpeg\" \/>\n<meta name=\"author\" content=\"Joana Barbosa\" \/>\n<meta name=\"twitter:card\" content=\"summary_large_image\" \/>\n<meta name=\"twitter:label1\" content=\"Escrito por\" \/>\n\t<meta name=\"twitter:data1\" content=\"Joana Barbosa\" \/>\n\t<meta name=\"twitter:label2\" content=\"Tempo estimado de leitura\" \/>\n\t<meta name=\"twitter:data2\" content=\"3 minutos\" \/>\n<script type=\"application\/ld+json\" class=\"yoast-schema-graph\">{\"@context\":\"https:\/\/schema.org\",\"@graph\":[{\"@type\":\"WebPage\",\"@id\":\"https:\/\/www.atelierdocaractere.pt\/brevemente\/guilherme-oliveira-regressou-ao-wec-com-top-8-em-monza\/\",\"url\":\"https:\/\/www.atelierdocaractere.pt\/brevemente\/guilherme-oliveira-regressou-ao-wec-com-top-8-em-monza\/\",\"name\":\"Guilherme Oliveira regressou ao WEC com top 8 em Monza - Atelier do Caractere\",\"isPartOf\":{\"@id\":\"https:\/\/www.atelierdocaractere.pt\/brevemente\/#website\"},\"datePublished\":\"2023-07-10T16:13:00+00:00\",\"dateModified\":\"2023-07-12T16:27:44+00:00\",\"author\":{\"@id\":\"https:\/\/www.atelierdocaractere.pt\/brevemente\/#\/schema\/person\/f2f096eb0f27d9894725af22cb97c0db\"},\"breadcrumb\":{\"@id\":\"https:\/\/www.atelierdocaractere.pt\/brevemente\/guilherme-oliveira-regressou-ao-wec-com-top-8-em-monza\/#breadcrumb\"},\"inLanguage\":\"pt-PT\",\"potentialAction\":[{\"@type\":\"ReadAction\",\"target\":[\"https:\/\/www.atelierdocaractere.pt\/brevemente\/guilherme-oliveira-regressou-ao-wec-com-top-8-em-monza\/\"]}]},{\"@type\":\"BreadcrumbList\",\"@id\":\"https:\/\/www.atelierdocaractere.pt\/brevemente\/guilherme-oliveira-regressou-ao-wec-com-top-8-em-monza\/#breadcrumb\",\"itemListElement\":[{\"@type\":\"ListItem\",\"position\":1,\"name\":\"In\u00edcio\",\"item\":\"https:\/\/www.atelierdocaractere.pt\/brevemente\/\"},{\"@type\":\"ListItem\",\"position\":2,\"name\":\"Guilherme Oliveira regressou ao WEC com top 8 em Monza\"}]},{\"@type\":\"WebSite\",\"@id\":\"https:\/\/www.atelierdocaractere.pt\/brevemente\/#website\",\"url\":\"https:\/\/www.atelierdocaractere.pt\/brevemente\/\",\"name\":\"Atelier do Caractere\",\"description\":\"\",\"potentialAction\":[{\"@type\":\"SearchAction\",\"target\":{\"@type\":\"EntryPoint\",\"urlTemplate\":\"https:\/\/www.atelierdocaractere.pt\/brevemente\/?s={search_term_string}\"},\"query-input\":\"required name=search_term_string\"}],\"inLanguage\":\"pt-PT\"},{\"@type\":\"Person\",\"@id\":\"https:\/\/www.atelierdocaractere.pt\/brevemente\/#\/schema\/person\/f2f096eb0f27d9894725af22cb97c0db\",\"name\":\"Joana Barbosa\",\"image\":{\"@type\":\"ImageObject\",\"inLanguage\":\"pt-PT\",\"@id\":\"https:\/\/www.atelierdocaractere.pt\/brevemente\/#\/schema\/person\/image\/\",\"url\":\"https:\/\/secure.gravatar.com\/avatar\/33e8214b45e9d68a3a83008731075979?s=96&d=mm&r=g\",\"contentUrl\":\"https:\/\/secure.gravatar.com\/avatar\/33e8214b45e9d68a3a83008731075979?s=96&d=mm&r=g\",\"caption\":\"Joana Barbosa\"},\"url\":\"https:\/\/www.atelierdocaractere.pt\/brevemente\/author\/joanabarbosa\/\"}]}<\/script>\n<!-- \/ Yoast SEO plugin. -->","yoast_head_json":{"title":"Guilherme Oliveira regressou ao WEC com top 8 em Monza - Atelier do Caractere","robots":{"index":"index","follow":"follow","max-snippet":"max-snippet:-1","max-image-preview":"max-image-preview:large","max-video-preview":"max-video-preview:-1"},"canonical":"https:\/\/www.atelierdocaractere.pt\/brevemente\/guilherme-oliveira-regressou-ao-wec-com-top-8-em-monza\/","og_locale":"pt_PT","og_type":"article","og_title":"Guilherme Oliveira regressou ao WEC com top 8 em Monza - Atelier do Caractere","og_description":"Guilherme Oliveira mostrou a sua rapidez no Campeonato do Mundo FIA de Endurance, o WEC, conseguindo o 8.\u00ba lugar da...","og_url":"https:\/\/www.atelierdocaractere.pt\/brevemente\/guilherme-oliveira-regressou-ao-wec-com-top-8-em-monza\/","og_site_name":"Atelier do Caractere","article_publisher":"https:\/\/www.facebook.com\/AtelierdoCaractere","article_published_time":"2023-07-10T16:13:00+00:00","article_modified_time":"2023-07-12T16:27:44+00:00","og_image":[{"width":1439,"height":927,"url":"http:\/\/www.atelierdocaractere.pt\/wp-content\/uploads\/2023\/07\/guilherme-oliveira-monza.jpg","type":"image\/jpeg"}],"author":"Joana Barbosa","twitter_card":"summary_large_image","twitter_misc":{"Escrito por":"Joana Barbosa","Tempo estimado de leitura":"3 minutos"},"schema":{"@context":"https:\/\/schema.org","@graph":[{"@type":"WebPage","@id":"https:\/\/www.atelierdocaractere.pt\/brevemente\/guilherme-oliveira-regressou-ao-wec-com-top-8-em-monza\/","url":"https:\/\/www.atelierdocaractere.pt\/brevemente\/guilherme-oliveira-regressou-ao-wec-com-top-8-em-monza\/","name":"Guilherme Oliveira regressou ao WEC com top 8 em Monza - Atelier do Caractere","isPartOf":{"@id":"https:\/\/www.atelierdocaractere.pt\/brevemente\/#website"},"datePublished":"2023-07-10T16:13:00+00:00","dateModified":"2023-07-12T16:27:44+00:00","author":{"@id":"https:\/\/www.atelierdocaractere.pt\/brevemente\/#\/schema\/person\/f2f096eb0f27d9894725af22cb97c0db"},"breadcrumb":{"@id":"https:\/\/www.atelierdocaractere.pt\/brevemente\/guilherme-oliveira-regressou-ao-wec-com-top-8-em-monza\/#breadcrumb"},"inLanguage":"pt-PT","potentialAction":[{"@type":"ReadAction","target":["https:\/\/www.atelierdocaractere.pt\/brevemente\/guilherme-oliveira-regressou-ao-wec-com-top-8-em-monza\/"]}]},{"@type":"BreadcrumbList","@id":"https:\/\/www.atelierdocaractere.pt\/brevemente\/guilherme-oliveira-regressou-ao-wec-com-top-8-em-monza\/#breadcrumb","itemListElement":[{"@type":"ListItem","position":1,"name":"In\u00edcio","item":"https:\/\/www.atelierdocaractere.pt\/brevemente\/"},{"@type":"ListItem","position":2,"name":"Guilherme Oliveira regressou ao WEC com top 8 em Monza"}]},{"@type":"WebSite","@id":"https:\/\/www.atelierdocaractere.pt\/brevemente\/#website","url":"https:\/\/www.atelierdocaractere.pt\/brevemente\/","name":"Atelier do Caractere","description":"","potentialAction":[{"@type":"SearchAction","target":{"@type":"EntryPoint","urlTemplate":"https:\/\/www.atelierdocaractere.pt\/brevemente\/?s={search_term_string}"},"query-input":"required name=search_term_string"}],"inLanguage":"pt-PT"},{"@type":"Person","@id":"https:\/\/www.atelierdocaractere.pt\/brevemente\/#\/schema\/person\/f2f096eb0f27d9894725af22cb97c0db","name":"Joana Barbosa","image":{"@type":"ImageObject","inLanguage":"pt-PT","@id":"https:\/\/www.atelierdocaractere.pt\/brevemente\/#\/schema\/person\/image\/","url":"https:\/\/secure.gravatar.com\/avatar\/33e8214b45e9d68a3a83008731075979?s=96&d=mm&r=g","contentUrl":"https:\/\/secure.gravatar.com\/avatar\/33e8214b45e9d68a3a83008731075979?s=96&d=mm&r=g","caption":"Joana Barbosa"},"url":"https:\/\/www.atelierdocaractere.pt\/brevemente\/author\/joanabarbosa\/"}]}},"_links":{"self":[{"href":"https:\/\/www.atelierdocaractere.pt\/brevemente\/wp-json\/wp\/v2\/posts\/11691"}],"collection":[{"href":"https:\/\/www.atelierdocaractere.pt\/brevemente\/wp-json\/wp\/v2\/posts"}],"about":[{"href":"https:\/\/www.atelierdocaractere.pt\/brevemente\/wp-json\/wp\/v2\/types\/post"}],"author":[{"embeddable":true,"href":"https:\/\/www.atelierdocaractere.pt\/brevemente\/wp-json\/wp\/v2\/users\/7"}],"replies":[{"embeddable":true,"href":"https:\/\/www.atelierdocaractere.pt\/brevemente\/wp-json\/wp\/v2\/comments?post=11691"}],"version-history":[{"count":1,"href":"https:\/\/www.atelierdocaractere.pt\/brevemente\/wp-json\/wp\/v2\/posts\/11691\/revisions"}],"predecessor-version":[{"id":11695,"href":"https:\/\/www.atelierdocaractere.pt\/brevemente\/wp-json\/wp\/v2\/posts\/11691\/revisions\/11695"}],"wp:featuredmedia":[{"embeddable":true,"href":"https:\/\/www.atelierdocaractere.pt\/brevemente\/wp-json\/wp\/v2\/media\/11694"}],"wp:attachment":[{"href":"https:\/\/www.atelierdocaractere.pt\/brevemente\/wp-json\/wp\/v2\/media?parent=11691"}],"wp:term":[{"taxonomy":"category","embeddable":true,"href":"https:\/\/www.atelierdocaractere.pt\/brevemente\/wp-json\/wp\/v2\/categories?post=11691"},{"taxonomy":"post_tag","embeddable":true,"href":"https:\/\/www.atelierdocaractere.pt\/brevemente\/wp-json\/wp\/v2\/tags?post=11691"}],"curies":[{"name":"wp","href":"https:\/\/api.w.org\/{rel}","templated":true}]}}