{"id":11696,"date":"2023-07-17T09:54:00","date_gmt":"2023-07-17T09:54:00","guid":{"rendered":"https:\/\/www.atelierdocaractere.pt\/brevemente\/?p=11696"},"modified":"2023-07-18T10:47:13","modified_gmt":"2023-07-18T10:47:13","slug":"team-consilcar-entre-a-elite-mundial-na-baja-espanha-aragon","status":"publish","type":"post","link":"https:\/\/www.atelierdocaractere.pt\/brevemente\/team-consilcar-entre-a-elite-mundial-na-baja-espanha-aragon\/","title":{"rendered":"<strong>Team Consilcar entre a elite mundial na Baja Espanha &#8211; Arag\u00f3n<\/strong>"},"content":{"rendered":"\n<p><strong>O&nbsp;<\/strong><strong>Team Consilcar regressa \u00e0 competi\u00e7\u00e3o na Ta\u00e7a do Mundo FIA de Bajas, na 39.\u00aa Baja Espanha \u2013 Arag\u00f3n, a disputar na pr\u00f3xima sexta-feira e s\u00e1bado. Edgar Condenso e Ant\u00f3nio Serr\u00e3o v\u00e3o pilotar a Ford Ranger da categoria T1 entre as estrelas da modalidade, enquanto o jovem Duarte Silva conta com a experi\u00eancia de Nuno Silva para a estreia absoluta na famosa prova espanhola, com o Can-Am da categoria T3.<\/strong><\/p>\n\n\n\n<p>Com quase uma centena de inscritos, s\u00f3 na prova da Ta\u00e7a do Mundo FIA, a Baja Espanha \u2013 Arag\u00f3n \u00e9 uma das mais importantes provas do calend\u00e1rio mundial e, tamb\u00e9m por isso, faz parte do programa do Team Consilcar para 2023. A equipa portuguesa tem apostado em eventos de car\u00e1ter internacional e, depois da Baja TT Dehesa Extremadura, pontu\u00e1vel para a Ta\u00e7a da Europa, vai voltar a competir em Espanha, no pr\u00f3ximo fim de semana, desta vez na regi\u00e3o semides\u00e9rtica de Arag\u00e3o, no noroeste da Pen\u00ednsula Ib\u00e9rica.<\/p>\n\n\n\n<figure class=\"wp-block-image size-large\"><img decoding=\"async\" width=\"1024\" height=\"682\" src=\"http:\/\/www.atelierdocaractere.pt\/wp-content\/uploads\/2023\/07\/team-consilcar-1-1024x682.jpg\" alt=\"\" class=\"wp-image-11700\" srcset=\"https:\/\/www.atelierdocaractere.pt\/wp-content\/uploads\/2023\/07\/team-consilcar-1-1024x682.jpg 1024w, https:\/\/www.atelierdocaractere.pt\/wp-content\/uploads\/2023\/07\/team-consilcar-1-300x200.jpg 300w, https:\/\/www.atelierdocaractere.pt\/wp-content\/uploads\/2023\/07\/team-consilcar-1-768x512.jpg 768w, https:\/\/www.atelierdocaractere.pt\/wp-content\/uploads\/2023\/07\/team-consilcar-1-1536x1024.jpg 1536w, https:\/\/www.atelierdocaractere.pt\/wp-content\/uploads\/2023\/07\/team-consilcar-1-2048x1365.jpg 2048w, https:\/\/www.atelierdocaractere.pt\/wp-content\/uploads\/2023\/07\/team-consilcar-1-900x600.jpg 900w, https:\/\/www.atelierdocaractere.pt\/wp-content\/uploads\/2023\/07\/team-consilcar-1-675x450.jpg 675w, https:\/\/www.atelierdocaractere.pt\/wp-content\/uploads\/2023\/07\/team-consilcar-1.jpg 1920w\" sizes=\"(max-width: 1024px) 100vw, 1024px\" \/><\/figure>\n\n\n\n<p>A prova baseada na cidade de Teruel marca o regresso de Edgar Condenso e Ant\u00f3nio Serr\u00e3o \u00e0 espetacular Ford Ranger do agrupamento T1, depois das boas indica\u00e7\u00f5es que deram na Extremadura, at\u00e9 serem condicionados pela quebra do diferencial traseiro.<\/p>\n\n\n\n<p><strong>\u201cArag\u00f3n \u00e9 uma prova incontorn\u00e1vel para n\u00f3s, que j\u00e1 fazemos desde o tempo em que a baja era baseada em Sarago\u00e7a. Em Teruel temos um terreno mais variado, mas sempre com as caracter\u00edsticas desta regi\u00e3o, com uma paisagem \u00e1rida. No ano passado est\u00e1vamos no top 10 no final do primeiro dia\u201d<\/strong>, recorda o ex-campe\u00e3o nacional de T2 e vencedor da Ta\u00e7a Ib\u00e9rica.&nbsp;<strong>\u201cEste ano a lista de inscritos \u00e9 fant\u00e1stica. Est\u00e3o presentes todas as equipas oficiais e isso torna tudo mais interessante. Para o Team Consilcar \u00e9 um privil\u00e9gio competir a este n\u00edvel. Infelizmente, o nosso carro ainda n\u00e3o tem todas as evolu\u00e7\u00f5es que adquirimos, pois h\u00e1 material que ainda n\u00e3o chegou, por dificuldades log\u00edsticas, e outro que ainda n\u00e3o conseguimos testar. Como sempre, vamos dar o nosso m\u00e1ximo e gerir da melhor forma o carro e as circunst\u00e2ncias da corrida\u201d<\/strong>, referiu Edgar Condenso.<\/p>\n\n\n\n<p>Ant\u00f3nio Serr\u00e3o, que navegou Edgar Condenso nesta prova em 2021, j\u00e1 sabe que&nbsp;<strong>\u201cArag\u00f3n \u00e9 um grande desafio de resist\u00eancia para m\u00e1quinas e pilotos. Com estas condi\u00e7\u00f5es extremas, \u00e9 importante manter a concentra\u00e7\u00e3o e tentar atacar nos momentos certos. Estamos muito motivados\u201d<\/strong>, afirmou Ant\u00f3nio Serr\u00e3o.<\/p>\n\n\n\n<figure class=\"wp-block-image size-large\"><img decoding=\"async\" width=\"1024\" height=\"683\" src=\"http:\/\/www.atelierdocaractere.pt\/wp-content\/uploads\/2023\/07\/team-consilcar-2-1024x683.jpg\" alt=\"\" class=\"wp-image-11699\" srcset=\"https:\/\/www.atelierdocaractere.pt\/wp-content\/uploads\/2023\/07\/team-consilcar-2-1024x683.jpg 1024w, https:\/\/www.atelierdocaractere.pt\/wp-content\/uploads\/2023\/07\/team-consilcar-2-300x200.jpg 300w, https:\/\/www.atelierdocaractere.pt\/wp-content\/uploads\/2023\/07\/team-consilcar-2-768x512.jpg 768w, https:\/\/www.atelierdocaractere.pt\/wp-content\/uploads\/2023\/07\/team-consilcar-2-1536x1024.jpg 1536w, https:\/\/www.atelierdocaractere.pt\/wp-content\/uploads\/2023\/07\/team-consilcar-2-900x600.jpg 900w, https:\/\/www.atelierdocaractere.pt\/wp-content\/uploads\/2023\/07\/team-consilcar-2-675x450.jpg 675w, https:\/\/www.atelierdocaractere.pt\/wp-content\/uploads\/2023\/07\/team-consilcar-2.jpg 1600w\" sizes=\"(max-width: 1024px) 100vw, 1024px\" \/><\/figure>\n\n\n\n<p><strong>Duarte Silva pronto para a estreia<\/strong><\/p>\n\n\n\n<p>Com apenas 21 anos, Duarte Silva \u00e9 um dos jovens valores portugueses que despontam nos SSV da categoria T3. Depois de ter brilhado no Trof\u00e9u Yamaha logo na \u00e9poca de estreia, o piloto de Lisboa passou este ano para um Can-Am da categoria T3 e j\u00e1 mostrou rapidez, tanto na Baja TT Montes Alentejanos como na Baja TT Dehesa Extremadura. Agora, o desafio ser\u00e1 ainda maior, entre a elite da Ta\u00e7a do Mundo FIA.<\/p>\n\n\n\n<p><strong>\u201cJ\u00e1 estive nesta prova como espectador e deu para perceber a dureza do terreno e o calor\u201d<\/strong>, revelou Duarte Silva.&nbsp;<strong>\u201cO nosso Can-Am teve alguns upgrades ao n\u00edvel do arrefecimento e da parte el\u00e9trica, que tinham limitado o nosso resultado nas primeiras provas. Isso ser\u00e1 muito importante numa prova com mais de 500 quil\u00f3metros competitivos num ambiente de 40\u00ba C, com p\u00f3 e muitos carros em pista. Sabemos que estamos num plantel de luxo, com nomes que me habituei a seguir na televis\u00e3o, no Dakar e nas grandes bajas. Para mim, \u00e9 uma grande oportunidade de aprendizagem\u201d<\/strong>, apontou Duarte Silva, que volta a contar com a experi\u00eancia do pai, Nuno Silva.<\/p>\n\n\n\n<figure class=\"wp-block-image size-large\"><img decoding=\"async\" width=\"1024\" height=\"683\" src=\"http:\/\/www.atelierdocaractere.pt\/wp-content\/uploads\/2023\/07\/team-consilcar-3-1024x683.jpg\" alt=\"\" class=\"wp-image-11698\" srcset=\"https:\/\/www.atelierdocaractere.pt\/wp-content\/uploads\/2023\/07\/team-consilcar-3-1024x683.jpg 1024w, https:\/\/www.atelierdocaractere.pt\/wp-content\/uploads\/2023\/07\/team-consilcar-3-300x200.jpg 300w, https:\/\/www.atelierdocaractere.pt\/wp-content\/uploads\/2023\/07\/team-consilcar-3-768x512.jpg 768w, https:\/\/www.atelierdocaractere.pt\/wp-content\/uploads\/2023\/07\/team-consilcar-3-1536x1024.jpg 1536w, https:\/\/www.atelierdocaractere.pt\/wp-content\/uploads\/2023\/07\/team-consilcar-3-900x600.jpg 900w, https:\/\/www.atelierdocaractere.pt\/wp-content\/uploads\/2023\/07\/team-consilcar-3-675x450.jpg 675w, https:\/\/www.atelierdocaractere.pt\/wp-content\/uploads\/2023\/07\/team-consilcar-3.jpg 1600w\" sizes=\"(max-width: 1024px) 100vw, 1024px\" \/><\/figure>\n\n\n\n<p>Depois de ter disputado diferentes edi\u00e7\u00f5es da Baja Espanha &#8211; Arag\u00f3n com Edgar Condenso, Nuno Silva ter\u00e1 agora a miss\u00e3o de auxiliar a primeira participa\u00e7\u00e3o de Duarte Silva<strong>. \u201c\u00c9 um desafio exigente para o piloto e para o co-piloto, at\u00e9 pela gest\u00e3o dos reabastecimentos, que nesta zona nunca s\u00e3o f\u00e1ceis, com a quantidade de concorrentes em prova. Andamos muito tempo a fundo e \u00e9 preciso calcular bem os consumos do carro e estar atento \u00e0 temperatura do motor. Mas para qualquer aficionado do TT \u00e9 um prazer enorme competir a este n\u00edvel, com alguns dos melhores pilotos do mundo. Recordo-me que numa das minhas primeiras experi\u00eancias em Arag\u00f3n, com o BMW X1, t\u00ednhamos a Jutta Kleinschmidt a partir atr\u00e1s de n\u00f3s com o Volkswagen oficial. N\u00e3o h\u00e1 melhor incentivo para andar r\u00e1pido!\u201d<\/strong>, recordou Nuno Silva.<\/p>\n\n\n\n<p>A 39.\u00aa edi\u00e7\u00e3o da Baja Espanha \u2013 Arag\u00f3n come\u00e7a esta sexta-feira (21 de julho), com um Pr\u00f3logo de seis quil\u00f3metros, em Teruel. Entre sexta-feira e s\u00e1bado, a prova ter\u00e1 um total de 540 quil\u00f3metros cronometrados, divididos por tr\u00eas setores seletivos. O Team Consilcar vai competir num pelot\u00e3o de luxo, onde est\u00e3o as equipas oficiais da Toyota Overdrive, Audi, M-Sport Ford e X-Raid MINI.<\/p>\n","protected":false},"excerpt":{"rendered":"<p>O&nbsp;Team Consilcar regressa \u00e0 competi\u00e7\u00e3o na Ta\u00e7a do Mundo FIA de Bajas, na 39.\u00aa Baja Espanha \u2013 Arag\u00f3n, a disputar&#8230;<\/p>\n","protected":false},"author":7,"featured_media":11697,"comment_status":"closed","ping_status":"open","sticky":false,"template":"","format":"standard","meta":[],"categories":[24],"tags":[576,287],"yoast_head":"<!-- This site is optimized with the Yoast SEO plugin v20.12 - https:\/\/yoast.com\/wordpress\/plugins\/seo\/ -->\n<title>Team Consilcar entre a elite mundial na Baja Espanha - Arag\u00f3n - Atelier do Caractere<\/title>\n<meta name=\"robots\" content=\"index, follow, max-snippet:-1, max-image-preview:large, max-video-preview:-1\" \/>\n<link rel=\"canonical\" href=\"https:\/\/www.atelierdocaractere.pt\/brevemente\/team-consilcar-entre-a-elite-mundial-na-baja-espanha-aragon\/\" \/>\n<meta property=\"og:locale\" content=\"pt_PT\" \/>\n<meta property=\"og:type\" content=\"article\" \/>\n<meta property=\"og:title\" content=\"Team Consilcar entre a elite mundial na Baja Espanha - Arag\u00f3n - Atelier do Caractere\" \/>\n<meta property=\"og:description\" content=\"O&nbsp;Team Consilcar regressa \u00e0 competi\u00e7\u00e3o na Ta\u00e7a do Mundo FIA de Bajas, na 39.\u00aa Baja Espanha \u2013 Arag\u00f3n, a disputar...\" \/>\n<meta property=\"og:url\" content=\"https:\/\/www.atelierdocaractere.pt\/brevemente\/team-consilcar-entre-a-elite-mundial-na-baja-espanha-aragon\/\" \/>\n<meta property=\"og:site_name\" content=\"Atelier do Caractere\" \/>\n<meta property=\"article:publisher\" content=\"https:\/\/www.facebook.com\/AtelierdoCaractere\" \/>\n<meta property=\"article:published_time\" content=\"2023-07-17T09:54:00+00:00\" \/>\n<meta property=\"article:modified_time\" content=\"2023-07-18T10:47:13+00:00\" \/>\n<meta property=\"og:image\" content=\"http:\/\/www.atelierdocaractere.pt\/wp-content\/uploads\/2023\/07\/team-consilcar-4.jpg\" \/>\n\t<meta property=\"og:image:width\" content=\"2200\" \/>\n\t<meta property=\"og:image:height\" content=\"1449\" \/>\n\t<meta property=\"og:image:type\" content=\"image\/jpeg\" \/>\n<meta name=\"author\" content=\"Joana Barbosa\" \/>\n<meta name=\"twitter:card\" content=\"summary_large_image\" \/>\n<meta name=\"twitter:label1\" content=\"Escrito por\" \/>\n\t<meta name=\"twitter:data1\" content=\"Joana Barbosa\" \/>\n\t<meta name=\"twitter:label2\" content=\"Tempo estimado de leitura\" \/>\n\t<meta name=\"twitter:data2\" content=\"5 minutos\" \/>\n<script type=\"application\/ld+json\" class=\"yoast-schema-graph\">{\"@context\":\"https:\/\/schema.org\",\"@graph\":[{\"@type\":\"WebPage\",\"@id\":\"https:\/\/www.atelierdocaractere.pt\/brevemente\/team-consilcar-entre-a-elite-mundial-na-baja-espanha-aragon\/\",\"url\":\"https:\/\/www.atelierdocaractere.pt\/brevemente\/team-consilcar-entre-a-elite-mundial-na-baja-espanha-aragon\/\",\"name\":\"Team Consilcar entre a elite mundial na Baja Espanha - Arag\u00f3n - Atelier do Caractere\",\"isPartOf\":{\"@id\":\"https:\/\/www.atelierdocaractere.pt\/brevemente\/#website\"},\"datePublished\":\"2023-07-17T09:54:00+00:00\",\"dateModified\":\"2023-07-18T10:47:13+00:00\",\"author\":{\"@id\":\"https:\/\/www.atelierdocaractere.pt\/brevemente\/#\/schema\/person\/f2f096eb0f27d9894725af22cb97c0db\"},\"breadcrumb\":{\"@id\":\"https:\/\/www.atelierdocaractere.pt\/brevemente\/team-consilcar-entre-a-elite-mundial-na-baja-espanha-aragon\/#breadcrumb\"},\"inLanguage\":\"pt-PT\",\"potentialAction\":[{\"@type\":\"ReadAction\",\"target\":[\"https:\/\/www.atelierdocaractere.pt\/brevemente\/team-consilcar-entre-a-elite-mundial-na-baja-espanha-aragon\/\"]}]},{\"@type\":\"BreadcrumbList\",\"@id\":\"https:\/\/www.atelierdocaractere.pt\/brevemente\/team-consilcar-entre-a-elite-mundial-na-baja-espanha-aragon\/#breadcrumb\",\"itemListElement\":[{\"@type\":\"ListItem\",\"position\":1,\"name\":\"In\u00edcio\",\"item\":\"https:\/\/www.atelierdocaractere.pt\/brevemente\/\"},{\"@type\":\"ListItem\",\"position\":2,\"name\":\"Team Consilcar entre a elite mundial na Baja Espanha &#8211; Arag\u00f3n\"}]},{\"@type\":\"WebSite\",\"@id\":\"https:\/\/www.atelierdocaractere.pt\/brevemente\/#website\",\"url\":\"https:\/\/www.atelierdocaractere.pt\/brevemente\/\",\"name\":\"Atelier do Caractere\",\"description\":\"\",\"potentialAction\":[{\"@type\":\"SearchAction\",\"target\":{\"@type\":\"EntryPoint\",\"urlTemplate\":\"https:\/\/www.atelierdocaractere.pt\/brevemente\/?s={search_term_string}\"},\"query-input\":\"required name=search_term_string\"}],\"inLanguage\":\"pt-PT\"},{\"@type\":\"Person\",\"@id\":\"https:\/\/www.atelierdocaractere.pt\/brevemente\/#\/schema\/person\/f2f096eb0f27d9894725af22cb97c0db\",\"name\":\"Joana Barbosa\",\"image\":{\"@type\":\"ImageObject\",\"inLanguage\":\"pt-PT\",\"@id\":\"https:\/\/www.atelierdocaractere.pt\/brevemente\/#\/schema\/person\/image\/\",\"url\":\"https:\/\/secure.gravatar.com\/avatar\/33e8214b45e9d68a3a83008731075979?s=96&d=mm&r=g\",\"contentUrl\":\"https:\/\/secure.gravatar.com\/avatar\/33e8214b45e9d68a3a83008731075979?s=96&d=mm&r=g\",\"caption\":\"Joana Barbosa\"},\"url\":\"https:\/\/www.atelierdocaractere.pt\/brevemente\/author\/joanabarbosa\/\"}]}<\/script>\n<!-- \/ Yoast SEO plugin. -->","yoast_head_json":{"title":"Team Consilcar entre a elite mundial na Baja Espanha - Arag\u00f3n - Atelier do Caractere","robots":{"index":"index","follow":"follow","max-snippet":"max-snippet:-1","max-image-preview":"max-image-preview:large","max-video-preview":"max-video-preview:-1"},"canonical":"https:\/\/www.atelierdocaractere.pt\/brevemente\/team-consilcar-entre-a-elite-mundial-na-baja-espanha-aragon\/","og_locale":"pt_PT","og_type":"article","og_title":"Team Consilcar entre a elite mundial na Baja Espanha - Arag\u00f3n - Atelier do Caractere","og_description":"O&nbsp;Team Consilcar regressa \u00e0 competi\u00e7\u00e3o na Ta\u00e7a do Mundo FIA de Bajas, na 39.\u00aa Baja Espanha \u2013 Arag\u00f3n, a disputar...","og_url":"https:\/\/www.atelierdocaractere.pt\/brevemente\/team-consilcar-entre-a-elite-mundial-na-baja-espanha-aragon\/","og_site_name":"Atelier do Caractere","article_publisher":"https:\/\/www.facebook.com\/AtelierdoCaractere","article_published_time":"2023-07-17T09:54:00+00:00","article_modified_time":"2023-07-18T10:47:13+00:00","og_image":[{"width":2200,"height":1449,"url":"http:\/\/www.atelierdocaractere.pt\/wp-content\/uploads\/2023\/07\/team-consilcar-4.jpg","type":"image\/jpeg"}],"author":"Joana Barbosa","twitter_card":"summary_large_image","twitter_misc":{"Escrito por":"Joana Barbosa","Tempo estimado de leitura":"5 minutos"},"schema":{"@context":"https:\/\/schema.org","@graph":[{"@type":"WebPage","@id":"https:\/\/www.atelierdocaractere.pt\/brevemente\/team-consilcar-entre-a-elite-mundial-na-baja-espanha-aragon\/","url":"https:\/\/www.atelierdocaractere.pt\/brevemente\/team-consilcar-entre-a-elite-mundial-na-baja-espanha-aragon\/","name":"Team Consilcar entre a elite mundial na Baja Espanha - Arag\u00f3n - Atelier do Caractere","isPartOf":{"@id":"https:\/\/www.atelierdocaractere.pt\/brevemente\/#website"},"datePublished":"2023-07-17T09:54:00+00:00","dateModified":"2023-07-18T10:47:13+00:00","author":{"@id":"https:\/\/www.atelierdocaractere.pt\/brevemente\/#\/schema\/person\/f2f096eb0f27d9894725af22cb97c0db"},"breadcrumb":{"@id":"https:\/\/www.atelierdocaractere.pt\/brevemente\/team-consilcar-entre-a-elite-mundial-na-baja-espanha-aragon\/#breadcrumb"},"inLanguage":"pt-PT","potentialAction":[{"@type":"ReadAction","target":["https:\/\/www.atelierdocaractere.pt\/brevemente\/team-consilcar-entre-a-elite-mundial-na-baja-espanha-aragon\/"]}]},{"@type":"BreadcrumbList","@id":"https:\/\/www.atelierdocaractere.pt\/brevemente\/team-consilcar-entre-a-elite-mundial-na-baja-espanha-aragon\/#breadcrumb","itemListElement":[{"@type":"ListItem","position":1,"name":"In\u00edcio","item":"https:\/\/www.atelierdocaractere.pt\/brevemente\/"},{"@type":"ListItem","position":2,"name":"Team Consilcar entre a elite mundial na Baja Espanha &#8211; Arag\u00f3n"}]},{"@type":"WebSite","@id":"https:\/\/www.atelierdocaractere.pt\/brevemente\/#website","url":"https:\/\/www.atelierdocaractere.pt\/brevemente\/","name":"Atelier do Caractere","description":"","potentialAction":[{"@type":"SearchAction","target":{"@type":"EntryPoint","urlTemplate":"https:\/\/www.atelierdocaractere.pt\/brevemente\/?s={search_term_string}"},"query-input":"required name=search_term_string"}],"inLanguage":"pt-PT"},{"@type":"Person","@id":"https:\/\/www.atelierdocaractere.pt\/brevemente\/#\/schema\/person\/f2f096eb0f27d9894725af22cb97c0db","name":"Joana Barbosa","image":{"@type":"ImageObject","inLanguage":"pt-PT","@id":"https:\/\/www.atelierdocaractere.pt\/brevemente\/#\/schema\/person\/image\/","url":"https:\/\/secure.gravatar.com\/avatar\/33e8214b45e9d68a3a83008731075979?s=96&d=mm&r=g","contentUrl":"https:\/\/secure.gravatar.com\/avatar\/33e8214b45e9d68a3a83008731075979?s=96&d=mm&r=g","caption":"Joana Barbosa"},"url":"https:\/\/www.atelierdocaractere.pt\/brevemente\/author\/joanabarbosa\/"}]}},"_links":{"self":[{"href":"https:\/\/www.atelierdocaractere.pt\/brevemente\/wp-json\/wp\/v2\/posts\/11696"}],"collection":[{"href":"https:\/\/www.atelierdocaractere.pt\/brevemente\/wp-json\/wp\/v2\/posts"}],"about":[{"href":"https:\/\/www.atelierdocaractere.pt\/brevemente\/wp-json\/wp\/v2\/types\/post"}],"author":[{"embeddable":true,"href":"https:\/\/www.atelierdocaractere.pt\/brevemente\/wp-json\/wp\/v2\/users\/7"}],"replies":[{"embeddable":true,"href":"https:\/\/www.atelierdocaractere.pt\/brevemente\/wp-json\/wp\/v2\/comments?post=11696"}],"version-history":[{"count":1,"href":"https:\/\/www.atelierdocaractere.pt\/brevemente\/wp-json\/wp\/v2\/posts\/11696\/revisions"}],"predecessor-version":[{"id":11701,"href":"https:\/\/www.atelierdocaractere.pt\/brevemente\/wp-json\/wp\/v2\/posts\/11696\/revisions\/11701"}],"wp:featuredmedia":[{"embeddable":true,"href":"https:\/\/www.atelierdocaractere.pt\/brevemente\/wp-json\/wp\/v2\/media\/11697"}],"wp:attachment":[{"href":"https:\/\/www.atelierdocaractere.pt\/brevemente\/wp-json\/wp\/v2\/media?parent=11696"}],"wp:term":[{"taxonomy":"category","embeddable":true,"href":"https:\/\/www.atelierdocaractere.pt\/brevemente\/wp-json\/wp\/v2\/categories?post=11696"},{"taxonomy":"post_tag","embeddable":true,"href":"https:\/\/www.atelierdocaractere.pt\/brevemente\/wp-json\/wp\/v2\/tags?post=11696"}],"curies":[{"name":"wp","href":"https:\/\/api.w.org\/{rel}","templated":true}]}}