{"id":11730,"date":"2023-07-25T10:52:32","date_gmt":"2023-07-25T10:52:32","guid":{"rendered":"https:\/\/www.atelierdocaractere.pt\/brevemente\/?p=11730"},"modified":"2023-07-25T10:52:35","modified_gmt":"2023-07-25T10:52:35","slug":"rio-zezere-recebe-remadores-internacionais-em-mais-uma-edicao-do-portugal-rowing-tour","status":"publish","type":"post","link":"https:\/\/www.atelierdocaractere.pt\/brevemente\/rio-zezere-recebe-remadores-internacionais-em-mais-uma-edicao-do-portugal-rowing-tour\/","title":{"rendered":"Rio Z\u00eazere recebe remadores internacionais em mais uma edi\u00e7\u00e3o do Portugal Rowing Tour"},"content":{"rendered":"\n<p><strong>\u00b7 Participantes v\u00e3o remar em \u00e1guas de Abrantes, Ferreira do Z\u00eazere, Figueir\u00f3 dos Vinhos, Pedr\u00f3g\u00e3o Grande e Sert\u00e3, numa iniciativa de remo de lazer que atrai participantes de toda a Europa.<\/strong><\/p>\n\n\n\n<p>Um total de 40 remadores de cinco pa\u00edses da Europa v\u00e3o descobrir o territ\u00f3rio do Rio Z\u00eazere, no Centro de Portugal, no pr\u00f3ximo m\u00eas de agosto, durante a edi\u00e7\u00e3o de 2023 do <strong>Portugal Rowing Tour<\/strong>.<\/p>\n\n\n\n<p>O Portugal Rowing Tour \u00e9 um evento anual de remo de lazer, organizado desde 2008 pelo Gin\u00e1sio Clube Figueirense, com o apoio da Turismo Centro de Portugal, e que atrai a Portugal remadores de v\u00e1rias nacionalidades. Durante a sua estada, em unidades hoteleiras da regi\u00e3o, os participantes, amigos e familiares aliam a pr\u00e1tica do remo ao conv\u00edvio e \u00e0 descoberta do patrim\u00f3nio natural, cultural e gastron\u00f3mico da regi\u00e3o onde os circuitos acontecem.<\/p>\n\n\n\n<figure class=\"wp-block-image size-large\"><img decoding=\"async\" width=\"1024\" height=\"768\" src=\"http:\/\/www.atelierdocaractere.pt\/wp-content\/uploads\/2023\/07\/b7e4bcaf-71bf-d046-336e-be5fafa42bc9-1024x768.jpg\" alt=\"\" class=\"wp-image-11733\" srcset=\"https:\/\/www.atelierdocaractere.pt\/wp-content\/uploads\/2023\/07\/b7e4bcaf-71bf-d046-336e-be5fafa42bc9-1024x768.jpg 1024w, https:\/\/www.atelierdocaractere.pt\/wp-content\/uploads\/2023\/07\/b7e4bcaf-71bf-d046-336e-be5fafa42bc9-300x225.jpg 300w, https:\/\/www.atelierdocaractere.pt\/wp-content\/uploads\/2023\/07\/b7e4bcaf-71bf-d046-336e-be5fafa42bc9-768x576.jpg 768w, https:\/\/www.atelierdocaractere.pt\/wp-content\/uploads\/2023\/07\/b7e4bcaf-71bf-d046-336e-be5fafa42bc9.jpg 1200w\" sizes=\"(max-width: 1024px) 100vw, 1024px\" \/><\/figure>\n\n\n\n<p>O circuito de 2023 do Portugal Rowing Tour acontece de 10 a 13 de agosto e \u00e9 constitu\u00eddo por quatro etapas, que levar\u00e3o os participantes a v\u00e1rios locais emblem\u00e1ticos do Rio Z\u00eazere, como as albufeiras de Castelo do Bode e do Cabril, o Lago Azul, a Praia Fluvial do Tr\u00edzio e a Foz de Alge. No total, os remadores remar\u00e3o cerca de 60 quil\u00f3metros, em percursos localizados nos concelhos de Abrantes, Ferreira do Z\u00eazere, Figueir\u00f3 dos Vinhos, Pedr\u00f3g\u00e3o Grande e Sert\u00e3. O programa inclui tamb\u00e9m um passeio pedestre em Pedr\u00f3g\u00e3o Pequeno.<\/p>\n\n\n\n<p>O evento segue um modelo com grande expans\u00e3o na Europa, onde existem mais de dois milh\u00f5es de praticantes, e do qual o Gin\u00e1sio Figueirense e o Turismo Centro de Portugal foram precursores em Portugal. Ao longo das suas edi\u00e7\u00f5es, o \u201cPortugal Rowing Tour\u201d j\u00e1 explorou as \u00e1guas dos rios Mondego, Z\u00eazere, Douro e Tejo e da Ria de Aveiro.<\/p>\n\n\n\n<p>Rute Costa, diretora do Portugal Rowing Tour, destaca o enorme interesse que o evento desperta todos os anos a n\u00edvel internacional. \u201cAs inscri\u00e7\u00f5es j\u00e1 est\u00e3o encerradas, uma vez que foi atingido o limite m\u00e1ximo de 40 participantes, \u00e0 semelhan\u00e7a, ali\u00e1s, do que tem sucedido todos os anos. A rapidez do preenchimento das inscri\u00e7\u00f5es, maioritariamente por parte de remadores estrangeiros, comprova o sucesso desta iniciativa, ano ap\u00f3s ano. Em 2023 temos uma grande comitiva de participantes ingleses, mas tamb\u00e9m holandeses, luxemburgueses e suecos, al\u00e9m de portugueses. Acreditamos que vai ser mais um Rowing Tour de sucesso e que as experi\u00eancias proporcionadas a estes participantes ser\u00e3o uma mais-valia para a promo\u00e7\u00e3o do territ\u00f3rio do Centro de Portugal e do turismo n\u00e1utico na regi\u00e3o\u201d, sublinha.<\/p>\n\n\n\n<figure class=\"wp-block-image size-large\"><img decoding=\"async\" width=\"1024\" height=\"768\" src=\"http:\/\/www.atelierdocaractere.pt\/wp-content\/uploads\/2023\/07\/e7dd042f-6255-ebab-8ae8-0de0190afc42-1024x768.jpg\" alt=\"\" class=\"wp-image-11732\" srcset=\"https:\/\/www.atelierdocaractere.pt\/wp-content\/uploads\/2023\/07\/e7dd042f-6255-ebab-8ae8-0de0190afc42-1024x768.jpg 1024w, https:\/\/www.atelierdocaractere.pt\/wp-content\/uploads\/2023\/07\/e7dd042f-6255-ebab-8ae8-0de0190afc42-300x225.jpg 300w, https:\/\/www.atelierdocaractere.pt\/wp-content\/uploads\/2023\/07\/e7dd042f-6255-ebab-8ae8-0de0190afc42-768x576.jpg 768w, https:\/\/www.atelierdocaractere.pt\/wp-content\/uploads\/2023\/07\/e7dd042f-6255-ebab-8ae8-0de0190afc42.jpg 1200w\" sizes=\"(max-width: 1024px) 100vw, 1024px\" \/><\/figure>\n\n\n\n<p>Para Pedro Machado, presidente da Turismo Centro de Portugal, \u201co Portugal Rowing Tour \u00e9 um exemplo da valoriza\u00e7\u00e3o do turismo ativo na nossa regi\u00e3o. Modalidades como o remo de lazer encaixam na perfei\u00e7\u00e3o na estrat\u00e9gia da Turismo Centro de Portugal e refor\u00e7am a predisposi\u00e7\u00e3o desta regi\u00e3o para receber eventos desportivos, nomeadamente com liga\u00e7\u00e3o \u00e0 \u00e1gua\u201d.<\/p>\n\n\n\n<p>\u201cO Portugal Rowing Tour \u00e9 um eixo de promo\u00e7\u00e3o, nacional e internacional, muito importante para a regi\u00e3o, em especial nos territ\u00f3rios de baixa densidade, como \u00e9 o caso do Z\u00eazere. Ao utilizar espelhos de \u00e1gua como Castelo de Bode e o Cabril, assim como os equipamentos hoteleiros dos munic\u00edpios abrangidos, promove de forma efetiva este territ\u00f3rio enquanto destino. Al\u00e9m disso, \u00e9 um produto tur\u00edstico dirigido a um p\u00fablico-alvo com poder de compra elevado, o que representa um sinal encorajador para o com\u00e9rcio e servi\u00e7o locais. A estrat\u00e9gia do Turismo Centro de Portugal, na sua aposta em desenvolver todo o territ\u00f3rio, est\u00e1 aqui bem evidente\u201d, acrescenta Pedro Machado.<\/p>\n\n\n\n<p><strong>Sobre o Turismo Centro de Portugal:<\/strong><\/p>\n\n\n\n<p>O Turismo Centro de Portugal \u00e9 a entidade que estrutura e promove o turismo na Regi\u00e3o Centro do pa\u00eds. Esta \u00e9 a maior e mais diversificada \u00e1rea tur\u00edstica nacional, abrangendo 100 munic\u00edpios, e tem registado um intenso crescimento da procura interna e externa. \u00c9 a regi\u00e3o a escolher para quem pretende experi\u00eancias diversificadas, pois concilia locais Patrim\u00f3nio da Humanidade com a melhor costa de surf da Europa, termas e spas id\u00edlicos, locais de culto de import\u00e2ncia mundial e as mais belas aldeias.<\/p>\n","protected":false},"excerpt":{"rendered":"<p>\u00b7 Participantes v\u00e3o remar em \u00e1guas de Abrantes, Ferreira do Z\u00eazere, Figueir\u00f3 dos Vinhos, Pedr\u00f3g\u00e3o Grande e Sert\u00e3, numa iniciativa&#8230;<\/p>\n","protected":false},"author":7,"featured_media":11731,"comment_status":"closed","ping_status":"open","sticky":false,"template":"","format":"standard","meta":[],"categories":[26,39],"tags":[362,346],"yoast_head":"<!-- This site is optimized with the Yoast SEO plugin v20.12 - https:\/\/yoast.com\/wordpress\/plugins\/seo\/ -->\n<title>Rio Z\u00eazere recebe remadores internacionais em mais uma edi\u00e7\u00e3o do Portugal Rowing Tour - Atelier do Caractere<\/title>\n<meta name=\"robots\" content=\"index, follow, max-snippet:-1, max-image-preview:large, max-video-preview:-1\" \/>\n<link rel=\"canonical\" href=\"https:\/\/www.atelierdocaractere.pt\/brevemente\/rio-zezere-recebe-remadores-internacionais-em-mais-uma-edicao-do-portugal-rowing-tour\/\" \/>\n<meta property=\"og:locale\" content=\"pt_PT\" \/>\n<meta property=\"og:type\" content=\"article\" \/>\n<meta property=\"og:title\" content=\"Rio Z\u00eazere recebe remadores internacionais em mais uma edi\u00e7\u00e3o do Portugal Rowing Tour - Atelier do Caractere\" \/>\n<meta property=\"og:description\" content=\"\u00b7 Participantes v\u00e3o remar em \u00e1guas de Abrantes, Ferreira do Z\u00eazere, Figueir\u00f3 dos Vinhos, Pedr\u00f3g\u00e3o Grande e Sert\u00e3, numa iniciativa...\" \/>\n<meta property=\"og:url\" content=\"https:\/\/www.atelierdocaractere.pt\/brevemente\/rio-zezere-recebe-remadores-internacionais-em-mais-uma-edicao-do-portugal-rowing-tour\/\" \/>\n<meta property=\"og:site_name\" content=\"Atelier do Caractere\" \/>\n<meta property=\"article:publisher\" content=\"https:\/\/www.facebook.com\/AtelierdoCaractere\" \/>\n<meta property=\"article:published_time\" content=\"2023-07-25T10:52:32+00:00\" \/>\n<meta property=\"article:modified_time\" content=\"2023-07-25T10:52:35+00:00\" \/>\n<meta property=\"og:image\" content=\"http:\/\/www.atelierdocaractere.pt\/wp-content\/uploads\/2023\/07\/5382af0f-9fde-bdb4-787b-2fbf8722f3b1.jpg\" \/>\n\t<meta property=\"og:image:width\" content=\"1200\" \/>\n\t<meta property=\"og:image:height\" content=\"900\" \/>\n\t<meta property=\"og:image:type\" content=\"image\/jpeg\" \/>\n<meta name=\"author\" content=\"Joana Barbosa\" \/>\n<meta name=\"twitter:card\" content=\"summary_large_image\" \/>\n<meta name=\"twitter:label1\" content=\"Escrito por\" \/>\n\t<meta name=\"twitter:data1\" content=\"Joana Barbosa\" \/>\n\t<meta name=\"twitter:label2\" content=\"Tempo estimado de leitura\" \/>\n\t<meta name=\"twitter:data2\" content=\"5 minutos\" \/>\n<script type=\"application\/ld+json\" class=\"yoast-schema-graph\">{\"@context\":\"https:\/\/schema.org\",\"@graph\":[{\"@type\":\"WebPage\",\"@id\":\"https:\/\/www.atelierdocaractere.pt\/brevemente\/rio-zezere-recebe-remadores-internacionais-em-mais-uma-edicao-do-portugal-rowing-tour\/\",\"url\":\"https:\/\/www.atelierdocaractere.pt\/brevemente\/rio-zezere-recebe-remadores-internacionais-em-mais-uma-edicao-do-portugal-rowing-tour\/\",\"name\":\"Rio Z\u00eazere recebe remadores internacionais em mais uma edi\u00e7\u00e3o do Portugal Rowing Tour - Atelier do Caractere\",\"isPartOf\":{\"@id\":\"https:\/\/www.atelierdocaractere.pt\/brevemente\/#website\"},\"datePublished\":\"2023-07-25T10:52:32+00:00\",\"dateModified\":\"2023-07-25T10:52:35+00:00\",\"author\":{\"@id\":\"https:\/\/www.atelierdocaractere.pt\/brevemente\/#\/schema\/person\/f2f096eb0f27d9894725af22cb97c0db\"},\"breadcrumb\":{\"@id\":\"https:\/\/www.atelierdocaractere.pt\/brevemente\/rio-zezere-recebe-remadores-internacionais-em-mais-uma-edicao-do-portugal-rowing-tour\/#breadcrumb\"},\"inLanguage\":\"pt-PT\",\"potentialAction\":[{\"@type\":\"ReadAction\",\"target\":[\"https:\/\/www.atelierdocaractere.pt\/brevemente\/rio-zezere-recebe-remadores-internacionais-em-mais-uma-edicao-do-portugal-rowing-tour\/\"]}]},{\"@type\":\"BreadcrumbList\",\"@id\":\"https:\/\/www.atelierdocaractere.pt\/brevemente\/rio-zezere-recebe-remadores-internacionais-em-mais-uma-edicao-do-portugal-rowing-tour\/#breadcrumb\",\"itemListElement\":[{\"@type\":\"ListItem\",\"position\":1,\"name\":\"In\u00edcio\",\"item\":\"https:\/\/www.atelierdocaractere.pt\/brevemente\/\"},{\"@type\":\"ListItem\",\"position\":2,\"name\":\"Rio Z\u00eazere recebe remadores internacionais em mais uma edi\u00e7\u00e3o do Portugal Rowing Tour\"}]},{\"@type\":\"WebSite\",\"@id\":\"https:\/\/www.atelierdocaractere.pt\/brevemente\/#website\",\"url\":\"https:\/\/www.atelierdocaractere.pt\/brevemente\/\",\"name\":\"Atelier do Caractere\",\"description\":\"\",\"potentialAction\":[{\"@type\":\"SearchAction\",\"target\":{\"@type\":\"EntryPoint\",\"urlTemplate\":\"https:\/\/www.atelierdocaractere.pt\/brevemente\/?s={search_term_string}\"},\"query-input\":\"required name=search_term_string\"}],\"inLanguage\":\"pt-PT\"},{\"@type\":\"Person\",\"@id\":\"https:\/\/www.atelierdocaractere.pt\/brevemente\/#\/schema\/person\/f2f096eb0f27d9894725af22cb97c0db\",\"name\":\"Joana Barbosa\",\"image\":{\"@type\":\"ImageObject\",\"inLanguage\":\"pt-PT\",\"@id\":\"https:\/\/www.atelierdocaractere.pt\/brevemente\/#\/schema\/person\/image\/\",\"url\":\"https:\/\/secure.gravatar.com\/avatar\/33e8214b45e9d68a3a83008731075979?s=96&d=mm&r=g\",\"contentUrl\":\"https:\/\/secure.gravatar.com\/avatar\/33e8214b45e9d68a3a83008731075979?s=96&d=mm&r=g\",\"caption\":\"Joana Barbosa\"},\"url\":\"https:\/\/www.atelierdocaractere.pt\/brevemente\/author\/joanabarbosa\/\"}]}<\/script>\n<!-- \/ Yoast SEO plugin. -->","yoast_head_json":{"title":"Rio Z\u00eazere recebe remadores internacionais em mais uma edi\u00e7\u00e3o do Portugal Rowing Tour - Atelier do Caractere","robots":{"index":"index","follow":"follow","max-snippet":"max-snippet:-1","max-image-preview":"max-image-preview:large","max-video-preview":"max-video-preview:-1"},"canonical":"https:\/\/www.atelierdocaractere.pt\/brevemente\/rio-zezere-recebe-remadores-internacionais-em-mais-uma-edicao-do-portugal-rowing-tour\/","og_locale":"pt_PT","og_type":"article","og_title":"Rio Z\u00eazere recebe remadores internacionais em mais uma edi\u00e7\u00e3o do Portugal Rowing Tour - Atelier do Caractere","og_description":"\u00b7 Participantes v\u00e3o remar em \u00e1guas de Abrantes, Ferreira do Z\u00eazere, Figueir\u00f3 dos Vinhos, Pedr\u00f3g\u00e3o Grande e Sert\u00e3, numa iniciativa...","og_url":"https:\/\/www.atelierdocaractere.pt\/brevemente\/rio-zezere-recebe-remadores-internacionais-em-mais-uma-edicao-do-portugal-rowing-tour\/","og_site_name":"Atelier do Caractere","article_publisher":"https:\/\/www.facebook.com\/AtelierdoCaractere","article_published_time":"2023-07-25T10:52:32+00:00","article_modified_time":"2023-07-25T10:52:35+00:00","og_image":[{"width":1200,"height":900,"url":"http:\/\/www.atelierdocaractere.pt\/wp-content\/uploads\/2023\/07\/5382af0f-9fde-bdb4-787b-2fbf8722f3b1.jpg","type":"image\/jpeg"}],"author":"Joana Barbosa","twitter_card":"summary_large_image","twitter_misc":{"Escrito por":"Joana Barbosa","Tempo estimado de leitura":"5 minutos"},"schema":{"@context":"https:\/\/schema.org","@graph":[{"@type":"WebPage","@id":"https:\/\/www.atelierdocaractere.pt\/brevemente\/rio-zezere-recebe-remadores-internacionais-em-mais-uma-edicao-do-portugal-rowing-tour\/","url":"https:\/\/www.atelierdocaractere.pt\/brevemente\/rio-zezere-recebe-remadores-internacionais-em-mais-uma-edicao-do-portugal-rowing-tour\/","name":"Rio Z\u00eazere recebe remadores internacionais em mais uma edi\u00e7\u00e3o do Portugal Rowing Tour - Atelier do Caractere","isPartOf":{"@id":"https:\/\/www.atelierdocaractere.pt\/brevemente\/#website"},"datePublished":"2023-07-25T10:52:32+00:00","dateModified":"2023-07-25T10:52:35+00:00","author":{"@id":"https:\/\/www.atelierdocaractere.pt\/brevemente\/#\/schema\/person\/f2f096eb0f27d9894725af22cb97c0db"},"breadcrumb":{"@id":"https:\/\/www.atelierdocaractere.pt\/brevemente\/rio-zezere-recebe-remadores-internacionais-em-mais-uma-edicao-do-portugal-rowing-tour\/#breadcrumb"},"inLanguage":"pt-PT","potentialAction":[{"@type":"ReadAction","target":["https:\/\/www.atelierdocaractere.pt\/brevemente\/rio-zezere-recebe-remadores-internacionais-em-mais-uma-edicao-do-portugal-rowing-tour\/"]}]},{"@type":"BreadcrumbList","@id":"https:\/\/www.atelierdocaractere.pt\/brevemente\/rio-zezere-recebe-remadores-internacionais-em-mais-uma-edicao-do-portugal-rowing-tour\/#breadcrumb","itemListElement":[{"@type":"ListItem","position":1,"name":"In\u00edcio","item":"https:\/\/www.atelierdocaractere.pt\/brevemente\/"},{"@type":"ListItem","position":2,"name":"Rio Z\u00eazere recebe remadores internacionais em mais uma edi\u00e7\u00e3o do Portugal Rowing Tour"}]},{"@type":"WebSite","@id":"https:\/\/www.atelierdocaractere.pt\/brevemente\/#website","url":"https:\/\/www.atelierdocaractere.pt\/brevemente\/","name":"Atelier do Caractere","description":"","potentialAction":[{"@type":"SearchAction","target":{"@type":"EntryPoint","urlTemplate":"https:\/\/www.atelierdocaractere.pt\/brevemente\/?s={search_term_string}"},"query-input":"required name=search_term_string"}],"inLanguage":"pt-PT"},{"@type":"Person","@id":"https:\/\/www.atelierdocaractere.pt\/brevemente\/#\/schema\/person\/f2f096eb0f27d9894725af22cb97c0db","name":"Joana Barbosa","image":{"@type":"ImageObject","inLanguage":"pt-PT","@id":"https:\/\/www.atelierdocaractere.pt\/brevemente\/#\/schema\/person\/image\/","url":"https:\/\/secure.gravatar.com\/avatar\/33e8214b45e9d68a3a83008731075979?s=96&d=mm&r=g","contentUrl":"https:\/\/secure.gravatar.com\/avatar\/33e8214b45e9d68a3a83008731075979?s=96&d=mm&r=g","caption":"Joana Barbosa"},"url":"https:\/\/www.atelierdocaractere.pt\/brevemente\/author\/joanabarbosa\/"}]}},"_links":{"self":[{"href":"https:\/\/www.atelierdocaractere.pt\/brevemente\/wp-json\/wp\/v2\/posts\/11730"}],"collection":[{"href":"https:\/\/www.atelierdocaractere.pt\/brevemente\/wp-json\/wp\/v2\/posts"}],"about":[{"href":"https:\/\/www.atelierdocaractere.pt\/brevemente\/wp-json\/wp\/v2\/types\/post"}],"author":[{"embeddable":true,"href":"https:\/\/www.atelierdocaractere.pt\/brevemente\/wp-json\/wp\/v2\/users\/7"}],"replies":[{"embeddable":true,"href":"https:\/\/www.atelierdocaractere.pt\/brevemente\/wp-json\/wp\/v2\/comments?post=11730"}],"version-history":[{"count":1,"href":"https:\/\/www.atelierdocaractere.pt\/brevemente\/wp-json\/wp\/v2\/posts\/11730\/revisions"}],"predecessor-version":[{"id":11734,"href":"https:\/\/www.atelierdocaractere.pt\/brevemente\/wp-json\/wp\/v2\/posts\/11730\/revisions\/11734"}],"wp:featuredmedia":[{"embeddable":true,"href":"https:\/\/www.atelierdocaractere.pt\/brevemente\/wp-json\/wp\/v2\/media\/11731"}],"wp:attachment":[{"href":"https:\/\/www.atelierdocaractere.pt\/brevemente\/wp-json\/wp\/v2\/media?parent=11730"}],"wp:term":[{"taxonomy":"category","embeddable":true,"href":"https:\/\/www.atelierdocaractere.pt\/brevemente\/wp-json\/wp\/v2\/categories?post=11730"},{"taxonomy":"post_tag","embeddable":true,"href":"https:\/\/www.atelierdocaractere.pt\/brevemente\/wp-json\/wp\/v2\/tags?post=11730"}],"curies":[{"name":"wp","href":"https:\/\/api.w.org\/{rel}","templated":true}]}}