{"id":11735,"date":"2023-07-26T19:07:47","date_gmt":"2023-07-26T19:07:47","guid":{"rendered":"https:\/\/www.atelierdocaractere.pt\/brevemente\/?p=11735"},"modified":"2023-07-26T19:07:50","modified_gmt":"2023-07-26T19:07:50","slug":"raul-almeida-eleito-presidente-da-turismo-centro-de-portugal-com-982-dos-votos","status":"publish","type":"post","link":"https:\/\/www.atelierdocaractere.pt\/brevemente\/raul-almeida-eleito-presidente-da-turismo-centro-de-portugal-com-982-dos-votos\/","title":{"rendered":"Raul Almeida eleito presidente da Turismo Centro de Portugal com 98,2% dos votos"},"content":{"rendered":"\n<p><strong>\u00b7 Candidato foi eleito para mandato de cinco anos, em lista de unidade.<\/strong><\/p>\n\n\n\n<p>A Assembleia Geral Eleitoral da Entidade Regional de Turismo do Centro de Portugal (TCP) elegeu hoje os \u00f3rg\u00e3os sociais para o mandato de 2023-2028. O novo presidente da Comiss\u00e3o Executiva \u00e9 Raul Almeida, que sucede a Pedro Machado nas fun\u00e7\u00f5es.<\/p>\n\n\n\n<figure class=\"wp-block-image size-full\"><img decoding=\"async\" width=\"961\" height=\"721\" src=\"http:\/\/www.atelierdocaractere.pt\/wp-content\/uploads\/2023\/07\/img-20230726-wa0005.jpg\" alt=\"\" class=\"wp-image-11737\" srcset=\"https:\/\/www.atelierdocaractere.pt\/wp-content\/uploads\/2023\/07\/img-20230726-wa0005.jpg 961w, https:\/\/www.atelierdocaractere.pt\/wp-content\/uploads\/2023\/07\/img-20230726-wa0005-300x225.jpg 300w, https:\/\/www.atelierdocaractere.pt\/wp-content\/uploads\/2023\/07\/img-20230726-wa0005-768x576.jpg 768w\" sizes=\"(max-width: 961px) 100vw, 961px\" \/><\/figure>\n\n\n\n<p>O ato eleitoral, que determinou a composi\u00e7\u00e3o da Comiss\u00e3o Executiva, da Mesa da Assembleia Geral e do Conselho de Marketing, realizou-se em tr\u00eas mesas de voto, situadas em Aveiro, Guarda e Leiria.<\/p>\n\n\n\n<p>A lista liderada por Raul Almeida foi a \u00fanica a apresentar-se a sufr\u00e1gio. Votaram 115 associados, que representam 72,3% dos 159 elementos do col\u00e9gio eleitoral. Entre estes, registaram-se 113 votos a favor, 1 voto branco e 1 voto nulo, o que totaliza 98,2% de votos a favor.<\/p>\n\n\n\n<figure class=\"wp-block-image size-full\"><img decoding=\"async\" width=\"745\" height=\"559\" src=\"http:\/\/www.atelierdocaractere.pt\/wp-content\/uploads\/2023\/07\/img-20230726-wa0006.jpg\" alt=\"\" class=\"wp-image-11736\" srcset=\"https:\/\/www.atelierdocaractere.pt\/wp-content\/uploads\/2023\/07\/img-20230726-wa0006.jpg 745w, https:\/\/www.atelierdocaractere.pt\/wp-content\/uploads\/2023\/07\/img-20230726-wa0006-300x225.jpg 300w\" sizes=\"(max-width: 745px) 100vw, 745px\" \/><\/figure>\n\n\n\n<p>\u201cO resultado desta vota\u00e7\u00e3o expressiva manifesta uma grande confian\u00e7a do col\u00e9gio eleitoral da Turismo Centro de Portugal na lista e nas propostas que apresentei, o que me deixa sensibilizado e motivado e que me traz responsabilidades acrescidas. A melhor forma de agradecer esta confian\u00e7a, aos autarcas, empres\u00e1rios e associa\u00e7\u00f5es, \u00e9 desempenhando estas fun\u00e7\u00f5es com redobrado empenho\u201d, sublinhou Raul Almeida.<\/p>\n\n\n\n<p>\u201cConto para isso com duas equipas de grande qualidade: a que juntei nos \u00f3rg\u00e3os sociais e a que trabalha todos os dias na Entidade Regional. Em conjunto, tenho a certeza de que iremos prosseguir o caminho de sucesso que tem pautado a Turismo Centro de Portugal nos \u00faltimos anos\u201d, acrescentou o presidente eleito.<\/p>\n\n\n\n<p>A tomada de posse dos \u00f3rg\u00e3os sociais ter\u00e1 lugar \u00e0s 11h30 de dia 1 de setembro, no Convento S\u00e3o Francisco, em Coimbra.<\/p>\n\n\n\n<figure class=\"wp-block-image size-full\"><img decoding=\"async\" width=\"869\" height=\"652\" src=\"http:\/\/www.atelierdocaractere.pt\/wp-content\/uploads\/2023\/07\/img-20230726-wa0002.jpg\" alt=\"\" class=\"wp-image-11738\" srcset=\"https:\/\/www.atelierdocaractere.pt\/wp-content\/uploads\/2023\/07\/img-20230726-wa0002.jpg 869w, https:\/\/www.atelierdocaractere.pt\/wp-content\/uploads\/2023\/07\/img-20230726-wa0002-300x225.jpg 300w, https:\/\/www.atelierdocaractere.pt\/wp-content\/uploads\/2023\/07\/img-20230726-wa0002-768x576.jpg 768w\" sizes=\"(max-width: 869px) 100vw, 869px\" \/><\/figure>\n\n\n\n<p>Os \u00f3rg\u00e3os sociais da TCP, para o per\u00edodo 2023-2028, s\u00e3o os seguintes:<\/p>\n\n\n\n<p><strong>Comiss\u00e3o Executiva:<br><\/strong>Raul Almeida (Presidente)<br>Jorge Sampaio<br>Anabela Freitas<br>Elsa Mar\u00e7al<br>Lu\u00eds Albuquerque<\/p>\n\n\n\n<p><strong>Mesa da Assembleia Geral:<br><\/strong>Presidente da Mesa: Pedro Machado (TCP &#8211; Associa\u00e7\u00e3o para a Promo\u00e7\u00e3o do Turismo na Regi\u00e3o Centro de Portugal)<br>Secret\u00e1rio da Mesa: V\u00edtor Pereira (C\u00e2mara Municipal da Covilh\u00e3)<\/p>\n\n\n\n<p><strong>Conselho de Marketing:<br><\/strong>Jorge Almeida &#8220;Loureiro&#8221; (Hotel Avenida)<br>Jos\u00e9 Francisco Rolo (ADIRAM &#8211; Associa\u00e7\u00e3o Aldeias de Montanha)<br>Carlos Ascens\u00e3o (Aldeias Hist\u00f3ricas de Portugal)<br>Laura Rodrigues (C\u00e2mara Municipal de Torres Vedras)<br>Rodolfo Baldaia de Queir\u00f3s (Comiss\u00e3o Vitivin\u00edcola Regional da Beira Interior)<br>Jorge Costa (Empreendimentos Tur\u00edsticos Montebelo)<br>Ant\u00f3nio Marques Vidal (APECATE &#8211; Associa\u00e7\u00e3o Portuguesa de Empresas de Congressos, Anima\u00e7\u00e3o Tur\u00edstica e Eventos)<\/p>\n\n\n\n<p><strong>Nota biogr\u00e1fica:<br><\/strong>Raul Jos\u00e9 Rei Soares de Almeida nasceu em Mo\u00e7ambique, em 30 de mar\u00e7o de 1971, e reside na freguesia da Praia de Mira, no concelho de Mira. Licenciado em Direito pela Universidade Lus\u00edada do Porto, exerceu advocacia, especializando-se em Direito Inform\u00e1tico numa sociedade de advogados em Lisboa. Em 2013, venceu as elei\u00e7\u00f5es para a C\u00e2mara Municipal de Mira, tendo sido reeleito em 2017 e 2021, fun\u00e7\u00f5es que exerce at\u00e9 tomar posse como Presidente da Turismo Centro de Portugal.<\/p>\n\n\n\n<p><strong>Sobre o Turismo Centro de Portugal:<\/strong><\/p>\n\n\n\n<p>O Turismo Centro de Portugal \u00e9 a entidade que estrutura e promove o turismo na Regi\u00e3o Centro do pa\u00eds. Esta \u00e9 a maior e mais diversificada \u00e1rea tur\u00edstica nacional, abrangendo 100 munic\u00edpios, e tem registado um intenso crescimento da procura interna e externa. \u00c9 a regi\u00e3o a escolher para quem pretende experi\u00eancias diversificadas, pois concilia locais Patrim\u00f3nio da Humanidade com a melhor costa de surf da Europa, termas e spas id\u00edlicos, locais de culto de import\u00e2ncia mundial e as mais belas aldeias.<\/p>\n","protected":false},"excerpt":{"rendered":"<p>\u00b7 Candidato foi eleito para mandato de cinco anos, em lista de unidade. A Assembleia Geral Eleitoral da Entidade Regional&#8230;<\/p>\n","protected":false},"author":7,"featured_media":11739,"comment_status":"closed","ping_status":"open","sticky":false,"template":"","format":"standard","meta":[],"categories":[39],"tags":[583,346],"yoast_head":"<!-- This site is optimized with the Yoast SEO plugin v20.12 - https:\/\/yoast.com\/wordpress\/plugins\/seo\/ -->\n<title>Raul Almeida eleito presidente da Turismo Centro de Portugal com 98,2% dos votos - Atelier do Caractere<\/title>\n<meta name=\"robots\" content=\"index, follow, max-snippet:-1, max-image-preview:large, max-video-preview:-1\" \/>\n<link rel=\"canonical\" href=\"https:\/\/www.atelierdocaractere.pt\/brevemente\/raul-almeida-eleito-presidente-da-turismo-centro-de-portugal-com-982-dos-votos\/\" \/>\n<meta property=\"og:locale\" content=\"pt_PT\" \/>\n<meta property=\"og:type\" content=\"article\" \/>\n<meta property=\"og:title\" content=\"Raul Almeida eleito presidente da Turismo Centro de Portugal com 98,2% dos votos - Atelier do Caractere\" \/>\n<meta property=\"og:description\" content=\"\u00b7 Candidato foi eleito para mandato de cinco anos, em lista de unidade. A Assembleia Geral Eleitoral da Entidade Regional...\" \/>\n<meta property=\"og:url\" content=\"https:\/\/www.atelierdocaractere.pt\/brevemente\/raul-almeida-eleito-presidente-da-turismo-centro-de-portugal-com-982-dos-votos\/\" \/>\n<meta property=\"og:site_name\" content=\"Atelier do Caractere\" \/>\n<meta property=\"article:publisher\" content=\"https:\/\/www.facebook.com\/AtelierdoCaractere\" \/>\n<meta property=\"article:published_time\" content=\"2023-07-26T19:07:47+00:00\" \/>\n<meta property=\"article:modified_time\" content=\"2023-07-26T19:07:50+00:00\" \/>\n<meta property=\"og:image\" content=\"http:\/\/www.atelierdocaractere.pt\/wp-content\/uploads\/2023\/07\/img-20230726-wa0001.jpg\" \/>\n\t<meta property=\"og:image:width\" content=\"920\" \/>\n\t<meta property=\"og:image:height\" content=\"690\" \/>\n\t<meta property=\"og:image:type\" content=\"image\/jpeg\" \/>\n<meta name=\"author\" content=\"Joana Barbosa\" \/>\n<meta name=\"twitter:card\" content=\"summary_large_image\" \/>\n<meta name=\"twitter:label1\" content=\"Escrito por\" \/>\n\t<meta name=\"twitter:data1\" content=\"Joana Barbosa\" \/>\n\t<meta name=\"twitter:label2\" content=\"Tempo estimado de leitura\" \/>\n\t<meta name=\"twitter:data2\" content=\"4 minutos\" \/>\n<script type=\"application\/ld+json\" class=\"yoast-schema-graph\">{\"@context\":\"https:\/\/schema.org\",\"@graph\":[{\"@type\":\"WebPage\",\"@id\":\"https:\/\/www.atelierdocaractere.pt\/brevemente\/raul-almeida-eleito-presidente-da-turismo-centro-de-portugal-com-982-dos-votos\/\",\"url\":\"https:\/\/www.atelierdocaractere.pt\/brevemente\/raul-almeida-eleito-presidente-da-turismo-centro-de-portugal-com-982-dos-votos\/\",\"name\":\"Raul Almeida eleito presidente da Turismo Centro de Portugal com 98,2% dos votos - Atelier do Caractere\",\"isPartOf\":{\"@id\":\"https:\/\/www.atelierdocaractere.pt\/brevemente\/#website\"},\"datePublished\":\"2023-07-26T19:07:47+00:00\",\"dateModified\":\"2023-07-26T19:07:50+00:00\",\"author\":{\"@id\":\"https:\/\/www.atelierdocaractere.pt\/brevemente\/#\/schema\/person\/f2f096eb0f27d9894725af22cb97c0db\"},\"breadcrumb\":{\"@id\":\"https:\/\/www.atelierdocaractere.pt\/brevemente\/raul-almeida-eleito-presidente-da-turismo-centro-de-portugal-com-982-dos-votos\/#breadcrumb\"},\"inLanguage\":\"pt-PT\",\"potentialAction\":[{\"@type\":\"ReadAction\",\"target\":[\"https:\/\/www.atelierdocaractere.pt\/brevemente\/raul-almeida-eleito-presidente-da-turismo-centro-de-portugal-com-982-dos-votos\/\"]}]},{\"@type\":\"BreadcrumbList\",\"@id\":\"https:\/\/www.atelierdocaractere.pt\/brevemente\/raul-almeida-eleito-presidente-da-turismo-centro-de-portugal-com-982-dos-votos\/#breadcrumb\",\"itemListElement\":[{\"@type\":\"ListItem\",\"position\":1,\"name\":\"In\u00edcio\",\"item\":\"https:\/\/www.atelierdocaractere.pt\/brevemente\/\"},{\"@type\":\"ListItem\",\"position\":2,\"name\":\"Raul Almeida eleito presidente da Turismo Centro de Portugal com 98,2% dos votos\"}]},{\"@type\":\"WebSite\",\"@id\":\"https:\/\/www.atelierdocaractere.pt\/brevemente\/#website\",\"url\":\"https:\/\/www.atelierdocaractere.pt\/brevemente\/\",\"name\":\"Atelier do Caractere\",\"description\":\"\",\"potentialAction\":[{\"@type\":\"SearchAction\",\"target\":{\"@type\":\"EntryPoint\",\"urlTemplate\":\"https:\/\/www.atelierdocaractere.pt\/brevemente\/?s={search_term_string}\"},\"query-input\":\"required name=search_term_string\"}],\"inLanguage\":\"pt-PT\"},{\"@type\":\"Person\",\"@id\":\"https:\/\/www.atelierdocaractere.pt\/brevemente\/#\/schema\/person\/f2f096eb0f27d9894725af22cb97c0db\",\"name\":\"Joana Barbosa\",\"image\":{\"@type\":\"ImageObject\",\"inLanguage\":\"pt-PT\",\"@id\":\"https:\/\/www.atelierdocaractere.pt\/brevemente\/#\/schema\/person\/image\/\",\"url\":\"https:\/\/secure.gravatar.com\/avatar\/33e8214b45e9d68a3a83008731075979?s=96&d=mm&r=g\",\"contentUrl\":\"https:\/\/secure.gravatar.com\/avatar\/33e8214b45e9d68a3a83008731075979?s=96&d=mm&r=g\",\"caption\":\"Joana Barbosa\"},\"url\":\"https:\/\/www.atelierdocaractere.pt\/brevemente\/author\/joanabarbosa\/\"}]}<\/script>\n<!-- \/ Yoast SEO plugin. -->","yoast_head_json":{"title":"Raul Almeida eleito presidente da Turismo Centro de Portugal com 98,2% dos votos - Atelier do Caractere","robots":{"index":"index","follow":"follow","max-snippet":"max-snippet:-1","max-image-preview":"max-image-preview:large","max-video-preview":"max-video-preview:-1"},"canonical":"https:\/\/www.atelierdocaractere.pt\/brevemente\/raul-almeida-eleito-presidente-da-turismo-centro-de-portugal-com-982-dos-votos\/","og_locale":"pt_PT","og_type":"article","og_title":"Raul Almeida eleito presidente da Turismo Centro de Portugal com 98,2% dos votos - Atelier do Caractere","og_description":"\u00b7 Candidato foi eleito para mandato de cinco anos, em lista de unidade. A Assembleia Geral Eleitoral da Entidade Regional...","og_url":"https:\/\/www.atelierdocaractere.pt\/brevemente\/raul-almeida-eleito-presidente-da-turismo-centro-de-portugal-com-982-dos-votos\/","og_site_name":"Atelier do Caractere","article_publisher":"https:\/\/www.facebook.com\/AtelierdoCaractere","article_published_time":"2023-07-26T19:07:47+00:00","article_modified_time":"2023-07-26T19:07:50+00:00","og_image":[{"width":920,"height":690,"url":"http:\/\/www.atelierdocaractere.pt\/wp-content\/uploads\/2023\/07\/img-20230726-wa0001.jpg","type":"image\/jpeg"}],"author":"Joana Barbosa","twitter_card":"summary_large_image","twitter_misc":{"Escrito por":"Joana Barbosa","Tempo estimado de leitura":"4 minutos"},"schema":{"@context":"https:\/\/schema.org","@graph":[{"@type":"WebPage","@id":"https:\/\/www.atelierdocaractere.pt\/brevemente\/raul-almeida-eleito-presidente-da-turismo-centro-de-portugal-com-982-dos-votos\/","url":"https:\/\/www.atelierdocaractere.pt\/brevemente\/raul-almeida-eleito-presidente-da-turismo-centro-de-portugal-com-982-dos-votos\/","name":"Raul Almeida eleito presidente da Turismo Centro de Portugal com 98,2% dos votos - Atelier do Caractere","isPartOf":{"@id":"https:\/\/www.atelierdocaractere.pt\/brevemente\/#website"},"datePublished":"2023-07-26T19:07:47+00:00","dateModified":"2023-07-26T19:07:50+00:00","author":{"@id":"https:\/\/www.atelierdocaractere.pt\/brevemente\/#\/schema\/person\/f2f096eb0f27d9894725af22cb97c0db"},"breadcrumb":{"@id":"https:\/\/www.atelierdocaractere.pt\/brevemente\/raul-almeida-eleito-presidente-da-turismo-centro-de-portugal-com-982-dos-votos\/#breadcrumb"},"inLanguage":"pt-PT","potentialAction":[{"@type":"ReadAction","target":["https:\/\/www.atelierdocaractere.pt\/brevemente\/raul-almeida-eleito-presidente-da-turismo-centro-de-portugal-com-982-dos-votos\/"]}]},{"@type":"BreadcrumbList","@id":"https:\/\/www.atelierdocaractere.pt\/brevemente\/raul-almeida-eleito-presidente-da-turismo-centro-de-portugal-com-982-dos-votos\/#breadcrumb","itemListElement":[{"@type":"ListItem","position":1,"name":"In\u00edcio","item":"https:\/\/www.atelierdocaractere.pt\/brevemente\/"},{"@type":"ListItem","position":2,"name":"Raul Almeida eleito presidente da Turismo Centro de Portugal com 98,2% dos votos"}]},{"@type":"WebSite","@id":"https:\/\/www.atelierdocaractere.pt\/brevemente\/#website","url":"https:\/\/www.atelierdocaractere.pt\/brevemente\/","name":"Atelier do Caractere","description":"","potentialAction":[{"@type":"SearchAction","target":{"@type":"EntryPoint","urlTemplate":"https:\/\/www.atelierdocaractere.pt\/brevemente\/?s={search_term_string}"},"query-input":"required name=search_term_string"}],"inLanguage":"pt-PT"},{"@type":"Person","@id":"https:\/\/www.atelierdocaractere.pt\/brevemente\/#\/schema\/person\/f2f096eb0f27d9894725af22cb97c0db","name":"Joana Barbosa","image":{"@type":"ImageObject","inLanguage":"pt-PT","@id":"https:\/\/www.atelierdocaractere.pt\/brevemente\/#\/schema\/person\/image\/","url":"https:\/\/secure.gravatar.com\/avatar\/33e8214b45e9d68a3a83008731075979?s=96&d=mm&r=g","contentUrl":"https:\/\/secure.gravatar.com\/avatar\/33e8214b45e9d68a3a83008731075979?s=96&d=mm&r=g","caption":"Joana Barbosa"},"url":"https:\/\/www.atelierdocaractere.pt\/brevemente\/author\/joanabarbosa\/"}]}},"_links":{"self":[{"href":"https:\/\/www.atelierdocaractere.pt\/brevemente\/wp-json\/wp\/v2\/posts\/11735"}],"collection":[{"href":"https:\/\/www.atelierdocaractere.pt\/brevemente\/wp-json\/wp\/v2\/posts"}],"about":[{"href":"https:\/\/www.atelierdocaractere.pt\/brevemente\/wp-json\/wp\/v2\/types\/post"}],"author":[{"embeddable":true,"href":"https:\/\/www.atelierdocaractere.pt\/brevemente\/wp-json\/wp\/v2\/users\/7"}],"replies":[{"embeddable":true,"href":"https:\/\/www.atelierdocaractere.pt\/brevemente\/wp-json\/wp\/v2\/comments?post=11735"}],"version-history":[{"count":1,"href":"https:\/\/www.atelierdocaractere.pt\/brevemente\/wp-json\/wp\/v2\/posts\/11735\/revisions"}],"predecessor-version":[{"id":11740,"href":"https:\/\/www.atelierdocaractere.pt\/brevemente\/wp-json\/wp\/v2\/posts\/11735\/revisions\/11740"}],"wp:featuredmedia":[{"embeddable":true,"href":"https:\/\/www.atelierdocaractere.pt\/brevemente\/wp-json\/wp\/v2\/media\/11739"}],"wp:attachment":[{"href":"https:\/\/www.atelierdocaractere.pt\/brevemente\/wp-json\/wp\/v2\/media?parent=11735"}],"wp:term":[{"taxonomy":"category","embeddable":true,"href":"https:\/\/www.atelierdocaractere.pt\/brevemente\/wp-json\/wp\/v2\/categories?post=11735"},{"taxonomy":"post_tag","embeddable":true,"href":"https:\/\/www.atelierdocaractere.pt\/brevemente\/wp-json\/wp\/v2\/tags?post=11735"}],"curies":[{"name":"wp","href":"https:\/\/api.w.org\/{rel}","templated":true}]}}