{"id":11741,"date":"2023-07-28T18:40:13","date_gmt":"2023-07-28T18:40:13","guid":{"rendered":"https:\/\/www.atelierdocaractere.pt\/brevemente\/?p=11741"},"modified":"2023-07-28T18:40:16","modified_gmt":"2023-07-28T18:40:16","slug":"aldeias-historicas-de-portugal-e-airbnb-estabelecem-acordo-para-promover-o-turismo-sustentavel-no-interior-de-portugal","status":"publish","type":"post","link":"https:\/\/www.atelierdocaractere.pt\/brevemente\/aldeias-historicas-de-portugal-e-airbnb-estabelecem-acordo-para-promover-o-turismo-sustentavel-no-interior-de-portugal\/","title":{"rendered":"Aldeias Hist\u00f3ricas de Portugal e Airbnb estabelecem acordo para promover o turismo sustent\u00e1vel no interior de Portugal"},"content":{"rendered":"\n<ul>\n<li><strong>No seguimento do compromisso das Aldeias Hist\u00f3ricas de Portugal com a sustentabilidade, a Rede estabelece agora uma parceria com a conhecida plataforma de arrendamento de curta dura\u00e7\u00e3o Airbnb, cujo objetivo \u00e9 incentivar tend\u00eancias de viagem mais sustent\u00e1veis no interior de Portugal e demonstrar os benef\u00edcios do turismo para l\u00e1 das grandes cidades.<\/strong><\/li>\n<\/ul>\n\n\n\n<p>A Aldeias Hist\u00f3ricas de Portugal &#8211; Associa\u00e7\u00e3o de Desenvolvimento Tur\u00edstico (AHP &#8211; ADT) acaba de fechar uma nova parceria, com a Airbnb, com o intuito de promover \u201cum destino que s\u00e3o 12\u201d como uma alternativa sustent\u00e1vel e especialmente apelativa para quem procura um turismo n\u00e3o massificado, pleno de natureza em estado puro, Hist\u00f3ria, cultura, gastronomia, vinhos e lazer.<\/p>\n\n\n\n<p>Esta parceria tem como objetivo contribuir para a distribui\u00e7\u00e3o de fluxos tur\u00edsticos para os munic\u00edpios e territ\u00f3rio das Aldeias Hist\u00f3ricas de Portugal; apoiar o equil\u00edbrio territorial, diversificando a oferta e a procura de servi\u00e7os tur\u00edsticos para destinos menos procurados; promover a economia local, contribuindo para a produ\u00e7\u00e3o e consumo sustent\u00e1vel, potenciando fontes de receitas juntos de setores de atividade que o turismo de forma direta e indireta impacta positivamente; contribuir para a diminui\u00e7\u00e3o da sazonalidade e para a valoriza\u00e7\u00e3o dos recursos end\u00f3genos, fomentando, inclusive a dura\u00e7\u00e3o da estada m\u00e9dia.<\/p>\n\n\n\n<figure class=\"wp-block-image size-large\"><img decoding=\"async\" width=\"1024\" height=\"683\" src=\"https:\/\/www.atelierdocaractere.pt\/wp-content\/uploads\/2023\/07\/d95cc126-0a44-e33d-a1d6-5398020fe6de-1024x683.jpg\" alt=\"\" class=\"wp-image-11744\" srcset=\"https:\/\/www.atelierdocaractere.pt\/wp-content\/uploads\/2023\/07\/d95cc126-0a44-e33d-a1d6-5398020fe6de-1024x683.jpg 1024w, https:\/\/www.atelierdocaractere.pt\/wp-content\/uploads\/2023\/07\/d95cc126-0a44-e33d-a1d6-5398020fe6de-300x200.jpg 300w, https:\/\/www.atelierdocaractere.pt\/wp-content\/uploads\/2023\/07\/d95cc126-0a44-e33d-a1d6-5398020fe6de-768x512.jpg 768w, https:\/\/www.atelierdocaractere.pt\/wp-content\/uploads\/2023\/07\/d95cc126-0a44-e33d-a1d6-5398020fe6de-900x600.jpg 900w, https:\/\/www.atelierdocaractere.pt\/wp-content\/uploads\/2023\/07\/d95cc126-0a44-e33d-a1d6-5398020fe6de-675x450.jpg 675w, https:\/\/www.atelierdocaractere.pt\/wp-content\/uploads\/2023\/07\/d95cc126-0a44-e33d-a1d6-5398020fe6de.jpg 1200w\" sizes=\"(max-width: 1024px) 100vw, 1024px\" \/><\/figure>\n\n\n\n<p>O acordo entre a AHP &#8211; ADT e a Airbnb vai refletir-se, por exemplo, numa p\u00e1gina dedicada \u00e0 promo\u00e7\u00e3o da Rede das Aldeias Hist\u00f3ricas, com informa\u00e7\u00f5es \u00fateis sobre o que fazer, locais a visitar, empresas locais e anfitri\u00f5es na Airbnb que est\u00e3o a elevar a hospitalidade no interior de Portugal. Al\u00e9m disso, a Airbnb ir\u00e1 organizar webinars para a comunidade das Aldeias Hist\u00f3ricas de Portugal, com informa\u00e7\u00f5es sobre como se tornarem empres\u00e1rios do setor da hospitalidade atrav\u00e9s do alojamento na Airbnb.<\/p>\n\n\n\n<p>Esta \u00e9 uma parceria de grande import\u00e2ncia para a Aldeias Hist\u00f3ricas de Portugal, pelo seu contributo para a materializa\u00e7\u00e3o da estrat\u00e9gia definida para a Rede, nomeadamente pelo facto de se constituir como um impulso \u00e0 transi\u00e7\u00e3o digital, que tem sido um dos vetores estrat\u00e9gicos da pol\u00edtica nacional e europeia, e, naturalmente, da pr\u00f3pria Rede.<\/p>\n\n\n\n<p>\u201cA Airbnb \u00e9 uma montra de excel\u00eancia mundial onde o destino Aldeias Hist\u00f3ricas beneficiar\u00e1 com as suas din\u00e2micas, mas por outro lado revela-se tamb\u00e9m, e mais uma vez, a atratividade da marca Aldeias Hist\u00f3ricas de Portugal na capitaliza\u00e7\u00e3o de parcerias com entidades de renome que podem e devem fazer a diferen\u00e7a no tocante \u00e0 coes\u00e3o territorial. Somos um destino j\u00e1 premiado por diferentes organismos de \u00e2mbito nacional e internacional e, esta etapa que agora se inicia vem, sem d\u00favida, robustecer o desenvolvimento econ\u00f3mico e consequentemente o social da rede que representa 12 \u00edcones da nossa portugalidade\u201d, explicou Carlos Ascens\u00e3o, Presidente da Aldeias Hist\u00f3ricas de Portugal &#8211; Associa\u00e7\u00e3o de Desenvolvimento Tur\u00edstico.<\/p>\n\n\n\n<figure class=\"wp-block-image size-large\"><img decoding=\"async\" width=\"1024\" height=\"683\" src=\"https:\/\/www.atelierdocaractere.pt\/wp-content\/uploads\/2023\/07\/d95cc126-0a44-e33d-a1d6-5398020fe6de-1024x683.jpg\" alt=\"\" class=\"wp-image-11744\" srcset=\"https:\/\/www.atelierdocaractere.pt\/wp-content\/uploads\/2023\/07\/d95cc126-0a44-e33d-a1d6-5398020fe6de-1024x683.jpg 1024w, https:\/\/www.atelierdocaractere.pt\/wp-content\/uploads\/2023\/07\/d95cc126-0a44-e33d-a1d6-5398020fe6de-300x200.jpg 300w, https:\/\/www.atelierdocaractere.pt\/wp-content\/uploads\/2023\/07\/d95cc126-0a44-e33d-a1d6-5398020fe6de-768x512.jpg 768w, https:\/\/www.atelierdocaractere.pt\/wp-content\/uploads\/2023\/07\/d95cc126-0a44-e33d-a1d6-5398020fe6de-900x600.jpg 900w, https:\/\/www.atelierdocaractere.pt\/wp-content\/uploads\/2023\/07\/d95cc126-0a44-e33d-a1d6-5398020fe6de-675x450.jpg 675w, https:\/\/www.atelierdocaractere.pt\/wp-content\/uploads\/2023\/07\/d95cc126-0a44-e33d-a1d6-5398020fe6de.jpg 1200w\" sizes=\"(max-width: 1024px) 100vw, 1024px\" \/><\/figure>\n\n\n\n<p>\u201cMais de 70% das propriedades portuguesas na Airbnb na categoria de Casas Hist\u00f3ricas est\u00e3o localizadas em zonas rurais, pelo que estamos muito entusiasmados com o potencial do turismo patrimonial para contribuir para o desenvolvimento econ\u00f3mico de pequenas comunidades n\u00e3o urbanas. Com esta parceria, queremos proporcionar estes benef\u00edcios a mais pessoas e espalhar a mensagem pelas cidades, aldeias e locais menos conhecidos em todo o pa\u00eds\u201d, disse M\u00f3nica Casa\u00f1as, General Manager da Airbnb Marketing Services SL.<\/p>\n\n\n\n<p>De facto, ser anfitri\u00e3o na Airbnb ajuda as fam\u00edlias a ganhar um rendimento extra. De acordo com um estudo interno da Airbnb, 9 em cada 10 anfitri\u00f5es em Portugal afirmam que o espa\u00e7o que listam \u00e9 propriedade deles ou da sua fam\u00edlia em 2022. O alojamento foi e continua a ser fundamental para a recupera\u00e7\u00e3o econ\u00f3mica e o crescimento do pa\u00eds e est\u00e1 espalhado por todo o territ\u00f3rio, desde as grandes cidades at\u00e9 \u00e0s aldeias mais pequenas: em 2022, quase 2\/3 das estadias de curta dura\u00e7\u00e3o reservadas na Airbnb em Portugal foram fora do Porto e de Lisboa, demonstrando, tamb\u00e9m, ser indutor de cria\u00e7\u00e3o de abordagens que viabilizam a reabilita\u00e7\u00e3o, sendo disso exemplo a Rede Aldeias Hist\u00f3ricas de Portugal.<\/p>\n\n\n\n<figure class=\"wp-block-image size-large\"><img decoding=\"async\" width=\"1024\" height=\"683\" src=\"https:\/\/www.atelierdocaractere.pt\/wp-content\/uploads\/2023\/07\/a7b2d811-9536-e0c6-a38b-88a12b218d80-1024x683.jpg\" alt=\"\" class=\"wp-image-11745\" srcset=\"https:\/\/www.atelierdocaractere.pt\/wp-content\/uploads\/2023\/07\/a7b2d811-9536-e0c6-a38b-88a12b218d80-1024x683.jpg 1024w, https:\/\/www.atelierdocaractere.pt\/wp-content\/uploads\/2023\/07\/a7b2d811-9536-e0c6-a38b-88a12b218d80-300x200.jpg 300w, https:\/\/www.atelierdocaractere.pt\/wp-content\/uploads\/2023\/07\/a7b2d811-9536-e0c6-a38b-88a12b218d80-768x512.jpg 768w, https:\/\/www.atelierdocaractere.pt\/wp-content\/uploads\/2023\/07\/a7b2d811-9536-e0c6-a38b-88a12b218d80-900x600.jpg 900w, https:\/\/www.atelierdocaractere.pt\/wp-content\/uploads\/2023\/07\/a7b2d811-9536-e0c6-a38b-88a12b218d80-675x450.jpg 675w, https:\/\/www.atelierdocaractere.pt\/wp-content\/uploads\/2023\/07\/a7b2d811-9536-e0c6-a38b-88a12b218d80.jpg 1200w\" sizes=\"(max-width: 1024px) 100vw, 1024px\" \/><\/figure>\n\n\n\n<p>Assim, para facilitar a procura de alojamento que ofere\u00e7a uma estadia cultural e hist\u00f3rica aut\u00eantica, a Airbnb adicionou a categoria \u201cCasas Hist\u00f3ricas\u201d \u00e0 sua plataforma no ano passado. Atualmente, existem mais de 45 mil an\u00fancios de casas hist\u00f3ricas em todo o mundo. Um relat\u00f3rio da Airbnb sobre o impacto das funcionalidades de pesquisa flex\u00edvel da Airbnb \u2013 incluindo categorias como \u201cCasas Hist\u00f3ricas\u201d e \u201cSou flex\u00edvel\u201d \u2013 mostra que estas ajudam a desviar as reservas dos pontos tur\u00edsticos mais saturados da europa e das datas de picos de viagem, apoiando tend\u00eancias de viagem mais sustent\u00e1veis.<\/p>\n\n\n\n<p>Em Portugal, a categoria \u201cCasas Hist\u00f3ricas\u201d da Airbnb j\u00e1 tem mais de 300 unidades, contribuindo para dispersar os benef\u00edcios das viagens e do turismo por um maior n\u00famero de destinos. Mais de 70% dos an\u00fancios na categoria de \u201cCasas Hist\u00f3ricas\u201d em Portugal est\u00e3o situados em comunidades rurais.<\/p>\n\n\n\n<figure class=\"wp-block-image size-large\"><img decoding=\"async\" width=\"1024\" height=\"683\" src=\"https:\/\/www.atelierdocaractere.pt\/wp-content\/uploads\/2023\/07\/e72ce150-9101-1224-a52d-c40a473d7738-1024x683.jpg\" alt=\"\" class=\"wp-image-11742\" srcset=\"https:\/\/www.atelierdocaractere.pt\/wp-content\/uploads\/2023\/07\/e72ce150-9101-1224-a52d-c40a473d7738-1024x683.jpg 1024w, https:\/\/www.atelierdocaractere.pt\/wp-content\/uploads\/2023\/07\/e72ce150-9101-1224-a52d-c40a473d7738-300x200.jpg 300w, https:\/\/www.atelierdocaractere.pt\/wp-content\/uploads\/2023\/07\/e72ce150-9101-1224-a52d-c40a473d7738-768x512.jpg 768w, https:\/\/www.atelierdocaractere.pt\/wp-content\/uploads\/2023\/07\/e72ce150-9101-1224-a52d-c40a473d7738-900x600.jpg 900w, https:\/\/www.atelierdocaractere.pt\/wp-content\/uploads\/2023\/07\/e72ce150-9101-1224-a52d-c40a473d7738-675x450.jpg 675w, https:\/\/www.atelierdocaractere.pt\/wp-content\/uploads\/2023\/07\/e72ce150-9101-1224-a52d-c40a473d7738.jpg 1200w\" sizes=\"(max-width: 1024px) 100vw, 1024px\" \/><\/figure>\n\n\n\n<p><strong>Sobre a Aldeias Hist\u00f3ricas de Portugal<br><\/strong>Entre montes e vales da verdejante paisagem do interior de Portugal, repletas de lendas e castelos, sabores e tradi\u00e7\u00f5es, encontram-se 12 singelas aldeias onde apetece perdermo-nos. Almeida, Belmonte, Castelo Mendo, Castelo Novo, Castelo Rodrigo, Idanha-a-Velha, Linhares da Beira, Marialva, Monsanto, Pi\u00f3d\u00e3o, Sortelha e Trancoso: as Aldeias Hist\u00f3ricas de Portugal, um destino que s\u00e3o 12, surgem como para\u00edsos escondidos que nos levam numa viagem ao tempo de reis e rainhas, de \u00e9picas e infinitas batalhas que escreveram a Hist\u00f3ria como a conhecemos hoje. S\u00e3o, ainda, a garantia de momentos inesquec\u00edveis de lazer, aventura e descoberta, temperados com os inigual\u00e1veis aromas e sabores da regi\u00e3o, que comp\u00f5em a sua t\u00edpica gastronomia.<br>No territ\u00f3rio das Aldeias Hist\u00f3ricas de Portugal h\u00e1 um sem fim de trilhos para caminhadas e percursos de bicicleta e BTT \u2013 como a Grande Rota 22, a maior rota de Walking &amp; Cycling na Europa e em Portugal, com cerca de 600 km. A Grande Rota 22 tem o selo Leading Quality Trails \u2013 Best of Europe, entregue pela European Ramblers Association (Associa\u00e7\u00e3o Europeia de Caminhada).<br>As Aldeias Hist\u00f3ricas de Portugal s\u00e3o o primeiro destino em rede \u2013 \u00e0 escala mundial \u2013 e o primeiro destino nacional a receber a certifica\u00e7\u00e3o BIOSPHERE DESTINATION. E, em 2020, foram o primeiro destino a n\u00edvel nacional a criar o \u201cManifesto do Turista Respons\u00e1vel\u201d, lembrando aos seus visitantes a import\u00e2ncia do respeito pela natureza.<\/p>\n\n\n\n<p><strong>Sobre a Airbnb<br><\/strong>A Airbnb nasceu em 2007 quando dois anfitri\u00f5es receberam tr\u00eas h\u00f3spedes na sua casa em S\u00e3o Francisco, e desde ent\u00e3o cresceu para mais de 4 milh\u00f5es de anfitri\u00f5es que receberam mais de 1,4 mil milh\u00f5es de h\u00f3spedes em quase<br>todos os pa\u00edses do mundo. Todos os dias, os anfitri\u00f5es oferecem estadias e experi\u00eancias \u00fanicas que tornam poss\u00edvel aos h\u00f3spedes ligarem-se \u00e0s comunidades de uma forma mais aut\u00eantica.<\/p>\n\n\n\n<p><\/p>\n","protected":false},"excerpt":{"rendered":"<p>A Aldeias Hist\u00f3ricas de Portugal &#8211; Associa\u00e7\u00e3o de Desenvolvimento Tur\u00edstico (AHP &#8211; ADT) acaba de fechar uma nova parceria, com&#8230;<\/p>\n","protected":false},"author":7,"featured_media":11746,"comment_status":"closed","ping_status":"open","sticky":false,"template":"","format":"standard","meta":[],"categories":[39],"tags":[371,464],"yoast_head":"<!-- This site is optimized with the Yoast SEO plugin v20.12 - https:\/\/yoast.com\/wordpress\/plugins\/seo\/ -->\n<title>Aldeias Hist\u00f3ricas de Portugal e Airbnb estabelecem acordo para promover o turismo sustent\u00e1vel no interior de Portugal - Atelier do Caractere<\/title>\n<meta name=\"robots\" content=\"index, follow, max-snippet:-1, max-image-preview:large, max-video-preview:-1\" \/>\n<link rel=\"canonical\" href=\"https:\/\/www.atelierdocaractere.pt\/brevemente\/aldeias-historicas-de-portugal-e-airbnb-estabelecem-acordo-para-promover-o-turismo-sustentavel-no-interior-de-portugal\/\" \/>\n<meta property=\"og:locale\" content=\"pt_PT\" \/>\n<meta property=\"og:type\" content=\"article\" \/>\n<meta property=\"og:title\" content=\"Aldeias Hist\u00f3ricas de Portugal e Airbnb estabelecem acordo para promover o turismo sustent\u00e1vel no interior de Portugal - Atelier do Caractere\" \/>\n<meta property=\"og:description\" content=\"A Aldeias Hist\u00f3ricas de Portugal &#8211; Associa\u00e7\u00e3o de Desenvolvimento Tur\u00edstico (AHP &#8211; ADT) acaba de fechar uma nova parceria, com...\" \/>\n<meta property=\"og:url\" content=\"https:\/\/www.atelierdocaractere.pt\/brevemente\/aldeias-historicas-de-portugal-e-airbnb-estabelecem-acordo-para-promover-o-turismo-sustentavel-no-interior-de-portugal\/\" \/>\n<meta property=\"og:site_name\" content=\"Atelier do Caractere\" \/>\n<meta property=\"article:publisher\" content=\"https:\/\/www.facebook.com\/AtelierdoCaractere\" \/>\n<meta property=\"article:published_time\" content=\"2023-07-28T18:40:13+00:00\" \/>\n<meta property=\"article:modified_time\" content=\"2023-07-28T18:40:16+00:00\" \/>\n<meta property=\"og:image\" content=\"https:\/\/www.atelierdocaractere.pt\/wp-content\/uploads\/2023\/07\/88b559a4-bf47-3cb2-2792-a2df7e6d1579.jpg\" \/>\n\t<meta property=\"og:image:width\" content=\"1200\" \/>\n\t<meta property=\"og:image:height\" content=\"796\" \/>\n\t<meta property=\"og:image:type\" content=\"image\/jpeg\" \/>\n<meta name=\"author\" content=\"Joana Barbosa\" \/>\n<meta name=\"twitter:card\" content=\"summary_large_image\" \/>\n<meta name=\"twitter:label1\" content=\"Escrito por\" \/>\n\t<meta name=\"twitter:data1\" content=\"Joana Barbosa\" \/>\n\t<meta name=\"twitter:label2\" content=\"Tempo estimado de leitura\" \/>\n\t<meta name=\"twitter:data2\" content=\"7 minutos\" \/>\n<script type=\"application\/ld+json\" class=\"yoast-schema-graph\">{\"@context\":\"https:\/\/schema.org\",\"@graph\":[{\"@type\":\"WebPage\",\"@id\":\"https:\/\/www.atelierdocaractere.pt\/brevemente\/aldeias-historicas-de-portugal-e-airbnb-estabelecem-acordo-para-promover-o-turismo-sustentavel-no-interior-de-portugal\/\",\"url\":\"https:\/\/www.atelierdocaractere.pt\/brevemente\/aldeias-historicas-de-portugal-e-airbnb-estabelecem-acordo-para-promover-o-turismo-sustentavel-no-interior-de-portugal\/\",\"name\":\"Aldeias Hist\u00f3ricas de Portugal e Airbnb estabelecem acordo para promover o turismo sustent\u00e1vel no interior de Portugal - Atelier do Caractere\",\"isPartOf\":{\"@id\":\"https:\/\/www.atelierdocaractere.pt\/brevemente\/#website\"},\"datePublished\":\"2023-07-28T18:40:13+00:00\",\"dateModified\":\"2023-07-28T18:40:16+00:00\",\"author\":{\"@id\":\"https:\/\/www.atelierdocaractere.pt\/brevemente\/#\/schema\/person\/f2f096eb0f27d9894725af22cb97c0db\"},\"breadcrumb\":{\"@id\":\"https:\/\/www.atelierdocaractere.pt\/brevemente\/aldeias-historicas-de-portugal-e-airbnb-estabelecem-acordo-para-promover-o-turismo-sustentavel-no-interior-de-portugal\/#breadcrumb\"},\"inLanguage\":\"pt-PT\",\"potentialAction\":[{\"@type\":\"ReadAction\",\"target\":[\"https:\/\/www.atelierdocaractere.pt\/brevemente\/aldeias-historicas-de-portugal-e-airbnb-estabelecem-acordo-para-promover-o-turismo-sustentavel-no-interior-de-portugal\/\"]}]},{\"@type\":\"BreadcrumbList\",\"@id\":\"https:\/\/www.atelierdocaractere.pt\/brevemente\/aldeias-historicas-de-portugal-e-airbnb-estabelecem-acordo-para-promover-o-turismo-sustentavel-no-interior-de-portugal\/#breadcrumb\",\"itemListElement\":[{\"@type\":\"ListItem\",\"position\":1,\"name\":\"In\u00edcio\",\"item\":\"https:\/\/www.atelierdocaractere.pt\/brevemente\/\"},{\"@type\":\"ListItem\",\"position\":2,\"name\":\"Aldeias Hist\u00f3ricas de Portugal e Airbnb estabelecem acordo para promover o turismo sustent\u00e1vel no interior de Portugal\"}]},{\"@type\":\"WebSite\",\"@id\":\"https:\/\/www.atelierdocaractere.pt\/brevemente\/#website\",\"url\":\"https:\/\/www.atelierdocaractere.pt\/brevemente\/\",\"name\":\"Atelier do Caractere\",\"description\":\"\",\"potentialAction\":[{\"@type\":\"SearchAction\",\"target\":{\"@type\":\"EntryPoint\",\"urlTemplate\":\"https:\/\/www.atelierdocaractere.pt\/brevemente\/?s={search_term_string}\"},\"query-input\":\"required name=search_term_string\"}],\"inLanguage\":\"pt-PT\"},{\"@type\":\"Person\",\"@id\":\"https:\/\/www.atelierdocaractere.pt\/brevemente\/#\/schema\/person\/f2f096eb0f27d9894725af22cb97c0db\",\"name\":\"Joana Barbosa\",\"image\":{\"@type\":\"ImageObject\",\"inLanguage\":\"pt-PT\",\"@id\":\"https:\/\/www.atelierdocaractere.pt\/brevemente\/#\/schema\/person\/image\/\",\"url\":\"https:\/\/secure.gravatar.com\/avatar\/33e8214b45e9d68a3a83008731075979?s=96&d=mm&r=g\",\"contentUrl\":\"https:\/\/secure.gravatar.com\/avatar\/33e8214b45e9d68a3a83008731075979?s=96&d=mm&r=g\",\"caption\":\"Joana Barbosa\"},\"url\":\"https:\/\/www.atelierdocaractere.pt\/brevemente\/author\/joanabarbosa\/\"}]}<\/script>\n<!-- \/ Yoast SEO plugin. -->","yoast_head_json":{"title":"Aldeias Hist\u00f3ricas de Portugal e Airbnb estabelecem acordo para promover o turismo sustent\u00e1vel no interior de Portugal - Atelier do Caractere","robots":{"index":"index","follow":"follow","max-snippet":"max-snippet:-1","max-image-preview":"max-image-preview:large","max-video-preview":"max-video-preview:-1"},"canonical":"https:\/\/www.atelierdocaractere.pt\/brevemente\/aldeias-historicas-de-portugal-e-airbnb-estabelecem-acordo-para-promover-o-turismo-sustentavel-no-interior-de-portugal\/","og_locale":"pt_PT","og_type":"article","og_title":"Aldeias Hist\u00f3ricas de Portugal e Airbnb estabelecem acordo para promover o turismo sustent\u00e1vel no interior de Portugal - Atelier do Caractere","og_description":"A Aldeias Hist\u00f3ricas de Portugal &#8211; Associa\u00e7\u00e3o de Desenvolvimento Tur\u00edstico (AHP &#8211; ADT) acaba de fechar uma nova parceria, com...","og_url":"https:\/\/www.atelierdocaractere.pt\/brevemente\/aldeias-historicas-de-portugal-e-airbnb-estabelecem-acordo-para-promover-o-turismo-sustentavel-no-interior-de-portugal\/","og_site_name":"Atelier do Caractere","article_publisher":"https:\/\/www.facebook.com\/AtelierdoCaractere","article_published_time":"2023-07-28T18:40:13+00:00","article_modified_time":"2023-07-28T18:40:16+00:00","og_image":[{"width":1200,"height":796,"url":"https:\/\/www.atelierdocaractere.pt\/wp-content\/uploads\/2023\/07\/88b559a4-bf47-3cb2-2792-a2df7e6d1579.jpg","type":"image\/jpeg"}],"author":"Joana Barbosa","twitter_card":"summary_large_image","twitter_misc":{"Escrito por":"Joana Barbosa","Tempo estimado de leitura":"7 minutos"},"schema":{"@context":"https:\/\/schema.org","@graph":[{"@type":"WebPage","@id":"https:\/\/www.atelierdocaractere.pt\/brevemente\/aldeias-historicas-de-portugal-e-airbnb-estabelecem-acordo-para-promover-o-turismo-sustentavel-no-interior-de-portugal\/","url":"https:\/\/www.atelierdocaractere.pt\/brevemente\/aldeias-historicas-de-portugal-e-airbnb-estabelecem-acordo-para-promover-o-turismo-sustentavel-no-interior-de-portugal\/","name":"Aldeias Hist\u00f3ricas de Portugal e Airbnb estabelecem acordo para promover o turismo sustent\u00e1vel no interior de Portugal - Atelier do Caractere","isPartOf":{"@id":"https:\/\/www.atelierdocaractere.pt\/brevemente\/#website"},"datePublished":"2023-07-28T18:40:13+00:00","dateModified":"2023-07-28T18:40:16+00:00","author":{"@id":"https:\/\/www.atelierdocaractere.pt\/brevemente\/#\/schema\/person\/f2f096eb0f27d9894725af22cb97c0db"},"breadcrumb":{"@id":"https:\/\/www.atelierdocaractere.pt\/brevemente\/aldeias-historicas-de-portugal-e-airbnb-estabelecem-acordo-para-promover-o-turismo-sustentavel-no-interior-de-portugal\/#breadcrumb"},"inLanguage":"pt-PT","potentialAction":[{"@type":"ReadAction","target":["https:\/\/www.atelierdocaractere.pt\/brevemente\/aldeias-historicas-de-portugal-e-airbnb-estabelecem-acordo-para-promover-o-turismo-sustentavel-no-interior-de-portugal\/"]}]},{"@type":"BreadcrumbList","@id":"https:\/\/www.atelierdocaractere.pt\/brevemente\/aldeias-historicas-de-portugal-e-airbnb-estabelecem-acordo-para-promover-o-turismo-sustentavel-no-interior-de-portugal\/#breadcrumb","itemListElement":[{"@type":"ListItem","position":1,"name":"In\u00edcio","item":"https:\/\/www.atelierdocaractere.pt\/brevemente\/"},{"@type":"ListItem","position":2,"name":"Aldeias Hist\u00f3ricas de Portugal e Airbnb estabelecem acordo para promover o turismo sustent\u00e1vel no interior de Portugal"}]},{"@type":"WebSite","@id":"https:\/\/www.atelierdocaractere.pt\/brevemente\/#website","url":"https:\/\/www.atelierdocaractere.pt\/brevemente\/","name":"Atelier do Caractere","description":"","potentialAction":[{"@type":"SearchAction","target":{"@type":"EntryPoint","urlTemplate":"https:\/\/www.atelierdocaractere.pt\/brevemente\/?s={search_term_string}"},"query-input":"required name=search_term_string"}],"inLanguage":"pt-PT"},{"@type":"Person","@id":"https:\/\/www.atelierdocaractere.pt\/brevemente\/#\/schema\/person\/f2f096eb0f27d9894725af22cb97c0db","name":"Joana Barbosa","image":{"@type":"ImageObject","inLanguage":"pt-PT","@id":"https:\/\/www.atelierdocaractere.pt\/brevemente\/#\/schema\/person\/image\/","url":"https:\/\/secure.gravatar.com\/avatar\/33e8214b45e9d68a3a83008731075979?s=96&d=mm&r=g","contentUrl":"https:\/\/secure.gravatar.com\/avatar\/33e8214b45e9d68a3a83008731075979?s=96&d=mm&r=g","caption":"Joana Barbosa"},"url":"https:\/\/www.atelierdocaractere.pt\/brevemente\/author\/joanabarbosa\/"}]}},"_links":{"self":[{"href":"https:\/\/www.atelierdocaractere.pt\/brevemente\/wp-json\/wp\/v2\/posts\/11741"}],"collection":[{"href":"https:\/\/www.atelierdocaractere.pt\/brevemente\/wp-json\/wp\/v2\/posts"}],"about":[{"href":"https:\/\/www.atelierdocaractere.pt\/brevemente\/wp-json\/wp\/v2\/types\/post"}],"author":[{"embeddable":true,"href":"https:\/\/www.atelierdocaractere.pt\/brevemente\/wp-json\/wp\/v2\/users\/7"}],"replies":[{"embeddable":true,"href":"https:\/\/www.atelierdocaractere.pt\/brevemente\/wp-json\/wp\/v2\/comments?post=11741"}],"version-history":[{"count":1,"href":"https:\/\/www.atelierdocaractere.pt\/brevemente\/wp-json\/wp\/v2\/posts\/11741\/revisions"}],"predecessor-version":[{"id":11747,"href":"https:\/\/www.atelierdocaractere.pt\/brevemente\/wp-json\/wp\/v2\/posts\/11741\/revisions\/11747"}],"wp:featuredmedia":[{"embeddable":true,"href":"https:\/\/www.atelierdocaractere.pt\/brevemente\/wp-json\/wp\/v2\/media\/11746"}],"wp:attachment":[{"href":"https:\/\/www.atelierdocaractere.pt\/brevemente\/wp-json\/wp\/v2\/media?parent=11741"}],"wp:term":[{"taxonomy":"category","embeddable":true,"href":"https:\/\/www.atelierdocaractere.pt\/brevemente\/wp-json\/wp\/v2\/categories?post=11741"},{"taxonomy":"post_tag","embeddable":true,"href":"https:\/\/www.atelierdocaractere.pt\/brevemente\/wp-json\/wp\/v2\/tags?post=11741"}],"curies":[{"name":"wp","href":"https:\/\/api.w.org\/{rel}","templated":true}]}}