{"id":11753,"date":"2023-08-07T19:44:17","date_gmt":"2023-08-07T19:44:17","guid":{"rendered":"https:\/\/www.atelierdocaractere.pt\/brevemente\/?p=11753"},"modified":"2023-08-07T19:44:21","modified_gmt":"2023-08-07T19:44:21","slug":"aldeias-historicas-de-portugal-distinguidas-como-exemplo-de-boas-praticas-pela-organizacao-mundial-do-turismo","status":"publish","type":"post","link":"https:\/\/www.atelierdocaractere.pt\/brevemente\/aldeias-historicas-de-portugal-distinguidas-como-exemplo-de-boas-praticas-pela-organizacao-mundial-do-turismo\/","title":{"rendered":"Aldeias Hist\u00f3ricas de Portugal distinguidas como exemplo de boas pr\u00e1ticas pela Organiza\u00e7\u00e3o Mundial do Turismo"},"content":{"rendered":"\n<p><strong>As Aldeias Hist\u00f3ricas de Portugal s\u00e3o um dos seis destinos do planeta reconhecidos pela Organiza\u00e7\u00e3o Mundial do Turismo como uma inspira\u00e7\u00e3o e um exemplo de boas pr\u00e1ticas no sector. Um novo reconhecimento por parte da institui\u00e7\u00e3o, depois de, em 2021, ter premiado a Aldeia Hist\u00f3rica de Castelo Rodrigo como uma das \u201cMelhores Aldeias Tur\u00edsticas\u201d, e em 2022, ter atribu\u00eddo o mesmo pr\u00e9mio \u00e0 Aldeia Hist\u00f3rica de Castelo Novo.<\/strong><\/p>\n\n\n<div class=\"wp-block-image\">\n<figure class=\"aligncenter size-large\"><img decoding=\"async\" width=\"683\" height=\"1024\" src=\"https:\/\/www.atelierdocaractere.pt\/wp-content\/uploads\/2023\/08\/aldeiashistoricasdeportugal2-683x1024.jpg\" alt=\"\" class=\"wp-image-11756\" srcset=\"https:\/\/www.atelierdocaractere.pt\/wp-content\/uploads\/2023\/08\/aldeiashistoricasdeportugal2-683x1024.jpg 683w, https:\/\/www.atelierdocaractere.pt\/wp-content\/uploads\/2023\/08\/aldeiashistoricasdeportugal2-200x300.jpg 200w, https:\/\/www.atelierdocaractere.pt\/wp-content\/uploads\/2023\/08\/aldeiashistoricasdeportugal2-768x1152.jpg 768w, https:\/\/www.atelierdocaractere.pt\/wp-content\/uploads\/2023\/08\/aldeiashistoricasdeportugal2-1024x1536.jpg 1024w, https:\/\/www.atelierdocaractere.pt\/wp-content\/uploads\/2023\/08\/aldeiashistoricasdeportugal2.jpg 1280w\" sizes=\"(max-width: 683px) 100vw, 683px\" \/><\/figure><\/div>\n\n\n<p>A Organiza\u00e7\u00e3o Mundial do Turismo acaba de lan\u00e7ar o documento \u201cTurismo e Desenvolvimento Rural: Uma Perspectiva Pol\u00edtica\u201d: este \u00e9 o mais recente estudo da institui\u00e7\u00e3o sobre o turismo em \u00e1reas rurais, onde s\u00e3o feitas v\u00e1rias considera\u00e7\u00f5es sobre o panorama atual e os passos a seguir. \u00c9 neste contexto que a Aldeias Hist\u00f3ricas de Portugal &#8211; Associa\u00e7\u00e3o de Desenvolvimento Tur\u00edstico (AHP &#8211; ADT) surge como exemplo de boas pr\u00e1ticas.<\/p>\n\n\n<div class=\"wp-block-image\">\n<figure class=\"aligncenter size-large\"><img decoding=\"async\" width=\"683\" height=\"1024\" src=\"https:\/\/www.atelierdocaractere.pt\/wp-content\/uploads\/2023\/08\/aldeiashistoricasdeportugal26-683x1024.jpg\" alt=\"\" class=\"wp-image-11755\" srcset=\"https:\/\/www.atelierdocaractere.pt\/wp-content\/uploads\/2023\/08\/aldeiashistoricasdeportugal26-683x1024.jpg 683w, https:\/\/www.atelierdocaractere.pt\/wp-content\/uploads\/2023\/08\/aldeiashistoricasdeportugal26-200x300.jpg 200w, https:\/\/www.atelierdocaractere.pt\/wp-content\/uploads\/2023\/08\/aldeiashistoricasdeportugal26-768x1152.jpg 768w, https:\/\/www.atelierdocaractere.pt\/wp-content\/uploads\/2023\/08\/aldeiashistoricasdeportugal26-1024x1536.jpg 1024w, https:\/\/www.atelierdocaractere.pt\/wp-content\/uploads\/2023\/08\/aldeiashistoricasdeportugal26.jpg 1280w\" sizes=\"(max-width: 683px) 100vw, 683px\" \/><\/figure><\/div>\n\n\n<p>Num cap\u00edtulo sobre o tema \u201cComo \u00e9 que os pa\u00edses est\u00e3o a tomar partido das oportunidades econ\u00f3micas, sociais, culturais e ambientais trazidas pelo turismo?\u201d, as Aldeias Hist\u00f3ricas de Portugal figuram ao lado de mais seis exemplos que a institui\u00e7\u00e3o escolheu, entre o panorama mundial, e \u00e9 o \u00fanico projeto mencionado do nosso pa\u00eds. O trabalho das Aldeias Hist\u00f3ricas de Portugal \u00e9 apresentado pela Organiza\u00e7\u00e3o Mundial do Turismo ao lado de iniciativas da \u00c1ustria, Vietname, Ge\u00f3rgia, L\u00edbano, Andorra e Mal\u00e1sia.&nbsp;<\/p>\n\n\n<div class=\"wp-block-image\">\n<figure class=\"aligncenter size-large\"><img decoding=\"async\" width=\"683\" height=\"1024\" src=\"https:\/\/www.atelierdocaractere.pt\/wp-content\/uploads\/2023\/08\/aldeiashistoricasdeportugal21-683x1024.jpg\" alt=\"\" class=\"wp-image-11754\" srcset=\"https:\/\/www.atelierdocaractere.pt\/wp-content\/uploads\/2023\/08\/aldeiashistoricasdeportugal21-683x1024.jpg 683w, https:\/\/www.atelierdocaractere.pt\/wp-content\/uploads\/2023\/08\/aldeiashistoricasdeportugal21-200x300.jpg 200w, https:\/\/www.atelierdocaractere.pt\/wp-content\/uploads\/2023\/08\/aldeiashistoricasdeportugal21-768x1152.jpg 768w, https:\/\/www.atelierdocaractere.pt\/wp-content\/uploads\/2023\/08\/aldeiashistoricasdeportugal21-1024x1536.jpg 1024w, https:\/\/www.atelierdocaractere.pt\/wp-content\/uploads\/2023\/08\/aldeiashistoricasdeportugal21.jpg 1280w\" sizes=\"(max-width: 683px) 100vw, 683px\" \/><\/figure><\/div>\n\n\n<p>No documento, a institui\u00e7\u00e3o descreve o percurso da AHP &#8211; ADT, lembrando que, \u201cna fase inicial, a iniciativa focou-se nas infraestruturas, na reabilita\u00e7\u00e3o das Aldeias Hist\u00f3ricas e no desenvolvimento das atividades econ\u00f3micas ligadas ao turismo. Agora, as Aldeias Hist\u00f3ricas de Portugal t\u00eam feito um esfor\u00e7o para refor\u00e7ar \u00e1reas como a comunica\u00e7\u00e3o, a anima\u00e7\u00e3o tur\u00edstica e as rela\u00e7\u00f5es com os agentes p\u00fablicos e privados e as comunidades locais. As iniciativas \u00abCiclo 12 em Rede\u00bb e as \u00abReceitas que Contam Hist\u00f3rias &#8211; Gastronomia e Vinhos das Aldeias Hist\u00f3ricas de Portugal\u00bb s\u00e3o alguns dos projetos desenvolvidos pela associa\u00e7\u00e3o, de modo a promover a gastronomia e a cultura local\u201d.<\/p>\n\n\n\n<p>Este \u00e9 um reconhecimento que demonstra mais uma vez o compromisso da AHP \u2013 ADT com a sustentabilidade, em linha com a Agenda 2030 das Na\u00e7\u00f5es Unidas e os 17 Objetivos do Desenvolvimento Sustent\u00e1vel. Uma miss\u00e3o que tem como objetivo conseguir que as Aldeias Hist\u00f3ricas de Portugal alcancem a neutralidade carb\u00f3nica.&nbsp;<\/p>\n\n\n\n<figure class=\"wp-block-image size-large\"><img decoding=\"async\" width=\"1024\" height=\"684\" src=\"https:\/\/www.atelierdocaractere.pt\/wp-content\/uploads\/2023\/08\/aldeiashistoricasdeportugal23-1024x684.jpg\" alt=\"\" class=\"wp-image-11758\" srcset=\"https:\/\/www.atelierdocaractere.pt\/wp-content\/uploads\/2023\/08\/aldeiashistoricasdeportugal23-1024x684.jpg 1024w, https:\/\/www.atelierdocaractere.pt\/wp-content\/uploads\/2023\/08\/aldeiashistoricasdeportugal23-300x200.jpg 300w, https:\/\/www.atelierdocaractere.pt\/wp-content\/uploads\/2023\/08\/aldeiashistoricasdeportugal23-768x513.jpg 768w, https:\/\/www.atelierdocaractere.pt\/wp-content\/uploads\/2023\/08\/aldeiashistoricasdeportugal23-1536x1026.jpg 1536w, https:\/\/www.atelierdocaractere.pt\/wp-content\/uploads\/2023\/08\/aldeiashistoricasdeportugal23-900x600.jpg 900w, https:\/\/www.atelierdocaractere.pt\/wp-content\/uploads\/2023\/08\/aldeiashistoricasdeportugal23-675x450.jpg 675w, https:\/\/www.atelierdocaractere.pt\/wp-content\/uploads\/2023\/08\/aldeiashistoricasdeportugal23.jpg 1920w\" sizes=\"(max-width: 1024px) 100vw, 1024px\" \/><\/figure>\n\n\n\n<p><strong>Sobre as Aldeias Hist\u00f3ricas de Portugal&nbsp;<\/strong><\/p>\n\n\n\n<p>Entre montes e vales da verdejante paisagem do interior de Portugal, repletas de lendas e castelos, sabores e tradi\u00e7\u00f5es, encontram-se 12 singelas aldeias onde apetece perdermo-nos. Almeida, Belmonte, Castelo Mendo, Castelo Novo, Castelo Rodrigo, Idanha-a-Velha, Linhares da Beira, Marialva, Monsanto, Pi\u00f3d\u00e3o, Sortelha e Trancoso: as Aldeias Hist\u00f3ricas de Portugal, um destino que s\u00e3o 12, surgem como para\u00edsos escondidos que nos levam numa viagem ao tempo de reis e rainhas, de \u00e9picas e infinitas batalhas que escreveram a Hist\u00f3ria como a conhecemos hoje. S\u00e3o, ainda, a garantia de momentos inesquec\u00edveis de lazer, aventura e descoberta, temperados com os inigual\u00e1veis aromas e sabores da regi\u00e3o, que comp\u00f5em a sua t\u00edpica gastronomia.&nbsp;<\/p>\n\n\n\n<p>No territ\u00f3rio das Aldeias Hist\u00f3ricas de Portugal h\u00e1 um sem fim de trilhos para caminhadas e percursos de bicicleta e BTT \u2013 como a Grande Rota 22, a maior rota de Walking &amp; Cycling na Europa e em Portugal, com cerca de 600 km. A Grande Rota 22 tem o selo Leading Quality Trails \u2013 Best of Europe, entregue pela European Ramblers Association (Associa\u00e7\u00e3o Europeia de Caminhada).<\/p>\n\n\n\n<p>As Aldeias Hist\u00f3ricas de Portugal s\u00e3o o primeiro destino em rede \u2013 \u00e0 escala mundial \u2013 e o primeiro destino nacional a receber a certifica\u00e7\u00e3o BIOSPHERE DESTINATION. E, em 2020, foram o primeiro destino a n\u00edvel nacional a criar o \u201cManifesto do Turista Respons\u00e1vel\u201d, lembrando aos seus visitantes a import\u00e2ncia do respeito pela natureza.<\/p>\n","protected":false},"excerpt":{"rendered":"<p>As Aldeias Hist\u00f3ricas de Portugal s\u00e3o um dos seis destinos do planeta reconhecidos pela Organiza\u00e7\u00e3o Mundial do Turismo como uma&#8230;<\/p>\n","protected":false},"author":7,"featured_media":11757,"comment_status":"closed","ping_status":"open","sticky":false,"template":"","format":"standard","meta":[],"categories":[39],"tags":[371,464,349],"yoast_head":"<!-- This site is optimized with the Yoast SEO plugin v20.12 - https:\/\/yoast.com\/wordpress\/plugins\/seo\/ -->\n<title>Aldeias Hist\u00f3ricas de Portugal distinguidas como exemplo de boas pr\u00e1ticas pela Organiza\u00e7\u00e3o Mundial do Turismo - Atelier do Caractere<\/title>\n<meta name=\"robots\" content=\"index, follow, max-snippet:-1, max-image-preview:large, max-video-preview:-1\" \/>\n<link rel=\"canonical\" href=\"https:\/\/www.atelierdocaractere.pt\/brevemente\/aldeias-historicas-de-portugal-distinguidas-como-exemplo-de-boas-praticas-pela-organizacao-mundial-do-turismo\/\" \/>\n<meta property=\"og:locale\" content=\"pt_PT\" \/>\n<meta property=\"og:type\" content=\"article\" \/>\n<meta property=\"og:title\" content=\"Aldeias Hist\u00f3ricas de Portugal distinguidas como exemplo de boas pr\u00e1ticas pela Organiza\u00e7\u00e3o Mundial do Turismo - Atelier do Caractere\" \/>\n<meta property=\"og:description\" content=\"As Aldeias Hist\u00f3ricas de Portugal s\u00e3o um dos seis destinos do planeta reconhecidos pela Organiza\u00e7\u00e3o Mundial do Turismo como uma...\" \/>\n<meta property=\"og:url\" content=\"https:\/\/www.atelierdocaractere.pt\/brevemente\/aldeias-historicas-de-portugal-distinguidas-como-exemplo-de-boas-praticas-pela-organizacao-mundial-do-turismo\/\" \/>\n<meta property=\"og:site_name\" content=\"Atelier do Caractere\" \/>\n<meta property=\"article:publisher\" content=\"https:\/\/www.facebook.com\/AtelierdoCaractere\" \/>\n<meta property=\"article:published_time\" content=\"2023-08-07T19:44:17+00:00\" \/>\n<meta property=\"article:modified_time\" content=\"2023-08-07T19:44:21+00:00\" \/>\n<meta property=\"og:image\" content=\"https:\/\/www.atelierdocaractere.pt\/wp-content\/uploads\/2023\/08\/aldeiashistoricasdeportugal8.jpg\" \/>\n\t<meta property=\"og:image:width\" content=\"1920\" \/>\n\t<meta property=\"og:image:height\" content=\"1281\" \/>\n\t<meta property=\"og:image:type\" content=\"image\/jpeg\" \/>\n<meta name=\"author\" content=\"Joana Barbosa\" \/>\n<meta name=\"twitter:card\" content=\"summary_large_image\" \/>\n<meta name=\"twitter:label1\" content=\"Escrito por\" \/>\n\t<meta name=\"twitter:data1\" content=\"Joana Barbosa\" \/>\n\t<meta name=\"twitter:label2\" content=\"Tempo estimado de leitura\" \/>\n\t<meta name=\"twitter:data2\" content=\"5 minutos\" \/>\n<script type=\"application\/ld+json\" class=\"yoast-schema-graph\">{\"@context\":\"https:\/\/schema.org\",\"@graph\":[{\"@type\":\"WebPage\",\"@id\":\"https:\/\/www.atelierdocaractere.pt\/brevemente\/aldeias-historicas-de-portugal-distinguidas-como-exemplo-de-boas-praticas-pela-organizacao-mundial-do-turismo\/\",\"url\":\"https:\/\/www.atelierdocaractere.pt\/brevemente\/aldeias-historicas-de-portugal-distinguidas-como-exemplo-de-boas-praticas-pela-organizacao-mundial-do-turismo\/\",\"name\":\"Aldeias Hist\u00f3ricas de Portugal distinguidas como exemplo de boas pr\u00e1ticas pela Organiza\u00e7\u00e3o Mundial do Turismo - Atelier do Caractere\",\"isPartOf\":{\"@id\":\"https:\/\/www.atelierdocaractere.pt\/brevemente\/#website\"},\"datePublished\":\"2023-08-07T19:44:17+00:00\",\"dateModified\":\"2023-08-07T19:44:21+00:00\",\"author\":{\"@id\":\"https:\/\/www.atelierdocaractere.pt\/brevemente\/#\/schema\/person\/f2f096eb0f27d9894725af22cb97c0db\"},\"breadcrumb\":{\"@id\":\"https:\/\/www.atelierdocaractere.pt\/brevemente\/aldeias-historicas-de-portugal-distinguidas-como-exemplo-de-boas-praticas-pela-organizacao-mundial-do-turismo\/#breadcrumb\"},\"inLanguage\":\"pt-PT\",\"potentialAction\":[{\"@type\":\"ReadAction\",\"target\":[\"https:\/\/www.atelierdocaractere.pt\/brevemente\/aldeias-historicas-de-portugal-distinguidas-como-exemplo-de-boas-praticas-pela-organizacao-mundial-do-turismo\/\"]}]},{\"@type\":\"BreadcrumbList\",\"@id\":\"https:\/\/www.atelierdocaractere.pt\/brevemente\/aldeias-historicas-de-portugal-distinguidas-como-exemplo-de-boas-praticas-pela-organizacao-mundial-do-turismo\/#breadcrumb\",\"itemListElement\":[{\"@type\":\"ListItem\",\"position\":1,\"name\":\"In\u00edcio\",\"item\":\"https:\/\/www.atelierdocaractere.pt\/brevemente\/\"},{\"@type\":\"ListItem\",\"position\":2,\"name\":\"Aldeias Hist\u00f3ricas de Portugal distinguidas como exemplo de boas pr\u00e1ticas pela Organiza\u00e7\u00e3o Mundial do Turismo\"}]},{\"@type\":\"WebSite\",\"@id\":\"https:\/\/www.atelierdocaractere.pt\/brevemente\/#website\",\"url\":\"https:\/\/www.atelierdocaractere.pt\/brevemente\/\",\"name\":\"Atelier do Caractere\",\"description\":\"\",\"potentialAction\":[{\"@type\":\"SearchAction\",\"target\":{\"@type\":\"EntryPoint\",\"urlTemplate\":\"https:\/\/www.atelierdocaractere.pt\/brevemente\/?s={search_term_string}\"},\"query-input\":\"required name=search_term_string\"}],\"inLanguage\":\"pt-PT\"},{\"@type\":\"Person\",\"@id\":\"https:\/\/www.atelierdocaractere.pt\/brevemente\/#\/schema\/person\/f2f096eb0f27d9894725af22cb97c0db\",\"name\":\"Joana Barbosa\",\"image\":{\"@type\":\"ImageObject\",\"inLanguage\":\"pt-PT\",\"@id\":\"https:\/\/www.atelierdocaractere.pt\/brevemente\/#\/schema\/person\/image\/\",\"url\":\"https:\/\/secure.gravatar.com\/avatar\/33e8214b45e9d68a3a83008731075979?s=96&d=mm&r=g\",\"contentUrl\":\"https:\/\/secure.gravatar.com\/avatar\/33e8214b45e9d68a3a83008731075979?s=96&d=mm&r=g\",\"caption\":\"Joana Barbosa\"},\"url\":\"https:\/\/www.atelierdocaractere.pt\/brevemente\/author\/joanabarbosa\/\"}]}<\/script>\n<!-- \/ Yoast SEO plugin. -->","yoast_head_json":{"title":"Aldeias Hist\u00f3ricas de Portugal distinguidas como exemplo de boas pr\u00e1ticas pela Organiza\u00e7\u00e3o Mundial do Turismo - Atelier do Caractere","robots":{"index":"index","follow":"follow","max-snippet":"max-snippet:-1","max-image-preview":"max-image-preview:large","max-video-preview":"max-video-preview:-1"},"canonical":"https:\/\/www.atelierdocaractere.pt\/brevemente\/aldeias-historicas-de-portugal-distinguidas-como-exemplo-de-boas-praticas-pela-organizacao-mundial-do-turismo\/","og_locale":"pt_PT","og_type":"article","og_title":"Aldeias Hist\u00f3ricas de Portugal distinguidas como exemplo de boas pr\u00e1ticas pela Organiza\u00e7\u00e3o Mundial do Turismo - Atelier do Caractere","og_description":"As Aldeias Hist\u00f3ricas de Portugal s\u00e3o um dos seis destinos do planeta reconhecidos pela Organiza\u00e7\u00e3o Mundial do Turismo como uma...","og_url":"https:\/\/www.atelierdocaractere.pt\/brevemente\/aldeias-historicas-de-portugal-distinguidas-como-exemplo-de-boas-praticas-pela-organizacao-mundial-do-turismo\/","og_site_name":"Atelier do Caractere","article_publisher":"https:\/\/www.facebook.com\/AtelierdoCaractere","article_published_time":"2023-08-07T19:44:17+00:00","article_modified_time":"2023-08-07T19:44:21+00:00","og_image":[{"width":1920,"height":1281,"url":"https:\/\/www.atelierdocaractere.pt\/wp-content\/uploads\/2023\/08\/aldeiashistoricasdeportugal8.jpg","type":"image\/jpeg"}],"author":"Joana Barbosa","twitter_card":"summary_large_image","twitter_misc":{"Escrito por":"Joana Barbosa","Tempo estimado de leitura":"5 minutos"},"schema":{"@context":"https:\/\/schema.org","@graph":[{"@type":"WebPage","@id":"https:\/\/www.atelierdocaractere.pt\/brevemente\/aldeias-historicas-de-portugal-distinguidas-como-exemplo-de-boas-praticas-pela-organizacao-mundial-do-turismo\/","url":"https:\/\/www.atelierdocaractere.pt\/brevemente\/aldeias-historicas-de-portugal-distinguidas-como-exemplo-de-boas-praticas-pela-organizacao-mundial-do-turismo\/","name":"Aldeias Hist\u00f3ricas de Portugal distinguidas como exemplo de boas pr\u00e1ticas pela Organiza\u00e7\u00e3o Mundial do Turismo - Atelier do Caractere","isPartOf":{"@id":"https:\/\/www.atelierdocaractere.pt\/brevemente\/#website"},"datePublished":"2023-08-07T19:44:17+00:00","dateModified":"2023-08-07T19:44:21+00:00","author":{"@id":"https:\/\/www.atelierdocaractere.pt\/brevemente\/#\/schema\/person\/f2f096eb0f27d9894725af22cb97c0db"},"breadcrumb":{"@id":"https:\/\/www.atelierdocaractere.pt\/brevemente\/aldeias-historicas-de-portugal-distinguidas-como-exemplo-de-boas-praticas-pela-organizacao-mundial-do-turismo\/#breadcrumb"},"inLanguage":"pt-PT","potentialAction":[{"@type":"ReadAction","target":["https:\/\/www.atelierdocaractere.pt\/brevemente\/aldeias-historicas-de-portugal-distinguidas-como-exemplo-de-boas-praticas-pela-organizacao-mundial-do-turismo\/"]}]},{"@type":"BreadcrumbList","@id":"https:\/\/www.atelierdocaractere.pt\/brevemente\/aldeias-historicas-de-portugal-distinguidas-como-exemplo-de-boas-praticas-pela-organizacao-mundial-do-turismo\/#breadcrumb","itemListElement":[{"@type":"ListItem","position":1,"name":"In\u00edcio","item":"https:\/\/www.atelierdocaractere.pt\/brevemente\/"},{"@type":"ListItem","position":2,"name":"Aldeias Hist\u00f3ricas de Portugal distinguidas como exemplo de boas pr\u00e1ticas pela Organiza\u00e7\u00e3o Mundial do Turismo"}]},{"@type":"WebSite","@id":"https:\/\/www.atelierdocaractere.pt\/brevemente\/#website","url":"https:\/\/www.atelierdocaractere.pt\/brevemente\/","name":"Atelier do Caractere","description":"","potentialAction":[{"@type":"SearchAction","target":{"@type":"EntryPoint","urlTemplate":"https:\/\/www.atelierdocaractere.pt\/brevemente\/?s={search_term_string}"},"query-input":"required name=search_term_string"}],"inLanguage":"pt-PT"},{"@type":"Person","@id":"https:\/\/www.atelierdocaractere.pt\/brevemente\/#\/schema\/person\/f2f096eb0f27d9894725af22cb97c0db","name":"Joana Barbosa","image":{"@type":"ImageObject","inLanguage":"pt-PT","@id":"https:\/\/www.atelierdocaractere.pt\/brevemente\/#\/schema\/person\/image\/","url":"https:\/\/secure.gravatar.com\/avatar\/33e8214b45e9d68a3a83008731075979?s=96&d=mm&r=g","contentUrl":"https:\/\/secure.gravatar.com\/avatar\/33e8214b45e9d68a3a83008731075979?s=96&d=mm&r=g","caption":"Joana Barbosa"},"url":"https:\/\/www.atelierdocaractere.pt\/brevemente\/author\/joanabarbosa\/"}]}},"_links":{"self":[{"href":"https:\/\/www.atelierdocaractere.pt\/brevemente\/wp-json\/wp\/v2\/posts\/11753"}],"collection":[{"href":"https:\/\/www.atelierdocaractere.pt\/brevemente\/wp-json\/wp\/v2\/posts"}],"about":[{"href":"https:\/\/www.atelierdocaractere.pt\/brevemente\/wp-json\/wp\/v2\/types\/post"}],"author":[{"embeddable":true,"href":"https:\/\/www.atelierdocaractere.pt\/brevemente\/wp-json\/wp\/v2\/users\/7"}],"replies":[{"embeddable":true,"href":"https:\/\/www.atelierdocaractere.pt\/brevemente\/wp-json\/wp\/v2\/comments?post=11753"}],"version-history":[{"count":1,"href":"https:\/\/www.atelierdocaractere.pt\/brevemente\/wp-json\/wp\/v2\/posts\/11753\/revisions"}],"predecessor-version":[{"id":11759,"href":"https:\/\/www.atelierdocaractere.pt\/brevemente\/wp-json\/wp\/v2\/posts\/11753\/revisions\/11759"}],"wp:featuredmedia":[{"embeddable":true,"href":"https:\/\/www.atelierdocaractere.pt\/brevemente\/wp-json\/wp\/v2\/media\/11757"}],"wp:attachment":[{"href":"https:\/\/www.atelierdocaractere.pt\/brevemente\/wp-json\/wp\/v2\/media?parent=11753"}],"wp:term":[{"taxonomy":"category","embeddable":true,"href":"https:\/\/www.atelierdocaractere.pt\/brevemente\/wp-json\/wp\/v2\/categories?post=11753"},{"taxonomy":"post_tag","embeddable":true,"href":"https:\/\/www.atelierdocaractere.pt\/brevemente\/wp-json\/wp\/v2\/tags?post=11753"}],"curies":[{"name":"wp","href":"https:\/\/api.w.org\/{rel}","templated":true}]}}