{"id":11772,"date":"2023-09-07T17:11:00","date_gmt":"2023-09-07T17:11:00","guid":{"rendered":"https:\/\/www.atelierdocaractere.pt\/brevemente\/?p=11772"},"modified":"2023-09-15T17:47:35","modified_gmt":"2023-09-15T17:47:35","slug":"guilherme-oliveira-estreia-se-em-indianapolis-no-regresso-ao-imsa-sports-car-championship","status":"publish","type":"post","link":"https:\/\/www.atelierdocaractere.pt\/brevemente\/guilherme-oliveira-estreia-se-em-indianapolis-no-regresso-ao-imsa-sports-car-championship\/","title":{"rendered":"Guilherme Oliveira estreia-se em Indian\u00e1polis no regresso ao IMSA Sports Car Championship"},"content":{"rendered":"\n<p><strong>Depois de uma promissora estreia nas 24 Horas de Daytona, no in\u00edcio da \u00e9poca, Guilherme Oliveira foi convidado para regressar ao principal campeonato de Resist\u00eancia dos Estados Unidos, para disputar a prova na famosa pista de Indian\u00e1polis, de 15 a 17 de setembro. O jovem piloto portugu\u00eas, de apenas 18 anos, vai partilhar um Ligier da categoria LMP3 com o norte-americano Bijoy Garg, ao servi\u00e7o da equipa Jr III Racing.<\/strong><\/p>\n\n\n\n<p>Vice-campe\u00e3o europeu de Resist\u00eancia no ano passado, a \u00e9poca de 2023 de Guilherme Oliveira tem sido marcada por estreias importantes na carreira do jovem piloto de Vila Nova de Gaia. Ap\u00f3s j\u00e1 ter competido pela primeira vez nos Estados Unidos, nas Rolex 24 Horas de Daytona, e no Campeonato do Mundo FIA de Resist\u00eancia, o WEC, Guilherme Oliveira vai poder agora estrear-se noutro dos palcos mais importantes automobilismo mundial: a Indianapolis Motor Speedway. O convite surgiu da equipa Jr III (Junior-Three) Racing, que colocar\u00e1 Guilherme Oliveira e o jovem norte-americano Bijoy Garg ao volante de um dos dois Ligier da categoria LMP3 que inscreve na \u201cTireRack.com Battle on the Bricks\u201d, a pen\u00faltima prova do IMSA WeatherTech Sports Car Championship (15 a 17 de setembro).<\/p>\n\n\n<div class=\"wp-block-image\">\n<figure class=\"aligncenter size-large\"><img decoding=\"async\" width=\"1024\" height=\"1024\" src=\"https:\/\/www.atelierdocaractere.pt\/wp-content\/uploads\/2023\/09\/guilherme-oliveira-1024x1024.jpg\" alt=\"\" class=\"wp-image-11773\" srcset=\"https:\/\/www.atelierdocaractere.pt\/wp-content\/uploads\/2023\/09\/guilherme-oliveira-1024x1024.jpg 1024w, https:\/\/www.atelierdocaractere.pt\/wp-content\/uploads\/2023\/09\/guilherme-oliveira-300x300.jpg 300w, https:\/\/www.atelierdocaractere.pt\/wp-content\/uploads\/2023\/09\/guilherme-oliveira-150x150.jpg 150w, https:\/\/www.atelierdocaractere.pt\/wp-content\/uploads\/2023\/09\/guilherme-oliveira-768x768.jpg 768w, https:\/\/www.atelierdocaractere.pt\/wp-content\/uploads\/2023\/09\/guilherme-oliveira-1536x1536.jpg 1536w, https:\/\/www.atelierdocaractere.pt\/wp-content\/uploads\/2023\/09\/guilherme-oliveira-100x100.jpg 100w, https:\/\/www.atelierdocaractere.pt\/wp-content\/uploads\/2023\/09\/guilherme-oliveira-140x140.jpg 140w, https:\/\/www.atelierdocaractere.pt\/wp-content\/uploads\/2023\/09\/guilherme-oliveira-500x500.jpg 500w, https:\/\/www.atelierdocaractere.pt\/wp-content\/uploads\/2023\/09\/guilherme-oliveira-350x350.jpg 350w, https:\/\/www.atelierdocaractere.pt\/wp-content\/uploads\/2023\/09\/guilherme-oliveira-1000x1000.jpg 1000w, https:\/\/www.atelierdocaractere.pt\/wp-content\/uploads\/2023\/09\/guilherme-oliveira-800x800.jpg 800w, https:\/\/www.atelierdocaractere.pt\/wp-content\/uploads\/2023\/09\/guilherme-oliveira.jpg 1654w\" sizes=\"(max-width: 1024px) 100vw, 1024px\" \/><\/figure><\/div>\n\n\n<p><strong>\u201c\u00c9 uma oportunidade fant\u00e1stica de voltar aos Estados Unidos e ao IMSA, um campeonato extremamente competitivo e atrativo para um jovem piloto como eu\u201d<\/strong>, afirmou Guilherme Oliveira, que em janeiro liderou as 24 Horas de Daytona nos LMP3, at\u00e9 o seu companheiro de equipa ser obrigado a desistir, devido \u00e0 quebra do escape.&nbsp;<strong>\u201cAdorei toda a experi\u00eancia de Daytona e \u00e9 muito especial poder correr noutra \u2018catedral\u2019 como Indian\u00e1polis, \u00e9 mais um sonho tornado realidade. Tenho treinado no simulador para tentar conhecer o tra\u00e7ado o melhor poss\u00edvel, mas claro que as primeiras sess\u00f5es de treinos ser\u00e3o fundamentais. Pelo menos j\u00e1 conhe\u00e7o bem o carro e tamb\u00e9m sei que a Jr III Racing \u00e9 uma equipa competitiva. Em Daytona deu para ver que o Bijoy (Garg) \u00e9 r\u00e1pido, por isso acredito que vamos fazer uma boa dupla. O meu grande objetivo \u00e9 dar um bom resultado \u00e0 equipa e mostrar o meu valor neste campeonato\u201d<\/strong>, referiu o piloto portugu\u00eas, que volta a ser um dos mais jovens de todo o pelot\u00e3o do IMSA.<\/p>\n\n\n\n<p>Billy Glavin, o dono da Jr III Racing, mostrou-se&nbsp;<strong>\u201centusiasmado por ter o Guilherme na equipa para Indy. Ele correu contra o Garett (Grist, piloto do outro carro da equipa) na ELMS e provou que \u00e9 muito r\u00e1pido e competitivo num LMP3. O Guilherme e o Bijoy v\u00e3o fazer uma excelente dupla, at\u00e9 porque o Bijoy j\u00e1 correu em Indian\u00e1polis num monolugar. Vai ser uma grande experi\u00eancia para toda a equipa\u201d<\/strong>, apontou o respons\u00e1vel da forma\u00e7\u00e3o norte-americana.<\/p>\n\n\n\n<p>A qualifica\u00e7\u00e3o da prova de Indian\u00e1polis est\u00e1 marcada para&nbsp;s\u00e1bado, dia 16, \u00e0s 7h55 (hora de Portugal),&nbsp; &nbsp;enquanto a corrida, que ter\u00e1 a dura\u00e7\u00e3o de 2h40m, tem in\u00edcio \u00e0s 08h00 de domingo. Guilherme Oliveira estar\u00e1 ao volante do Ligier com o n\u00famero 29.<\/p>\n","protected":false},"excerpt":{"rendered":"<p>Depois de uma promissora estreia nas 24 Horas de Daytona, no in\u00edcio da \u00e9poca, Guilherme Oliveira foi convidado para regressar&#8230;<\/p>\n","protected":false},"author":7,"featured_media":11774,"comment_status":"closed","ping_status":"open","sticky":false,"template":"","format":"standard","meta":[],"categories":[24],"tags":[447,587,588],"yoast_head":"<!-- This site is optimized with the Yoast SEO plugin v20.12 - https:\/\/yoast.com\/wordpress\/plugins\/seo\/ -->\n<title>Guilherme Oliveira estreia-se em Indian\u00e1polis no regresso ao IMSA Sports Car Championship - Atelier do Caractere<\/title>\n<meta name=\"robots\" content=\"index, follow, max-snippet:-1, max-image-preview:large, max-video-preview:-1\" \/>\n<link rel=\"canonical\" href=\"https:\/\/www.atelierdocaractere.pt\/brevemente\/guilherme-oliveira-estreia-se-em-indianapolis-no-regresso-ao-imsa-sports-car-championship\/\" \/>\n<meta property=\"og:locale\" content=\"pt_PT\" \/>\n<meta property=\"og:type\" content=\"article\" \/>\n<meta property=\"og:title\" content=\"Guilherme Oliveira estreia-se em Indian\u00e1polis no regresso ao IMSA Sports Car Championship - Atelier do Caractere\" \/>\n<meta property=\"og:description\" content=\"Depois de uma promissora estreia nas 24 Horas de Daytona, no in\u00edcio da \u00e9poca, Guilherme Oliveira foi convidado para regressar...\" \/>\n<meta property=\"og:url\" content=\"https:\/\/www.atelierdocaractere.pt\/brevemente\/guilherme-oliveira-estreia-se-em-indianapolis-no-regresso-ao-imsa-sports-car-championship\/\" \/>\n<meta property=\"og:site_name\" content=\"Atelier do Caractere\" \/>\n<meta property=\"article:publisher\" content=\"https:\/\/www.facebook.com\/AtelierdoCaractere\" \/>\n<meta property=\"article:published_time\" content=\"2023-09-07T17:11:00+00:00\" \/>\n<meta property=\"article:modified_time\" content=\"2023-09-15T17:47:35+00:00\" \/>\n<meta property=\"og:image\" content=\"https:\/\/www.atelierdocaractere.pt\/wp-content\/uploads\/2023\/09\/jr-iii-racing.jpg\" \/>\n\t<meta property=\"og:image:width\" content=\"1920\" \/>\n\t<meta property=\"og:image:height\" content=\"1281\" \/>\n\t<meta property=\"og:image:type\" content=\"image\/jpeg\" \/>\n<meta name=\"author\" content=\"Joana Barbosa\" \/>\n<meta name=\"twitter:card\" content=\"summary_large_image\" \/>\n<meta name=\"twitter:label1\" content=\"Escrito por\" \/>\n\t<meta name=\"twitter:data1\" content=\"Joana Barbosa\" \/>\n\t<meta name=\"twitter:label2\" content=\"Tempo estimado de leitura\" \/>\n\t<meta name=\"twitter:data2\" content=\"3 minutos\" \/>\n<script type=\"application\/ld+json\" class=\"yoast-schema-graph\">{\"@context\":\"https:\/\/schema.org\",\"@graph\":[{\"@type\":\"WebPage\",\"@id\":\"https:\/\/www.atelierdocaractere.pt\/brevemente\/guilherme-oliveira-estreia-se-em-indianapolis-no-regresso-ao-imsa-sports-car-championship\/\",\"url\":\"https:\/\/www.atelierdocaractere.pt\/brevemente\/guilherme-oliveira-estreia-se-em-indianapolis-no-regresso-ao-imsa-sports-car-championship\/\",\"name\":\"Guilherme Oliveira estreia-se em Indian\u00e1polis no regresso ao IMSA Sports Car Championship - Atelier do Caractere\",\"isPartOf\":{\"@id\":\"https:\/\/www.atelierdocaractere.pt\/brevemente\/#website\"},\"datePublished\":\"2023-09-07T17:11:00+00:00\",\"dateModified\":\"2023-09-15T17:47:35+00:00\",\"author\":{\"@id\":\"https:\/\/www.atelierdocaractere.pt\/brevemente\/#\/schema\/person\/f2f096eb0f27d9894725af22cb97c0db\"},\"breadcrumb\":{\"@id\":\"https:\/\/www.atelierdocaractere.pt\/brevemente\/guilherme-oliveira-estreia-se-em-indianapolis-no-regresso-ao-imsa-sports-car-championship\/#breadcrumb\"},\"inLanguage\":\"pt-PT\",\"potentialAction\":[{\"@type\":\"ReadAction\",\"target\":[\"https:\/\/www.atelierdocaractere.pt\/brevemente\/guilherme-oliveira-estreia-se-em-indianapolis-no-regresso-ao-imsa-sports-car-championship\/\"]}]},{\"@type\":\"BreadcrumbList\",\"@id\":\"https:\/\/www.atelierdocaractere.pt\/brevemente\/guilherme-oliveira-estreia-se-em-indianapolis-no-regresso-ao-imsa-sports-car-championship\/#breadcrumb\",\"itemListElement\":[{\"@type\":\"ListItem\",\"position\":1,\"name\":\"In\u00edcio\",\"item\":\"https:\/\/www.atelierdocaractere.pt\/brevemente\/\"},{\"@type\":\"ListItem\",\"position\":2,\"name\":\"Guilherme Oliveira estreia-se em Indian\u00e1polis no regresso ao IMSA Sports Car Championship\"}]},{\"@type\":\"WebSite\",\"@id\":\"https:\/\/www.atelierdocaractere.pt\/brevemente\/#website\",\"url\":\"https:\/\/www.atelierdocaractere.pt\/brevemente\/\",\"name\":\"Atelier do Caractere\",\"description\":\"\",\"potentialAction\":[{\"@type\":\"SearchAction\",\"target\":{\"@type\":\"EntryPoint\",\"urlTemplate\":\"https:\/\/www.atelierdocaractere.pt\/brevemente\/?s={search_term_string}\"},\"query-input\":\"required name=search_term_string\"}],\"inLanguage\":\"pt-PT\"},{\"@type\":\"Person\",\"@id\":\"https:\/\/www.atelierdocaractere.pt\/brevemente\/#\/schema\/person\/f2f096eb0f27d9894725af22cb97c0db\",\"name\":\"Joana Barbosa\",\"image\":{\"@type\":\"ImageObject\",\"inLanguage\":\"pt-PT\",\"@id\":\"https:\/\/www.atelierdocaractere.pt\/brevemente\/#\/schema\/person\/image\/\",\"url\":\"https:\/\/secure.gravatar.com\/avatar\/33e8214b45e9d68a3a83008731075979?s=96&d=mm&r=g\",\"contentUrl\":\"https:\/\/secure.gravatar.com\/avatar\/33e8214b45e9d68a3a83008731075979?s=96&d=mm&r=g\",\"caption\":\"Joana Barbosa\"},\"url\":\"https:\/\/www.atelierdocaractere.pt\/brevemente\/author\/joanabarbosa\/\"}]}<\/script>\n<!-- \/ Yoast SEO plugin. -->","yoast_head_json":{"title":"Guilherme Oliveira estreia-se em Indian\u00e1polis no regresso ao IMSA Sports Car Championship - Atelier do Caractere","robots":{"index":"index","follow":"follow","max-snippet":"max-snippet:-1","max-image-preview":"max-image-preview:large","max-video-preview":"max-video-preview:-1"},"canonical":"https:\/\/www.atelierdocaractere.pt\/brevemente\/guilherme-oliveira-estreia-se-em-indianapolis-no-regresso-ao-imsa-sports-car-championship\/","og_locale":"pt_PT","og_type":"article","og_title":"Guilherme Oliveira estreia-se em Indian\u00e1polis no regresso ao IMSA Sports Car Championship - Atelier do Caractere","og_description":"Depois de uma promissora estreia nas 24 Horas de Daytona, no in\u00edcio da \u00e9poca, Guilherme Oliveira foi convidado para regressar...","og_url":"https:\/\/www.atelierdocaractere.pt\/brevemente\/guilherme-oliveira-estreia-se-em-indianapolis-no-regresso-ao-imsa-sports-car-championship\/","og_site_name":"Atelier do Caractere","article_publisher":"https:\/\/www.facebook.com\/AtelierdoCaractere","article_published_time":"2023-09-07T17:11:00+00:00","article_modified_time":"2023-09-15T17:47:35+00:00","og_image":[{"width":1920,"height":1281,"url":"https:\/\/www.atelierdocaractere.pt\/wp-content\/uploads\/2023\/09\/jr-iii-racing.jpg","type":"image\/jpeg"}],"author":"Joana Barbosa","twitter_card":"summary_large_image","twitter_misc":{"Escrito por":"Joana Barbosa","Tempo estimado de leitura":"3 minutos"},"schema":{"@context":"https:\/\/schema.org","@graph":[{"@type":"WebPage","@id":"https:\/\/www.atelierdocaractere.pt\/brevemente\/guilherme-oliveira-estreia-se-em-indianapolis-no-regresso-ao-imsa-sports-car-championship\/","url":"https:\/\/www.atelierdocaractere.pt\/brevemente\/guilherme-oliveira-estreia-se-em-indianapolis-no-regresso-ao-imsa-sports-car-championship\/","name":"Guilherme Oliveira estreia-se em Indian\u00e1polis no regresso ao IMSA Sports Car Championship - Atelier do Caractere","isPartOf":{"@id":"https:\/\/www.atelierdocaractere.pt\/brevemente\/#website"},"datePublished":"2023-09-07T17:11:00+00:00","dateModified":"2023-09-15T17:47:35+00:00","author":{"@id":"https:\/\/www.atelierdocaractere.pt\/brevemente\/#\/schema\/person\/f2f096eb0f27d9894725af22cb97c0db"},"breadcrumb":{"@id":"https:\/\/www.atelierdocaractere.pt\/brevemente\/guilherme-oliveira-estreia-se-em-indianapolis-no-regresso-ao-imsa-sports-car-championship\/#breadcrumb"},"inLanguage":"pt-PT","potentialAction":[{"@type":"ReadAction","target":["https:\/\/www.atelierdocaractere.pt\/brevemente\/guilherme-oliveira-estreia-se-em-indianapolis-no-regresso-ao-imsa-sports-car-championship\/"]}]},{"@type":"BreadcrumbList","@id":"https:\/\/www.atelierdocaractere.pt\/brevemente\/guilherme-oliveira-estreia-se-em-indianapolis-no-regresso-ao-imsa-sports-car-championship\/#breadcrumb","itemListElement":[{"@type":"ListItem","position":1,"name":"In\u00edcio","item":"https:\/\/www.atelierdocaractere.pt\/brevemente\/"},{"@type":"ListItem","position":2,"name":"Guilherme Oliveira estreia-se em Indian\u00e1polis no regresso ao IMSA Sports Car Championship"}]},{"@type":"WebSite","@id":"https:\/\/www.atelierdocaractere.pt\/brevemente\/#website","url":"https:\/\/www.atelierdocaractere.pt\/brevemente\/","name":"Atelier do Caractere","description":"","potentialAction":[{"@type":"SearchAction","target":{"@type":"EntryPoint","urlTemplate":"https:\/\/www.atelierdocaractere.pt\/brevemente\/?s={search_term_string}"},"query-input":"required name=search_term_string"}],"inLanguage":"pt-PT"},{"@type":"Person","@id":"https:\/\/www.atelierdocaractere.pt\/brevemente\/#\/schema\/person\/f2f096eb0f27d9894725af22cb97c0db","name":"Joana Barbosa","image":{"@type":"ImageObject","inLanguage":"pt-PT","@id":"https:\/\/www.atelierdocaractere.pt\/brevemente\/#\/schema\/person\/image\/","url":"https:\/\/secure.gravatar.com\/avatar\/33e8214b45e9d68a3a83008731075979?s=96&d=mm&r=g","contentUrl":"https:\/\/secure.gravatar.com\/avatar\/33e8214b45e9d68a3a83008731075979?s=96&d=mm&r=g","caption":"Joana Barbosa"},"url":"https:\/\/www.atelierdocaractere.pt\/brevemente\/author\/joanabarbosa\/"}]}},"_links":{"self":[{"href":"https:\/\/www.atelierdocaractere.pt\/brevemente\/wp-json\/wp\/v2\/posts\/11772"}],"collection":[{"href":"https:\/\/www.atelierdocaractere.pt\/brevemente\/wp-json\/wp\/v2\/posts"}],"about":[{"href":"https:\/\/www.atelierdocaractere.pt\/brevemente\/wp-json\/wp\/v2\/types\/post"}],"author":[{"embeddable":true,"href":"https:\/\/www.atelierdocaractere.pt\/brevemente\/wp-json\/wp\/v2\/users\/7"}],"replies":[{"embeddable":true,"href":"https:\/\/www.atelierdocaractere.pt\/brevemente\/wp-json\/wp\/v2\/comments?post=11772"}],"version-history":[{"count":1,"href":"https:\/\/www.atelierdocaractere.pt\/brevemente\/wp-json\/wp\/v2\/posts\/11772\/revisions"}],"predecessor-version":[{"id":11775,"href":"https:\/\/www.atelierdocaractere.pt\/brevemente\/wp-json\/wp\/v2\/posts\/11772\/revisions\/11775"}],"wp:featuredmedia":[{"embeddable":true,"href":"https:\/\/www.atelierdocaractere.pt\/brevemente\/wp-json\/wp\/v2\/media\/11774"}],"wp:attachment":[{"href":"https:\/\/www.atelierdocaractere.pt\/brevemente\/wp-json\/wp\/v2\/media?parent=11772"}],"wp:term":[{"taxonomy":"category","embeddable":true,"href":"https:\/\/www.atelierdocaractere.pt\/brevemente\/wp-json\/wp\/v2\/categories?post=11772"},{"taxonomy":"post_tag","embeddable":true,"href":"https:\/\/www.atelierdocaractere.pt\/brevemente\/wp-json\/wp\/v2\/tags?post=11772"}],"curies":[{"name":"wp","href":"https:\/\/api.w.org\/{rel}","templated":true}]}}