{"id":11777,"date":"2023-09-14T17:48:10","date_gmt":"2023-09-14T17:48:10","guid":{"rendered":"https:\/\/www.atelierdocaractere.pt\/brevemente\/?p=11777"},"modified":"2023-09-15T17:51:03","modified_gmt":"2023-09-15T17:51:03","slug":"renault-eleita-marca-superbrands-pelos-portugueses","status":"publish","type":"post","link":"https:\/\/www.atelierdocaractere.pt\/brevemente\/renault-eleita-marca-superbrands-pelos-portugueses\/","title":{"rendered":"Renault eleita marca &#8220;Superbrands&#8221; pelos portugueses"},"content":{"rendered":"\n<ul>\n<li>A Renault foi distinguida como uma marca \u201cSuperbrands\u201d, na sequ\u00eancia de um estudo que teve por base entrevistas realizadas a 1.000 portugueses.<br><\/li>\n\n\n\n<li>No fundo, o reconhecimento da revolu\u00e7\u00e3o que a marca est\u00e1 a operar na gama, com um forte investimento em qualidade, tecnologia, eletrifica\u00e7\u00e3o, design e servi\u00e7os.<\/li>\n<\/ul>\n\n\n\n<p>A Superbrands, uma organiza\u00e7\u00e3o internacional e independente que distingue marcas, em 90 pa\u00edses, entrevistou 1.000 portugueses com o objetivo de saber as marcas que consideravam \u00fanicas, mas tamb\u00e9m aquelas em que mais confiavam, as com que mais se identificavam, as que satisfaziam as suas necessidades, e as marcas que melhor conheciam.<\/p>\n\n\n\n<p>As entrevistas foram feitas durante o m\u00eas de fevereiro deste ano, 53,5% a pessoas do g\u00e9nero feminino e 46,5 do masculino.<\/p>\n\n\n\n<p>Seguiu-se uma segunda fase em que o Conselho Superbrands, constitu\u00eddo por 15 respons\u00e1veis de empresas nacionais de refer\u00eancia, de diferentes sectores de atividade, realizou uma pondera\u00e7\u00e3o final.<\/p>\n\n\n\n<p>A Renault foi distinguida como marca \u201cSuperbrands\u201d e esta \u00e9, tamb\u00e9m, a primeira vez que \u00e9 reconhecida como \u201cMarca de Excel\u00eancia\u201d, sendo o reconhecimento da revolu\u00e7\u00e3o em curso pela Renault, com uma nova gama de autom\u00f3veis mais limpos e ecol\u00f3gicos, com mais qualidade e tecnologia e ainda melhor bem-estar a bordo. No fundo, mais excel\u00eancia para os felizes propriet\u00e1rios de Renault e para todos os que t\u00eam o privil\u00e9gio de serem seus companheiros de viagem.<\/p>\n\n\n\n<p>Recorde-se que, este ano, em Portugal, o Renault Austral foi eleito \u201cCarro do Ano 2023\u201d, mas tamb\u00e9m foi distinguido como o \u201cH\u00edbrido do Ano\u201d. O SUV techno da Renault foi a escolha de um j\u00fari composto por 20 jornalistas dos principais \u00f3rg\u00e3os de comunica\u00e7\u00e3o social do pa\u00eds. Mas tamb\u00e9m o Megane E-Tech 100% El\u00e9trico foi distinguido como o \u201cEl\u00e9trico do Ano\u201d.<\/p>\n\n\n\n<p>Dois modelos que s\u00e3o bem representativos da \u201cNouvelle Vague\u201d da Renault. Um ambicioso plano de produto que est\u00e1 a trazer modernidade e inova\u00e7\u00e3o ao mercado autom\u00f3vel, com destaque para os j\u00e1 anunciados lan\u00e7amentos do in\u00e9dito modelo Rafale, da nova gera\u00e7\u00e3o do Sc\u00e9nic E-Tech 100% El\u00e9trico, bem como do regresso dos t\u00e3o ansiados Renault 5 e Renault 4, ambos em vers\u00f5es 100% el\u00e9tricas.<\/p>\n\n\n\n<p>A iniciativa Superbrands j\u00e1 distinguiu mais de 40 mil marcas, em 90 pa\u00edses, ao longo de 29 anos de exist\u00eancia. Em Portugal j\u00e1 foram distinguidas cerca de 200 marcas, em 19 edi\u00e7\u00f5es.<\/p>\n","protected":false},"excerpt":{"rendered":"<p>A Superbrands, uma organiza\u00e7\u00e3o internacional e independente que distingue marcas, em 90 pa\u00edses, entrevistou 1.000 portugueses com o objetivo de&#8230;<\/p>\n","protected":false},"author":7,"featured_media":11778,"comment_status":"closed","ping_status":"open","sticky":false,"template":"","format":"standard","meta":[],"categories":[28],"tags":[85,87,589],"yoast_head":"<!-- This site is optimized with the Yoast SEO plugin v20.12 - https:\/\/yoast.com\/wordpress\/plugins\/seo\/ -->\n<title>Renault eleita marca &quot;Superbrands&quot; pelos portugueses - Atelier do Caractere<\/title>\n<meta name=\"robots\" content=\"index, follow, max-snippet:-1, max-image-preview:large, max-video-preview:-1\" \/>\n<link rel=\"canonical\" href=\"https:\/\/www.atelierdocaractere.pt\/brevemente\/renault-eleita-marca-superbrands-pelos-portugueses\/\" \/>\n<meta property=\"og:locale\" content=\"pt_PT\" \/>\n<meta property=\"og:type\" content=\"article\" \/>\n<meta property=\"og:title\" content=\"Renault eleita marca &quot;Superbrands&quot; pelos portugueses - Atelier do Caractere\" \/>\n<meta property=\"og:description\" content=\"A Superbrands, uma organiza\u00e7\u00e3o internacional e independente que distingue marcas, em 90 pa\u00edses, entrevistou 1.000 portugueses com o objetivo de...\" \/>\n<meta property=\"og:url\" content=\"https:\/\/www.atelierdocaractere.pt\/brevemente\/renault-eleita-marca-superbrands-pelos-portugueses\/\" \/>\n<meta property=\"og:site_name\" content=\"Atelier do Caractere\" \/>\n<meta property=\"article:publisher\" content=\"https:\/\/www.facebook.com\/AtelierdoCaractere\" \/>\n<meta property=\"article:published_time\" content=\"2023-09-14T17:48:10+00:00\" \/>\n<meta property=\"article:modified_time\" content=\"2023-09-15T17:51:03+00:00\" \/>\n<meta property=\"og:image\" content=\"https:\/\/www.atelierdocaractere.pt\/wp-content\/uploads\/2023\/09\/f7331d6b5ecde6291eb7ecbec4a5a7da-2000x1125.jpg.webp\" \/>\n\t<meta property=\"og:image:width\" content=\"2000\" \/>\n\t<meta property=\"og:image:height\" content=\"1125\" \/>\n\t<meta property=\"og:image:type\" content=\"image\/webp\" \/>\n<meta name=\"author\" content=\"Joana Barbosa\" \/>\n<meta name=\"twitter:card\" content=\"summary_large_image\" \/>\n<meta name=\"twitter:label1\" content=\"Escrito por\" \/>\n\t<meta name=\"twitter:data1\" content=\"Joana Barbosa\" \/>\n\t<meta name=\"twitter:label2\" content=\"Tempo estimado de leitura\" \/>\n\t<meta name=\"twitter:data2\" content=\"3 minutos\" \/>\n<script type=\"application\/ld+json\" class=\"yoast-schema-graph\">{\"@context\":\"https:\/\/schema.org\",\"@graph\":[{\"@type\":\"WebPage\",\"@id\":\"https:\/\/www.atelierdocaractere.pt\/brevemente\/renault-eleita-marca-superbrands-pelos-portugueses\/\",\"url\":\"https:\/\/www.atelierdocaractere.pt\/brevemente\/renault-eleita-marca-superbrands-pelos-portugueses\/\",\"name\":\"Renault eleita marca \\\"Superbrands\\\" pelos portugueses - Atelier do Caractere\",\"isPartOf\":{\"@id\":\"https:\/\/www.atelierdocaractere.pt\/brevemente\/#website\"},\"datePublished\":\"2023-09-14T17:48:10+00:00\",\"dateModified\":\"2023-09-15T17:51:03+00:00\",\"author\":{\"@id\":\"https:\/\/www.atelierdocaractere.pt\/brevemente\/#\/schema\/person\/f2f096eb0f27d9894725af22cb97c0db\"},\"breadcrumb\":{\"@id\":\"https:\/\/www.atelierdocaractere.pt\/brevemente\/renault-eleita-marca-superbrands-pelos-portugueses\/#breadcrumb\"},\"inLanguage\":\"pt-PT\",\"potentialAction\":[{\"@type\":\"ReadAction\",\"target\":[\"https:\/\/www.atelierdocaractere.pt\/brevemente\/renault-eleita-marca-superbrands-pelos-portugueses\/\"]}]},{\"@type\":\"BreadcrumbList\",\"@id\":\"https:\/\/www.atelierdocaractere.pt\/brevemente\/renault-eleita-marca-superbrands-pelos-portugueses\/#breadcrumb\",\"itemListElement\":[{\"@type\":\"ListItem\",\"position\":1,\"name\":\"In\u00edcio\",\"item\":\"https:\/\/www.atelierdocaractere.pt\/brevemente\/\"},{\"@type\":\"ListItem\",\"position\":2,\"name\":\"Renault eleita marca &#8220;Superbrands&#8221; pelos portugueses\"}]},{\"@type\":\"WebSite\",\"@id\":\"https:\/\/www.atelierdocaractere.pt\/brevemente\/#website\",\"url\":\"https:\/\/www.atelierdocaractere.pt\/brevemente\/\",\"name\":\"Atelier do Caractere\",\"description\":\"\",\"potentialAction\":[{\"@type\":\"SearchAction\",\"target\":{\"@type\":\"EntryPoint\",\"urlTemplate\":\"https:\/\/www.atelierdocaractere.pt\/brevemente\/?s={search_term_string}\"},\"query-input\":\"required name=search_term_string\"}],\"inLanguage\":\"pt-PT\"},{\"@type\":\"Person\",\"@id\":\"https:\/\/www.atelierdocaractere.pt\/brevemente\/#\/schema\/person\/f2f096eb0f27d9894725af22cb97c0db\",\"name\":\"Joana Barbosa\",\"image\":{\"@type\":\"ImageObject\",\"inLanguage\":\"pt-PT\",\"@id\":\"https:\/\/www.atelierdocaractere.pt\/brevemente\/#\/schema\/person\/image\/\",\"url\":\"https:\/\/secure.gravatar.com\/avatar\/33e8214b45e9d68a3a83008731075979?s=96&d=mm&r=g\",\"contentUrl\":\"https:\/\/secure.gravatar.com\/avatar\/33e8214b45e9d68a3a83008731075979?s=96&d=mm&r=g\",\"caption\":\"Joana Barbosa\"},\"url\":\"https:\/\/www.atelierdocaractere.pt\/brevemente\/author\/joanabarbosa\/\"}]}<\/script>\n<!-- \/ Yoast SEO plugin. -->","yoast_head_json":{"title":"Renault eleita marca \"Superbrands\" pelos portugueses - Atelier do Caractere","robots":{"index":"index","follow":"follow","max-snippet":"max-snippet:-1","max-image-preview":"max-image-preview:large","max-video-preview":"max-video-preview:-1"},"canonical":"https:\/\/www.atelierdocaractere.pt\/brevemente\/renault-eleita-marca-superbrands-pelos-portugueses\/","og_locale":"pt_PT","og_type":"article","og_title":"Renault eleita marca \"Superbrands\" pelos portugueses - Atelier do Caractere","og_description":"A Superbrands, uma organiza\u00e7\u00e3o internacional e independente que distingue marcas, em 90 pa\u00edses, entrevistou 1.000 portugueses com o objetivo de...","og_url":"https:\/\/www.atelierdocaractere.pt\/brevemente\/renault-eleita-marca-superbrands-pelos-portugueses\/","og_site_name":"Atelier do Caractere","article_publisher":"https:\/\/www.facebook.com\/AtelierdoCaractere","article_published_time":"2023-09-14T17:48:10+00:00","article_modified_time":"2023-09-15T17:51:03+00:00","og_image":[{"width":2000,"height":1125,"url":"https:\/\/www.atelierdocaractere.pt\/wp-content\/uploads\/2023\/09\/f7331d6b5ecde6291eb7ecbec4a5a7da-2000x1125.jpg.webp","type":"image\/webp"}],"author":"Joana Barbosa","twitter_card":"summary_large_image","twitter_misc":{"Escrito por":"Joana Barbosa","Tempo estimado de leitura":"3 minutos"},"schema":{"@context":"https:\/\/schema.org","@graph":[{"@type":"WebPage","@id":"https:\/\/www.atelierdocaractere.pt\/brevemente\/renault-eleita-marca-superbrands-pelos-portugueses\/","url":"https:\/\/www.atelierdocaractere.pt\/brevemente\/renault-eleita-marca-superbrands-pelos-portugueses\/","name":"Renault eleita marca \"Superbrands\" pelos portugueses - Atelier do Caractere","isPartOf":{"@id":"https:\/\/www.atelierdocaractere.pt\/brevemente\/#website"},"datePublished":"2023-09-14T17:48:10+00:00","dateModified":"2023-09-15T17:51:03+00:00","author":{"@id":"https:\/\/www.atelierdocaractere.pt\/brevemente\/#\/schema\/person\/f2f096eb0f27d9894725af22cb97c0db"},"breadcrumb":{"@id":"https:\/\/www.atelierdocaractere.pt\/brevemente\/renault-eleita-marca-superbrands-pelos-portugueses\/#breadcrumb"},"inLanguage":"pt-PT","potentialAction":[{"@type":"ReadAction","target":["https:\/\/www.atelierdocaractere.pt\/brevemente\/renault-eleita-marca-superbrands-pelos-portugueses\/"]}]},{"@type":"BreadcrumbList","@id":"https:\/\/www.atelierdocaractere.pt\/brevemente\/renault-eleita-marca-superbrands-pelos-portugueses\/#breadcrumb","itemListElement":[{"@type":"ListItem","position":1,"name":"In\u00edcio","item":"https:\/\/www.atelierdocaractere.pt\/brevemente\/"},{"@type":"ListItem","position":2,"name":"Renault eleita marca &#8220;Superbrands&#8221; pelos portugueses"}]},{"@type":"WebSite","@id":"https:\/\/www.atelierdocaractere.pt\/brevemente\/#website","url":"https:\/\/www.atelierdocaractere.pt\/brevemente\/","name":"Atelier do Caractere","description":"","potentialAction":[{"@type":"SearchAction","target":{"@type":"EntryPoint","urlTemplate":"https:\/\/www.atelierdocaractere.pt\/brevemente\/?s={search_term_string}"},"query-input":"required name=search_term_string"}],"inLanguage":"pt-PT"},{"@type":"Person","@id":"https:\/\/www.atelierdocaractere.pt\/brevemente\/#\/schema\/person\/f2f096eb0f27d9894725af22cb97c0db","name":"Joana Barbosa","image":{"@type":"ImageObject","inLanguage":"pt-PT","@id":"https:\/\/www.atelierdocaractere.pt\/brevemente\/#\/schema\/person\/image\/","url":"https:\/\/secure.gravatar.com\/avatar\/33e8214b45e9d68a3a83008731075979?s=96&d=mm&r=g","contentUrl":"https:\/\/secure.gravatar.com\/avatar\/33e8214b45e9d68a3a83008731075979?s=96&d=mm&r=g","caption":"Joana Barbosa"},"url":"https:\/\/www.atelierdocaractere.pt\/brevemente\/author\/joanabarbosa\/"}]}},"_links":{"self":[{"href":"https:\/\/www.atelierdocaractere.pt\/brevemente\/wp-json\/wp\/v2\/posts\/11777"}],"collection":[{"href":"https:\/\/www.atelierdocaractere.pt\/brevemente\/wp-json\/wp\/v2\/posts"}],"about":[{"href":"https:\/\/www.atelierdocaractere.pt\/brevemente\/wp-json\/wp\/v2\/types\/post"}],"author":[{"embeddable":true,"href":"https:\/\/www.atelierdocaractere.pt\/brevemente\/wp-json\/wp\/v2\/users\/7"}],"replies":[{"embeddable":true,"href":"https:\/\/www.atelierdocaractere.pt\/brevemente\/wp-json\/wp\/v2\/comments?post=11777"}],"version-history":[{"count":1,"href":"https:\/\/www.atelierdocaractere.pt\/brevemente\/wp-json\/wp\/v2\/posts\/11777\/revisions"}],"predecessor-version":[{"id":11779,"href":"https:\/\/www.atelierdocaractere.pt\/brevemente\/wp-json\/wp\/v2\/posts\/11777\/revisions\/11779"}],"wp:featuredmedia":[{"embeddable":true,"href":"https:\/\/www.atelierdocaractere.pt\/brevemente\/wp-json\/wp\/v2\/media\/11778"}],"wp:attachment":[{"href":"https:\/\/www.atelierdocaractere.pt\/brevemente\/wp-json\/wp\/v2\/media?parent=11777"}],"wp:term":[{"taxonomy":"category","embeddable":true,"href":"https:\/\/www.atelierdocaractere.pt\/brevemente\/wp-json\/wp\/v2\/categories?post=11777"},{"taxonomy":"post_tag","embeddable":true,"href":"https:\/\/www.atelierdocaractere.pt\/brevemente\/wp-json\/wp\/v2\/tags?post=11777"}],"curies":[{"name":"wp","href":"https:\/\/api.w.org\/{rel}","templated":true}]}}