{"id":11780,"date":"2023-09-18T18:12:02","date_gmt":"2023-09-18T18:12:02","guid":{"rendered":"https:\/\/www.atelierdocaractere.pt\/brevemente\/?p=11780"},"modified":"2023-09-18T18:12:05","modified_gmt":"2023-09-18T18:12:05","slug":"guilherme-oliveira-ficou-proximo-do-podio-na-estreia-absoluta-em-indianapolis","status":"publish","type":"post","link":"https:\/\/www.atelierdocaractere.pt\/brevemente\/guilherme-oliveira-ficou-proximo-do-podio-na-estreia-absoluta-em-indianapolis\/","title":{"rendered":"Guilherme Oliveira ficou pr\u00f3ximo do p\u00f3dio na estreia absoluta em Indian\u00e1polis"},"content":{"rendered":"\n<p><strong>Guilherme Oliveira regressou ao IMSA Weathertech SportsCar Championship, o principal campeonato de Resist\u00eancia dos Estados Unidos, estreando-se na famosa pista de Indian\u00e1polis com o 4.\u00ba lugar da categoria LMP3. O jovem piloto portugu\u00eas, de apenas 18 anos, esteve na luta pelas primeiras posi\u00e7\u00f5es com o Ligier da equipa Jr III Racing, que partilhou com o norte-americano Bijoy Garg.<\/strong><\/p>\n\n\n\n<figure class=\"wp-block-image size-large\"><img decoding=\"async\" width=\"1024\" height=\"570\" src=\"https:\/\/www.atelierdocaractere.pt\/wp-content\/uploads\/2023\/09\/guilherme-oliveira-indianapolis-4-1024x570.jpg\" alt=\"\" class=\"wp-image-11784\" srcset=\"https:\/\/www.atelierdocaractere.pt\/wp-content\/uploads\/2023\/09\/guilherme-oliveira-indianapolis-4-1024x570.jpg 1024w, https:\/\/www.atelierdocaractere.pt\/wp-content\/uploads\/2023\/09\/guilherme-oliveira-indianapolis-4-300x167.jpg 300w, https:\/\/www.atelierdocaractere.pt\/wp-content\/uploads\/2023\/09\/guilherme-oliveira-indianapolis-4-768x428.jpg 768w, https:\/\/www.atelierdocaractere.pt\/wp-content\/uploads\/2023\/09\/guilherme-oliveira-indianapolis-4-1536x855.jpg 1536w, https:\/\/www.atelierdocaractere.pt\/wp-content\/uploads\/2023\/09\/guilherme-oliveira-indianapolis-4.jpg 1920w\" sizes=\"(max-width: 1024px) 100vw, 1024px\" \/><\/figure>\n\n\n\n<p>Depois de uma estreia promissora em solo norte-americano, nas 24 Horas de Daytona, Guilherme Oliveira regressou ao IMSA Weathertech SportsCar Championship a convite da equipa Jr III (Junior Three) Racing, para pilotar um Ligier da categoria LMP3 e tendo o norte-americano Bijoy Garg como companheiro de equipa.<\/p>\n\n\n\n<p>Sem conhecer o tra\u00e7ado de Indian\u00e1polis, o jovem piloto de Vila Nova de Gaia teve apenas cerca de 30 voltas para se preparar, durante as sess\u00f5es de treinos, mas Bijoy Garg aproveitou o seu conhecimento da pista para conseguir a pole-position dos LMP3 na qualifica\u00e7\u00e3o, no s\u00e1bado.<\/p>\n\n\n<div class=\"wp-block-image\">\n<figure class=\"aligncenter size-large\"><img decoding=\"async\" width=\"1024\" height=\"1024\" src=\"https:\/\/www.atelierdocaractere.pt\/wp-content\/uploads\/2023\/09\/guilherme-oliveira-indianapolis-3-1024x1024.jpg\" alt=\"\" class=\"wp-image-11783\" srcset=\"https:\/\/www.atelierdocaractere.pt\/wp-content\/uploads\/2023\/09\/guilherme-oliveira-indianapolis-3-1024x1024.jpg 1024w, https:\/\/www.atelierdocaractere.pt\/wp-content\/uploads\/2023\/09\/guilherme-oliveira-indianapolis-3-300x300.jpg 300w, https:\/\/www.atelierdocaractere.pt\/wp-content\/uploads\/2023\/09\/guilherme-oliveira-indianapolis-3-150x150.jpg 150w, https:\/\/www.atelierdocaractere.pt\/wp-content\/uploads\/2023\/09\/guilherme-oliveira-indianapolis-3-768x767.jpg 768w, https:\/\/www.atelierdocaractere.pt\/wp-content\/uploads\/2023\/09\/guilherme-oliveira-indianapolis-3-100x100.jpg 100w, https:\/\/www.atelierdocaractere.pt\/wp-content\/uploads\/2023\/09\/guilherme-oliveira-indianapolis-3-140x140.jpg 140w, https:\/\/www.atelierdocaractere.pt\/wp-content\/uploads\/2023\/09\/guilherme-oliveira-indianapolis-3-500x500.jpg 500w, https:\/\/www.atelierdocaractere.pt\/wp-content\/uploads\/2023\/09\/guilherme-oliveira-indianapolis-3-350x350.jpg 350w, https:\/\/www.atelierdocaractere.pt\/wp-content\/uploads\/2023\/09\/guilherme-oliveira-indianapolis-3-1000x1000.jpg 1000w, https:\/\/www.atelierdocaractere.pt\/wp-content\/uploads\/2023\/09\/guilherme-oliveira-indianapolis-3-800x800.jpg 800w, https:\/\/www.atelierdocaractere.pt\/wp-content\/uploads\/2023\/09\/guilherme-oliveira-indianapolis-3.jpg 1440w\" sizes=\"(max-width: 1024px) 100vw, 1024px\" \/><\/figure><\/div>\n\n\n<p>Na corrida, o piloto norte-americano fez o primeiro turno de condu\u00e7\u00e3o e a equipa entregou a Guilherme Oliveira a responsabilidade de fazer os dois \u00faltimos turnos, com cerca de 80 voltas de dura\u00e7\u00e3o no total. Numa corrida com v\u00e1rios incidentes e com a apari\u00e7\u00e3o da chuva, Guilherme Oliveira chegou inclusive a lutar pelo primeiro lugar, at\u00e9 fazer um pequeno pi\u00e3o que o levou a perder algumas posi\u00e7\u00f5es. Sem baixar os bra\u00e7os, voltou a recuperar v\u00e1rios lugares no pelot\u00e3o e terminou no 4.\u00ba posto dos LMP3, muito pr\u00f3ximo do p\u00f3dio na sua estreia absoluta em Indian\u00e1polis.<\/p>\n\n\n<div class=\"wp-block-image\">\n<figure class=\"aligncenter size-large\"><img decoding=\"async\" width=\"1024\" height=\"1024\" src=\"https:\/\/www.atelierdocaractere.pt\/wp-content\/uploads\/2023\/09\/guilherme-oliveira-indianapolis-2-1024x1024.jpg\" alt=\"\" class=\"wp-image-11782\" srcset=\"https:\/\/www.atelierdocaractere.pt\/wp-content\/uploads\/2023\/09\/guilherme-oliveira-indianapolis-2-1024x1024.jpg 1024w, https:\/\/www.atelierdocaractere.pt\/wp-content\/uploads\/2023\/09\/guilherme-oliveira-indianapolis-2-300x300.jpg 300w, https:\/\/www.atelierdocaractere.pt\/wp-content\/uploads\/2023\/09\/guilherme-oliveira-indianapolis-2-150x150.jpg 150w, https:\/\/www.atelierdocaractere.pt\/wp-content\/uploads\/2023\/09\/guilherme-oliveira-indianapolis-2-768x768.jpg 768w, https:\/\/www.atelierdocaractere.pt\/wp-content\/uploads\/2023\/09\/guilherme-oliveira-indianapolis-2-100x100.jpg 100w, https:\/\/www.atelierdocaractere.pt\/wp-content\/uploads\/2023\/09\/guilherme-oliveira-indianapolis-2-140x140.jpg 140w, https:\/\/www.atelierdocaractere.pt\/wp-content\/uploads\/2023\/09\/guilherme-oliveira-indianapolis-2-500x500.jpg 500w, https:\/\/www.atelierdocaractere.pt\/wp-content\/uploads\/2023\/09\/guilherme-oliveira-indianapolis-2-350x350.jpg 350w, https:\/\/www.atelierdocaractere.pt\/wp-content\/uploads\/2023\/09\/guilherme-oliveira-indianapolis-2-1000x1000.jpg 1000w, https:\/\/www.atelierdocaractere.pt\/wp-content\/uploads\/2023\/09\/guilherme-oliveira-indianapolis-2-800x800.jpg 800w, https:\/\/www.atelierdocaractere.pt\/wp-content\/uploads\/2023\/09\/guilherme-oliveira-indianapolis-2.jpg 1440w\" sizes=\"(max-width: 1024px) 100vw, 1024px\" \/><\/figure><\/div>\n\n\n<p><strong>\u201cFoi mais uma experi\u00eancia fant\u00e1stica no IMSA, um campeonato onde a atmosfera \u00e9 especial a cada prova. Indian\u00e1polis, tal como Daytona, \u00e9 uma daquelas \u2018catedrais\u2019 onde qualquer piloto sonha correr\u201d<\/strong>, apontou Guilherme Oliveira, que em janeiro liderou as 24 Horas de Daytona nos LMP3, at\u00e9 a sua equipa ser obrigada a desistir, devido \u00e0 quebra do escape.&nbsp;<strong>\u201cAqui, sinto que pod\u00edamos perfeitamente ter ganho a corrida, mas o desporto autom\u00f3vel \u00e9 mesmo assim. Fiz dois turnos consecutivos e nunca tinha guiado 80 voltas seguidas com um LMP3, algo muito duro em termos f\u00edsicos e mentais. Fiquei contente com o meu andamento, ao n\u00edvel de pilotos profissionais que conhecem este campeonato e estas pistas como ningu\u00e9m. Espero ter mais oportunidades de competir no IMSA no futuro\u201d<\/strong>, afirmou o piloto portugu\u00eas, um dos mais jovens de todo o pelot\u00e3o e o melhor representante nacional na categoria.<\/p>\n","protected":false},"excerpt":{"rendered":"<p>Guilherme Oliveira regressou ao IMSA Weathertech SportsCar Championship, o principal campeonato de Resist\u00eancia dos Estados Unidos, estreando-se na famosa pista&#8230;<\/p>\n","protected":false},"author":7,"featured_media":11781,"comment_status":"closed","ping_status":"open","sticky":false,"template":"","format":"standard","meta":[],"categories":[24],"tags":[447,590,591],"yoast_head":"<!-- This site is optimized with the Yoast SEO plugin v20.12 - https:\/\/yoast.com\/wordpress\/plugins\/seo\/ -->\n<title>Guilherme Oliveira ficou pr\u00f3ximo do p\u00f3dio na estreia absoluta em Indian\u00e1polis - Atelier do Caractere<\/title>\n<meta name=\"robots\" content=\"index, follow, max-snippet:-1, max-image-preview:large, max-video-preview:-1\" \/>\n<link rel=\"canonical\" href=\"https:\/\/www.atelierdocaractere.pt\/brevemente\/guilherme-oliveira-ficou-proximo-do-podio-na-estreia-absoluta-em-indianapolis\/\" \/>\n<meta property=\"og:locale\" content=\"pt_PT\" \/>\n<meta property=\"og:type\" content=\"article\" \/>\n<meta property=\"og:title\" content=\"Guilherme Oliveira ficou pr\u00f3ximo do p\u00f3dio na estreia absoluta em Indian\u00e1polis - Atelier do Caractere\" \/>\n<meta property=\"og:description\" content=\"Guilherme Oliveira regressou ao IMSA Weathertech SportsCar Championship, o principal campeonato de Resist\u00eancia dos Estados Unidos, estreando-se na famosa pista...\" \/>\n<meta property=\"og:url\" content=\"https:\/\/www.atelierdocaractere.pt\/brevemente\/guilherme-oliveira-ficou-proximo-do-podio-na-estreia-absoluta-em-indianapolis\/\" \/>\n<meta property=\"og:site_name\" content=\"Atelier do Caractere\" \/>\n<meta property=\"article:publisher\" content=\"https:\/\/www.facebook.com\/AtelierdoCaractere\" \/>\n<meta property=\"article:published_time\" content=\"2023-09-18T18:12:02+00:00\" \/>\n<meta property=\"article:modified_time\" content=\"2023-09-18T18:12:05+00:00\" \/>\n<meta property=\"og:image\" content=\"https:\/\/www.atelierdocaractere.pt\/wp-content\/uploads\/2023\/09\/guilherme-oliveira-indianapolis-1.jpg\" \/>\n\t<meta property=\"og:image:width\" content=\"1920\" \/>\n\t<meta property=\"og:image:height\" content=\"1278\" \/>\n\t<meta property=\"og:image:type\" content=\"image\/jpeg\" \/>\n<meta name=\"author\" content=\"Joana Barbosa\" \/>\n<meta name=\"twitter:card\" content=\"summary_large_image\" \/>\n<meta name=\"twitter:label1\" content=\"Escrito por\" \/>\n\t<meta name=\"twitter:data1\" content=\"Joana Barbosa\" \/>\n\t<meta name=\"twitter:label2\" content=\"Tempo estimado de leitura\" \/>\n\t<meta name=\"twitter:data2\" content=\"3 minutos\" \/>\n<script type=\"application\/ld+json\" class=\"yoast-schema-graph\">{\"@context\":\"https:\/\/schema.org\",\"@graph\":[{\"@type\":\"WebPage\",\"@id\":\"https:\/\/www.atelierdocaractere.pt\/brevemente\/guilherme-oliveira-ficou-proximo-do-podio-na-estreia-absoluta-em-indianapolis\/\",\"url\":\"https:\/\/www.atelierdocaractere.pt\/brevemente\/guilherme-oliveira-ficou-proximo-do-podio-na-estreia-absoluta-em-indianapolis\/\",\"name\":\"Guilherme Oliveira ficou pr\u00f3ximo do p\u00f3dio na estreia absoluta em Indian\u00e1polis - Atelier do Caractere\",\"isPartOf\":{\"@id\":\"https:\/\/www.atelierdocaractere.pt\/brevemente\/#website\"},\"datePublished\":\"2023-09-18T18:12:02+00:00\",\"dateModified\":\"2023-09-18T18:12:05+00:00\",\"author\":{\"@id\":\"https:\/\/www.atelierdocaractere.pt\/brevemente\/#\/schema\/person\/f2f096eb0f27d9894725af22cb97c0db\"},\"breadcrumb\":{\"@id\":\"https:\/\/www.atelierdocaractere.pt\/brevemente\/guilherme-oliveira-ficou-proximo-do-podio-na-estreia-absoluta-em-indianapolis\/#breadcrumb\"},\"inLanguage\":\"pt-PT\",\"potentialAction\":[{\"@type\":\"ReadAction\",\"target\":[\"https:\/\/www.atelierdocaractere.pt\/brevemente\/guilherme-oliveira-ficou-proximo-do-podio-na-estreia-absoluta-em-indianapolis\/\"]}]},{\"@type\":\"BreadcrumbList\",\"@id\":\"https:\/\/www.atelierdocaractere.pt\/brevemente\/guilherme-oliveira-ficou-proximo-do-podio-na-estreia-absoluta-em-indianapolis\/#breadcrumb\",\"itemListElement\":[{\"@type\":\"ListItem\",\"position\":1,\"name\":\"In\u00edcio\",\"item\":\"https:\/\/www.atelierdocaractere.pt\/brevemente\/\"},{\"@type\":\"ListItem\",\"position\":2,\"name\":\"Guilherme Oliveira ficou pr\u00f3ximo do p\u00f3dio na estreia absoluta em Indian\u00e1polis\"}]},{\"@type\":\"WebSite\",\"@id\":\"https:\/\/www.atelierdocaractere.pt\/brevemente\/#website\",\"url\":\"https:\/\/www.atelierdocaractere.pt\/brevemente\/\",\"name\":\"Atelier do Caractere\",\"description\":\"\",\"potentialAction\":[{\"@type\":\"SearchAction\",\"target\":{\"@type\":\"EntryPoint\",\"urlTemplate\":\"https:\/\/www.atelierdocaractere.pt\/brevemente\/?s={search_term_string}\"},\"query-input\":\"required name=search_term_string\"}],\"inLanguage\":\"pt-PT\"},{\"@type\":\"Person\",\"@id\":\"https:\/\/www.atelierdocaractere.pt\/brevemente\/#\/schema\/person\/f2f096eb0f27d9894725af22cb97c0db\",\"name\":\"Joana Barbosa\",\"image\":{\"@type\":\"ImageObject\",\"inLanguage\":\"pt-PT\",\"@id\":\"https:\/\/www.atelierdocaractere.pt\/brevemente\/#\/schema\/person\/image\/\",\"url\":\"https:\/\/secure.gravatar.com\/avatar\/33e8214b45e9d68a3a83008731075979?s=96&d=mm&r=g\",\"contentUrl\":\"https:\/\/secure.gravatar.com\/avatar\/33e8214b45e9d68a3a83008731075979?s=96&d=mm&r=g\",\"caption\":\"Joana Barbosa\"},\"url\":\"https:\/\/www.atelierdocaractere.pt\/brevemente\/author\/joanabarbosa\/\"}]}<\/script>\n<!-- \/ Yoast SEO plugin. -->","yoast_head_json":{"title":"Guilherme Oliveira ficou pr\u00f3ximo do p\u00f3dio na estreia absoluta em Indian\u00e1polis - Atelier do Caractere","robots":{"index":"index","follow":"follow","max-snippet":"max-snippet:-1","max-image-preview":"max-image-preview:large","max-video-preview":"max-video-preview:-1"},"canonical":"https:\/\/www.atelierdocaractere.pt\/brevemente\/guilherme-oliveira-ficou-proximo-do-podio-na-estreia-absoluta-em-indianapolis\/","og_locale":"pt_PT","og_type":"article","og_title":"Guilherme Oliveira ficou pr\u00f3ximo do p\u00f3dio na estreia absoluta em Indian\u00e1polis - Atelier do Caractere","og_description":"Guilherme Oliveira regressou ao IMSA Weathertech SportsCar Championship, o principal campeonato de Resist\u00eancia dos Estados Unidos, estreando-se na famosa pista...","og_url":"https:\/\/www.atelierdocaractere.pt\/brevemente\/guilherme-oliveira-ficou-proximo-do-podio-na-estreia-absoluta-em-indianapolis\/","og_site_name":"Atelier do Caractere","article_publisher":"https:\/\/www.facebook.com\/AtelierdoCaractere","article_published_time":"2023-09-18T18:12:02+00:00","article_modified_time":"2023-09-18T18:12:05+00:00","og_image":[{"width":1920,"height":1278,"url":"https:\/\/www.atelierdocaractere.pt\/wp-content\/uploads\/2023\/09\/guilherme-oliveira-indianapolis-1.jpg","type":"image\/jpeg"}],"author":"Joana Barbosa","twitter_card":"summary_large_image","twitter_misc":{"Escrito por":"Joana Barbosa","Tempo estimado de leitura":"3 minutos"},"schema":{"@context":"https:\/\/schema.org","@graph":[{"@type":"WebPage","@id":"https:\/\/www.atelierdocaractere.pt\/brevemente\/guilherme-oliveira-ficou-proximo-do-podio-na-estreia-absoluta-em-indianapolis\/","url":"https:\/\/www.atelierdocaractere.pt\/brevemente\/guilherme-oliveira-ficou-proximo-do-podio-na-estreia-absoluta-em-indianapolis\/","name":"Guilherme Oliveira ficou pr\u00f3ximo do p\u00f3dio na estreia absoluta em Indian\u00e1polis - Atelier do Caractere","isPartOf":{"@id":"https:\/\/www.atelierdocaractere.pt\/brevemente\/#website"},"datePublished":"2023-09-18T18:12:02+00:00","dateModified":"2023-09-18T18:12:05+00:00","author":{"@id":"https:\/\/www.atelierdocaractere.pt\/brevemente\/#\/schema\/person\/f2f096eb0f27d9894725af22cb97c0db"},"breadcrumb":{"@id":"https:\/\/www.atelierdocaractere.pt\/brevemente\/guilherme-oliveira-ficou-proximo-do-podio-na-estreia-absoluta-em-indianapolis\/#breadcrumb"},"inLanguage":"pt-PT","potentialAction":[{"@type":"ReadAction","target":["https:\/\/www.atelierdocaractere.pt\/brevemente\/guilherme-oliveira-ficou-proximo-do-podio-na-estreia-absoluta-em-indianapolis\/"]}]},{"@type":"BreadcrumbList","@id":"https:\/\/www.atelierdocaractere.pt\/brevemente\/guilherme-oliveira-ficou-proximo-do-podio-na-estreia-absoluta-em-indianapolis\/#breadcrumb","itemListElement":[{"@type":"ListItem","position":1,"name":"In\u00edcio","item":"https:\/\/www.atelierdocaractere.pt\/brevemente\/"},{"@type":"ListItem","position":2,"name":"Guilherme Oliveira ficou pr\u00f3ximo do p\u00f3dio na estreia absoluta em Indian\u00e1polis"}]},{"@type":"WebSite","@id":"https:\/\/www.atelierdocaractere.pt\/brevemente\/#website","url":"https:\/\/www.atelierdocaractere.pt\/brevemente\/","name":"Atelier do Caractere","description":"","potentialAction":[{"@type":"SearchAction","target":{"@type":"EntryPoint","urlTemplate":"https:\/\/www.atelierdocaractere.pt\/brevemente\/?s={search_term_string}"},"query-input":"required name=search_term_string"}],"inLanguage":"pt-PT"},{"@type":"Person","@id":"https:\/\/www.atelierdocaractere.pt\/brevemente\/#\/schema\/person\/f2f096eb0f27d9894725af22cb97c0db","name":"Joana Barbosa","image":{"@type":"ImageObject","inLanguage":"pt-PT","@id":"https:\/\/www.atelierdocaractere.pt\/brevemente\/#\/schema\/person\/image\/","url":"https:\/\/secure.gravatar.com\/avatar\/33e8214b45e9d68a3a83008731075979?s=96&d=mm&r=g","contentUrl":"https:\/\/secure.gravatar.com\/avatar\/33e8214b45e9d68a3a83008731075979?s=96&d=mm&r=g","caption":"Joana Barbosa"},"url":"https:\/\/www.atelierdocaractere.pt\/brevemente\/author\/joanabarbosa\/"}]}},"_links":{"self":[{"href":"https:\/\/www.atelierdocaractere.pt\/brevemente\/wp-json\/wp\/v2\/posts\/11780"}],"collection":[{"href":"https:\/\/www.atelierdocaractere.pt\/brevemente\/wp-json\/wp\/v2\/posts"}],"about":[{"href":"https:\/\/www.atelierdocaractere.pt\/brevemente\/wp-json\/wp\/v2\/types\/post"}],"author":[{"embeddable":true,"href":"https:\/\/www.atelierdocaractere.pt\/brevemente\/wp-json\/wp\/v2\/users\/7"}],"replies":[{"embeddable":true,"href":"https:\/\/www.atelierdocaractere.pt\/brevemente\/wp-json\/wp\/v2\/comments?post=11780"}],"version-history":[{"count":1,"href":"https:\/\/www.atelierdocaractere.pt\/brevemente\/wp-json\/wp\/v2\/posts\/11780\/revisions"}],"predecessor-version":[{"id":11785,"href":"https:\/\/www.atelierdocaractere.pt\/brevemente\/wp-json\/wp\/v2\/posts\/11780\/revisions\/11785"}],"wp:featuredmedia":[{"embeddable":true,"href":"https:\/\/www.atelierdocaractere.pt\/brevemente\/wp-json\/wp\/v2\/media\/11781"}],"wp:attachment":[{"href":"https:\/\/www.atelierdocaractere.pt\/brevemente\/wp-json\/wp\/v2\/media?parent=11780"}],"wp:term":[{"taxonomy":"category","embeddable":true,"href":"https:\/\/www.atelierdocaractere.pt\/brevemente\/wp-json\/wp\/v2\/categories?post=11780"},{"taxonomy":"post_tag","embeddable":true,"href":"https:\/\/www.atelierdocaractere.pt\/brevemente\/wp-json\/wp\/v2\/tags?post=11780"}],"curies":[{"name":"wp","href":"https:\/\/api.w.org\/{rel}","templated":true}]}}