{"id":11789,"date":"2023-10-03T15:11:35","date_gmt":"2023-10-03T15:11:35","guid":{"rendered":"https:\/\/www.atelierdocaractere.pt\/brevemente\/?p=11789"},"modified":"2023-10-03T15:11:40","modified_gmt":"2023-10-03T15:11:40","slug":"figueira-da-foz-recebe-hoje-a-caravana-do-rally-de-portugal-historico","status":"publish","type":"post","link":"https:\/\/www.atelierdocaractere.pt\/brevemente\/figueira-da-foz-recebe-hoje-a-caravana-do-rally-de-portugal-historico\/","title":{"rendered":"Figueira da Foz recebe hoje a caravana do Rally de Portugal Hist\u00f3rico"},"content":{"rendered":"\n<p><strong>Mais de 80 equipas, maioritariamente estrangeiras, partiram hoje do Parque Eduardo VII, em Lisboa, rumo \u00e0 Figueira da Foz, que encerra a primeira sec\u00e7\u00e3o do Rally de Portugal Hist\u00f3rico. Prova de regularidade do ACP, que decorre at\u00e9 s\u00e1bado, leva m\u00e1quinas que fizeram a hist\u00f3ria dos ralis num p\u00e9riplo de mais de 2.000 quil\u00f3metros pelo pa\u00eds.<\/strong><\/p>\n\n\n\n<p>A 17.\u00aa edi\u00e7\u00e3o do Rally de Portugal Hist\u00f3rico \u00e9 disputada por 81 equipas, oriundas de&nbsp;Portugal, B\u00e9lgica, Fran\u00e7a, Espanha, It\u00e1lia, Let\u00f3nia, Litu\u00e2nia, Reino Unido, R\u00fassia e Su\u00ed\u00e7a. Lisboa recebeu, hoje, a partida oficial do evento, em pleno Parque Eduardo VII, com as belas m\u00e1quinas da prova de regularidade a concentrarem aten\u00e7\u00f5es na capital portuguesa. A primeira sec\u00e7\u00e3o vai levar as equipas at\u00e9 \u00e0 Figueira da Foz, outro dos palcos hist\u00f3ricos do Rali de Portugal no Campeonato do Mundo, onde a chegada dos primeiros carros est\u00e1 prevista para as 19h15.<\/p>\n\n\n\n<figure class=\"wp-block-image size-large\"><img decoding=\"async\" width=\"1024\" height=\"683\" src=\"https:\/\/www.atelierdocaractere.pt\/wp-content\/uploads\/2023\/10\/rph-2-1024x683.jpg\" alt=\"\" class=\"wp-image-11793\" srcset=\"https:\/\/www.atelierdocaractere.pt\/wp-content\/uploads\/2023\/10\/rph-2-1024x683.jpg 1024w, https:\/\/www.atelierdocaractere.pt\/wp-content\/uploads\/2023\/10\/rph-2-300x200.jpg 300w, https:\/\/www.atelierdocaractere.pt\/wp-content\/uploads\/2023\/10\/rph-2-768x512.jpg 768w, https:\/\/www.atelierdocaractere.pt\/wp-content\/uploads\/2023\/10\/rph-2-1536x1024.jpg 1536w, https:\/\/www.atelierdocaractere.pt\/wp-content\/uploads\/2023\/10\/rph-2-900x600.jpg 900w, https:\/\/www.atelierdocaractere.pt\/wp-content\/uploads\/2023\/10\/rph-2-675x450.jpg 675w, https:\/\/www.atelierdocaractere.pt\/wp-content\/uploads\/2023\/10\/rph-2.jpg 1800w\" sizes=\"(max-width: 1024px) 100vw, 1024px\" \/><\/figure>\n\n\n\n<p>No pelot\u00e3o est\u00e3o os vencedores do ano passado, os belgas Yves Deflandre e Jennifer Hugo, que em 2022 levaram o seu Porsche 911 ao terceiro triunfo no Rally de Portugal Hist\u00f3rico, igualando o recorde de triunfos de Jo\u00e3o Mexia Leit\u00e3o e Nuno Sales Machado.<\/p>\n\n\n\n<p>O franc\u00eas Christophe Berteloot, navegado pelo belga Baptiste Gengoux, tamb\u00e9m repete presen\u00e7a este ano, tentando melhorar o segundo lugar do ano passado, ao volante de outro Porsche 911 SC.<\/p>\n\n\n\n<figure class=\"wp-block-image size-large\"><img decoding=\"async\" width=\"1024\" height=\"688\" src=\"https:\/\/www.atelierdocaractere.pt\/wp-content\/uploads\/2023\/10\/rph-3-1024x688.jpg\" alt=\"\" class=\"wp-image-11791\" srcset=\"https:\/\/www.atelierdocaractere.pt\/wp-content\/uploads\/2023\/10\/rph-3-1024x688.jpg 1024w, https:\/\/www.atelierdocaractere.pt\/wp-content\/uploads\/2023\/10\/rph-3-300x202.jpg 300w, https:\/\/www.atelierdocaractere.pt\/wp-content\/uploads\/2023\/10\/rph-3-768x516.jpg 768w, https:\/\/www.atelierdocaractere.pt\/wp-content\/uploads\/2023\/10\/rph-3-1536x1032.jpg 1536w, https:\/\/www.atelierdocaractere.pt\/wp-content\/uploads\/2023\/10\/rph-3-900x604.jpg 900w, https:\/\/www.atelierdocaractere.pt\/wp-content\/uploads\/2023\/10\/rph-3-600x403.jpg 600w, https:\/\/www.atelierdocaractere.pt\/wp-content\/uploads\/2023\/10\/rph-3-400x269.jpg 400w, https:\/\/www.atelierdocaractere.pt\/wp-content\/uploads\/2023\/10\/rph-3.jpg 1800w\" sizes=\"(max-width: 1024px) 100vw, 1024px\" \/><\/figure>\n\n\n\n<p>O carro alem\u00e3o \u00e9 uma das m\u00e1quinas mais competitivas em provas deste g\u00e9nero, mas o parque autom\u00f3vel do Rally de Portugal Hist\u00f3rico \u00e9 variado e inclui modelos como um Austin Healey 100\/6 de 1957, o carro mais antigo em prova, diferentes vers\u00f5es do Ford Escort RS, dois Alfa Romeo Giulia Sprint, um Opel Ascona, um Chevrolet Camaro, ou exemplares mais contempor\u00e2neos, como os Renault 5 GT Turbo ou os Lancia Delta Integrale.<\/p>\n\n\n\n<p>Um dos concorrentes portugueses em prova \u00e9 Carlos Tavares, o CEO do grupo Stellantis (Peugeot, Citroen, Fiat, Opel, Jeep, Alfa Romeo, etc.), que compete ao volante de um Fiat 124 Spider de 1975.<\/p>\n\n\n\n<p>Amanh\u00e3, a segunda etapa do Rally de Portugal Hist\u00f3rico parte da Figueira da Foz, \u00e0s 07h45, e termina em Viseu.<\/p>\n\n\n<div class=\"wp-block-image\">\n<figure class=\"aligncenter size-large\"><img decoding=\"async\" width=\"487\" height=\"1024\" src=\"https:\/\/www.atelierdocaractere.pt\/wp-content\/uploads\/2023\/10\/1a-seccao-487x1024.jpg\" alt=\"\" class=\"wp-image-11790\" srcset=\"https:\/\/www.atelierdocaractere.pt\/wp-content\/uploads\/2023\/10\/1a-seccao-487x1024.jpg 487w, https:\/\/www.atelierdocaractere.pt\/wp-content\/uploads\/2023\/10\/1a-seccao-143x300.jpg 143w, https:\/\/www.atelierdocaractere.pt\/wp-content\/uploads\/2023\/10\/1a-seccao-768x1613.jpg 768w, https:\/\/www.atelierdocaractere.pt\/wp-content\/uploads\/2023\/10\/1a-seccao-731x1536.jpg 731w, https:\/\/www.atelierdocaractere.pt\/wp-content\/uploads\/2023\/10\/1a-seccao.jpg 914w\" sizes=\"(max-width: 487px) 100vw, 487px\" \/><\/figure><\/div>","protected":false},"excerpt":{"rendered":"<p>Mais de 80 equipas, maioritariamente estrangeiras, partiram hoje do Parque Eduardo VII, em Lisboa, rumo \u00e0 Figueira da Foz, que&#8230;<\/p>\n","protected":false},"author":7,"featured_media":11792,"comment_status":"closed","ping_status":"open","sticky":false,"template":"","format":"standard","meta":[],"categories":[24],"tags":[433,592,435],"yoast_head":"<!-- This site is optimized with the Yoast SEO plugin v20.12 - https:\/\/yoast.com\/wordpress\/plugins\/seo\/ -->\n<title>Figueira da Foz recebe hoje a caravana do Rally de Portugal Hist\u00f3rico - Atelier do Caractere<\/title>\n<meta name=\"robots\" content=\"index, follow, max-snippet:-1, max-image-preview:large, max-video-preview:-1\" \/>\n<link rel=\"canonical\" href=\"https:\/\/www.atelierdocaractere.pt\/brevemente\/figueira-da-foz-recebe-hoje-a-caravana-do-rally-de-portugal-historico\/\" \/>\n<meta property=\"og:locale\" content=\"pt_PT\" \/>\n<meta property=\"og:type\" content=\"article\" \/>\n<meta property=\"og:title\" content=\"Figueira da Foz recebe hoje a caravana do Rally de Portugal Hist\u00f3rico - Atelier do Caractere\" \/>\n<meta property=\"og:description\" content=\"Mais de 80 equipas, maioritariamente estrangeiras, partiram hoje do Parque Eduardo VII, em Lisboa, rumo \u00e0 Figueira da Foz, que...\" \/>\n<meta property=\"og:url\" content=\"https:\/\/www.atelierdocaractere.pt\/brevemente\/figueira-da-foz-recebe-hoje-a-caravana-do-rally-de-portugal-historico\/\" \/>\n<meta property=\"og:site_name\" content=\"Atelier do Caractere\" \/>\n<meta property=\"article:publisher\" content=\"https:\/\/www.facebook.com\/AtelierdoCaractere\" \/>\n<meta property=\"article:published_time\" content=\"2023-10-03T15:11:35+00:00\" \/>\n<meta property=\"article:modified_time\" content=\"2023-10-03T15:11:40+00:00\" \/>\n<meta property=\"og:image\" content=\"https:\/\/www.atelierdocaractere.pt\/wp-content\/uploads\/2023\/10\/rph-1.jpg\" \/>\n\t<meta property=\"og:image:width\" content=\"1800\" \/>\n\t<meta property=\"og:image:height\" content=\"1199\" \/>\n\t<meta property=\"og:image:type\" content=\"image\/jpeg\" \/>\n<meta name=\"author\" content=\"Joana Barbosa\" \/>\n<meta name=\"twitter:card\" content=\"summary_large_image\" \/>\n<meta name=\"twitter:label1\" content=\"Escrito por\" \/>\n\t<meta name=\"twitter:data1\" content=\"Joana Barbosa\" \/>\n\t<meta name=\"twitter:label2\" content=\"Tempo estimado de leitura\" \/>\n\t<meta name=\"twitter:data2\" content=\"3 minutos\" \/>\n<script type=\"application\/ld+json\" class=\"yoast-schema-graph\">{\"@context\":\"https:\/\/schema.org\",\"@graph\":[{\"@type\":\"WebPage\",\"@id\":\"https:\/\/www.atelierdocaractere.pt\/brevemente\/figueira-da-foz-recebe-hoje-a-caravana-do-rally-de-portugal-historico\/\",\"url\":\"https:\/\/www.atelierdocaractere.pt\/brevemente\/figueira-da-foz-recebe-hoje-a-caravana-do-rally-de-portugal-historico\/\",\"name\":\"Figueira da Foz recebe hoje a caravana do Rally de Portugal Hist\u00f3rico - Atelier do Caractere\",\"isPartOf\":{\"@id\":\"https:\/\/www.atelierdocaractere.pt\/brevemente\/#website\"},\"datePublished\":\"2023-10-03T15:11:35+00:00\",\"dateModified\":\"2023-10-03T15:11:40+00:00\",\"author\":{\"@id\":\"https:\/\/www.atelierdocaractere.pt\/brevemente\/#\/schema\/person\/f2f096eb0f27d9894725af22cb97c0db\"},\"breadcrumb\":{\"@id\":\"https:\/\/www.atelierdocaractere.pt\/brevemente\/figueira-da-foz-recebe-hoje-a-caravana-do-rally-de-portugal-historico\/#breadcrumb\"},\"inLanguage\":\"pt-PT\",\"potentialAction\":[{\"@type\":\"ReadAction\",\"target\":[\"https:\/\/www.atelierdocaractere.pt\/brevemente\/figueira-da-foz-recebe-hoje-a-caravana-do-rally-de-portugal-historico\/\"]}]},{\"@type\":\"BreadcrumbList\",\"@id\":\"https:\/\/www.atelierdocaractere.pt\/brevemente\/figueira-da-foz-recebe-hoje-a-caravana-do-rally-de-portugal-historico\/#breadcrumb\",\"itemListElement\":[{\"@type\":\"ListItem\",\"position\":1,\"name\":\"In\u00edcio\",\"item\":\"https:\/\/www.atelierdocaractere.pt\/brevemente\/\"},{\"@type\":\"ListItem\",\"position\":2,\"name\":\"Figueira da Foz recebe hoje a caravana do Rally de Portugal Hist\u00f3rico\"}]},{\"@type\":\"WebSite\",\"@id\":\"https:\/\/www.atelierdocaractere.pt\/brevemente\/#website\",\"url\":\"https:\/\/www.atelierdocaractere.pt\/brevemente\/\",\"name\":\"Atelier do Caractere\",\"description\":\"\",\"potentialAction\":[{\"@type\":\"SearchAction\",\"target\":{\"@type\":\"EntryPoint\",\"urlTemplate\":\"https:\/\/www.atelierdocaractere.pt\/brevemente\/?s={search_term_string}\"},\"query-input\":\"required name=search_term_string\"}],\"inLanguage\":\"pt-PT\"},{\"@type\":\"Person\",\"@id\":\"https:\/\/www.atelierdocaractere.pt\/brevemente\/#\/schema\/person\/f2f096eb0f27d9894725af22cb97c0db\",\"name\":\"Joana Barbosa\",\"image\":{\"@type\":\"ImageObject\",\"inLanguage\":\"pt-PT\",\"@id\":\"https:\/\/www.atelierdocaractere.pt\/brevemente\/#\/schema\/person\/image\/\",\"url\":\"https:\/\/secure.gravatar.com\/avatar\/33e8214b45e9d68a3a83008731075979?s=96&d=mm&r=g\",\"contentUrl\":\"https:\/\/secure.gravatar.com\/avatar\/33e8214b45e9d68a3a83008731075979?s=96&d=mm&r=g\",\"caption\":\"Joana Barbosa\"},\"url\":\"https:\/\/www.atelierdocaractere.pt\/brevemente\/author\/joanabarbosa\/\"}]}<\/script>\n<!-- \/ Yoast SEO plugin. -->","yoast_head_json":{"title":"Figueira da Foz recebe hoje a caravana do Rally de Portugal Hist\u00f3rico - Atelier do Caractere","robots":{"index":"index","follow":"follow","max-snippet":"max-snippet:-1","max-image-preview":"max-image-preview:large","max-video-preview":"max-video-preview:-1"},"canonical":"https:\/\/www.atelierdocaractere.pt\/brevemente\/figueira-da-foz-recebe-hoje-a-caravana-do-rally-de-portugal-historico\/","og_locale":"pt_PT","og_type":"article","og_title":"Figueira da Foz recebe hoje a caravana do Rally de Portugal Hist\u00f3rico - Atelier do Caractere","og_description":"Mais de 80 equipas, maioritariamente estrangeiras, partiram hoje do Parque Eduardo VII, em Lisboa, rumo \u00e0 Figueira da Foz, que...","og_url":"https:\/\/www.atelierdocaractere.pt\/brevemente\/figueira-da-foz-recebe-hoje-a-caravana-do-rally-de-portugal-historico\/","og_site_name":"Atelier do Caractere","article_publisher":"https:\/\/www.facebook.com\/AtelierdoCaractere","article_published_time":"2023-10-03T15:11:35+00:00","article_modified_time":"2023-10-03T15:11:40+00:00","og_image":[{"width":1800,"height":1199,"url":"https:\/\/www.atelierdocaractere.pt\/wp-content\/uploads\/2023\/10\/rph-1.jpg","type":"image\/jpeg"}],"author":"Joana Barbosa","twitter_card":"summary_large_image","twitter_misc":{"Escrito por":"Joana Barbosa","Tempo estimado de leitura":"3 minutos"},"schema":{"@context":"https:\/\/schema.org","@graph":[{"@type":"WebPage","@id":"https:\/\/www.atelierdocaractere.pt\/brevemente\/figueira-da-foz-recebe-hoje-a-caravana-do-rally-de-portugal-historico\/","url":"https:\/\/www.atelierdocaractere.pt\/brevemente\/figueira-da-foz-recebe-hoje-a-caravana-do-rally-de-portugal-historico\/","name":"Figueira da Foz recebe hoje a caravana do Rally de Portugal Hist\u00f3rico - Atelier do Caractere","isPartOf":{"@id":"https:\/\/www.atelierdocaractere.pt\/brevemente\/#website"},"datePublished":"2023-10-03T15:11:35+00:00","dateModified":"2023-10-03T15:11:40+00:00","author":{"@id":"https:\/\/www.atelierdocaractere.pt\/brevemente\/#\/schema\/person\/f2f096eb0f27d9894725af22cb97c0db"},"breadcrumb":{"@id":"https:\/\/www.atelierdocaractere.pt\/brevemente\/figueira-da-foz-recebe-hoje-a-caravana-do-rally-de-portugal-historico\/#breadcrumb"},"inLanguage":"pt-PT","potentialAction":[{"@type":"ReadAction","target":["https:\/\/www.atelierdocaractere.pt\/brevemente\/figueira-da-foz-recebe-hoje-a-caravana-do-rally-de-portugal-historico\/"]}]},{"@type":"BreadcrumbList","@id":"https:\/\/www.atelierdocaractere.pt\/brevemente\/figueira-da-foz-recebe-hoje-a-caravana-do-rally-de-portugal-historico\/#breadcrumb","itemListElement":[{"@type":"ListItem","position":1,"name":"In\u00edcio","item":"https:\/\/www.atelierdocaractere.pt\/brevemente\/"},{"@type":"ListItem","position":2,"name":"Figueira da Foz recebe hoje a caravana do Rally de Portugal Hist\u00f3rico"}]},{"@type":"WebSite","@id":"https:\/\/www.atelierdocaractere.pt\/brevemente\/#website","url":"https:\/\/www.atelierdocaractere.pt\/brevemente\/","name":"Atelier do Caractere","description":"","potentialAction":[{"@type":"SearchAction","target":{"@type":"EntryPoint","urlTemplate":"https:\/\/www.atelierdocaractere.pt\/brevemente\/?s={search_term_string}"},"query-input":"required name=search_term_string"}],"inLanguage":"pt-PT"},{"@type":"Person","@id":"https:\/\/www.atelierdocaractere.pt\/brevemente\/#\/schema\/person\/f2f096eb0f27d9894725af22cb97c0db","name":"Joana Barbosa","image":{"@type":"ImageObject","inLanguage":"pt-PT","@id":"https:\/\/www.atelierdocaractere.pt\/brevemente\/#\/schema\/person\/image\/","url":"https:\/\/secure.gravatar.com\/avatar\/33e8214b45e9d68a3a83008731075979?s=96&d=mm&r=g","contentUrl":"https:\/\/secure.gravatar.com\/avatar\/33e8214b45e9d68a3a83008731075979?s=96&d=mm&r=g","caption":"Joana Barbosa"},"url":"https:\/\/www.atelierdocaractere.pt\/brevemente\/author\/joanabarbosa\/"}]}},"_links":{"self":[{"href":"https:\/\/www.atelierdocaractere.pt\/brevemente\/wp-json\/wp\/v2\/posts\/11789"}],"collection":[{"href":"https:\/\/www.atelierdocaractere.pt\/brevemente\/wp-json\/wp\/v2\/posts"}],"about":[{"href":"https:\/\/www.atelierdocaractere.pt\/brevemente\/wp-json\/wp\/v2\/types\/post"}],"author":[{"embeddable":true,"href":"https:\/\/www.atelierdocaractere.pt\/brevemente\/wp-json\/wp\/v2\/users\/7"}],"replies":[{"embeddable":true,"href":"https:\/\/www.atelierdocaractere.pt\/brevemente\/wp-json\/wp\/v2\/comments?post=11789"}],"version-history":[{"count":1,"href":"https:\/\/www.atelierdocaractere.pt\/brevemente\/wp-json\/wp\/v2\/posts\/11789\/revisions"}],"predecessor-version":[{"id":11794,"href":"https:\/\/www.atelierdocaractere.pt\/brevemente\/wp-json\/wp\/v2\/posts\/11789\/revisions\/11794"}],"wp:featuredmedia":[{"embeddable":true,"href":"https:\/\/www.atelierdocaractere.pt\/brevemente\/wp-json\/wp\/v2\/media\/11792"}],"wp:attachment":[{"href":"https:\/\/www.atelierdocaractere.pt\/brevemente\/wp-json\/wp\/v2\/media?parent=11789"}],"wp:term":[{"taxonomy":"category","embeddable":true,"href":"https:\/\/www.atelierdocaractere.pt\/brevemente\/wp-json\/wp\/v2\/categories?post=11789"},{"taxonomy":"post_tag","embeddable":true,"href":"https:\/\/www.atelierdocaractere.pt\/brevemente\/wp-json\/wp\/v2\/tags?post=11789"}],"curies":[{"name":"wp","href":"https:\/\/api.w.org\/{rel}","templated":true}]}}