{"id":11795,"date":"2023-10-02T16:08:01","date_gmt":"2023-10-02T16:08:01","guid":{"rendered":"https:\/\/www.atelierdocaractere.pt\/brevemente\/?p=11795"},"modified":"2023-10-03T16:15:31","modified_gmt":"2023-10-03T16:15:31","slug":"aldeias-historicas-de-portugal-e-airbnb-promovem-potencial-cultural-e-historico-do-destino","status":"publish","type":"post","link":"https:\/\/www.atelierdocaractere.pt\/brevemente\/aldeias-historicas-de-portugal-e-airbnb-promovem-potencial-cultural-e-historico-do-destino\/","title":{"rendered":"Aldeias Hist\u00f3ricas de Portugal e Airbnb promovem potencial cultural e hist\u00f3rico do destino"},"content":{"rendered":"\n<p><strong>A Aldeias Hist\u00f3ricas de Portugal \u2013 Associa\u00e7\u00e3o de Desenvolvimento Tur\u00edstico (AHP \u2013 ADT) e a Airbnb est\u00e3o a trabalhar em conjunto para incentivar viagens pelas 12 Aldeias Hist\u00f3ricas de Portugal, que se destacam pela sua oferta em patrim\u00f3nio hist\u00f3rico-cultural. A plataforma de arrendamento de curta dura\u00e7\u00e3o lan\u00e7ou uma p\u00e1gina dedicada \u00e0 promo\u00e7\u00e3o da Rede das Aldeias Hist\u00f3ricas de Portugal, os alojamentos locais dispon\u00edveis e outras informa\u00e7\u00f5es \u00fateis.<\/strong><\/p>\n\n\n\n<figure class=\"wp-block-image size-large\"><img decoding=\"async\" width=\"1024\" height=\"683\" src=\"https:\/\/www.atelierdocaractere.pt\/wp-content\/uploads\/2023\/10\/piodao-1024x683.jpg\" alt=\"\" class=\"wp-image-11799\" srcset=\"https:\/\/www.atelierdocaractere.pt\/wp-content\/uploads\/2023\/10\/piodao-1024x683.jpg 1024w, https:\/\/www.atelierdocaractere.pt\/wp-content\/uploads\/2023\/10\/piodao-300x200.jpg 300w, https:\/\/www.atelierdocaractere.pt\/wp-content\/uploads\/2023\/10\/piodao-768x512.jpg 768w, https:\/\/www.atelierdocaractere.pt\/wp-content\/uploads\/2023\/10\/piodao-1536x1024.jpg 1536w, https:\/\/www.atelierdocaractere.pt\/wp-content\/uploads\/2023\/10\/piodao-900x600.jpg 900w, https:\/\/www.atelierdocaractere.pt\/wp-content\/uploads\/2023\/10\/piodao-675x450.jpg 675w, https:\/\/www.atelierdocaractere.pt\/wp-content\/uploads\/2023\/10\/piodao.jpg 1920w\" sizes=\"(max-width: 1024px) 100vw, 1024px\" \/><\/figure>\n\n\n\n<p>Almeida, Belmonte, Castelo Mendo, Castelo Novo, Castelo Rodrigo, Idanha-a-Velha, Linhares da Beira, Marialva, Monsanto, Pi\u00f3d\u00e3o, Sortelha e Trancoso: as 12 Aldeias Hist\u00f3ricas de Portugal est\u00e3o em grande destaque no site da plataforma de arrendamento de curta dura\u00e7\u00e3o Airbnb. Agora \u00e9 poss\u00edvel consultar os alojamentos locais dispon\u00edveis nas Aldeias Hist\u00f3ricas de Portugal e ainda consultar informa\u00e7\u00f5es \u00fateis sobre o que fazer, locais a visitar, empresas locais e saber quais s\u00e3o os anfitri\u00f5es de excel\u00eancia no territ\u00f3rio.<\/p>\n\n\n\n<figure class=\"wp-block-image size-large\"><img decoding=\"async\" width=\"1024\" height=\"683\" src=\"https:\/\/www.atelierdocaractere.pt\/wp-content\/uploads\/2023\/10\/linhares-da-beira-1024x683.jpg\" alt=\"\" class=\"wp-image-11800\" srcset=\"https:\/\/www.atelierdocaractere.pt\/wp-content\/uploads\/2023\/10\/linhares-da-beira-1024x683.jpg 1024w, https:\/\/www.atelierdocaractere.pt\/wp-content\/uploads\/2023\/10\/linhares-da-beira-300x200.jpg 300w, https:\/\/www.atelierdocaractere.pt\/wp-content\/uploads\/2023\/10\/linhares-da-beira-768x512.jpg 768w, https:\/\/www.atelierdocaractere.pt\/wp-content\/uploads\/2023\/10\/linhares-da-beira-1536x1024.jpg 1536w, https:\/\/www.atelierdocaractere.pt\/wp-content\/uploads\/2023\/10\/linhares-da-beira-900x600.jpg 900w, https:\/\/www.atelierdocaractere.pt\/wp-content\/uploads\/2023\/10\/linhares-da-beira-675x450.jpg 675w, https:\/\/www.atelierdocaractere.pt\/wp-content\/uploads\/2023\/10\/linhares-da-beira.jpg 1920w\" sizes=\"(max-width: 1024px) 100vw, 1024px\" \/><\/figure>\n\n\n\n<p>O lan\u00e7amento de\u00a0<a href=\"https:\/\/www.airbnb.pt\/e\/aldeiashitoricaspt\" target=\"_blank\" rel=\"noreferrer noopener\">uma p\u00e1gina inteiramente dedicada \u00e0s Aldeias Hist\u00f3ricas de Portugal<\/a>\u00a0no site da Airbnb surge no seguimento de uma parceria recente entre ambas as institui\u00e7\u00f5es, anunciada em julho deste ano, com vista \u00e0 promo\u00e7\u00e3o do turismo cultural e do patrim\u00f3nio no interior do pa\u00eds. O acordo visa apoiar um equil\u00edbrio territorial na distribui\u00e7\u00e3o dos fluxos tur\u00edsticos, diversificando a oferta e a procura de servi\u00e7os para destinos ancorados no conceito da sustentabilidade, promover a economia local e o com\u00e9rcio justo, por um maior desempenho do crescimento socioecon\u00f3mico nas \u00e1reas rurais.<\/p>\n\n\n\n<p>Ainda recentemente a Airbnb divulgou novos dados que mostram que cerca de 70% das casas hist\u00f3ricas anunciadas na plataforma, na Europa, situam-se em zonas rurais ou urbanas de baixa densidade<a href=\"https:\/\/d.docs.live.net\/b424caa16848f602\/Ambiente%20de%20Trabalho\/Press_AHP_Aldeias%20Hist%C3%B3ricas%20de%20Portugal%20e%20Airbnb_setembro2023.docx#_ftn1\" target=\"_blank\" rel=\"noreferrer noopener\"><sup>[1]<\/sup><\/a>. Seguem-se as zonas urbanas de baixa densidade, com quase 30%, enquanto as zonas urbanas de alta densidade cont\u00eam apenas cerca de 3% das casas hist\u00f3ricas na Airbnb na Europa<a href=\"https:\/\/d.docs.live.net\/b424caa16848f602\/Ambiente%20de%20Trabalho\/Press_AHP_Aldeias%20Hist%C3%B3ricas%20de%20Portugal%20e%20Airbnb_setembro2023.docx#_ftn2\" target=\"_blank\" rel=\"noreferrer noopener\"><sup>[2]<\/sup><\/a>. Em Portugal, mais de 70% dos an\u00fancios na categoria de casas hist\u00f3ricas est\u00e3o localizados em comunidades rurais<a href=\"https:\/\/d.docs.live.net\/b424caa16848f602\/Ambiente%20de%20Trabalho\/Press_AHP_Aldeias%20Hist%C3%B3ricas%20de%20Portugal%20e%20Airbnb_setembro2023.docx#_ftn3\" target=\"_blank\" rel=\"noreferrer noopener\"><sup>[3]<\/sup><\/a>.<\/p>\n\n\n<div class=\"wp-block-image\">\n<figure class=\"aligncenter size-large\"><img decoding=\"async\" width=\"683\" height=\"1024\" src=\"https:\/\/www.atelierdocaractere.pt\/wp-content\/uploads\/2023\/10\/sortelha-683x1024.jpg\" alt=\"\" class=\"wp-image-11796\" srcset=\"https:\/\/www.atelierdocaractere.pt\/wp-content\/uploads\/2023\/10\/sortelha-683x1024.jpg 683w, https:\/\/www.atelierdocaractere.pt\/wp-content\/uploads\/2023\/10\/sortelha-200x300.jpg 200w, https:\/\/www.atelierdocaractere.pt\/wp-content\/uploads\/2023\/10\/sortelha-768x1152.jpg 768w, https:\/\/www.atelierdocaractere.pt\/wp-content\/uploads\/2023\/10\/sortelha-1024x1536.jpg 1024w, https:\/\/www.atelierdocaractere.pt\/wp-content\/uploads\/2023\/10\/sortelha.jpg 1280w\" sizes=\"(max-width: 683px) 100vw, 683px\" \/><\/figure><\/div>\n\n\n<p><strong>Receitas do turismo cultural e do patrim\u00f3nio ajudam a financiar a requalifica\u00e7\u00e3o e reabilita\u00e7\u00e3o do edificado<\/strong><\/p>\n\n\n\n<p>O turismo cultural e do patrim\u00f3nio n\u00e3o s\u00f3 desempenha um papel vital na dispers\u00e3o do turismo para fora dos centros das cidades e na difus\u00e3o dos benef\u00edcios do turismo pelas zonas mais rurais, como tamb\u00e9m pode ajudar na reabilita\u00e7\u00e3o urban\u00edstica e na refuncionaliza\u00e7\u00e3o do edificado, estendendo a vida \u00fatil dos im\u00f3veis e promovendo novas din\u00e2micas como resposta a uma procura mais consciencializada com a import\u00e2ncia da sustentabilidade. Os anfitri\u00f5es na Airbnb oferecem agora mais de 52.000 estadias<a href=\"https:\/\/d.docs.live.net\/b424caa16848f602\/Ambiente%20de%20Trabalho\/Press_AHP_Aldeias%20Hist%C3%B3ricas%20de%20Portugal%20e%20Airbnb_setembro2023.docx#_ftn4\" target=\"_blank\" rel=\"noreferrer noopener\"><sup>[4]<\/sup><\/a>&nbsp; em patrim\u00f3nio na europa, ganhando coletivamente mais de 320 milh\u00f5es de euros desde o lan\u00e7amento da categoria \u2013 com o t\u00edpico anfitri\u00e3o de casa hist\u00f3rica na Airbnb na regi\u00e3o EMEA a ganhar cerca de 5.700 euros desde o lan\u00e7amento<a href=\"https:\/\/d.docs.live.net\/b424caa16848f602\/Ambiente%20de%20Trabalho\/Press_AHP_Aldeias%20Hist%C3%B3ricas%20de%20Portugal%20e%20Airbnb_setembro2023.docx#_ftn5\" target=\"_blank\" rel=\"noreferrer noopener\"><sup>[5]<\/sup><\/a>.<\/p>\n\n\n\n<p>A categoria foi implementada em toda a europa, nomeadamente em Fran\u00e7a, Reino Unido, It\u00e1lia, Espanha, Alemanha, Irlanda, Gr\u00e9cia, Portugal, B\u00e9lgica, Pa\u00edses Baixos, Rep\u00fablica Checa e Dinamarca. Desde ent\u00e3o, foram reservadas mais de 2,5 milh\u00f5es de noites<a href=\"https:\/\/d.docs.live.net\/b424caa16848f602\/Ambiente%20de%20Trabalho\/Press_AHP_Aldeias%20Hist%C3%B3ricas%20de%20Portugal%20e%20Airbnb_setembro2023.docx#_ftn6\" target=\"_blank\" rel=\"noreferrer noopener\"><sup>[6]<\/sup><\/a>.<\/p>\n\n\n<div class=\"wp-block-image\">\n<figure class=\"aligncenter size-large\"><img decoding=\"async\" width=\"683\" height=\"1024\" src=\"https:\/\/www.atelierdocaractere.pt\/wp-content\/uploads\/2023\/10\/trancoso-683x1024.jpg\" alt=\"\" class=\"wp-image-11797\" srcset=\"https:\/\/www.atelierdocaractere.pt\/wp-content\/uploads\/2023\/10\/trancoso-683x1024.jpg 683w, https:\/\/www.atelierdocaractere.pt\/wp-content\/uploads\/2023\/10\/trancoso-200x300.jpg 200w, https:\/\/www.atelierdocaractere.pt\/wp-content\/uploads\/2023\/10\/trancoso-768x1152.jpg 768w, https:\/\/www.atelierdocaractere.pt\/wp-content\/uploads\/2023\/10\/trancoso-1024x1536.jpg 1024w, https:\/\/www.atelierdocaractere.pt\/wp-content\/uploads\/2023\/10\/trancoso.jpg 1280w\" sizes=\"(max-width: 683px) 100vw, 683px\" \/><\/figure><\/div>\n\n\n<p><strong>Sobre a Aldeias Hist\u00f3ricas de Portugal<\/strong><\/p>\n\n\n\n<p>Entre montes e vales da verdejante paisagem do interior de Portugal, repletas de lendas e castelos, sabores e tradi\u00e7\u00f5es, encontram-se 12 singelas aldeias onde apetece perdermo-nos. Almeida, Belmonte, Castelo Mendo, Castelo Novo, Castelo Rodrigo, Idanha-a-Velha, Linhares da Beira, Marialva, Monsanto, Pi\u00f3d\u00e3o, Sortelha e Trancoso: as Aldeias Hist\u00f3ricas de Portugal, um destino que s\u00e3o 12, surgem como para\u00edsos escondidos que nos levam numa viagem ao tempo de reis e rainhas, de \u00e9picas e infinitas batalhas que escreveram a Hist\u00f3ria como a conhecemos hoje. S\u00e3o, ainda, a garantia de momentos inesquec\u00edveis de lazer, aventura e descoberta, temperados com os inigual\u00e1veis aromas e sabores da regi\u00e3o, que comp\u00f5em a sua t\u00edpica gastronomia.<\/p>\n\n\n\n<p>No territ\u00f3rio das Aldeias Hist\u00f3ricas de Portugal h\u00e1 um sem fim de trilhos para caminhadas e percursos de bicicleta e BTT \u2013 como a Grande Rota 22, a maior rota de Walking &amp; Cycling na Europa e em Portugal, com cerca de 600 km. A Grande Rota 22 tem o selo Leading Quality Trails \u2013 Best of Europe, entregue pela European Ramblers Association (Associa\u00e7\u00e3o Europeia de Caminhada).<\/p>\n\n\n\n<p>As Aldeias Hist\u00f3ricas de Portugal s\u00e3o o primeiro destino em rede \u2013 \u00e0 escala mundial \u2013 e o primeiro destino nacional a receber a certifica\u00e7\u00e3o BIOSPHERE DESTINATION. E, em 2020, foram o primeiro destino a n\u00edvel nacional a criar o \u201cManifesto do Turista Respons\u00e1vel\u201d, lembrando aos seus visitantes a import\u00e2ncia do respeito pela natureza.<br><\/p>\n\n\n\n<p><strong>Sobre a Airbnb<\/strong><\/p>\n\n\n\n<p>A Airbnb nasceu em 2007 quando dois anfitri\u00f5es receberam tr\u00eas h\u00f3spedes na sua casa em S\u00e3o Francisco, e desde ent\u00e3o cresceu para mais de 4 milh\u00f5es de anfitri\u00f5es que receberam mais de 1,4 mil milh\u00f5es de h\u00f3spedes em quase todos os pa\u00edses do mundo. Todos os dias, os anfitri\u00f5es oferecem estadias e experi\u00eancias \u00fanicas que tornam poss\u00edvel aos h\u00f3spedes ligarem-se \u00e0s comunidades de uma forma mais aut\u00eantica.<\/p>\n\n\n\n<hr class=\"wp-block-separator has-alpha-channel-opacity\" \/>\n\n\n\n<p><a href=\"https:\/\/d.docs.live.net\/b424caa16848f602\/Ambiente%20de%20Trabalho\/Press_AHP_Aldeias%20Hist%C3%B3ricas%20de%20Portugal%20e%20Airbnb_setembro2023.docx#_ftnref1\" target=\"_blank\" rel=\"noreferrer noopener\"><sup>[1]<\/sup><\/a>&nbsp;Defini\u00e7\u00e3o de urbano vs. rural com base em imagens de sat\u00e9lite globais e dados sobre a densidade populacional retirados de um projeto global de&nbsp;<a href=\"https:\/\/cmr.earthdata.nasa.gov\/search\/concepts\/C2210238389-SEDAC.html\" target=\"_blank\" rel=\"noreferrer noopener\">mapeamento rural-urbano<\/a>&nbsp;da NASA.<\/p>\n\n\n\n<p><a href=\"https:\/\/d.docs.live.net\/b424caa16848f602\/Ambiente%20de%20Trabalho\/Press_AHP_Aldeias%20Hist%C3%B3ricas%20de%20Portugal%20e%20Airbnb_setembro2023.docx#_ftnref2\" target=\"_blank\" rel=\"noreferrer noopener\"><sup>[2]<\/sup><\/a>Analisando os dados das Casas Hist\u00f3ricas na Airbnb, comparando a alta densidade urbana com a rural e a baixa densidade urbana. Dados exactos a partir de 30 de junho de 2023.<\/p>\n\n\n\n<p><a href=\"https:\/\/d.docs.live.net\/b424caa16848f602\/Ambiente%20de%20Trabalho\/Press_AHP_Aldeias%20Hist%C3%B3ricas%20de%20Portugal%20e%20Airbnb_setembro2023.docx#_ftnref3\" target=\"_blank\" rel=\"noreferrer noopener\"><sup>[3]<\/sup><\/a>Percentagem de casas hist\u00f3ricas localizadas em \u00e1reas n\u00e3o urbanas em Portugal at\u00e9 mar\u00e7o de 2023.<\/p>\n\n\n\n<p><a href=\"https:\/\/d.docs.live.net\/b424caa16848f602\/Ambiente%20de%20Trabalho\/Press_AHP_Aldeias%20Hist%C3%B3ricas%20de%20Portugal%20e%20Airbnb_setembro2023.docx#_ftnref4\" target=\"_blank\" rel=\"noreferrer noopener\"><sup>[4]<\/sup><\/a>Casas Hist\u00f3ricas ativas na Airbnb. A partir de 30 de junho de 2023.<\/p>\n\n\n\n<p><a href=\"https:\/\/d.docs.live.net\/b424caa16848f602\/Ambiente%20de%20Trabalho\/Press_AHP_Aldeias%20Hist%C3%B3ricas%20de%20Portugal%20e%20Airbnb_setembro2023.docx#_ftnref5\" target=\"_blank\" rel=\"noreferrer noopener\"><sup>[5]<\/sup><\/a>Ganhos t\u00edpicos do anfitri\u00e3o de alojamentos na categoria de Casas Hist\u00f3ricas por pa\u00eds, entre o lan\u00e7amento da categoria e 30 de junho de 2023.<\/p>\n\n\n\n<p><a href=\"https:\/\/d.docs.live.net\/b424caa16848f602\/Ambiente%20de%20Trabalho\/Press_AHP_Aldeias%20Hist%C3%B3ricas%20de%20Portugal%20e%20Airbnb_setembro2023.docx#_ftnref6\" target=\"_blank\" rel=\"noreferrer noopener\"><sup>[6]<\/sup><\/a>Total de noites reservadas na categoria de Casas Hist\u00f3ricas desde o seu lan\u00e7amento, de maio de 2022 a junho de 2023.<\/p>\n","protected":false},"excerpt":{"rendered":"<p>A Aldeias Hist\u00f3ricas de Portugal \u2013 Associa\u00e7\u00e3o de Desenvolvimento Tur\u00edstico (AHP \u2013 ADT) e a Airbnb est\u00e3o a trabalhar em&#8230;<\/p>\n","protected":false},"author":7,"featured_media":11798,"comment_status":"closed","ping_status":"open","sticky":false,"template":"","format":"standard","meta":[],"categories":[39],"tags":[593,371,349],"yoast_head":"<!-- This site is optimized with the Yoast SEO plugin v20.12 - https:\/\/yoast.com\/wordpress\/plugins\/seo\/ -->\n<title>Aldeias Hist\u00f3ricas de Portugal e Airbnb promovem potencial cultural e hist\u00f3rico do destino - Atelier do Caractere<\/title>\n<meta name=\"robots\" content=\"index, follow, max-snippet:-1, max-image-preview:large, max-video-preview:-1\" \/>\n<link rel=\"canonical\" href=\"https:\/\/www.atelierdocaractere.pt\/brevemente\/aldeias-historicas-de-portugal-e-airbnb-promovem-potencial-cultural-e-historico-do-destino\/\" \/>\n<meta property=\"og:locale\" content=\"pt_PT\" \/>\n<meta property=\"og:type\" content=\"article\" \/>\n<meta property=\"og:title\" content=\"Aldeias Hist\u00f3ricas de Portugal e Airbnb promovem potencial cultural e hist\u00f3rico do destino - Atelier do Caractere\" \/>\n<meta property=\"og:description\" content=\"A Aldeias Hist\u00f3ricas de Portugal \u2013 Associa\u00e7\u00e3o de Desenvolvimento Tur\u00edstico (AHP \u2013 ADT) e a Airbnb est\u00e3o a trabalhar em...\" \/>\n<meta property=\"og:url\" content=\"https:\/\/www.atelierdocaractere.pt\/brevemente\/aldeias-historicas-de-portugal-e-airbnb-promovem-potencial-cultural-e-historico-do-destino\/\" \/>\n<meta property=\"og:site_name\" content=\"Atelier do Caractere\" \/>\n<meta property=\"article:publisher\" content=\"https:\/\/www.facebook.com\/AtelierdoCaractere\" \/>\n<meta property=\"article:published_time\" content=\"2023-10-02T16:08:01+00:00\" \/>\n<meta property=\"article:modified_time\" content=\"2023-10-03T16:15:31+00:00\" \/>\n<meta property=\"og:image\" content=\"https:\/\/www.atelierdocaractere.pt\/wp-content\/uploads\/2023\/10\/marialva.jpg\" \/>\n\t<meta property=\"og:image:width\" content=\"1920\" \/>\n\t<meta property=\"og:image:height\" content=\"1281\" \/>\n\t<meta property=\"og:image:type\" content=\"image\/jpeg\" \/>\n<meta name=\"author\" content=\"Joana Barbosa\" \/>\n<meta name=\"twitter:card\" content=\"summary_large_image\" \/>\n<meta name=\"twitter:label1\" content=\"Escrito por\" \/>\n\t<meta name=\"twitter:data1\" content=\"Joana Barbosa\" \/>\n\t<meta name=\"twitter:label2\" content=\"Tempo estimado de leitura\" \/>\n\t<meta name=\"twitter:data2\" content=\"6 minutos\" \/>\n<script type=\"application\/ld+json\" class=\"yoast-schema-graph\">{\"@context\":\"https:\/\/schema.org\",\"@graph\":[{\"@type\":\"WebPage\",\"@id\":\"https:\/\/www.atelierdocaractere.pt\/brevemente\/aldeias-historicas-de-portugal-e-airbnb-promovem-potencial-cultural-e-historico-do-destino\/\",\"url\":\"https:\/\/www.atelierdocaractere.pt\/brevemente\/aldeias-historicas-de-portugal-e-airbnb-promovem-potencial-cultural-e-historico-do-destino\/\",\"name\":\"Aldeias Hist\u00f3ricas de Portugal e Airbnb promovem potencial cultural e hist\u00f3rico do destino - Atelier do Caractere\",\"isPartOf\":{\"@id\":\"https:\/\/www.atelierdocaractere.pt\/brevemente\/#website\"},\"datePublished\":\"2023-10-02T16:08:01+00:00\",\"dateModified\":\"2023-10-03T16:15:31+00:00\",\"author\":{\"@id\":\"https:\/\/www.atelierdocaractere.pt\/brevemente\/#\/schema\/person\/f2f096eb0f27d9894725af22cb97c0db\"},\"breadcrumb\":{\"@id\":\"https:\/\/www.atelierdocaractere.pt\/brevemente\/aldeias-historicas-de-portugal-e-airbnb-promovem-potencial-cultural-e-historico-do-destino\/#breadcrumb\"},\"inLanguage\":\"pt-PT\",\"potentialAction\":[{\"@type\":\"ReadAction\",\"target\":[\"https:\/\/www.atelierdocaractere.pt\/brevemente\/aldeias-historicas-de-portugal-e-airbnb-promovem-potencial-cultural-e-historico-do-destino\/\"]}]},{\"@type\":\"BreadcrumbList\",\"@id\":\"https:\/\/www.atelierdocaractere.pt\/brevemente\/aldeias-historicas-de-portugal-e-airbnb-promovem-potencial-cultural-e-historico-do-destino\/#breadcrumb\",\"itemListElement\":[{\"@type\":\"ListItem\",\"position\":1,\"name\":\"In\u00edcio\",\"item\":\"https:\/\/www.atelierdocaractere.pt\/brevemente\/\"},{\"@type\":\"ListItem\",\"position\":2,\"name\":\"Aldeias Hist\u00f3ricas de Portugal e Airbnb promovem potencial cultural e hist\u00f3rico do destino\"}]},{\"@type\":\"WebSite\",\"@id\":\"https:\/\/www.atelierdocaractere.pt\/brevemente\/#website\",\"url\":\"https:\/\/www.atelierdocaractere.pt\/brevemente\/\",\"name\":\"Atelier do Caractere\",\"description\":\"\",\"potentialAction\":[{\"@type\":\"SearchAction\",\"target\":{\"@type\":\"EntryPoint\",\"urlTemplate\":\"https:\/\/www.atelierdocaractere.pt\/brevemente\/?s={search_term_string}\"},\"query-input\":\"required name=search_term_string\"}],\"inLanguage\":\"pt-PT\"},{\"@type\":\"Person\",\"@id\":\"https:\/\/www.atelierdocaractere.pt\/brevemente\/#\/schema\/person\/f2f096eb0f27d9894725af22cb97c0db\",\"name\":\"Joana Barbosa\",\"image\":{\"@type\":\"ImageObject\",\"inLanguage\":\"pt-PT\",\"@id\":\"https:\/\/www.atelierdocaractere.pt\/brevemente\/#\/schema\/person\/image\/\",\"url\":\"https:\/\/secure.gravatar.com\/avatar\/33e8214b45e9d68a3a83008731075979?s=96&d=mm&r=g\",\"contentUrl\":\"https:\/\/secure.gravatar.com\/avatar\/33e8214b45e9d68a3a83008731075979?s=96&d=mm&r=g\",\"caption\":\"Joana Barbosa\"},\"url\":\"https:\/\/www.atelierdocaractere.pt\/brevemente\/author\/joanabarbosa\/\"}]}<\/script>\n<!-- \/ Yoast SEO plugin. -->","yoast_head_json":{"title":"Aldeias Hist\u00f3ricas de Portugal e Airbnb promovem potencial cultural e hist\u00f3rico do destino - Atelier do Caractere","robots":{"index":"index","follow":"follow","max-snippet":"max-snippet:-1","max-image-preview":"max-image-preview:large","max-video-preview":"max-video-preview:-1"},"canonical":"https:\/\/www.atelierdocaractere.pt\/brevemente\/aldeias-historicas-de-portugal-e-airbnb-promovem-potencial-cultural-e-historico-do-destino\/","og_locale":"pt_PT","og_type":"article","og_title":"Aldeias Hist\u00f3ricas de Portugal e Airbnb promovem potencial cultural e hist\u00f3rico do destino - Atelier do Caractere","og_description":"A Aldeias Hist\u00f3ricas de Portugal \u2013 Associa\u00e7\u00e3o de Desenvolvimento Tur\u00edstico (AHP \u2013 ADT) e a Airbnb est\u00e3o a trabalhar em...","og_url":"https:\/\/www.atelierdocaractere.pt\/brevemente\/aldeias-historicas-de-portugal-e-airbnb-promovem-potencial-cultural-e-historico-do-destino\/","og_site_name":"Atelier do Caractere","article_publisher":"https:\/\/www.facebook.com\/AtelierdoCaractere","article_published_time":"2023-10-02T16:08:01+00:00","article_modified_time":"2023-10-03T16:15:31+00:00","og_image":[{"width":1920,"height":1281,"url":"https:\/\/www.atelierdocaractere.pt\/wp-content\/uploads\/2023\/10\/marialva.jpg","type":"image\/jpeg"}],"author":"Joana Barbosa","twitter_card":"summary_large_image","twitter_misc":{"Escrito por":"Joana Barbosa","Tempo estimado de leitura":"6 minutos"},"schema":{"@context":"https:\/\/schema.org","@graph":[{"@type":"WebPage","@id":"https:\/\/www.atelierdocaractere.pt\/brevemente\/aldeias-historicas-de-portugal-e-airbnb-promovem-potencial-cultural-e-historico-do-destino\/","url":"https:\/\/www.atelierdocaractere.pt\/brevemente\/aldeias-historicas-de-portugal-e-airbnb-promovem-potencial-cultural-e-historico-do-destino\/","name":"Aldeias Hist\u00f3ricas de Portugal e Airbnb promovem potencial cultural e hist\u00f3rico do destino - Atelier do Caractere","isPartOf":{"@id":"https:\/\/www.atelierdocaractere.pt\/brevemente\/#website"},"datePublished":"2023-10-02T16:08:01+00:00","dateModified":"2023-10-03T16:15:31+00:00","author":{"@id":"https:\/\/www.atelierdocaractere.pt\/brevemente\/#\/schema\/person\/f2f096eb0f27d9894725af22cb97c0db"},"breadcrumb":{"@id":"https:\/\/www.atelierdocaractere.pt\/brevemente\/aldeias-historicas-de-portugal-e-airbnb-promovem-potencial-cultural-e-historico-do-destino\/#breadcrumb"},"inLanguage":"pt-PT","potentialAction":[{"@type":"ReadAction","target":["https:\/\/www.atelierdocaractere.pt\/brevemente\/aldeias-historicas-de-portugal-e-airbnb-promovem-potencial-cultural-e-historico-do-destino\/"]}]},{"@type":"BreadcrumbList","@id":"https:\/\/www.atelierdocaractere.pt\/brevemente\/aldeias-historicas-de-portugal-e-airbnb-promovem-potencial-cultural-e-historico-do-destino\/#breadcrumb","itemListElement":[{"@type":"ListItem","position":1,"name":"In\u00edcio","item":"https:\/\/www.atelierdocaractere.pt\/brevemente\/"},{"@type":"ListItem","position":2,"name":"Aldeias Hist\u00f3ricas de Portugal e Airbnb promovem potencial cultural e hist\u00f3rico do destino"}]},{"@type":"WebSite","@id":"https:\/\/www.atelierdocaractere.pt\/brevemente\/#website","url":"https:\/\/www.atelierdocaractere.pt\/brevemente\/","name":"Atelier do Caractere","description":"","potentialAction":[{"@type":"SearchAction","target":{"@type":"EntryPoint","urlTemplate":"https:\/\/www.atelierdocaractere.pt\/brevemente\/?s={search_term_string}"},"query-input":"required name=search_term_string"}],"inLanguage":"pt-PT"},{"@type":"Person","@id":"https:\/\/www.atelierdocaractere.pt\/brevemente\/#\/schema\/person\/f2f096eb0f27d9894725af22cb97c0db","name":"Joana Barbosa","image":{"@type":"ImageObject","inLanguage":"pt-PT","@id":"https:\/\/www.atelierdocaractere.pt\/brevemente\/#\/schema\/person\/image\/","url":"https:\/\/secure.gravatar.com\/avatar\/33e8214b45e9d68a3a83008731075979?s=96&d=mm&r=g","contentUrl":"https:\/\/secure.gravatar.com\/avatar\/33e8214b45e9d68a3a83008731075979?s=96&d=mm&r=g","caption":"Joana Barbosa"},"url":"https:\/\/www.atelierdocaractere.pt\/brevemente\/author\/joanabarbosa\/"}]}},"_links":{"self":[{"href":"https:\/\/www.atelierdocaractere.pt\/brevemente\/wp-json\/wp\/v2\/posts\/11795"}],"collection":[{"href":"https:\/\/www.atelierdocaractere.pt\/brevemente\/wp-json\/wp\/v2\/posts"}],"about":[{"href":"https:\/\/www.atelierdocaractere.pt\/brevemente\/wp-json\/wp\/v2\/types\/post"}],"author":[{"embeddable":true,"href":"https:\/\/www.atelierdocaractere.pt\/brevemente\/wp-json\/wp\/v2\/users\/7"}],"replies":[{"embeddable":true,"href":"https:\/\/www.atelierdocaractere.pt\/brevemente\/wp-json\/wp\/v2\/comments?post=11795"}],"version-history":[{"count":1,"href":"https:\/\/www.atelierdocaractere.pt\/brevemente\/wp-json\/wp\/v2\/posts\/11795\/revisions"}],"predecessor-version":[{"id":11801,"href":"https:\/\/www.atelierdocaractere.pt\/brevemente\/wp-json\/wp\/v2\/posts\/11795\/revisions\/11801"}],"wp:featuredmedia":[{"embeddable":true,"href":"https:\/\/www.atelierdocaractere.pt\/brevemente\/wp-json\/wp\/v2\/media\/11798"}],"wp:attachment":[{"href":"https:\/\/www.atelierdocaractere.pt\/brevemente\/wp-json\/wp\/v2\/media?parent=11795"}],"wp:term":[{"taxonomy":"category","embeddable":true,"href":"https:\/\/www.atelierdocaractere.pt\/brevemente\/wp-json\/wp\/v2\/categories?post=11795"},{"taxonomy":"post_tag","embeddable":true,"href":"https:\/\/www.atelierdocaractere.pt\/brevemente\/wp-json\/wp\/v2\/tags?post=11795"}],"curies":[{"name":"wp","href":"https:\/\/api.w.org\/{rel}","templated":true}]}}