{"id":11803,"date":"2023-10-02T18:41:55","date_gmt":"2023-10-02T18:41:55","guid":{"rendered":"https:\/\/www.atelierdocaractere.pt\/brevemente\/?p=11803"},"modified":"2023-10-03T18:44:35","modified_gmt":"2023-10-03T18:44:35","slug":"rally-de-portugal-historico-arranca-amanha-em-lisboa-com-81-equipas","status":"publish","type":"post","link":"https:\/\/www.atelierdocaractere.pt\/brevemente\/rally-de-portugal-historico-arranca-amanha-em-lisboa-com-81-equipas\/","title":{"rendered":"Rally de Portugal Hist\u00f3rico arranca amanh\u00e3 em Lisboa com 81 equipas"},"content":{"rendered":"\n<p><strong>A 17.\u00aa edi\u00e7\u00e3o do Rally de Portugal Hist\u00f3rico arranca, esta ter\u00e7a-feira, do Parque Eduardo VII, em Lisboa, para um percurso com mais de dois mil quil\u00f3metros, que atravessa diferentes regi\u00f5es do pa\u00eds. A prova de regularidade hist\u00f3rica do ACP revive a hist\u00f3ria dos ralis em Portugal at\u00e9 ao pr\u00f3ximo s\u00e1bado.<\/strong><\/p>\n\n\n\n<p>Poucas provas de regularidade na Europa atingem o estatuto do Rally de Portugal Hist\u00f3rico, que este ano tem 81 equipas inscritas, oriundas de Portugal, B\u00e9lgica, Fran\u00e7a, Espanha, It\u00e1lia, Let\u00f3nia, Litu\u00e2nia, Reino Unido, R\u00fassia e Su\u00ed\u00e7a. O prest\u00edgio e a dimens\u00e3o internacional da prova do Autom\u00f3vel Club de Portugal ficam expressos na percentagem de equipas estrangeiras \u2013 87% &#8211; que, esta ter\u00e7a-feira, v\u00e3o partir de Lisboa.<\/p>\n\n\n\n<p>Para todos os concorrentes, o desafio \u00e9 levar algumas das m\u00e1quinas que fizeram a hist\u00f3ria dos ralis a um percurso de mais de dois mil quil\u00f3metros, por entre algumas das mais belas estradas e regi\u00f5es de Portugal. De ter\u00e7a-feira a s\u00e1bado (a prova termina \u00e0s primeiras horas da madrugada de s\u00e1bado), as equipas enfrentam quatro etapas e 10 sec\u00e7\u00f5es.<\/p>\n\n\n\n<figure class=\"wp-block-image size-large\"><img decoding=\"async\" width=\"1024\" height=\"683\" src=\"https:\/\/www.atelierdocaractere.pt\/wp-content\/uploads\/2023\/10\/rph-3-1024x683.jpeg\" alt=\"\" class=\"wp-image-11804\" srcset=\"https:\/\/www.atelierdocaractere.pt\/wp-content\/uploads\/2023\/10\/rph-3-1024x683.jpeg 1024w, https:\/\/www.atelierdocaractere.pt\/wp-content\/uploads\/2023\/10\/rph-3-300x200.jpeg 300w, https:\/\/www.atelierdocaractere.pt\/wp-content\/uploads\/2023\/10\/rph-3-768x512.jpeg 768w, https:\/\/www.atelierdocaractere.pt\/wp-content\/uploads\/2023\/10\/rph-3-1536x1024.jpeg 1536w, https:\/\/www.atelierdocaractere.pt\/wp-content\/uploads\/2023\/10\/rph-3-900x600.jpeg 900w, https:\/\/www.atelierdocaractere.pt\/wp-content\/uploads\/2023\/10\/rph-3-675x450.jpeg 675w, https:\/\/www.atelierdocaractere.pt\/wp-content\/uploads\/2023\/10\/rph-3.jpeg 1920w\" sizes=\"(max-width: 1024px) 100vw, 1024px\" \/><\/figure>\n\n\n\n<p><strong>Lisboa acolhe partida e chegada<\/strong><\/p>\n\n\n\n<p>Uma das grandes novidades da edi\u00e7\u00e3o deste ano \u00e9 a partida e chegada em Lisboa, com o Parque Eduardo VII a receber a caravana da prova. As m\u00e1quinas que fizeram hist\u00f3ria nos ralis est\u00e3o em exposi\u00e7\u00e3o no in\u00edcio do recinto, junto \u00e0 rotunda do Marqu\u00eas de Pombal.<\/p>\n\n\n\n<p>Esta segunda-feira, os concorrentes fazem as verifica\u00e7\u00f5es administrativas na sede do ACP, na Rua Rosa Ara\u00fajo. Depois, as m\u00e1quinas do rali passam pelas verifica\u00e7\u00f5es t\u00e9cnicas, no Parque Eduardo VII, entrando em parque fechado, at\u00e9 \u00e0 partida oficial do rali, marcada para as 12h30 de ter\u00e7a-feira, numa cerim\u00f3nia aberta ao p\u00fablico.<\/p>\n\n\n\n<p>Os detalhes do percurso s\u00e3o secretos, como \u00e9 pr\u00f3prio destas provas de Regularidade, mas as equipas v\u00e3o passar por v\u00e1rios locais que ficaram para sempre associados ao Rally de Portugal.<\/p>\n\n\n\n<p>A etapa de ter\u00e7a-feira leva os concorrentes da capital portuguesa at\u00e9 \u00e0 Figueira da Foz. No dia seguinte, a liga\u00e7\u00e3o entre a Figueira da Foz e Viseu atravessa locais de grande beleza c\u00e9nica na regi\u00e3o Centro, como a Barragem da Aguieira. Na quinta-feira, Viseu \u00e9 o local de partida e chegada da pen\u00faltima etapa, que ter\u00e1 tamb\u00e9m incurs\u00f5es j\u00e1 tradicionais \u00e0s regi\u00f5es do Minho e Tr\u00e1s-os-Montes. A longa e decisiva etapa de sexta-feira, com in\u00edcio em Viseu, leva os concorrentes de regresso a Lisboa, mas com passagens emblem\u00e1ticas por Arganil e pela famosa noite de Sintra, que antecede a chegada ao Parque Eduardo VII, em Lisboa.<\/p>\n\n\n\n<figure class=\"wp-block-image size-large\"><img decoding=\"async\" width=\"1024\" height=\"683\" src=\"https:\/\/www.atelierdocaractere.pt\/wp-content\/uploads\/2023\/10\/rph-2-1-1024x683.jpg\" alt=\"\" class=\"wp-image-11805\" srcset=\"https:\/\/www.atelierdocaractere.pt\/wp-content\/uploads\/2023\/10\/rph-2-1-1024x683.jpg 1024w, https:\/\/www.atelierdocaractere.pt\/wp-content\/uploads\/2023\/10\/rph-2-1-300x200.jpg 300w, https:\/\/www.atelierdocaractere.pt\/wp-content\/uploads\/2023\/10\/rph-2-1-768x512.jpg 768w, https:\/\/www.atelierdocaractere.pt\/wp-content\/uploads\/2023\/10\/rph-2-1-900x600.jpg 900w, https:\/\/www.atelierdocaractere.pt\/wp-content\/uploads\/2023\/10\/rph-2-1-675x450.jpg 675w, https:\/\/www.atelierdocaractere.pt\/wp-content\/uploads\/2023\/10\/rph-2-1.jpg 1500w\" sizes=\"(max-width: 1024px) 100vw, 1024px\" \/><\/figure>\n\n\n\n<p><strong>M\u00e1quinas com hist\u00f3ria<\/strong><\/p>\n\n\n\n<p>No pelot\u00e3o est\u00e3o os vencedores do ano passado, os belgas Yves Deflandre e Jennifer Hugo, que em 2022 levaram o seu Porsche 911 ao terceiro triunfo no Rally de Portugal Hist\u00f3rico, igualando o recorde de triunfos de Jo\u00e3o Mexia Leit\u00e3o e Nuno Sales Machado.<\/p>\n\n\n\n<p>O franc\u00eas Christophe Berteloot, navegado pelo belga Baptiste Gengoux, tamb\u00e9m repete presen\u00e7a este ano, tentando melhorar o segundo lugar do ano passado, ao volante de outro Porsche 911 SC.<\/p>\n\n\n\n<p>O carro alem\u00e3o \u00e9 uma das m\u00e1quinas mais competitivas em provas deste g\u00e9nero, mas o parque autom\u00f3vel do Rally de Portugal Hist\u00f3rico \u00e9 variado e inclui modelos como um Austin Healey 100\/6 de 1957, o carro mais antigo em prova, diferentes vers\u00f5es do Ford Escort RS, dois Alfa Romeo Giulia Sprint, um Opel Ascona, um Chevrolet Camaro, ou exemplares mais contempor\u00e2neos, como os Renault 5 GT Turbo ou os Lancia Delta Integrale.<\/p>\n","protected":false},"excerpt":{"rendered":"<p>A 17.\u00aa edi\u00e7\u00e3o do Rally de Portugal Hist\u00f3rico arranca, esta ter\u00e7a-feira, do Parque Eduardo VII, em Lisboa, para um percurso&#8230;<\/p>\n","protected":false},"author":7,"featured_media":11806,"comment_status":"closed","ping_status":"open","sticky":false,"template":"","format":"standard","meta":[],"categories":[24],"tags":[433,435],"yoast_head":"<!-- This site is optimized with the Yoast SEO plugin v20.12 - https:\/\/yoast.com\/wordpress\/plugins\/seo\/ -->\n<title>Rally de Portugal Hist\u00f3rico arranca amanh\u00e3 em Lisboa com 81 equipas - Atelier do Caractere<\/title>\n<meta name=\"robots\" content=\"index, follow, max-snippet:-1, max-image-preview:large, max-video-preview:-1\" \/>\n<link rel=\"canonical\" href=\"https:\/\/www.atelierdocaractere.pt\/brevemente\/rally-de-portugal-historico-arranca-amanha-em-lisboa-com-81-equipas\/\" \/>\n<meta property=\"og:locale\" content=\"pt_PT\" \/>\n<meta property=\"og:type\" content=\"article\" \/>\n<meta property=\"og:title\" content=\"Rally de Portugal Hist\u00f3rico arranca amanh\u00e3 em Lisboa com 81 equipas - Atelier do Caractere\" \/>\n<meta property=\"og:description\" content=\"A 17.\u00aa edi\u00e7\u00e3o do Rally de Portugal Hist\u00f3rico arranca, esta ter\u00e7a-feira, do Parque Eduardo VII, em Lisboa, para um percurso...\" \/>\n<meta property=\"og:url\" content=\"https:\/\/www.atelierdocaractere.pt\/brevemente\/rally-de-portugal-historico-arranca-amanha-em-lisboa-com-81-equipas\/\" \/>\n<meta property=\"og:site_name\" content=\"Atelier do Caractere\" \/>\n<meta property=\"article:publisher\" content=\"https:\/\/www.facebook.com\/AtelierdoCaractere\" \/>\n<meta property=\"article:published_time\" content=\"2023-10-02T18:41:55+00:00\" \/>\n<meta property=\"article:modified_time\" content=\"2023-10-03T18:44:35+00:00\" \/>\n<meta property=\"og:image\" content=\"https:\/\/www.atelierdocaractere.pt\/wp-content\/uploads\/2023\/10\/rph-1-1.jpg\" \/>\n\t<meta property=\"og:image:width\" content=\"1920\" \/>\n\t<meta property=\"og:image:height\" content=\"1280\" \/>\n\t<meta property=\"og:image:type\" content=\"image\/jpeg\" \/>\n<meta name=\"author\" content=\"Joana Barbosa\" \/>\n<meta name=\"twitter:card\" content=\"summary_large_image\" \/>\n<meta name=\"twitter:label1\" content=\"Escrito por\" \/>\n\t<meta name=\"twitter:data1\" content=\"Joana Barbosa\" \/>\n\t<meta name=\"twitter:label2\" content=\"Tempo estimado de leitura\" \/>\n\t<meta name=\"twitter:data2\" content=\"4 minutos\" \/>\n<script type=\"application\/ld+json\" class=\"yoast-schema-graph\">{\"@context\":\"https:\/\/schema.org\",\"@graph\":[{\"@type\":\"WebPage\",\"@id\":\"https:\/\/www.atelierdocaractere.pt\/brevemente\/rally-de-portugal-historico-arranca-amanha-em-lisboa-com-81-equipas\/\",\"url\":\"https:\/\/www.atelierdocaractere.pt\/brevemente\/rally-de-portugal-historico-arranca-amanha-em-lisboa-com-81-equipas\/\",\"name\":\"Rally de Portugal Hist\u00f3rico arranca amanh\u00e3 em Lisboa com 81 equipas - Atelier do Caractere\",\"isPartOf\":{\"@id\":\"https:\/\/www.atelierdocaractere.pt\/brevemente\/#website\"},\"datePublished\":\"2023-10-02T18:41:55+00:00\",\"dateModified\":\"2023-10-03T18:44:35+00:00\",\"author\":{\"@id\":\"https:\/\/www.atelierdocaractere.pt\/brevemente\/#\/schema\/person\/f2f096eb0f27d9894725af22cb97c0db\"},\"breadcrumb\":{\"@id\":\"https:\/\/www.atelierdocaractere.pt\/brevemente\/rally-de-portugal-historico-arranca-amanha-em-lisboa-com-81-equipas\/#breadcrumb\"},\"inLanguage\":\"pt-PT\",\"potentialAction\":[{\"@type\":\"ReadAction\",\"target\":[\"https:\/\/www.atelierdocaractere.pt\/brevemente\/rally-de-portugal-historico-arranca-amanha-em-lisboa-com-81-equipas\/\"]}]},{\"@type\":\"BreadcrumbList\",\"@id\":\"https:\/\/www.atelierdocaractere.pt\/brevemente\/rally-de-portugal-historico-arranca-amanha-em-lisboa-com-81-equipas\/#breadcrumb\",\"itemListElement\":[{\"@type\":\"ListItem\",\"position\":1,\"name\":\"In\u00edcio\",\"item\":\"https:\/\/www.atelierdocaractere.pt\/brevemente\/\"},{\"@type\":\"ListItem\",\"position\":2,\"name\":\"Rally de Portugal Hist\u00f3rico arranca amanh\u00e3 em Lisboa com 81 equipas\"}]},{\"@type\":\"WebSite\",\"@id\":\"https:\/\/www.atelierdocaractere.pt\/brevemente\/#website\",\"url\":\"https:\/\/www.atelierdocaractere.pt\/brevemente\/\",\"name\":\"Atelier do Caractere\",\"description\":\"\",\"potentialAction\":[{\"@type\":\"SearchAction\",\"target\":{\"@type\":\"EntryPoint\",\"urlTemplate\":\"https:\/\/www.atelierdocaractere.pt\/brevemente\/?s={search_term_string}\"},\"query-input\":\"required name=search_term_string\"}],\"inLanguage\":\"pt-PT\"},{\"@type\":\"Person\",\"@id\":\"https:\/\/www.atelierdocaractere.pt\/brevemente\/#\/schema\/person\/f2f096eb0f27d9894725af22cb97c0db\",\"name\":\"Joana Barbosa\",\"image\":{\"@type\":\"ImageObject\",\"inLanguage\":\"pt-PT\",\"@id\":\"https:\/\/www.atelierdocaractere.pt\/brevemente\/#\/schema\/person\/image\/\",\"url\":\"https:\/\/secure.gravatar.com\/avatar\/33e8214b45e9d68a3a83008731075979?s=96&d=mm&r=g\",\"contentUrl\":\"https:\/\/secure.gravatar.com\/avatar\/33e8214b45e9d68a3a83008731075979?s=96&d=mm&r=g\",\"caption\":\"Joana Barbosa\"},\"url\":\"https:\/\/www.atelierdocaractere.pt\/brevemente\/author\/joanabarbosa\/\"}]}<\/script>\n<!-- \/ Yoast SEO plugin. -->","yoast_head_json":{"title":"Rally de Portugal Hist\u00f3rico arranca amanh\u00e3 em Lisboa com 81 equipas - Atelier do Caractere","robots":{"index":"index","follow":"follow","max-snippet":"max-snippet:-1","max-image-preview":"max-image-preview:large","max-video-preview":"max-video-preview:-1"},"canonical":"https:\/\/www.atelierdocaractere.pt\/brevemente\/rally-de-portugal-historico-arranca-amanha-em-lisboa-com-81-equipas\/","og_locale":"pt_PT","og_type":"article","og_title":"Rally de Portugal Hist\u00f3rico arranca amanh\u00e3 em Lisboa com 81 equipas - Atelier do Caractere","og_description":"A 17.\u00aa edi\u00e7\u00e3o do Rally de Portugal Hist\u00f3rico arranca, esta ter\u00e7a-feira, do Parque Eduardo VII, em Lisboa, para um percurso...","og_url":"https:\/\/www.atelierdocaractere.pt\/brevemente\/rally-de-portugal-historico-arranca-amanha-em-lisboa-com-81-equipas\/","og_site_name":"Atelier do Caractere","article_publisher":"https:\/\/www.facebook.com\/AtelierdoCaractere","article_published_time":"2023-10-02T18:41:55+00:00","article_modified_time":"2023-10-03T18:44:35+00:00","og_image":[{"width":1920,"height":1280,"url":"https:\/\/www.atelierdocaractere.pt\/wp-content\/uploads\/2023\/10\/rph-1-1.jpg","type":"image\/jpeg"}],"author":"Joana Barbosa","twitter_card":"summary_large_image","twitter_misc":{"Escrito por":"Joana Barbosa","Tempo estimado de leitura":"4 minutos"},"schema":{"@context":"https:\/\/schema.org","@graph":[{"@type":"WebPage","@id":"https:\/\/www.atelierdocaractere.pt\/brevemente\/rally-de-portugal-historico-arranca-amanha-em-lisboa-com-81-equipas\/","url":"https:\/\/www.atelierdocaractere.pt\/brevemente\/rally-de-portugal-historico-arranca-amanha-em-lisboa-com-81-equipas\/","name":"Rally de Portugal Hist\u00f3rico arranca amanh\u00e3 em Lisboa com 81 equipas - Atelier do Caractere","isPartOf":{"@id":"https:\/\/www.atelierdocaractere.pt\/brevemente\/#website"},"datePublished":"2023-10-02T18:41:55+00:00","dateModified":"2023-10-03T18:44:35+00:00","author":{"@id":"https:\/\/www.atelierdocaractere.pt\/brevemente\/#\/schema\/person\/f2f096eb0f27d9894725af22cb97c0db"},"breadcrumb":{"@id":"https:\/\/www.atelierdocaractere.pt\/brevemente\/rally-de-portugal-historico-arranca-amanha-em-lisboa-com-81-equipas\/#breadcrumb"},"inLanguage":"pt-PT","potentialAction":[{"@type":"ReadAction","target":["https:\/\/www.atelierdocaractere.pt\/brevemente\/rally-de-portugal-historico-arranca-amanha-em-lisboa-com-81-equipas\/"]}]},{"@type":"BreadcrumbList","@id":"https:\/\/www.atelierdocaractere.pt\/brevemente\/rally-de-portugal-historico-arranca-amanha-em-lisboa-com-81-equipas\/#breadcrumb","itemListElement":[{"@type":"ListItem","position":1,"name":"In\u00edcio","item":"https:\/\/www.atelierdocaractere.pt\/brevemente\/"},{"@type":"ListItem","position":2,"name":"Rally de Portugal Hist\u00f3rico arranca amanh\u00e3 em Lisboa com 81 equipas"}]},{"@type":"WebSite","@id":"https:\/\/www.atelierdocaractere.pt\/brevemente\/#website","url":"https:\/\/www.atelierdocaractere.pt\/brevemente\/","name":"Atelier do Caractere","description":"","potentialAction":[{"@type":"SearchAction","target":{"@type":"EntryPoint","urlTemplate":"https:\/\/www.atelierdocaractere.pt\/brevemente\/?s={search_term_string}"},"query-input":"required name=search_term_string"}],"inLanguage":"pt-PT"},{"@type":"Person","@id":"https:\/\/www.atelierdocaractere.pt\/brevemente\/#\/schema\/person\/f2f096eb0f27d9894725af22cb97c0db","name":"Joana Barbosa","image":{"@type":"ImageObject","inLanguage":"pt-PT","@id":"https:\/\/www.atelierdocaractere.pt\/brevemente\/#\/schema\/person\/image\/","url":"https:\/\/secure.gravatar.com\/avatar\/33e8214b45e9d68a3a83008731075979?s=96&d=mm&r=g","contentUrl":"https:\/\/secure.gravatar.com\/avatar\/33e8214b45e9d68a3a83008731075979?s=96&d=mm&r=g","caption":"Joana Barbosa"},"url":"https:\/\/www.atelierdocaractere.pt\/brevemente\/author\/joanabarbosa\/"}]}},"_links":{"self":[{"href":"https:\/\/www.atelierdocaractere.pt\/brevemente\/wp-json\/wp\/v2\/posts\/11803"}],"collection":[{"href":"https:\/\/www.atelierdocaractere.pt\/brevemente\/wp-json\/wp\/v2\/posts"}],"about":[{"href":"https:\/\/www.atelierdocaractere.pt\/brevemente\/wp-json\/wp\/v2\/types\/post"}],"author":[{"embeddable":true,"href":"https:\/\/www.atelierdocaractere.pt\/brevemente\/wp-json\/wp\/v2\/users\/7"}],"replies":[{"embeddable":true,"href":"https:\/\/www.atelierdocaractere.pt\/brevemente\/wp-json\/wp\/v2\/comments?post=11803"}],"version-history":[{"count":1,"href":"https:\/\/www.atelierdocaractere.pt\/brevemente\/wp-json\/wp\/v2\/posts\/11803\/revisions"}],"predecessor-version":[{"id":11807,"href":"https:\/\/www.atelierdocaractere.pt\/brevemente\/wp-json\/wp\/v2\/posts\/11803\/revisions\/11807"}],"wp:featuredmedia":[{"embeddable":true,"href":"https:\/\/www.atelierdocaractere.pt\/brevemente\/wp-json\/wp\/v2\/media\/11806"}],"wp:attachment":[{"href":"https:\/\/www.atelierdocaractere.pt\/brevemente\/wp-json\/wp\/v2\/media?parent=11803"}],"wp:term":[{"taxonomy":"category","embeddable":true,"href":"https:\/\/www.atelierdocaractere.pt\/brevemente\/wp-json\/wp\/v2\/categories?post=11803"},{"taxonomy":"post_tag","embeddable":true,"href":"https:\/\/www.atelierdocaractere.pt\/brevemente\/wp-json\/wp\/v2\/tags?post=11803"}],"curies":[{"name":"wp","href":"https:\/\/api.w.org\/{rel}","templated":true}]}}