{"id":11814,"date":"2023-09-21T10:10:26","date_gmt":"2023-09-21T10:10:26","guid":{"rendered":"https:\/\/www.atelierdocaractere.pt\/brevemente\/?p=11814"},"modified":"2023-10-04T10:14:27","modified_gmt":"2023-10-04T10:14:27","slug":"team-consilcar-com-novidades-no-regresso-a-baja-tt-sharish-reguengos-mourao-redondo","status":"publish","type":"post","link":"https:\/\/www.atelierdocaractere.pt\/brevemente\/team-consilcar-com-novidades-no-regresso-a-baja-tt-sharish-reguengos-mourao-redondo\/","title":{"rendered":"Team Consilcar com novidades no regresso \u00e0 Baja TT Sharish Reguengos-Mour\u00e3o-Redondo"},"content":{"rendered":"\n<p><strong>Depois de terem competido entre a elite mundial na Baja Espanha-Arag\u00f3n, Edgar Condenso e Ant\u00f3nio Serr\u00e3o (Ford Ranger) regressam a uma das suas provas preferidas, a Baja TT Sharish Reguengos-Mour\u00e3o-Redondo, de sexta-feira a domingo. David Carreira e Nuno Luz v\u00e3o descobrir a emblem\u00e1tica prova alentejana, com o Can-Am T3 do Team Consilcar.&nbsp;&nbsp;&nbsp;<\/strong><\/p>\n\n\n\n<p>As espanholas Baja TT Dehesa Extremadura e Baja Espanha-Arag\u00f3n permitiram ao Team Consilcar competir entre as grandes estrelas mundiais do TT, e a equipa portuguesa regressa agora a solo nacional, para disputar a Baja TT Sharish Reguengos-Mour\u00e3o-Redondo, pontu\u00e1vel para a Ta\u00e7a da Europa FIA de Bajas e para o Campeonato de Portugal de Todo-o-Terreno.<\/p>\n\n\n\n<figure class=\"wp-block-image size-large\"><img decoding=\"async\" width=\"1024\" height=\"683\" src=\"https:\/\/www.atelierdocaractere.pt\/wp-content\/uploads\/2023\/10\/team-consilcar-edgar-condenso-1024x683.jpg\" alt=\"\" class=\"wp-image-11815\" srcset=\"https:\/\/www.atelierdocaractere.pt\/wp-content\/uploads\/2023\/10\/team-consilcar-edgar-condenso-1024x683.jpg 1024w, https:\/\/www.atelierdocaractere.pt\/wp-content\/uploads\/2023\/10\/team-consilcar-edgar-condenso-300x200.jpg 300w, https:\/\/www.atelierdocaractere.pt\/wp-content\/uploads\/2023\/10\/team-consilcar-edgar-condenso-768x512.jpg 768w, https:\/\/www.atelierdocaractere.pt\/wp-content\/uploads\/2023\/10\/team-consilcar-edgar-condenso-1536x1024.jpg 1536w, https:\/\/www.atelierdocaractere.pt\/wp-content\/uploads\/2023\/10\/team-consilcar-edgar-condenso-900x600.jpg 900w, https:\/\/www.atelierdocaractere.pt\/wp-content\/uploads\/2023\/10\/team-consilcar-edgar-condenso-675x450.jpg 675w, https:\/\/www.atelierdocaractere.pt\/wp-content\/uploads\/2023\/10\/team-consilcar-edgar-condenso.jpg 1920w\" sizes=\"(max-width: 1024px) 100vw, 1024px\" \/><\/figure>\n\n\n\n<p>Edgar Condenso admite que esta \u00e9 a sua prova preferida, pelas caracter\u00edsticas do terreno e pela liga\u00e7\u00e3o hist\u00f3rica \u00e0 regi\u00e3o.&nbsp;<strong>\u201cFa\u00e7o a prova de Reguengos de Monsaraz h\u00e1 v\u00e1rios anos e posso dizer que \u00e9 a minha baja preferida, pelos trilhos, pela condu\u00e7\u00e3o, pelas pessoas que organizam a prova. Em 2006 conseguimos o 2.\u00ba lugar absoluto e essa \u00e9 uma das minhas melhores recorda\u00e7\u00f5es desta baja. Este ano, h\u00e1 carros da categoria T1+, que naturalmente v\u00e3o dominar os primeiros lugares da geral, mas penso que podemos estar no grupo de equipas que vai discutir o p\u00f3dio dos T1. Fizemos um pequeno teste esta semana e a Ford Ranger pareceu-me em boas condi\u00e7\u00f5es, mais responsiva, depois de uma fase dif\u00edcil em que tivemos alguns problemas mec\u00e2nicos. Espero que consigamos, agora, voltar ao nosso andamento normal\u201d<\/strong>, afirmou o ex-campe\u00e3o nacional e ib\u00e9rico de T2.<\/p>\n\n\n\n<p>Ant\u00f3nio Serr\u00e3o, como \u00e9 h\u00e1bito, vai navegar o piloto de Lisboa e tamb\u00e9m se confessa&nbsp;<strong>\u201cum adepto de Reguengos e desta corrida. Como aficionado do TT desde mi\u00fado, sei que h\u00e1 muita hist\u00f3ria e tradi\u00e7\u00e3o nesta baja, por isso h\u00e1 sempre aquela motiva\u00e7\u00e3o extra para fazer um bom resultado.\u201d<\/strong><\/p>\n\n\n<div class=\"wp-block-image\">\n<figure class=\"aligncenter size-large\"><img decoding=\"async\" width=\"1024\" height=\"920\" src=\"https:\/\/www.atelierdocaractere.pt\/wp-content\/uploads\/2023\/10\/team-consilcar-david-carreira-1024x920.jpg\" alt=\"\" class=\"wp-image-11816\" srcset=\"https:\/\/www.atelierdocaractere.pt\/wp-content\/uploads\/2023\/10\/team-consilcar-david-carreira-1024x920.jpg 1024w, https:\/\/www.atelierdocaractere.pt\/wp-content\/uploads\/2023\/10\/team-consilcar-david-carreira-300x270.jpg 300w, https:\/\/www.atelierdocaractere.pt\/wp-content\/uploads\/2023\/10\/team-consilcar-david-carreira-768x690.jpg 768w, https:\/\/www.atelierdocaractere.pt\/wp-content\/uploads\/2023\/10\/team-consilcar-david-carreira-1536x1380.jpg 1536w, https:\/\/www.atelierdocaractere.pt\/wp-content\/uploads\/2023\/10\/team-consilcar-david-carreira.jpg 1920w\" sizes=\"(max-width: 1024px) 100vw, 1024px\" \/><\/figure><\/div>\n\n\n<p><strong>David Carreira \u00e0 descoberta<\/strong><\/p>\n\n\n\n<p>A grande novidade do Team Consilcar no Alentejo ser\u00e1 a presen\u00e7a de David Carreira ao volante do Can-Am habitualmente utilizado por Duarte Silva e Nuno Silva. Depois de ter feito a sua estreia absoluta em competi\u00e7\u00e3o na Baja Portalegre 500 do ano passado, David Carreira apostou noutra das mais famosas provas nacionais, tendo Nuno Luz a seu lado.&nbsp;<strong>\u201cSou um apaixonado pelos autom\u00f3veis, como, ali\u00e1s, toda a equipa da Consilcar, e sempre tive o \u2018bichinho\u2019 da competi\u00e7\u00e3o. Corri no Karting e no ano passado surgiu a oportunidade de disputar Portalegre, que foi uma enorme aventura e aprendizagem, a todos os n\u00edveis. Reguengos ser\u00e1 mais um desafio completamente novo para mim, mas pelo menos agora j\u00e1 tenho outro conhecimento do carro. Cada quil\u00f3metro ser\u00e1 uma descoberta e o meu grande objetivo \u00e9 chegar ao final, para maximizar esta experi\u00eancia\u201d<\/strong>, apontou David Carreira.<\/p>\n\n\n\n<p>Nuno Luz ter\u00e1 a responsabilidade de navegar o Can-Am e mostra-se expectante para a sua primeira prova de TT.&nbsp;<strong>\u201c\u00c9 a minha estreia absoluta numa baja. Acima de tudo, espero fazer um bom trabalho e ajudar o David (Carreira) a atingir os objetivos. \u00c9 uma oportunidade que n\u00e3o podia desperdi\u00e7ar, at\u00e9 porque tamb\u00e9m poderei aprender imenso com a experi\u00eancia do Edgar (Condenso) e do Ant\u00f3nio (Serr\u00e3o)\u201d<\/strong>, referiu.<\/p>\n\n\n\n<figure class=\"wp-block-image size-large\"><img decoding=\"async\" width=\"1024\" height=\"682\" src=\"https:\/\/www.atelierdocaractere.pt\/wp-content\/uploads\/2023\/10\/team-consilcar-1-1024x682.jpg\" alt=\"\" class=\"wp-image-11817\" srcset=\"https:\/\/www.atelierdocaractere.pt\/wp-content\/uploads\/2023\/10\/team-consilcar-1-1024x682.jpg 1024w, https:\/\/www.atelierdocaractere.pt\/wp-content\/uploads\/2023\/10\/team-consilcar-1-300x200.jpg 300w, https:\/\/www.atelierdocaractere.pt\/wp-content\/uploads\/2023\/10\/team-consilcar-1-768x512.jpg 768w, https:\/\/www.atelierdocaractere.pt\/wp-content\/uploads\/2023\/10\/team-consilcar-1-1536x1023.jpg 1536w, https:\/\/www.atelierdocaractere.pt\/wp-content\/uploads\/2023\/10\/team-consilcar-1-900x600.jpg 900w, https:\/\/www.atelierdocaractere.pt\/wp-content\/uploads\/2023\/10\/team-consilcar-1-675x450.jpg 675w, https:\/\/www.atelierdocaractere.pt\/wp-content\/uploads\/2023\/10\/team-consilcar-1.jpg 1920w\" sizes=\"(max-width: 1024px) 100vw, 1024px\" \/><\/figure>\n\n\n\n<p>Integrada na Ta\u00e7a da Europa FIA e no CPTT, a Baja TT Sharish Reguengos-Mour\u00e3o-Redondo come\u00e7a esta sexta-feira, com um Pr\u00f3logo de 6,2 quil\u00f3metros, em Mour\u00e3o (17h25). No s\u00e1bado, os concorrentes disputam um Setor Seletivo de 210 quil\u00f3metros (a partir das 12h30), repetindo esse percurso no domingo (a partir das 11h30). Ao todo, a prova da Sociedade Art\u00edstica Reguenguense ter\u00e1 um total de 426,2 quil\u00f3metros cronometrados.&nbsp;<\/p>\n\n\n\n<p>Acompanhe todas as novidades nas p\u00e1ginas oficiais do Team Consilcar no&nbsp;<a href=\"https:\/\/www.facebook.com\/teamconsilcarcom\">Facebook<\/a>&nbsp;e&nbsp;<a href=\"https:\/\/www.instagram.com\/team.consilcar\/\">Instagram<\/a>.<\/p>\n\n\n\n<p>Patrocinadores:&nbsp;<strong><a href=\"https:\/\/www.consilcar.pt\/\">CONSILCAR<\/a>&nbsp;|&nbsp;<a href=\"https:\/\/www.credibom.pt\/\">BANCO CREDIBOM<\/a>&nbsp;|&nbsp;<a href=\"https:\/\/sng.pt\/\">SNG &#8211; GARANTIA AUTOM\u00d3VEL<\/a><\/strong><\/p>\n","protected":false},"excerpt":{"rendered":"<p>Depois de terem competido entre a elite mundial na Baja Espanha-Arag\u00f3n, Edgar Condenso e Ant\u00f3nio Serr\u00e3o (Ford Ranger) regressam a&#8230;<\/p>\n","protected":false},"author":7,"featured_media":11818,"comment_status":"closed","ping_status":"open","sticky":false,"template":"","format":"standard","meta":[],"categories":[1],"tags":[595,287],"yoast_head":"<!-- This site is optimized with the Yoast SEO plugin v20.12 - https:\/\/yoast.com\/wordpress\/plugins\/seo\/ -->\n<title>Team Consilcar com novidades no regresso \u00e0 Baja TT Sharish Reguengos-Mour\u00e3o-Redondo - Atelier do Caractere<\/title>\n<meta name=\"robots\" content=\"index, follow, max-snippet:-1, max-image-preview:large, max-video-preview:-1\" \/>\n<link rel=\"canonical\" href=\"https:\/\/www.atelierdocaractere.pt\/brevemente\/team-consilcar-com-novidades-no-regresso-a-baja-tt-sharish-reguengos-mourao-redondo\/\" \/>\n<meta property=\"og:locale\" content=\"pt_PT\" \/>\n<meta property=\"og:type\" content=\"article\" \/>\n<meta property=\"og:title\" content=\"Team Consilcar com novidades no regresso \u00e0 Baja TT Sharish Reguengos-Mour\u00e3o-Redondo - Atelier do Caractere\" \/>\n<meta property=\"og:description\" content=\"Depois de terem competido entre a elite mundial na Baja Espanha-Arag\u00f3n, Edgar Condenso e Ant\u00f3nio Serr\u00e3o (Ford Ranger) regressam a...\" \/>\n<meta property=\"og:url\" content=\"https:\/\/www.atelierdocaractere.pt\/brevemente\/team-consilcar-com-novidades-no-regresso-a-baja-tt-sharish-reguengos-mourao-redondo\/\" \/>\n<meta property=\"og:site_name\" content=\"Atelier do Caractere\" \/>\n<meta property=\"article:publisher\" content=\"https:\/\/www.facebook.com\/AtelierdoCaractere\" \/>\n<meta property=\"article:published_time\" content=\"2023-09-21T10:10:26+00:00\" \/>\n<meta property=\"article:modified_time\" content=\"2023-10-04T10:14:27+00:00\" \/>\n<meta property=\"og:image\" content=\"https:\/\/www.atelierdocaractere.pt\/wp-content\/uploads\/2023\/10\/team-consilcar.jpg\" \/>\n\t<meta property=\"og:image:width\" content=\"1920\" \/>\n\t<meta property=\"og:image:height\" content=\"1108\" \/>\n\t<meta property=\"og:image:type\" content=\"image\/jpeg\" \/>\n<meta name=\"author\" content=\"Joana Barbosa\" \/>\n<meta name=\"twitter:card\" content=\"summary_large_image\" \/>\n<meta name=\"twitter:label1\" content=\"Escrito por\" \/>\n\t<meta name=\"twitter:data1\" content=\"Joana Barbosa\" \/>\n\t<meta name=\"twitter:label2\" content=\"Tempo estimado de leitura\" \/>\n\t<meta name=\"twitter:data2\" content=\"4 minutos\" \/>\n<script type=\"application\/ld+json\" class=\"yoast-schema-graph\">{\"@context\":\"https:\/\/schema.org\",\"@graph\":[{\"@type\":\"WebPage\",\"@id\":\"https:\/\/www.atelierdocaractere.pt\/brevemente\/team-consilcar-com-novidades-no-regresso-a-baja-tt-sharish-reguengos-mourao-redondo\/\",\"url\":\"https:\/\/www.atelierdocaractere.pt\/brevemente\/team-consilcar-com-novidades-no-regresso-a-baja-tt-sharish-reguengos-mourao-redondo\/\",\"name\":\"Team Consilcar com novidades no regresso \u00e0 Baja TT Sharish Reguengos-Mour\u00e3o-Redondo - Atelier do Caractere\",\"isPartOf\":{\"@id\":\"https:\/\/www.atelierdocaractere.pt\/brevemente\/#website\"},\"datePublished\":\"2023-09-21T10:10:26+00:00\",\"dateModified\":\"2023-10-04T10:14:27+00:00\",\"author\":{\"@id\":\"https:\/\/www.atelierdocaractere.pt\/brevemente\/#\/schema\/person\/f2f096eb0f27d9894725af22cb97c0db\"},\"breadcrumb\":{\"@id\":\"https:\/\/www.atelierdocaractere.pt\/brevemente\/team-consilcar-com-novidades-no-regresso-a-baja-tt-sharish-reguengos-mourao-redondo\/#breadcrumb\"},\"inLanguage\":\"pt-PT\",\"potentialAction\":[{\"@type\":\"ReadAction\",\"target\":[\"https:\/\/www.atelierdocaractere.pt\/brevemente\/team-consilcar-com-novidades-no-regresso-a-baja-tt-sharish-reguengos-mourao-redondo\/\"]}]},{\"@type\":\"BreadcrumbList\",\"@id\":\"https:\/\/www.atelierdocaractere.pt\/brevemente\/team-consilcar-com-novidades-no-regresso-a-baja-tt-sharish-reguengos-mourao-redondo\/#breadcrumb\",\"itemListElement\":[{\"@type\":\"ListItem\",\"position\":1,\"name\":\"In\u00edcio\",\"item\":\"https:\/\/www.atelierdocaractere.pt\/brevemente\/\"},{\"@type\":\"ListItem\",\"position\":2,\"name\":\"Team Consilcar com novidades no regresso \u00e0 Baja TT Sharish Reguengos-Mour\u00e3o-Redondo\"}]},{\"@type\":\"WebSite\",\"@id\":\"https:\/\/www.atelierdocaractere.pt\/brevemente\/#website\",\"url\":\"https:\/\/www.atelierdocaractere.pt\/brevemente\/\",\"name\":\"Atelier do Caractere\",\"description\":\"\",\"potentialAction\":[{\"@type\":\"SearchAction\",\"target\":{\"@type\":\"EntryPoint\",\"urlTemplate\":\"https:\/\/www.atelierdocaractere.pt\/brevemente\/?s={search_term_string}\"},\"query-input\":\"required name=search_term_string\"}],\"inLanguage\":\"pt-PT\"},{\"@type\":\"Person\",\"@id\":\"https:\/\/www.atelierdocaractere.pt\/brevemente\/#\/schema\/person\/f2f096eb0f27d9894725af22cb97c0db\",\"name\":\"Joana Barbosa\",\"image\":{\"@type\":\"ImageObject\",\"inLanguage\":\"pt-PT\",\"@id\":\"https:\/\/www.atelierdocaractere.pt\/brevemente\/#\/schema\/person\/image\/\",\"url\":\"https:\/\/secure.gravatar.com\/avatar\/33e8214b45e9d68a3a83008731075979?s=96&d=mm&r=g\",\"contentUrl\":\"https:\/\/secure.gravatar.com\/avatar\/33e8214b45e9d68a3a83008731075979?s=96&d=mm&r=g\",\"caption\":\"Joana Barbosa\"},\"url\":\"https:\/\/www.atelierdocaractere.pt\/brevemente\/author\/joanabarbosa\/\"}]}<\/script>\n<!-- \/ Yoast SEO plugin. -->","yoast_head_json":{"title":"Team Consilcar com novidades no regresso \u00e0 Baja TT Sharish Reguengos-Mour\u00e3o-Redondo - Atelier do Caractere","robots":{"index":"index","follow":"follow","max-snippet":"max-snippet:-1","max-image-preview":"max-image-preview:large","max-video-preview":"max-video-preview:-1"},"canonical":"https:\/\/www.atelierdocaractere.pt\/brevemente\/team-consilcar-com-novidades-no-regresso-a-baja-tt-sharish-reguengos-mourao-redondo\/","og_locale":"pt_PT","og_type":"article","og_title":"Team Consilcar com novidades no regresso \u00e0 Baja TT Sharish Reguengos-Mour\u00e3o-Redondo - Atelier do Caractere","og_description":"Depois de terem competido entre a elite mundial na Baja Espanha-Arag\u00f3n, Edgar Condenso e Ant\u00f3nio Serr\u00e3o (Ford Ranger) regressam a...","og_url":"https:\/\/www.atelierdocaractere.pt\/brevemente\/team-consilcar-com-novidades-no-regresso-a-baja-tt-sharish-reguengos-mourao-redondo\/","og_site_name":"Atelier do Caractere","article_publisher":"https:\/\/www.facebook.com\/AtelierdoCaractere","article_published_time":"2023-09-21T10:10:26+00:00","article_modified_time":"2023-10-04T10:14:27+00:00","og_image":[{"width":1920,"height":1108,"url":"https:\/\/www.atelierdocaractere.pt\/wp-content\/uploads\/2023\/10\/team-consilcar.jpg","type":"image\/jpeg"}],"author":"Joana Barbosa","twitter_card":"summary_large_image","twitter_misc":{"Escrito por":"Joana Barbosa","Tempo estimado de leitura":"4 minutos"},"schema":{"@context":"https:\/\/schema.org","@graph":[{"@type":"WebPage","@id":"https:\/\/www.atelierdocaractere.pt\/brevemente\/team-consilcar-com-novidades-no-regresso-a-baja-tt-sharish-reguengos-mourao-redondo\/","url":"https:\/\/www.atelierdocaractere.pt\/brevemente\/team-consilcar-com-novidades-no-regresso-a-baja-tt-sharish-reguengos-mourao-redondo\/","name":"Team Consilcar com novidades no regresso \u00e0 Baja TT Sharish Reguengos-Mour\u00e3o-Redondo - Atelier do Caractere","isPartOf":{"@id":"https:\/\/www.atelierdocaractere.pt\/brevemente\/#website"},"datePublished":"2023-09-21T10:10:26+00:00","dateModified":"2023-10-04T10:14:27+00:00","author":{"@id":"https:\/\/www.atelierdocaractere.pt\/brevemente\/#\/schema\/person\/f2f096eb0f27d9894725af22cb97c0db"},"breadcrumb":{"@id":"https:\/\/www.atelierdocaractere.pt\/brevemente\/team-consilcar-com-novidades-no-regresso-a-baja-tt-sharish-reguengos-mourao-redondo\/#breadcrumb"},"inLanguage":"pt-PT","potentialAction":[{"@type":"ReadAction","target":["https:\/\/www.atelierdocaractere.pt\/brevemente\/team-consilcar-com-novidades-no-regresso-a-baja-tt-sharish-reguengos-mourao-redondo\/"]}]},{"@type":"BreadcrumbList","@id":"https:\/\/www.atelierdocaractere.pt\/brevemente\/team-consilcar-com-novidades-no-regresso-a-baja-tt-sharish-reguengos-mourao-redondo\/#breadcrumb","itemListElement":[{"@type":"ListItem","position":1,"name":"In\u00edcio","item":"https:\/\/www.atelierdocaractere.pt\/brevemente\/"},{"@type":"ListItem","position":2,"name":"Team Consilcar com novidades no regresso \u00e0 Baja TT Sharish Reguengos-Mour\u00e3o-Redondo"}]},{"@type":"WebSite","@id":"https:\/\/www.atelierdocaractere.pt\/brevemente\/#website","url":"https:\/\/www.atelierdocaractere.pt\/brevemente\/","name":"Atelier do Caractere","description":"","potentialAction":[{"@type":"SearchAction","target":{"@type":"EntryPoint","urlTemplate":"https:\/\/www.atelierdocaractere.pt\/brevemente\/?s={search_term_string}"},"query-input":"required name=search_term_string"}],"inLanguage":"pt-PT"},{"@type":"Person","@id":"https:\/\/www.atelierdocaractere.pt\/brevemente\/#\/schema\/person\/f2f096eb0f27d9894725af22cb97c0db","name":"Joana Barbosa","image":{"@type":"ImageObject","inLanguage":"pt-PT","@id":"https:\/\/www.atelierdocaractere.pt\/brevemente\/#\/schema\/person\/image\/","url":"https:\/\/secure.gravatar.com\/avatar\/33e8214b45e9d68a3a83008731075979?s=96&d=mm&r=g","contentUrl":"https:\/\/secure.gravatar.com\/avatar\/33e8214b45e9d68a3a83008731075979?s=96&d=mm&r=g","caption":"Joana Barbosa"},"url":"https:\/\/www.atelierdocaractere.pt\/brevemente\/author\/joanabarbosa\/"}]}},"_links":{"self":[{"href":"https:\/\/www.atelierdocaractere.pt\/brevemente\/wp-json\/wp\/v2\/posts\/11814"}],"collection":[{"href":"https:\/\/www.atelierdocaractere.pt\/brevemente\/wp-json\/wp\/v2\/posts"}],"about":[{"href":"https:\/\/www.atelierdocaractere.pt\/brevemente\/wp-json\/wp\/v2\/types\/post"}],"author":[{"embeddable":true,"href":"https:\/\/www.atelierdocaractere.pt\/brevemente\/wp-json\/wp\/v2\/users\/7"}],"replies":[{"embeddable":true,"href":"https:\/\/www.atelierdocaractere.pt\/brevemente\/wp-json\/wp\/v2\/comments?post=11814"}],"version-history":[{"count":1,"href":"https:\/\/www.atelierdocaractere.pt\/brevemente\/wp-json\/wp\/v2\/posts\/11814\/revisions"}],"predecessor-version":[{"id":11819,"href":"https:\/\/www.atelierdocaractere.pt\/brevemente\/wp-json\/wp\/v2\/posts\/11814\/revisions\/11819"}],"wp:featuredmedia":[{"embeddable":true,"href":"https:\/\/www.atelierdocaractere.pt\/brevemente\/wp-json\/wp\/v2\/media\/11818"}],"wp:attachment":[{"href":"https:\/\/www.atelierdocaractere.pt\/brevemente\/wp-json\/wp\/v2\/media?parent=11814"}],"wp:term":[{"taxonomy":"category","embeddable":true,"href":"https:\/\/www.atelierdocaractere.pt\/brevemente\/wp-json\/wp\/v2\/categories?post=11814"},{"taxonomy":"post_tag","embeddable":true,"href":"https:\/\/www.atelierdocaractere.pt\/brevemente\/wp-json\/wp\/v2\/tags?post=11814"}],"curies":[{"name":"wp","href":"https:\/\/api.w.org\/{rel}","templated":true}]}}