{"id":11820,"date":"2023-09-24T10:15:03","date_gmt":"2023-09-24T10:15:03","guid":{"rendered":"https:\/\/www.atelierdocaractere.pt\/brevemente\/?p=11820"},"modified":"2023-10-04T10:22:17","modified_gmt":"2023-10-04T10:22:17","slug":"team-consilcar-consegue-duplo-podio-na-baja-tt-sharish-gin","status":"publish","type":"post","link":"https:\/\/www.atelierdocaractere.pt\/brevemente\/team-consilcar-consegue-duplo-podio-na-baja-tt-sharish-gin\/","title":{"rendered":"Team Consilcar consegue duplo p\u00f3dio na\u00a0Baja TT Sharish Gin"},"content":{"rendered":"\n<p><strong>Edgar Condenso e Ant\u00f3nio Serr\u00e3o estiveram em bom plano nos trilhos do Alentejo e subiram ao p\u00f3dio da Baja TT Sharish Gin, levando a Ford Ranger ao 3.\u00ba lugar da categoria T1 na prova FIA. David Carreira e Nuno Luz (Can-Am) estrearam-se em Reguengos de Monsaraz com um positivo 3.\u00ba lugar dos T3 na prova nacional, subindo tamb\u00e9m ao p\u00f3dio. Janu\u00e1rio Barrocas (Honda) cumpriu o objetivo de terminar a prova da Sociedade Art\u00edstica Reguengense.<\/strong><\/p>\n\n\n\n<figure class=\"wp-block-image size-large\"><img decoding=\"async\" width=\"1024\" height=\"681\" src=\"https:\/\/www.atelierdocaractere.pt\/wp-content\/uploads\/2023\/10\/team-consilcar-2-1024x681.jpg\" alt=\"\" class=\"wp-image-11824\" srcset=\"https:\/\/www.atelierdocaractere.pt\/wp-content\/uploads\/2023\/10\/team-consilcar-2-1024x681.jpg 1024w, https:\/\/www.atelierdocaractere.pt\/wp-content\/uploads\/2023\/10\/team-consilcar-2-300x200.jpg 300w, https:\/\/www.atelierdocaractere.pt\/wp-content\/uploads\/2023\/10\/team-consilcar-2-768x511.jpg 768w, https:\/\/www.atelierdocaractere.pt\/wp-content\/uploads\/2023\/10\/team-consilcar-2-1536x1022.jpg 1536w, https:\/\/www.atelierdocaractere.pt\/wp-content\/uploads\/2023\/10\/team-consilcar-2-900x600.jpg 900w, https:\/\/www.atelierdocaractere.pt\/wp-content\/uploads\/2023\/10\/team-consilcar-2-675x450.jpg 675w, https:\/\/www.atelierdocaractere.pt\/wp-content\/uploads\/2023\/10\/team-consilcar-2.jpg 1920w\" sizes=\"(max-width: 1024px) 100vw, 1024px\" \/><\/figure>\n\n\n\n<p>Pontu\u00e1vel para a Ta\u00e7a da Europa FIA de Bajas e para o Campeonato de Portugal de Todo-o-Terreno, a Baja TT Sharish Gin teve um extenso pelot\u00e3o nos trilhos da regi\u00e3o de Reguengos de Monsaraz, Mour\u00e3o e Redondo. Para Edgar Condenso e Ant\u00f3nio Serr\u00e3o, a baja alentejana marcava o regresso \u00e0s provas portuguesas, depois de terem competido na vizinha Espanha entre a elite mundial da modalidade.<\/p>\n\n\n\n<p>A dupla da Ford Ranger entrou bem logo no Pr\u00f3logo de sexta-feira, e depois manteve o andamento nas duas passagens pelo duro Setor Seletivo de 183,17 quil\u00f3metros cronometrados. No final, Condenso e Serr\u00e3o conseguiram o 3.\u00ba lugar dos T1 da prova FIA, al\u00e9m do 13.\u00ba posto da geral.<\/p>\n\n\n\n<figure class=\"wp-block-image size-large\"><img decoding=\"async\" width=\"1024\" height=\"681\" src=\"https:\/\/www.atelierdocaractere.pt\/wp-content\/uploads\/2023\/10\/team-consilcar-1-1-1024x681.jpg\" alt=\"\" class=\"wp-image-11825\" srcset=\"https:\/\/www.atelierdocaractere.pt\/wp-content\/uploads\/2023\/10\/team-consilcar-1-1-1024x681.jpg 1024w, https:\/\/www.atelierdocaractere.pt\/wp-content\/uploads\/2023\/10\/team-consilcar-1-1-300x200.jpg 300w, https:\/\/www.atelierdocaractere.pt\/wp-content\/uploads\/2023\/10\/team-consilcar-1-1-768x511.jpg 768w, https:\/\/www.atelierdocaractere.pt\/wp-content\/uploads\/2023\/10\/team-consilcar-1-1-1536x1022.jpg 1536w, https:\/\/www.atelierdocaractere.pt\/wp-content\/uploads\/2023\/10\/team-consilcar-1-1-900x600.jpg 900w, https:\/\/www.atelierdocaractere.pt\/wp-content\/uploads\/2023\/10\/team-consilcar-1-1-675x450.jpg 675w, https:\/\/www.atelierdocaractere.pt\/wp-content\/uploads\/2023\/10\/team-consilcar-1-1.jpg 1920w\" sizes=\"(max-width: 1024px) 100vw, 1024px\" \/><\/figure>\n\n\n\n<p><strong>\u201cFoi uma prova dura, com o piso bastante degradado, principalmente no Setor Seletivo de hoje\u201d<\/strong>, afirmou Edgar Condenso no final.&nbsp;<strong>\u201cFinalmente, tivemos o carro em boas condi\u00e7\u00f5es em termos de resposta do motor, que era um problema que j\u00e1 nos afetava h\u00e1 bastante tempo. Os T1+ s\u00e3o, naturalmente, de outro campeonato, mas o n\u00edvel da categoria T1 tamb\u00e9m est\u00e1 bastante elevado, o que significa que tivemos de nos aplicar para conseguir este resultado. Foi preciso gerir bem a mec\u00e2nica, principalmente os trav\u00f5es na fase final, mas cumprimos integralmente os objetivos. Subir ao p\u00f3dio em Reguengos \u00e9 sempre especial, esta \u00e9 a minha baja preferida e somos sempre muito bem recebidos nesta zona\u201d<\/strong>, apontou o ex-campe\u00e3o nacional e ib\u00e9rico de T2, que em 2006 chegou mesmo a ser 2.\u00ba classificado \u00e0 geral em Reguengos.<\/p>\n\n\n\n<figure class=\"wp-block-image size-large\"><img decoding=\"async\" width=\"1024\" height=\"591\" src=\"https:\/\/www.atelierdocaractere.pt\/wp-content\/uploads\/2023\/10\/team-consilcar-1024x591.jpg\" alt=\"\" class=\"wp-image-11818\" srcset=\"https:\/\/www.atelierdocaractere.pt\/wp-content\/uploads\/2023\/10\/team-consilcar-1024x591.jpg 1024w, https:\/\/www.atelierdocaractere.pt\/wp-content\/uploads\/2023\/10\/team-consilcar-300x173.jpg 300w, https:\/\/www.atelierdocaractere.pt\/wp-content\/uploads\/2023\/10\/team-consilcar-768x443.jpg 768w, https:\/\/www.atelierdocaractere.pt\/wp-content\/uploads\/2023\/10\/team-consilcar-1536x886.jpg 1536w, https:\/\/www.atelierdocaractere.pt\/wp-content\/uploads\/2023\/10\/team-consilcar.jpg 1920w\" sizes=\"(max-width: 1024px) 100vw, 1024px\" \/><\/figure>\n\n\n\n<p>Ant\u00f3nio Serr\u00e3o, habitual navegador do piloto de Lisboa, confirmou&nbsp;<strong>\u201ca grande dureza e competitividade da prova este ano, al\u00e9m dos andamentos cada vez mais fortes que se notam na nossa categoria. Felizmente, correu tudo bem e conseguimos um p\u00f3dio muito recompensador para toda a equipa\u201d<\/strong>, referiu o navegador, natural de Santar\u00e9m.<\/p>\n\n\n\n<figure class=\"wp-block-image size-large\"><img decoding=\"async\" width=\"1024\" height=\"683\" src=\"https:\/\/www.atelierdocaractere.pt\/wp-content\/uploads\/2023\/10\/team-consilcar-3-1024x683.jpg\" alt=\"\" class=\"wp-image-11823\" srcset=\"https:\/\/www.atelierdocaractere.pt\/wp-content\/uploads\/2023\/10\/team-consilcar-3-1024x683.jpg 1024w, https:\/\/www.atelierdocaractere.pt\/wp-content\/uploads\/2023\/10\/team-consilcar-3-300x200.jpg 300w, https:\/\/www.atelierdocaractere.pt\/wp-content\/uploads\/2023\/10\/team-consilcar-3-768x512.jpg 768w, https:\/\/www.atelierdocaractere.pt\/wp-content\/uploads\/2023\/10\/team-consilcar-3-1536x1024.jpg 1536w, https:\/\/www.atelierdocaractere.pt\/wp-content\/uploads\/2023\/10\/team-consilcar-3-900x600.jpg 900w, https:\/\/www.atelierdocaractere.pt\/wp-content\/uploads\/2023\/10\/team-consilcar-3-675x450.jpg 675w, https:\/\/www.atelierdocaractere.pt\/wp-content\/uploads\/2023\/10\/team-consilcar-3.jpg 1920w\" sizes=\"(max-width: 1024px) 100vw, 1024px\" \/><\/figure>\n\n\n\n<p><strong>Uma estreia para mais tarde recordar<\/strong><\/p>\n\n\n\n<p>O Can-Am Maverick do Team Consilcar foi pilotado no Alentejo por David Carreira, que fazia a sua estreia absoluta na Baja TT Sharish Gin. Depois de ter disputado a sua primeira prova oficial em Portalegre, no ano passado, David Carreira descobriu outra das mais famosas bajas nacionais, superando o desafio com um positivo 3.\u00ba lugar dos T3 na prova nacional e o 10.\u00ba lugar \u00e0 geral.<\/p>\n\n\n\n<figure class=\"wp-block-image size-large\"><img decoding=\"async\" width=\"1024\" height=\"681\" src=\"https:\/\/www.atelierdocaractere.pt\/wp-content\/uploads\/2023\/10\/team-consilcar-4-1024x681.jpg\" alt=\"\" class=\"wp-image-11822\" srcset=\"https:\/\/www.atelierdocaractere.pt\/wp-content\/uploads\/2023\/10\/team-consilcar-4-1024x681.jpg 1024w, https:\/\/www.atelierdocaractere.pt\/wp-content\/uploads\/2023\/10\/team-consilcar-4-300x200.jpg 300w, https:\/\/www.atelierdocaractere.pt\/wp-content\/uploads\/2023\/10\/team-consilcar-4-768x511.jpg 768w, https:\/\/www.atelierdocaractere.pt\/wp-content\/uploads\/2023\/10\/team-consilcar-4-1536x1021.jpg 1536w, https:\/\/www.atelierdocaractere.pt\/wp-content\/uploads\/2023\/10\/team-consilcar-4-900x600.jpg 900w, https:\/\/www.atelierdocaractere.pt\/wp-content\/uploads\/2023\/10\/team-consilcar-4-675x450.jpg 675w, https:\/\/www.atelierdocaractere.pt\/wp-content\/uploads\/2023\/10\/team-consilcar-4.jpg 1800w\" sizes=\"(max-width: 1024px) 100vw, 1024px\" \/><\/figure>\n\n\n\n<p><strong>\u201cA minha estreia em Portalegre tinha sido um exerc\u00edcio de sobreviv\u00eancia, com muitos problemas, por isso esta foi a minha primeira verdadeira corrida, em condi\u00e7\u00f5es mais \u2018normais\u2019\u201d<\/strong>, analisou David Carreira.&nbsp;<strong>\u201cFoi uma experi\u00eancia inesquec\u00edvel. Apanh\u00e1mos os pisos muito degradados e, a determinada altura, s\u00f3 queria manter o carro na estrada e gerir o desgaste dos trav\u00f5es, que deixaram de responder. N\u00e3o \u00e9 agrad\u00e1vel rodar a 130 km\/h e n\u00e3o ter resposta do pedal dos trav\u00f5es! Mas cheg\u00e1mos ao final e logo com um bom resultado, por isso estou feliz\u201d<\/strong>, revelou, minutos antes de subir ao p\u00f3dio.<\/p>\n\n\n\n<p>Nuno Luz, amigo de David Carreira, fez a sua primeira prova de TT e ficou&nbsp;<strong>\u201ccom v\u00e1rias hist\u00f3rias para contar aos netos. Pass\u00e1mos por muitas perip\u00e9cias, falhei alguns controlos de velocidade, fruto da inexperi\u00eancia, mas no final conseguimos resistir \u00e0 dureza da prova e aprendi imenso com a equipa ao longo de todo o fim de semana.\u201d<\/strong><\/p>\n\n\n\n<figure class=\"wp-block-image size-full\"><img decoding=\"async\" width=\"1024\" height=\"724\" src=\"https:\/\/www.atelierdocaractere.pt\/wp-content\/uploads\/2023\/10\/team-consilcar-5.jpg\" alt=\"\" class=\"wp-image-11821\" srcset=\"https:\/\/www.atelierdocaractere.pt\/wp-content\/uploads\/2023\/10\/team-consilcar-5.jpg 1024w, https:\/\/www.atelierdocaractere.pt\/wp-content\/uploads\/2023\/10\/team-consilcar-5-300x212.jpg 300w, https:\/\/www.atelierdocaractere.pt\/wp-content\/uploads\/2023\/10\/team-consilcar-5-768x543.jpg 768w\" sizes=\"(max-width: 1024px) 100vw, 1024px\" \/><\/figure>\n\n\n\n<p>O Team Consilcar tamb\u00e9m esteve presente na prova das motos, com Janu\u00e1rio Barrocas a levar a sua Honda CRF 450 at\u00e9 ao final, cumprindo o seu grande objetivo ap\u00f3s mais de 320 quil\u00f3metros de percurso.<\/p>\n\n\n\n<p>O Team Consilcar vai agora preparar a edi\u00e7\u00e3o de 2023 da emblem\u00e1tica Baja Portalegre 500, marcada para 26 a 28 de outubro.&nbsp;<\/p>\n\n\n\n<p>Acompanhe todas as novidades nas p\u00e1ginas oficiais do Team Consilcar no&nbsp;<a href=\"https:\/\/www.facebook.com\/teamconsilcarcom\">Facebook<\/a>&nbsp;e&nbsp;<a href=\"https:\/\/www.instagram.com\/team.consilcar\/\">Instagram<\/a>.<\/p>\n\n\n\n<p>Patrocinadores:&nbsp;<strong><a href=\"https:\/\/www.consilcar.pt\/\">CONSILCAR<\/a>&nbsp;|&nbsp;<a href=\"https:\/\/www.credibom.pt\/\">BANCO CREDIBOM<\/a>&nbsp;|&nbsp;<a href=\"https:\/\/sng.pt\/\">SNG &#8211; GARANTIA AUTOM\u00d3VEL<\/a><\/strong><\/p>\n","protected":false},"excerpt":{"rendered":"<p>Edgar Condenso e Ant\u00f3nio Serr\u00e3o estiveram em bom plano nos trilhos do Alentejo e subiram ao p\u00f3dio da Baja TT&#8230;<\/p>\n","protected":false},"author":7,"featured_media":11826,"comment_status":"closed","ping_status":"open","sticky":false,"template":"","format":"standard","meta":[],"categories":[24],"tags":[596,287],"yoast_head":"<!-- This site is optimized with the Yoast SEO plugin v20.12 - https:\/\/yoast.com\/wordpress\/plugins\/seo\/ -->\n<title>Team Consilcar consegue duplo p\u00f3dio na\u00a0Baja TT Sharish Gin - Atelier do Caractere<\/title>\n<meta name=\"robots\" content=\"index, follow, max-snippet:-1, max-image-preview:large, max-video-preview:-1\" \/>\n<link rel=\"canonical\" href=\"https:\/\/www.atelierdocaractere.pt\/brevemente\/team-consilcar-consegue-duplo-podio-na-baja-tt-sharish-gin\/\" \/>\n<meta property=\"og:locale\" content=\"pt_PT\" \/>\n<meta property=\"og:type\" content=\"article\" \/>\n<meta property=\"og:title\" content=\"Team Consilcar consegue duplo p\u00f3dio na\u00a0Baja TT Sharish Gin - Atelier do Caractere\" \/>\n<meta property=\"og:description\" content=\"Edgar Condenso e Ant\u00f3nio Serr\u00e3o estiveram em bom plano nos trilhos do Alentejo e subiram ao p\u00f3dio da Baja TT...\" \/>\n<meta property=\"og:url\" content=\"https:\/\/www.atelierdocaractere.pt\/brevemente\/team-consilcar-consegue-duplo-podio-na-baja-tt-sharish-gin\/\" \/>\n<meta property=\"og:site_name\" content=\"Atelier do Caractere\" \/>\n<meta property=\"article:publisher\" content=\"https:\/\/www.facebook.com\/AtelierdoCaractere\" \/>\n<meta property=\"article:published_time\" content=\"2023-09-24T10:15:03+00:00\" \/>\n<meta property=\"article:modified_time\" content=\"2023-10-04T10:22:17+00:00\" \/>\n<meta property=\"og:image\" content=\"https:\/\/www.atelierdocaractere.pt\/wp-content\/uploads\/2023\/10\/team-consilcar-2-1024x681.jpg\" \/>\n<meta name=\"author\" content=\"Joana Barbosa\" \/>\n<meta name=\"twitter:card\" content=\"summary_large_image\" \/>\n<meta name=\"twitter:label1\" content=\"Escrito por\" \/>\n\t<meta name=\"twitter:data1\" content=\"Joana Barbosa\" \/>\n\t<meta name=\"twitter:label2\" content=\"Tempo estimado de leitura\" \/>\n\t<meta name=\"twitter:data2\" content=\"4 minutos\" \/>\n<script type=\"application\/ld+json\" class=\"yoast-schema-graph\">{\"@context\":\"https:\/\/schema.org\",\"@graph\":[{\"@type\":\"WebPage\",\"@id\":\"https:\/\/www.atelierdocaractere.pt\/brevemente\/team-consilcar-consegue-duplo-podio-na-baja-tt-sharish-gin\/\",\"url\":\"https:\/\/www.atelierdocaractere.pt\/brevemente\/team-consilcar-consegue-duplo-podio-na-baja-tt-sharish-gin\/\",\"name\":\"Team Consilcar consegue duplo p\u00f3dio na\u00a0Baja TT Sharish Gin - Atelier do Caractere\",\"isPartOf\":{\"@id\":\"https:\/\/www.atelierdocaractere.pt\/brevemente\/#website\"},\"datePublished\":\"2023-09-24T10:15:03+00:00\",\"dateModified\":\"2023-10-04T10:22:17+00:00\",\"author\":{\"@id\":\"https:\/\/www.atelierdocaractere.pt\/brevemente\/#\/schema\/person\/f2f096eb0f27d9894725af22cb97c0db\"},\"breadcrumb\":{\"@id\":\"https:\/\/www.atelierdocaractere.pt\/brevemente\/team-consilcar-consegue-duplo-podio-na-baja-tt-sharish-gin\/#breadcrumb\"},\"inLanguage\":\"pt-PT\",\"potentialAction\":[{\"@type\":\"ReadAction\",\"target\":[\"https:\/\/www.atelierdocaractere.pt\/brevemente\/team-consilcar-consegue-duplo-podio-na-baja-tt-sharish-gin\/\"]}]},{\"@type\":\"BreadcrumbList\",\"@id\":\"https:\/\/www.atelierdocaractere.pt\/brevemente\/team-consilcar-consegue-duplo-podio-na-baja-tt-sharish-gin\/#breadcrumb\",\"itemListElement\":[{\"@type\":\"ListItem\",\"position\":1,\"name\":\"In\u00edcio\",\"item\":\"https:\/\/www.atelierdocaractere.pt\/brevemente\/\"},{\"@type\":\"ListItem\",\"position\":2,\"name\":\"Team Consilcar consegue duplo p\u00f3dio na\u00a0Baja TT Sharish Gin\"}]},{\"@type\":\"WebSite\",\"@id\":\"https:\/\/www.atelierdocaractere.pt\/brevemente\/#website\",\"url\":\"https:\/\/www.atelierdocaractere.pt\/brevemente\/\",\"name\":\"Atelier do Caractere\",\"description\":\"\",\"potentialAction\":[{\"@type\":\"SearchAction\",\"target\":{\"@type\":\"EntryPoint\",\"urlTemplate\":\"https:\/\/www.atelierdocaractere.pt\/brevemente\/?s={search_term_string}\"},\"query-input\":\"required name=search_term_string\"}],\"inLanguage\":\"pt-PT\"},{\"@type\":\"Person\",\"@id\":\"https:\/\/www.atelierdocaractere.pt\/brevemente\/#\/schema\/person\/f2f096eb0f27d9894725af22cb97c0db\",\"name\":\"Joana Barbosa\",\"image\":{\"@type\":\"ImageObject\",\"inLanguage\":\"pt-PT\",\"@id\":\"https:\/\/www.atelierdocaractere.pt\/brevemente\/#\/schema\/person\/image\/\",\"url\":\"https:\/\/secure.gravatar.com\/avatar\/33e8214b45e9d68a3a83008731075979?s=96&d=mm&r=g\",\"contentUrl\":\"https:\/\/secure.gravatar.com\/avatar\/33e8214b45e9d68a3a83008731075979?s=96&d=mm&r=g\",\"caption\":\"Joana Barbosa\"},\"url\":\"https:\/\/www.atelierdocaractere.pt\/brevemente\/author\/joanabarbosa\/\"}]}<\/script>\n<!-- \/ Yoast SEO plugin. -->","yoast_head_json":{"title":"Team Consilcar consegue duplo p\u00f3dio na\u00a0Baja TT Sharish Gin - Atelier do Caractere","robots":{"index":"index","follow":"follow","max-snippet":"max-snippet:-1","max-image-preview":"max-image-preview:large","max-video-preview":"max-video-preview:-1"},"canonical":"https:\/\/www.atelierdocaractere.pt\/brevemente\/team-consilcar-consegue-duplo-podio-na-baja-tt-sharish-gin\/","og_locale":"pt_PT","og_type":"article","og_title":"Team Consilcar consegue duplo p\u00f3dio na\u00a0Baja TT Sharish Gin - Atelier do Caractere","og_description":"Edgar Condenso e Ant\u00f3nio Serr\u00e3o estiveram em bom plano nos trilhos do Alentejo e subiram ao p\u00f3dio da Baja TT...","og_url":"https:\/\/www.atelierdocaractere.pt\/brevemente\/team-consilcar-consegue-duplo-podio-na-baja-tt-sharish-gin\/","og_site_name":"Atelier do Caractere","article_publisher":"https:\/\/www.facebook.com\/AtelierdoCaractere","article_published_time":"2023-09-24T10:15:03+00:00","article_modified_time":"2023-10-04T10:22:17+00:00","og_image":[{"url":"https:\/\/www.atelierdocaractere.pt\/wp-content\/uploads\/2023\/10\/team-consilcar-2-1024x681.jpg"}],"author":"Joana Barbosa","twitter_card":"summary_large_image","twitter_misc":{"Escrito por":"Joana Barbosa","Tempo estimado de leitura":"4 minutos"},"schema":{"@context":"https:\/\/schema.org","@graph":[{"@type":"WebPage","@id":"https:\/\/www.atelierdocaractere.pt\/brevemente\/team-consilcar-consegue-duplo-podio-na-baja-tt-sharish-gin\/","url":"https:\/\/www.atelierdocaractere.pt\/brevemente\/team-consilcar-consegue-duplo-podio-na-baja-tt-sharish-gin\/","name":"Team Consilcar consegue duplo p\u00f3dio na\u00a0Baja TT Sharish Gin - Atelier do Caractere","isPartOf":{"@id":"https:\/\/www.atelierdocaractere.pt\/brevemente\/#website"},"datePublished":"2023-09-24T10:15:03+00:00","dateModified":"2023-10-04T10:22:17+00:00","author":{"@id":"https:\/\/www.atelierdocaractere.pt\/brevemente\/#\/schema\/person\/f2f096eb0f27d9894725af22cb97c0db"},"breadcrumb":{"@id":"https:\/\/www.atelierdocaractere.pt\/brevemente\/team-consilcar-consegue-duplo-podio-na-baja-tt-sharish-gin\/#breadcrumb"},"inLanguage":"pt-PT","potentialAction":[{"@type":"ReadAction","target":["https:\/\/www.atelierdocaractere.pt\/brevemente\/team-consilcar-consegue-duplo-podio-na-baja-tt-sharish-gin\/"]}]},{"@type":"BreadcrumbList","@id":"https:\/\/www.atelierdocaractere.pt\/brevemente\/team-consilcar-consegue-duplo-podio-na-baja-tt-sharish-gin\/#breadcrumb","itemListElement":[{"@type":"ListItem","position":1,"name":"In\u00edcio","item":"https:\/\/www.atelierdocaractere.pt\/brevemente\/"},{"@type":"ListItem","position":2,"name":"Team Consilcar consegue duplo p\u00f3dio na\u00a0Baja TT Sharish Gin"}]},{"@type":"WebSite","@id":"https:\/\/www.atelierdocaractere.pt\/brevemente\/#website","url":"https:\/\/www.atelierdocaractere.pt\/brevemente\/","name":"Atelier do Caractere","description":"","potentialAction":[{"@type":"SearchAction","target":{"@type":"EntryPoint","urlTemplate":"https:\/\/www.atelierdocaractere.pt\/brevemente\/?s={search_term_string}"},"query-input":"required name=search_term_string"}],"inLanguage":"pt-PT"},{"@type":"Person","@id":"https:\/\/www.atelierdocaractere.pt\/brevemente\/#\/schema\/person\/f2f096eb0f27d9894725af22cb97c0db","name":"Joana Barbosa","image":{"@type":"ImageObject","inLanguage":"pt-PT","@id":"https:\/\/www.atelierdocaractere.pt\/brevemente\/#\/schema\/person\/image\/","url":"https:\/\/secure.gravatar.com\/avatar\/33e8214b45e9d68a3a83008731075979?s=96&d=mm&r=g","contentUrl":"https:\/\/secure.gravatar.com\/avatar\/33e8214b45e9d68a3a83008731075979?s=96&d=mm&r=g","caption":"Joana Barbosa"},"url":"https:\/\/www.atelierdocaractere.pt\/brevemente\/author\/joanabarbosa\/"}]}},"_links":{"self":[{"href":"https:\/\/www.atelierdocaractere.pt\/brevemente\/wp-json\/wp\/v2\/posts\/11820"}],"collection":[{"href":"https:\/\/www.atelierdocaractere.pt\/brevemente\/wp-json\/wp\/v2\/posts"}],"about":[{"href":"https:\/\/www.atelierdocaractere.pt\/brevemente\/wp-json\/wp\/v2\/types\/post"}],"author":[{"embeddable":true,"href":"https:\/\/www.atelierdocaractere.pt\/brevemente\/wp-json\/wp\/v2\/users\/7"}],"replies":[{"embeddable":true,"href":"https:\/\/www.atelierdocaractere.pt\/brevemente\/wp-json\/wp\/v2\/comments?post=11820"}],"version-history":[{"count":1,"href":"https:\/\/www.atelierdocaractere.pt\/brevemente\/wp-json\/wp\/v2\/posts\/11820\/revisions"}],"predecessor-version":[{"id":11829,"href":"https:\/\/www.atelierdocaractere.pt\/brevemente\/wp-json\/wp\/v2\/posts\/11820\/revisions\/11829"}],"wp:featuredmedia":[{"embeddable":true,"href":"https:\/\/www.atelierdocaractere.pt\/brevemente\/wp-json\/wp\/v2\/media\/11826"}],"wp:attachment":[{"href":"https:\/\/www.atelierdocaractere.pt\/brevemente\/wp-json\/wp\/v2\/media?parent=11820"}],"wp:term":[{"taxonomy":"category","embeddable":true,"href":"https:\/\/www.atelierdocaractere.pt\/brevemente\/wp-json\/wp\/v2\/categories?post=11820"},{"taxonomy":"post_tag","embeddable":true,"href":"https:\/\/www.atelierdocaractere.pt\/brevemente\/wp-json\/wp\/v2\/tags?post=11820"}],"curies":[{"name":"wp","href":"https:\/\/api.w.org\/{rel}","templated":true}]}}