{"id":11838,"date":"2023-10-05T12:04:33","date_gmt":"2023-10-05T12:04:33","guid":{"rendered":"https:\/\/www.atelierdocaractere.pt\/brevemente\/?p=11838"},"modified":"2023-10-05T12:04:36","modified_gmt":"2023-10-05T12:04:36","slug":"rally-de-portugal-historico-percorre-hoje-especiais-de-tras-os-montes-e-minho","status":"publish","type":"post","link":"https:\/\/www.atelierdocaractere.pt\/brevemente\/rally-de-portugal-historico-percorre-hoje-especiais-de-tras-os-montes-e-minho\/","title":{"rendered":"Rally de Portugal Hist\u00f3rico percorre hoje especiais de Tr\u00e1s-os-Montes e Minho"},"content":{"rendered":"\n<p><strong><strong>A terceira etapa do XVII Rally de Portugal Hist\u00f3rica tem partida e chegada em Viseu, mas leva os concorrentes \u00e0s regi\u00f5es de Tr\u00e1s-os-Montes e do Minho, num percurso de 541 quil\u00f3metros. Competi\u00e7\u00e3o est\u00e1 ao rubro com os belgas Johnny Delhez e Pyck Aswin (Ford Escort) na frente da classifica\u00e7\u00e3o, ap\u00f3s os problemas mec\u00e2nicos que atrasaram os favoritos Yves Deflandre \/ Jennifer Hugo (Porsche 911).<\/strong><\/strong><\/p>\n\n\n\n<figure class=\"wp-block-image size-large\"><img decoding=\"async\" width=\"1024\" height=\"683\" src=\"https:\/\/www.atelierdocaractere.pt\/wp-content\/uploads\/2023\/10\/rph-ferrari-1024x683.jpg\" alt=\"\" class=\"wp-image-11841\" srcset=\"https:\/\/www.atelierdocaractere.pt\/wp-content\/uploads\/2023\/10\/rph-ferrari-1024x683.jpg 1024w, https:\/\/www.atelierdocaractere.pt\/wp-content\/uploads\/2023\/10\/rph-ferrari-300x200.jpg 300w, https:\/\/www.atelierdocaractere.pt\/wp-content\/uploads\/2023\/10\/rph-ferrari-768x512.jpg 768w, https:\/\/www.atelierdocaractere.pt\/wp-content\/uploads\/2023\/10\/rph-ferrari-1536x1024.jpg 1536w, https:\/\/www.atelierdocaractere.pt\/wp-content\/uploads\/2023\/10\/rph-ferrari-900x600.jpg 900w, https:\/\/www.atelierdocaractere.pt\/wp-content\/uploads\/2023\/10\/rph-ferrari-675x450.jpg 675w, https:\/\/www.atelierdocaractere.pt\/wp-content\/uploads\/2023\/10\/rph-ferrari.jpg 1800w\" sizes=\"(max-width: 1024px) 100vw, 1024px\" \/><\/figure>\n\n\n\n<p>Depois da jornada que ligou, ontem, a Figueira da Foz e Viseu, as 80 equipas em prova no Rally de Portugal Hist\u00f3rico acordaram hoje, bem cedo, na cidade de Viriato, com mais 541 quil\u00f3metros no roadbook para esta quinta-feira. A etapa come\u00e7ou \u00e0s 08h45, no Hotel Montebelo, rumando a norte, onde os concorrentes disputam especiais de regularidade em locais como C\u00e1rquere, no concelho de Resende, junto \u00e0 igreja onde D. Afonso Henriques se ter\u00e1 curado da doen\u00e7a que afetava as suas pernas em crian\u00e7a. J\u00e1 em Tr\u00e1s-os-Montes, passagens por Vila Real, Senhora da Gra\u00e7a, Ribeira de Pena e Montalegre, com uma especial no circuito do Mundial de Ralicross, antes da paragem para almo\u00e7o. De Montalegre, a caravana explora as estradas do Ger\u00eas em dire\u00e7\u00e3o ao Minho, com especiais em locais emblem\u00e1ticos do Vodafone Rally de Portugal, como Vieira do Minho e Cabeceiras de Basto, antes de uma dupla subida \u00e0 Rampa de Nossa Senhora dos Rem\u00e9dios, em Lamego. O dia encerra novamente no Hotel Montebelo, em Viseu, onde o primeiro concorrente \u00e9 esperado a partir das 23h10.<\/p>\n\n\n\n<figure class=\"wp-block-image size-large\"><img decoding=\"async\" width=\"1024\" height=\"662\" src=\"https:\/\/www.atelierdocaractere.pt\/wp-content\/uploads\/2023\/10\/melhores-portugueses-rph-1024x662.jpg\" alt=\"\" class=\"wp-image-11839\" srcset=\"https:\/\/www.atelierdocaractere.pt\/wp-content\/uploads\/2023\/10\/melhores-portugueses-rph-1024x662.jpg 1024w, https:\/\/www.atelierdocaractere.pt\/wp-content\/uploads\/2023\/10\/melhores-portugueses-rph-300x194.jpg 300w, https:\/\/www.atelierdocaractere.pt\/wp-content\/uploads\/2023\/10\/melhores-portugueses-rph-768x497.jpg 768w, https:\/\/www.atelierdocaractere.pt\/wp-content\/uploads\/2023\/10\/melhores-portugueses-rph-1536x993.jpg 1536w, https:\/\/www.atelierdocaractere.pt\/wp-content\/uploads\/2023\/10\/melhores-portugueses-rph.jpg 1800w\" sizes=\"(max-width: 1024px) 100vw, 1024px\" \/><\/figure>\n\n\n\n<p><strong>Tr\u00eas l\u00edderes diferentes<\/strong><\/p>\n\n\n\n<p>Desportivamente, a competi\u00e7\u00e3o do Rally de Portugal Hist\u00f3rico est\u00e1 ao rubro, j\u00e1 que os l\u00edderes das primeiras 14 especiais, os belgas Yves Deflandre e Jennifer Hugo, tiveram problemas mec\u00e2nicos no seu Porsche 911 ap\u00f3s a passagem por Muna, outro local com liga\u00e7\u00e3o hist\u00f3rica ao Rally de Portugal.<\/p>\n\n\n\n<p>Os espanh\u00f3is Marcos Fern\u00e1ndez e Adolfo Gonz\u00e1lez aproveitaram para colocar o seu Peugeot 205 GTi na frente da classifica\u00e7\u00e3o, mas no final da etapa os belgas&nbsp;Johnny Delhez e Pyck Aswin (Ford Escort) assumiram a lideran\u00e7a, com escassos 0,8s de vantagem sobre a dupla espanhola. O terceiro lugar \u00e9 ocupado, nesta altura, por Christophe Berteloot e Baptiste Gengoux (Porsche 911), que tamb\u00e9m est\u00e3o a apenas 3,9s dos l\u00edderes, ou seja, em luta direta pela vit\u00f3ria. Os portugueses Lu\u00eds Cavaco e Lu\u00eds Ser\u00f4dio est\u00e3o a fazer uma prova em crescendo, com o seu Ford Escort RS, e j\u00e1 s\u00e3o os quartos classificados da geral, a 21s da lideran\u00e7a.<\/p>\n\n\n\n<figure class=\"wp-block-image size-large\"><img decoding=\"async\" width=\"1024\" height=\"683\" src=\"https:\/\/www.atelierdocaractere.pt\/wp-content\/uploads\/2023\/10\/lideres-rph-1024x683.jpg\" alt=\"\" class=\"wp-image-11842\" srcset=\"https:\/\/www.atelierdocaractere.pt\/wp-content\/uploads\/2023\/10\/lideres-rph-1024x683.jpg 1024w, https:\/\/www.atelierdocaractere.pt\/wp-content\/uploads\/2023\/10\/lideres-rph-300x200.jpg 300w, https:\/\/www.atelierdocaractere.pt\/wp-content\/uploads\/2023\/10\/lideres-rph-768x512.jpg 768w, https:\/\/www.atelierdocaractere.pt\/wp-content\/uploads\/2023\/10\/lideres-rph-1536x1024.jpg 1536w, https:\/\/www.atelierdocaractere.pt\/wp-content\/uploads\/2023\/10\/lideres-rph-900x600.jpg 900w, https:\/\/www.atelierdocaractere.pt\/wp-content\/uploads\/2023\/10\/lideres-rph-675x450.jpg 675w, https:\/\/www.atelierdocaractere.pt\/wp-content\/uploads\/2023\/10\/lideres-rph.jpg 1800w\" sizes=\"(max-width: 1024px) 100vw, 1024px\" \/><\/figure>\n\n\n\n<p>Amanh\u00e3, a derradeira etapa do Rally de Portugal Hist\u00f3rico \u00e9 tamb\u00e9m a mais longa, com mais de 700 quil\u00f3metros de extens\u00e3o, entre Viseu&nbsp;e Lisboa. Uma etapa que inclui as famosas incurs\u00f5es por Arganil e pela noite de Sintra, antes da chegada ao Parque Eduardo VII, em Lisboa.<\/p>\n\n\n\n<p>Resultados online em&nbsp;<a href=\"https:\/\/rallydeportugalhistorico.pt\/\">https:\/\/rallydeportugalhistorico.pt<\/a>\u2002\u2002\u2002<\/p>\n","protected":false},"excerpt":{"rendered":"<p>A terceira etapa do XVII Rally de Portugal Hist\u00f3rica tem partida e chegada em Viseu, mas leva os concorrentes \u00e0s&#8230;<\/p>\n","protected":false},"author":7,"featured_media":11840,"comment_status":"closed","ping_status":"open","sticky":false,"template":"","format":"standard","meta":[],"categories":[24],"tags":[433,435],"yoast_head":"<!-- This site is optimized with the Yoast SEO plugin v20.12 - https:\/\/yoast.com\/wordpress\/plugins\/seo\/ -->\n<title>Rally de Portugal Hist\u00f3rico percorre hoje especiais de Tr\u00e1s-os-Montes e Minho - Atelier do Caractere<\/title>\n<meta name=\"robots\" content=\"index, follow, max-snippet:-1, max-image-preview:large, max-video-preview:-1\" \/>\n<link rel=\"canonical\" href=\"https:\/\/www.atelierdocaractere.pt\/brevemente\/rally-de-portugal-historico-percorre-hoje-especiais-de-tras-os-montes-e-minho\/\" \/>\n<meta property=\"og:locale\" content=\"pt_PT\" \/>\n<meta property=\"og:type\" content=\"article\" \/>\n<meta property=\"og:title\" content=\"Rally de Portugal Hist\u00f3rico percorre hoje especiais de Tr\u00e1s-os-Montes e Minho - Atelier do Caractere\" \/>\n<meta property=\"og:description\" content=\"A terceira etapa do XVII Rally de Portugal Hist\u00f3rica tem partida e chegada em Viseu, mas leva os concorrentes \u00e0s...\" \/>\n<meta property=\"og:url\" content=\"https:\/\/www.atelierdocaractere.pt\/brevemente\/rally-de-portugal-historico-percorre-hoje-especiais-de-tras-os-montes-e-minho\/\" \/>\n<meta property=\"og:site_name\" content=\"Atelier do Caractere\" \/>\n<meta property=\"article:publisher\" content=\"https:\/\/www.facebook.com\/AtelierdoCaractere\" \/>\n<meta property=\"article:published_time\" content=\"2023-10-05T12:04:33+00:00\" \/>\n<meta property=\"article:modified_time\" content=\"2023-10-05T12:04:36+00:00\" \/>\n<meta property=\"og:image\" content=\"https:\/\/www.atelierdocaractere.pt\/wp-content\/uploads\/2023\/10\/rph-porsche.jpg\" \/>\n\t<meta property=\"og:image:width\" content=\"1800\" \/>\n\t<meta property=\"og:image:height\" content=\"1200\" \/>\n\t<meta property=\"og:image:type\" content=\"image\/jpeg\" \/>\n<meta name=\"author\" content=\"Joana Barbosa\" \/>\n<meta name=\"twitter:card\" content=\"summary_large_image\" \/>\n<meta name=\"twitter:label1\" content=\"Escrito por\" \/>\n\t<meta name=\"twitter:data1\" content=\"Joana Barbosa\" \/>\n\t<meta name=\"twitter:label2\" content=\"Tempo estimado de leitura\" \/>\n\t<meta name=\"twitter:data2\" content=\"4 minutos\" \/>\n<script type=\"application\/ld+json\" class=\"yoast-schema-graph\">{\"@context\":\"https:\/\/schema.org\",\"@graph\":[{\"@type\":\"WebPage\",\"@id\":\"https:\/\/www.atelierdocaractere.pt\/brevemente\/rally-de-portugal-historico-percorre-hoje-especiais-de-tras-os-montes-e-minho\/\",\"url\":\"https:\/\/www.atelierdocaractere.pt\/brevemente\/rally-de-portugal-historico-percorre-hoje-especiais-de-tras-os-montes-e-minho\/\",\"name\":\"Rally de Portugal Hist\u00f3rico percorre hoje especiais de Tr\u00e1s-os-Montes e Minho - Atelier do Caractere\",\"isPartOf\":{\"@id\":\"https:\/\/www.atelierdocaractere.pt\/brevemente\/#website\"},\"datePublished\":\"2023-10-05T12:04:33+00:00\",\"dateModified\":\"2023-10-05T12:04:36+00:00\",\"author\":{\"@id\":\"https:\/\/www.atelierdocaractere.pt\/brevemente\/#\/schema\/person\/f2f096eb0f27d9894725af22cb97c0db\"},\"breadcrumb\":{\"@id\":\"https:\/\/www.atelierdocaractere.pt\/brevemente\/rally-de-portugal-historico-percorre-hoje-especiais-de-tras-os-montes-e-minho\/#breadcrumb\"},\"inLanguage\":\"pt-PT\",\"potentialAction\":[{\"@type\":\"ReadAction\",\"target\":[\"https:\/\/www.atelierdocaractere.pt\/brevemente\/rally-de-portugal-historico-percorre-hoje-especiais-de-tras-os-montes-e-minho\/\"]}]},{\"@type\":\"BreadcrumbList\",\"@id\":\"https:\/\/www.atelierdocaractere.pt\/brevemente\/rally-de-portugal-historico-percorre-hoje-especiais-de-tras-os-montes-e-minho\/#breadcrumb\",\"itemListElement\":[{\"@type\":\"ListItem\",\"position\":1,\"name\":\"In\u00edcio\",\"item\":\"https:\/\/www.atelierdocaractere.pt\/brevemente\/\"},{\"@type\":\"ListItem\",\"position\":2,\"name\":\"Rally de Portugal Hist\u00f3rico percorre hoje especiais de Tr\u00e1s-os-Montes e Minho\"}]},{\"@type\":\"WebSite\",\"@id\":\"https:\/\/www.atelierdocaractere.pt\/brevemente\/#website\",\"url\":\"https:\/\/www.atelierdocaractere.pt\/brevemente\/\",\"name\":\"Atelier do Caractere\",\"description\":\"\",\"potentialAction\":[{\"@type\":\"SearchAction\",\"target\":{\"@type\":\"EntryPoint\",\"urlTemplate\":\"https:\/\/www.atelierdocaractere.pt\/brevemente\/?s={search_term_string}\"},\"query-input\":\"required name=search_term_string\"}],\"inLanguage\":\"pt-PT\"},{\"@type\":\"Person\",\"@id\":\"https:\/\/www.atelierdocaractere.pt\/brevemente\/#\/schema\/person\/f2f096eb0f27d9894725af22cb97c0db\",\"name\":\"Joana Barbosa\",\"image\":{\"@type\":\"ImageObject\",\"inLanguage\":\"pt-PT\",\"@id\":\"https:\/\/www.atelierdocaractere.pt\/brevemente\/#\/schema\/person\/image\/\",\"url\":\"https:\/\/secure.gravatar.com\/avatar\/33e8214b45e9d68a3a83008731075979?s=96&d=mm&r=g\",\"contentUrl\":\"https:\/\/secure.gravatar.com\/avatar\/33e8214b45e9d68a3a83008731075979?s=96&d=mm&r=g\",\"caption\":\"Joana Barbosa\"},\"url\":\"https:\/\/www.atelierdocaractere.pt\/brevemente\/author\/joanabarbosa\/\"}]}<\/script>\n<!-- \/ Yoast SEO plugin. -->","yoast_head_json":{"title":"Rally de Portugal Hist\u00f3rico percorre hoje especiais de Tr\u00e1s-os-Montes e Minho - Atelier do Caractere","robots":{"index":"index","follow":"follow","max-snippet":"max-snippet:-1","max-image-preview":"max-image-preview:large","max-video-preview":"max-video-preview:-1"},"canonical":"https:\/\/www.atelierdocaractere.pt\/brevemente\/rally-de-portugal-historico-percorre-hoje-especiais-de-tras-os-montes-e-minho\/","og_locale":"pt_PT","og_type":"article","og_title":"Rally de Portugal Hist\u00f3rico percorre hoje especiais de Tr\u00e1s-os-Montes e Minho - Atelier do Caractere","og_description":"A terceira etapa do XVII Rally de Portugal Hist\u00f3rica tem partida e chegada em Viseu, mas leva os concorrentes \u00e0s...","og_url":"https:\/\/www.atelierdocaractere.pt\/brevemente\/rally-de-portugal-historico-percorre-hoje-especiais-de-tras-os-montes-e-minho\/","og_site_name":"Atelier do Caractere","article_publisher":"https:\/\/www.facebook.com\/AtelierdoCaractere","article_published_time":"2023-10-05T12:04:33+00:00","article_modified_time":"2023-10-05T12:04:36+00:00","og_image":[{"width":1800,"height":1200,"url":"https:\/\/www.atelierdocaractere.pt\/wp-content\/uploads\/2023\/10\/rph-porsche.jpg","type":"image\/jpeg"}],"author":"Joana Barbosa","twitter_card":"summary_large_image","twitter_misc":{"Escrito por":"Joana Barbosa","Tempo estimado de leitura":"4 minutos"},"schema":{"@context":"https:\/\/schema.org","@graph":[{"@type":"WebPage","@id":"https:\/\/www.atelierdocaractere.pt\/brevemente\/rally-de-portugal-historico-percorre-hoje-especiais-de-tras-os-montes-e-minho\/","url":"https:\/\/www.atelierdocaractere.pt\/brevemente\/rally-de-portugal-historico-percorre-hoje-especiais-de-tras-os-montes-e-minho\/","name":"Rally de Portugal Hist\u00f3rico percorre hoje especiais de Tr\u00e1s-os-Montes e Minho - Atelier do Caractere","isPartOf":{"@id":"https:\/\/www.atelierdocaractere.pt\/brevemente\/#website"},"datePublished":"2023-10-05T12:04:33+00:00","dateModified":"2023-10-05T12:04:36+00:00","author":{"@id":"https:\/\/www.atelierdocaractere.pt\/brevemente\/#\/schema\/person\/f2f096eb0f27d9894725af22cb97c0db"},"breadcrumb":{"@id":"https:\/\/www.atelierdocaractere.pt\/brevemente\/rally-de-portugal-historico-percorre-hoje-especiais-de-tras-os-montes-e-minho\/#breadcrumb"},"inLanguage":"pt-PT","potentialAction":[{"@type":"ReadAction","target":["https:\/\/www.atelierdocaractere.pt\/brevemente\/rally-de-portugal-historico-percorre-hoje-especiais-de-tras-os-montes-e-minho\/"]}]},{"@type":"BreadcrumbList","@id":"https:\/\/www.atelierdocaractere.pt\/brevemente\/rally-de-portugal-historico-percorre-hoje-especiais-de-tras-os-montes-e-minho\/#breadcrumb","itemListElement":[{"@type":"ListItem","position":1,"name":"In\u00edcio","item":"https:\/\/www.atelierdocaractere.pt\/brevemente\/"},{"@type":"ListItem","position":2,"name":"Rally de Portugal Hist\u00f3rico percorre hoje especiais de Tr\u00e1s-os-Montes e Minho"}]},{"@type":"WebSite","@id":"https:\/\/www.atelierdocaractere.pt\/brevemente\/#website","url":"https:\/\/www.atelierdocaractere.pt\/brevemente\/","name":"Atelier do Caractere","description":"","potentialAction":[{"@type":"SearchAction","target":{"@type":"EntryPoint","urlTemplate":"https:\/\/www.atelierdocaractere.pt\/brevemente\/?s={search_term_string}"},"query-input":"required name=search_term_string"}],"inLanguage":"pt-PT"},{"@type":"Person","@id":"https:\/\/www.atelierdocaractere.pt\/brevemente\/#\/schema\/person\/f2f096eb0f27d9894725af22cb97c0db","name":"Joana Barbosa","image":{"@type":"ImageObject","inLanguage":"pt-PT","@id":"https:\/\/www.atelierdocaractere.pt\/brevemente\/#\/schema\/person\/image\/","url":"https:\/\/secure.gravatar.com\/avatar\/33e8214b45e9d68a3a83008731075979?s=96&d=mm&r=g","contentUrl":"https:\/\/secure.gravatar.com\/avatar\/33e8214b45e9d68a3a83008731075979?s=96&d=mm&r=g","caption":"Joana Barbosa"},"url":"https:\/\/www.atelierdocaractere.pt\/brevemente\/author\/joanabarbosa\/"}]}},"_links":{"self":[{"href":"https:\/\/www.atelierdocaractere.pt\/brevemente\/wp-json\/wp\/v2\/posts\/11838"}],"collection":[{"href":"https:\/\/www.atelierdocaractere.pt\/brevemente\/wp-json\/wp\/v2\/posts"}],"about":[{"href":"https:\/\/www.atelierdocaractere.pt\/brevemente\/wp-json\/wp\/v2\/types\/post"}],"author":[{"embeddable":true,"href":"https:\/\/www.atelierdocaractere.pt\/brevemente\/wp-json\/wp\/v2\/users\/7"}],"replies":[{"embeddable":true,"href":"https:\/\/www.atelierdocaractere.pt\/brevemente\/wp-json\/wp\/v2\/comments?post=11838"}],"version-history":[{"count":1,"href":"https:\/\/www.atelierdocaractere.pt\/brevemente\/wp-json\/wp\/v2\/posts\/11838\/revisions"}],"predecessor-version":[{"id":11843,"href":"https:\/\/www.atelierdocaractere.pt\/brevemente\/wp-json\/wp\/v2\/posts\/11838\/revisions\/11843"}],"wp:featuredmedia":[{"embeddable":true,"href":"https:\/\/www.atelierdocaractere.pt\/brevemente\/wp-json\/wp\/v2\/media\/11840"}],"wp:attachment":[{"href":"https:\/\/www.atelierdocaractere.pt\/brevemente\/wp-json\/wp\/v2\/media?parent=11838"}],"wp:term":[{"taxonomy":"category","embeddable":true,"href":"https:\/\/www.atelierdocaractere.pt\/brevemente\/wp-json\/wp\/v2\/categories?post=11838"},{"taxonomy":"post_tag","embeddable":true,"href":"https:\/\/www.atelierdocaractere.pt\/brevemente\/wp-json\/wp\/v2\/tags?post=11838"}],"curies":[{"name":"wp","href":"https:\/\/api.w.org\/{rel}","templated":true}]}}