{"id":11854,"date":"2023-10-06T18:28:36","date_gmt":"2023-10-06T18:28:36","guid":{"rendered":"https:\/\/www.atelierdocaractere.pt\/brevemente\/?p=11854"},"modified":"2023-10-06T18:28:39","modified_gmt":"2023-10-06T18:28:39","slug":"comunidade-escolar-do-territorio-das-aldeias-historicas-de-portugal-vai-ser-sensibilizada-para-a-importancia-da-sustentabilidade","status":"publish","type":"post","link":"https:\/\/www.atelierdocaractere.pt\/brevemente\/comunidade-escolar-do-territorio-das-aldeias-historicas-de-portugal-vai-ser-sensibilizada-para-a-importancia-da-sustentabilidade\/","title":{"rendered":"Comunidade escolar do territ\u00f3rio das Aldeias Hist\u00f3ricas de Portugal vai ser sensibilizada para a import\u00e2ncia da sustentabilidade"},"content":{"rendered":"\n<p><strong>Entre 10 de outubro e 9 de novembro, a Aldeias Hist\u00f3ricas de Portugal &#8211; Associa\u00e7\u00e3o de Desenvolvimento Tur\u00edstico (AHP &#8211; ADT) vai levar a \u201cRota da Energia\u201d aos alunos das escolas do territ\u00f3rio da Rede Aldeias Hist\u00f3ricas de Portugal (munic\u00edpios de Almeida, Arganil, Belmonte, Celorico da Beira, Figueira de Castelo Rodrigo, Fund\u00e3o, Idanha-a-Nova, M\u00eada, Sabugal e Trancoso), com o objetivo de aumentar a literacia energ\u00e9tica, a sensibiliza\u00e7\u00e3o e forma\u00e7\u00e3o para a import\u00e2ncia da preserva\u00e7\u00e3o do meio ambiente e da sustentabilidade do planeta.<\/strong><\/p>\n\n\n<div class=\"wp-block-image\">\n<figure class=\"aligncenter size-large\"><img decoding=\"async\" width=\"683\" height=\"1024\" src=\"https:\/\/www.atelierdocaractere.pt\/wp-content\/uploads\/2023\/10\/aldeias-historicas-de-portugal-2-683x1024.jpg\" alt=\"\" class=\"wp-image-11857\" srcset=\"https:\/\/www.atelierdocaractere.pt\/wp-content\/uploads\/2023\/10\/aldeias-historicas-de-portugal-2-683x1024.jpg 683w, https:\/\/www.atelierdocaractere.pt\/wp-content\/uploads\/2023\/10\/aldeias-historicas-de-portugal-2-200x300.jpg 200w, https:\/\/www.atelierdocaractere.pt\/wp-content\/uploads\/2023\/10\/aldeias-historicas-de-portugal-2-768x1152.jpg 768w, https:\/\/www.atelierdocaractere.pt\/wp-content\/uploads\/2023\/10\/aldeias-historicas-de-portugal-2-1024x1536.jpg 1024w, https:\/\/www.atelierdocaractere.pt\/wp-content\/uploads\/2023\/10\/aldeias-historicas-de-portugal-2.jpg 1280w\" sizes=\"(max-width: 683px) 100vw, 683px\" \/><\/figure><\/div>\n\n\n<p>A sustentabilidade do destino \u00e9 um dos pilares mais importantes da estrat\u00e9gia de desenvolvimento da AHP &#8211; ADT para a Rede que representa. De recordar que a AHP &#8211; ADT assinou, em mar\u00e7o deste ano, um projeto em parceria com a ADENE \u2013 Ag\u00eancia para a Energia, a E-REDES e Greenvolt, com o objetivo de tornar as 12 Aldeias Hist\u00f3ricas de Portugal no primeiro destino carbono neutro do pa\u00eds.<\/p>\n\n\n\n<p>\u00c9 no seguimento desse projeto que, agora, a AHP &#8211; ADT e a ADENE \u2013 Ag\u00eancia para a Energia, prepararam um conjunto de iniciativas junto da comunidade escolar, de forma a consciencializar alunos e professores para a problem\u00e1ticas da sustentabilidade. Assim, entre 10 de outubro e 9 de novembro, a AHP &#8211; ADT e a ADENE \u2013 Ag\u00eancia para a Energia v\u00e3o promover nas escolas do territ\u00f3rio a \u201cRota da Energia\u201d, uma s\u00e9rie de sess\u00f5es que visam aumentar a literacia energ\u00e9tica.<\/p>\n\n\n<div class=\"wp-block-image\">\n<figure class=\"aligncenter size-large\"><img decoding=\"async\" width=\"683\" height=\"1024\" src=\"https:\/\/www.atelierdocaractere.pt\/wp-content\/uploads\/2023\/10\/aldeias-historicas-de-portugal-4-683x1024.jpg\" alt=\"\" class=\"wp-image-11855\" srcset=\"https:\/\/www.atelierdocaractere.pt\/wp-content\/uploads\/2023\/10\/aldeias-historicas-de-portugal-4-683x1024.jpg 683w, https:\/\/www.atelierdocaractere.pt\/wp-content\/uploads\/2023\/10\/aldeias-historicas-de-portugal-4-200x300.jpg 200w, https:\/\/www.atelierdocaractere.pt\/wp-content\/uploads\/2023\/10\/aldeias-historicas-de-portugal-4-768x1152.jpg 768w, https:\/\/www.atelierdocaractere.pt\/wp-content\/uploads\/2023\/10\/aldeias-historicas-de-portugal-4-1024x1536.jpg 1024w, https:\/\/www.atelierdocaractere.pt\/wp-content\/uploads\/2023\/10\/aldeias-historicas-de-portugal-4.jpg 1280w\" sizes=\"(max-width: 683px) 100vw, 683px\" \/><\/figure><\/div>\n\n\n<p>A iniciativa dirige-se aos alunos que frequentam os 8\u00ba e 9\u00ba anos de cada agrupamento escolar dos 10 Munic\u00edpios que integra a Rede Aldeias Hist\u00f3ricas de Portugal, sendo que cada sess\u00e3o tem uma dura\u00e7\u00e3o m\u00e9dia de 45 minutos e permite a participa\u00e7\u00e3o de 50 alunos. O objetivo \u00e9 fomentar o interesse e estimular a pr\u00e1tica de comportamentos conscientes, face \u00e0s problem\u00e1ticas ambientais atuais, atrav\u00e9s de uma abordagem divertida, did\u00e1tica e de troca de ideias com os alunos. Na Aldeia Hist\u00f3rica de Monsanto, a \u201cRota da Energia\u201d passa tamb\u00e9m pela Escola Prim\u00e1ria: haver\u00e1 uma sess\u00e3o para os 3\u00ba e 4\u00ba anos.<\/p>\n\n\n\n<p>Esta \u00e9 uma medida de sensibiliza\u00e7\u00e3o que ser\u00e1 preparada de acordo com a idade do p\u00fablico-alvo, em que se pretende passar a import\u00e2ncia da economia dos consumos e comportamentos respons\u00e1veis a adotar. Ser\u00e1 abordada tamb\u00e9m a tem\u00e1tica da mobilidade, enfatizando os modos suaves e o transporte coletivo. A energia e a a\u00e7\u00e3o clim\u00e1tica s\u00e3o assim o foco desta iniciativa, que procura que as crian\u00e7as e jovens possam constitu\u00edrem-se como \u201cagentes\u201d facilitadores para o ve\u00edculo de uma mensagem muito clara: o compromisso de um territ\u00f3rio em torno de um problema \u00e0 escala mundial, que, passo a passo, pretende fazer a diferen\u00e7a e contribuir para uma melhor \u201csa\u00fade\u201d do nosso planeta.&nbsp;&nbsp;<\/p>\n\n\n<div class=\"wp-block-image\">\n<figure class=\"aligncenter size-large\"><img decoding=\"async\" width=\"683\" height=\"1024\" src=\"https:\/\/www.atelierdocaractere.pt\/wp-content\/uploads\/2023\/10\/aldeias-historicas-de-portugal-3-683x1024.jpg\" alt=\"\" class=\"wp-image-11856\" srcset=\"https:\/\/www.atelierdocaractere.pt\/wp-content\/uploads\/2023\/10\/aldeias-historicas-de-portugal-3-683x1024.jpg 683w, https:\/\/www.atelierdocaractere.pt\/wp-content\/uploads\/2023\/10\/aldeias-historicas-de-portugal-3-200x300.jpg 200w, https:\/\/www.atelierdocaractere.pt\/wp-content\/uploads\/2023\/10\/aldeias-historicas-de-portugal-3-768x1152.jpg 768w, https:\/\/www.atelierdocaractere.pt\/wp-content\/uploads\/2023\/10\/aldeias-historicas-de-portugal-3-1024x1536.jpg 1024w, https:\/\/www.atelierdocaractere.pt\/wp-content\/uploads\/2023\/10\/aldeias-historicas-de-portugal-3.jpg 1280w\" sizes=\"(max-width: 683px) 100vw, 683px\" \/><\/figure><\/div>\n\n\n<p><strong>Sobre a Aldeias Hist\u00f3ricas de Portugal<\/strong><\/p>\n\n\n\n<p>Entre montes e vales da verdejante paisagem do interior de Portugal, repletas de lendas e castelos, sabores e tradi\u00e7\u00f5es, encontram-se 12 singelas aldeias onde apetece perdemo-nos. Almeida, Belmonte, Castelo Mendo, Castelo Novo, Castelo Rodrigo, Idanha-a-Velha, Linhares da Beira, Marialva, Monsanto, Pi\u00f3d\u00e3o, Sortelha e Trancoso: as Aldeias Hist\u00f3ricas de Portugal, um destino que s\u00e3o 12, surgem como para\u00edsos escondidos que nos levam numa viagem ao tempo de reis e rainhas, de \u00e9picas e infinitas batalhas que escreveram a Hist\u00f3ria como a conhecemos hoje. S\u00e3o, ainda, a garantia de momentos inesquec\u00edveis de lazer, aventura e descoberta, temperados com os inigual\u00e1veis aromas e sabores da regi\u00e3o, que comp\u00f5em a sua t\u00edpica gastronomia.<\/p>\n\n\n\n<p>No territ\u00f3rio das Aldeias Hist\u00f3ricas de Portugal h\u00e1 um sem fim de trilhos para caminhadas e percursos de bicicleta e BTT \u2013 como a Grande Rota 22, a maior rota de Walking &amp; Cycling na Europa e em Portugal, com cerca de 600 km. A Grande Rota 22 tem o selo Leading Quality Trails \u2013 Best of Europe, entregue pela European Ramblers Association (Associa\u00e7\u00e3o Europeia de Caminhada).<\/p>\n\n\n\n<p>As Aldeias Hist\u00f3ricas de Portugal s\u00e3o o primeiro destino em rede \u2013 \u00e0 escala mundial \u2013 e o primeiro destino nacional a receber a certifica\u00e7\u00e3o BIOSPHERE DESTINATION. E, em 2020, foram o primeiro destino a n\u00edvel nacional a criar o \u201cManifesto do Turista Respons\u00e1vel\u201d, lembrando aos seus visitantes a import\u00e2ncia do respeito pela natureza.<\/p>\n","protected":false},"excerpt":{"rendered":"<p>Entre 10 de outubro e 9 de novembro, a Aldeias Hist\u00f3ricas de Portugal &#8211; Associa\u00e7\u00e3o de Desenvolvimento Tur\u00edstico (AHP &#8211;&#8230;<\/p>\n","protected":false},"author":7,"featured_media":11858,"comment_status":"closed","ping_status":"open","sticky":false,"template":"","format":"standard","meta":[],"categories":[39],"tags":[371,464],"yoast_head":"<!-- This site is optimized with the Yoast SEO plugin v20.12 - https:\/\/yoast.com\/wordpress\/plugins\/seo\/ -->\n<title>Comunidade escolar do territ\u00f3rio das Aldeias Hist\u00f3ricas de Portugal vai ser sensibilizada para a import\u00e2ncia da sustentabilidade - Atelier do Caractere<\/title>\n<meta name=\"robots\" content=\"index, follow, max-snippet:-1, max-image-preview:large, max-video-preview:-1\" \/>\n<link rel=\"canonical\" href=\"https:\/\/www.atelierdocaractere.pt\/brevemente\/comunidade-escolar-do-territorio-das-aldeias-historicas-de-portugal-vai-ser-sensibilizada-para-a-importancia-da-sustentabilidade\/\" \/>\n<meta property=\"og:locale\" content=\"pt_PT\" \/>\n<meta property=\"og:type\" content=\"article\" \/>\n<meta property=\"og:title\" content=\"Comunidade escolar do territ\u00f3rio das Aldeias Hist\u00f3ricas de Portugal vai ser sensibilizada para a import\u00e2ncia da sustentabilidade - Atelier do Caractere\" \/>\n<meta property=\"og:description\" content=\"Entre 10 de outubro e 9 de novembro, a Aldeias Hist\u00f3ricas de Portugal &#8211; Associa\u00e7\u00e3o de Desenvolvimento Tur\u00edstico (AHP &#8211;...\" \/>\n<meta property=\"og:url\" content=\"https:\/\/www.atelierdocaractere.pt\/brevemente\/comunidade-escolar-do-territorio-das-aldeias-historicas-de-portugal-vai-ser-sensibilizada-para-a-importancia-da-sustentabilidade\/\" \/>\n<meta property=\"og:site_name\" content=\"Atelier do Caractere\" \/>\n<meta property=\"article:publisher\" content=\"https:\/\/www.facebook.com\/AtelierdoCaractere\" \/>\n<meta property=\"article:published_time\" content=\"2023-10-06T18:28:36+00:00\" \/>\n<meta property=\"article:modified_time\" content=\"2023-10-06T18:28:39+00:00\" \/>\n<meta property=\"og:image\" content=\"https:\/\/www.atelierdocaractere.pt\/wp-content\/uploads\/2023\/10\/aldeias-historicas-de-portugal-1.jpg\" \/>\n\t<meta property=\"og:image:width\" content=\"1920\" \/>\n\t<meta property=\"og:image:height\" content=\"1280\" \/>\n\t<meta property=\"og:image:type\" content=\"image\/jpeg\" \/>\n<meta name=\"author\" content=\"Joana Barbosa\" \/>\n<meta name=\"twitter:card\" content=\"summary_large_image\" \/>\n<meta name=\"twitter:label1\" content=\"Escrito por\" \/>\n\t<meta name=\"twitter:data1\" content=\"Joana Barbosa\" \/>\n\t<meta name=\"twitter:label2\" content=\"Tempo estimado de leitura\" \/>\n\t<meta name=\"twitter:data2\" content=\"5 minutos\" \/>\n<script type=\"application\/ld+json\" class=\"yoast-schema-graph\">{\"@context\":\"https:\/\/schema.org\",\"@graph\":[{\"@type\":\"WebPage\",\"@id\":\"https:\/\/www.atelierdocaractere.pt\/brevemente\/comunidade-escolar-do-territorio-das-aldeias-historicas-de-portugal-vai-ser-sensibilizada-para-a-importancia-da-sustentabilidade\/\",\"url\":\"https:\/\/www.atelierdocaractere.pt\/brevemente\/comunidade-escolar-do-territorio-das-aldeias-historicas-de-portugal-vai-ser-sensibilizada-para-a-importancia-da-sustentabilidade\/\",\"name\":\"Comunidade escolar do territ\u00f3rio das Aldeias Hist\u00f3ricas de Portugal vai ser sensibilizada para a import\u00e2ncia da sustentabilidade - Atelier do Caractere\",\"isPartOf\":{\"@id\":\"https:\/\/www.atelierdocaractere.pt\/brevemente\/#website\"},\"datePublished\":\"2023-10-06T18:28:36+00:00\",\"dateModified\":\"2023-10-06T18:28:39+00:00\",\"author\":{\"@id\":\"https:\/\/www.atelierdocaractere.pt\/brevemente\/#\/schema\/person\/f2f096eb0f27d9894725af22cb97c0db\"},\"breadcrumb\":{\"@id\":\"https:\/\/www.atelierdocaractere.pt\/brevemente\/comunidade-escolar-do-territorio-das-aldeias-historicas-de-portugal-vai-ser-sensibilizada-para-a-importancia-da-sustentabilidade\/#breadcrumb\"},\"inLanguage\":\"pt-PT\",\"potentialAction\":[{\"@type\":\"ReadAction\",\"target\":[\"https:\/\/www.atelierdocaractere.pt\/brevemente\/comunidade-escolar-do-territorio-das-aldeias-historicas-de-portugal-vai-ser-sensibilizada-para-a-importancia-da-sustentabilidade\/\"]}]},{\"@type\":\"BreadcrumbList\",\"@id\":\"https:\/\/www.atelierdocaractere.pt\/brevemente\/comunidade-escolar-do-territorio-das-aldeias-historicas-de-portugal-vai-ser-sensibilizada-para-a-importancia-da-sustentabilidade\/#breadcrumb\",\"itemListElement\":[{\"@type\":\"ListItem\",\"position\":1,\"name\":\"In\u00edcio\",\"item\":\"https:\/\/www.atelierdocaractere.pt\/brevemente\/\"},{\"@type\":\"ListItem\",\"position\":2,\"name\":\"Comunidade escolar do territ\u00f3rio das Aldeias Hist\u00f3ricas de Portugal vai ser sensibilizada para a import\u00e2ncia da sustentabilidade\"}]},{\"@type\":\"WebSite\",\"@id\":\"https:\/\/www.atelierdocaractere.pt\/brevemente\/#website\",\"url\":\"https:\/\/www.atelierdocaractere.pt\/brevemente\/\",\"name\":\"Atelier do Caractere\",\"description\":\"\",\"potentialAction\":[{\"@type\":\"SearchAction\",\"target\":{\"@type\":\"EntryPoint\",\"urlTemplate\":\"https:\/\/www.atelierdocaractere.pt\/brevemente\/?s={search_term_string}\"},\"query-input\":\"required name=search_term_string\"}],\"inLanguage\":\"pt-PT\"},{\"@type\":\"Person\",\"@id\":\"https:\/\/www.atelierdocaractere.pt\/brevemente\/#\/schema\/person\/f2f096eb0f27d9894725af22cb97c0db\",\"name\":\"Joana Barbosa\",\"image\":{\"@type\":\"ImageObject\",\"inLanguage\":\"pt-PT\",\"@id\":\"https:\/\/www.atelierdocaractere.pt\/brevemente\/#\/schema\/person\/image\/\",\"url\":\"https:\/\/secure.gravatar.com\/avatar\/33e8214b45e9d68a3a83008731075979?s=96&d=mm&r=g\",\"contentUrl\":\"https:\/\/secure.gravatar.com\/avatar\/33e8214b45e9d68a3a83008731075979?s=96&d=mm&r=g\",\"caption\":\"Joana Barbosa\"},\"url\":\"https:\/\/www.atelierdocaractere.pt\/brevemente\/author\/joanabarbosa\/\"}]}<\/script>\n<!-- \/ Yoast SEO plugin. -->","yoast_head_json":{"title":"Comunidade escolar do territ\u00f3rio das Aldeias Hist\u00f3ricas de Portugal vai ser sensibilizada para a import\u00e2ncia da sustentabilidade - Atelier do Caractere","robots":{"index":"index","follow":"follow","max-snippet":"max-snippet:-1","max-image-preview":"max-image-preview:large","max-video-preview":"max-video-preview:-1"},"canonical":"https:\/\/www.atelierdocaractere.pt\/brevemente\/comunidade-escolar-do-territorio-das-aldeias-historicas-de-portugal-vai-ser-sensibilizada-para-a-importancia-da-sustentabilidade\/","og_locale":"pt_PT","og_type":"article","og_title":"Comunidade escolar do territ\u00f3rio das Aldeias Hist\u00f3ricas de Portugal vai ser sensibilizada para a import\u00e2ncia da sustentabilidade - Atelier do Caractere","og_description":"Entre 10 de outubro e 9 de novembro, a Aldeias Hist\u00f3ricas de Portugal &#8211; Associa\u00e7\u00e3o de Desenvolvimento Tur\u00edstico (AHP &#8211;...","og_url":"https:\/\/www.atelierdocaractere.pt\/brevemente\/comunidade-escolar-do-territorio-das-aldeias-historicas-de-portugal-vai-ser-sensibilizada-para-a-importancia-da-sustentabilidade\/","og_site_name":"Atelier do Caractere","article_publisher":"https:\/\/www.facebook.com\/AtelierdoCaractere","article_published_time":"2023-10-06T18:28:36+00:00","article_modified_time":"2023-10-06T18:28:39+00:00","og_image":[{"width":1920,"height":1280,"url":"https:\/\/www.atelierdocaractere.pt\/wp-content\/uploads\/2023\/10\/aldeias-historicas-de-portugal-1.jpg","type":"image\/jpeg"}],"author":"Joana Barbosa","twitter_card":"summary_large_image","twitter_misc":{"Escrito por":"Joana Barbosa","Tempo estimado de leitura":"5 minutos"},"schema":{"@context":"https:\/\/schema.org","@graph":[{"@type":"WebPage","@id":"https:\/\/www.atelierdocaractere.pt\/brevemente\/comunidade-escolar-do-territorio-das-aldeias-historicas-de-portugal-vai-ser-sensibilizada-para-a-importancia-da-sustentabilidade\/","url":"https:\/\/www.atelierdocaractere.pt\/brevemente\/comunidade-escolar-do-territorio-das-aldeias-historicas-de-portugal-vai-ser-sensibilizada-para-a-importancia-da-sustentabilidade\/","name":"Comunidade escolar do territ\u00f3rio das Aldeias Hist\u00f3ricas de Portugal vai ser sensibilizada para a import\u00e2ncia da sustentabilidade - Atelier do Caractere","isPartOf":{"@id":"https:\/\/www.atelierdocaractere.pt\/brevemente\/#website"},"datePublished":"2023-10-06T18:28:36+00:00","dateModified":"2023-10-06T18:28:39+00:00","author":{"@id":"https:\/\/www.atelierdocaractere.pt\/brevemente\/#\/schema\/person\/f2f096eb0f27d9894725af22cb97c0db"},"breadcrumb":{"@id":"https:\/\/www.atelierdocaractere.pt\/brevemente\/comunidade-escolar-do-territorio-das-aldeias-historicas-de-portugal-vai-ser-sensibilizada-para-a-importancia-da-sustentabilidade\/#breadcrumb"},"inLanguage":"pt-PT","potentialAction":[{"@type":"ReadAction","target":["https:\/\/www.atelierdocaractere.pt\/brevemente\/comunidade-escolar-do-territorio-das-aldeias-historicas-de-portugal-vai-ser-sensibilizada-para-a-importancia-da-sustentabilidade\/"]}]},{"@type":"BreadcrumbList","@id":"https:\/\/www.atelierdocaractere.pt\/brevemente\/comunidade-escolar-do-territorio-das-aldeias-historicas-de-portugal-vai-ser-sensibilizada-para-a-importancia-da-sustentabilidade\/#breadcrumb","itemListElement":[{"@type":"ListItem","position":1,"name":"In\u00edcio","item":"https:\/\/www.atelierdocaractere.pt\/brevemente\/"},{"@type":"ListItem","position":2,"name":"Comunidade escolar do territ\u00f3rio das Aldeias Hist\u00f3ricas de Portugal vai ser sensibilizada para a import\u00e2ncia da sustentabilidade"}]},{"@type":"WebSite","@id":"https:\/\/www.atelierdocaractere.pt\/brevemente\/#website","url":"https:\/\/www.atelierdocaractere.pt\/brevemente\/","name":"Atelier do Caractere","description":"","potentialAction":[{"@type":"SearchAction","target":{"@type":"EntryPoint","urlTemplate":"https:\/\/www.atelierdocaractere.pt\/brevemente\/?s={search_term_string}"},"query-input":"required name=search_term_string"}],"inLanguage":"pt-PT"},{"@type":"Person","@id":"https:\/\/www.atelierdocaractere.pt\/brevemente\/#\/schema\/person\/f2f096eb0f27d9894725af22cb97c0db","name":"Joana Barbosa","image":{"@type":"ImageObject","inLanguage":"pt-PT","@id":"https:\/\/www.atelierdocaractere.pt\/brevemente\/#\/schema\/person\/image\/","url":"https:\/\/secure.gravatar.com\/avatar\/33e8214b45e9d68a3a83008731075979?s=96&d=mm&r=g","contentUrl":"https:\/\/secure.gravatar.com\/avatar\/33e8214b45e9d68a3a83008731075979?s=96&d=mm&r=g","caption":"Joana Barbosa"},"url":"https:\/\/www.atelierdocaractere.pt\/brevemente\/author\/joanabarbosa\/"}]}},"_links":{"self":[{"href":"https:\/\/www.atelierdocaractere.pt\/brevemente\/wp-json\/wp\/v2\/posts\/11854"}],"collection":[{"href":"https:\/\/www.atelierdocaractere.pt\/brevemente\/wp-json\/wp\/v2\/posts"}],"about":[{"href":"https:\/\/www.atelierdocaractere.pt\/brevemente\/wp-json\/wp\/v2\/types\/post"}],"author":[{"embeddable":true,"href":"https:\/\/www.atelierdocaractere.pt\/brevemente\/wp-json\/wp\/v2\/users\/7"}],"replies":[{"embeddable":true,"href":"https:\/\/www.atelierdocaractere.pt\/brevemente\/wp-json\/wp\/v2\/comments?post=11854"}],"version-history":[{"count":1,"href":"https:\/\/www.atelierdocaractere.pt\/brevemente\/wp-json\/wp\/v2\/posts\/11854\/revisions"}],"predecessor-version":[{"id":11859,"href":"https:\/\/www.atelierdocaractere.pt\/brevemente\/wp-json\/wp\/v2\/posts\/11854\/revisions\/11859"}],"wp:featuredmedia":[{"embeddable":true,"href":"https:\/\/www.atelierdocaractere.pt\/brevemente\/wp-json\/wp\/v2\/media\/11858"}],"wp:attachment":[{"href":"https:\/\/www.atelierdocaractere.pt\/brevemente\/wp-json\/wp\/v2\/media?parent=11854"}],"wp:term":[{"taxonomy":"category","embeddable":true,"href":"https:\/\/www.atelierdocaractere.pt\/brevemente\/wp-json\/wp\/v2\/categories?post=11854"},{"taxonomy":"post_tag","embeddable":true,"href":"https:\/\/www.atelierdocaractere.pt\/brevemente\/wp-json\/wp\/v2\/tags?post=11854"}],"curies":[{"name":"wp","href":"https:\/\/api.w.org\/{rel}","templated":true}]}}